{"id":21070,"date":"2016-02-13T16:17:42","date_gmt":"2016-02-13T16:17:42","guid":{"rendered":"https:\/\/abarevegan.com.br\/index.php\/2016\/02\/13\/homem-fica-refem-de-assaltante-mais-de-quatro-horas\/"},"modified":"2016-02-13T16:17:42","modified_gmt":"2016-02-13T16:17:42","slug":"homem-fica-refem-de-assaltante-mais-de-quatro-horas","status":"publish","type":"post","link":"https:\/\/nk7-testes.com.br\/agazeta\/homem-fica-refem-de-assaltante-mais-de-quatro-horas\/","title":{"rendered":"Homem fica ref\u00e9m de assaltante mais de quatro horas"},"content":{"rendered":"<p style=\"text-align: justify;\">Caminhoneiro mostra como foi amarrado<\/p>\n<p style=\"text-align: justify;\">Um caminhoneiro (que n\u00e3o quis se identificar) foi v\u00edtima de assalto nesta sexta-feira (12). Ele disse que recebeu a liga\u00e7\u00e3o de uma mulher para fazer um frente de Rio Branco para Senador Guiomard.<\/p>\n<p style=\"text-align: justify;\">Segundo a v\u00edtima, o combinado foi que ela iria esperar no posto policial da Corrente, na via Chico Mendes. Quando o caminhoneiro chegou ao local combinado, tr\u00eas homens estavam esperando e entraram no caminh\u00e3o. O grupo seguiu viagem para Senador Guiomard.<\/p>\n<p style=\"text-align: justify;\">Segundo a v\u00edtima, ao chega \u00e0s imedia\u00e7\u00f5es do Top 15, os tr\u00eas mandaram que ele entrasse no ramal. Ent\u00e3o, quando entraram, foi anunciado o assalto.<\/p>\n<p style=\"text-align: justify;\">Segundo o caminhoneiro, seguiram por alguns quil\u00f4metros at\u00e9 chegar ao Ramal Galileia onde o obrigaram a descer do caminh\u00e3o. Foram para uma mata pr\u00f3xima. Os tr\u00eas rasgaram as roupas do caminhoneiro e o amarraram, com a pr\u00f3pria roupa da v\u00edtima.<\/p>\n<p style=\"text-align: justify;\">Logo em seguida, um dos acusados saiu levando o caminh\u00e3o e dois ficaram com ele. O assalto come\u00e7ou por volta das 14 horas. \u00c0s 18 horas, os bandidos revolveram deixar a v\u00edtima amarada no matagal e foram embora.<\/p>\n<p style=\"text-align: justify;\">Mas, o caminhoneiro conseguiu se soltar e correu at\u00e9 chega em uma ch\u00e1cara que, segundo ele, seria de um vereador a onde o mesmo pediu socorro. A pol\u00edcia foi chamada e, ao chega ao ramal, os policiais do 2\u00ba Batalh\u00e3o ainda se depararam com dois dos assaltantes que estava saindo a p\u00e9 no ramal.<\/p>\n<p style=\"text-align: justify;\">Ao percebe a pol\u00edcia, os dois sa\u00edram correndo e entraram no mato. Mais os policias ainda conseguiram prender um dos acusados de nome Kelvin da Silva Aquino, 24. Com o jovem, a pol\u00edcia encontrou um rev\u00f3lver calibre 38, municiado.<\/p>\n<p style=\"text-align: justify;\">Aquino foi preso e conduzido \u00e0 delegacia Central de Flagrantes. Mas, o outro acusado, conseguiu escapar dos policias. O caminh\u00e3o da v\u00edtima, um Mercedes 815, de cor vermelha de placa NAG 9141 foi levado pelos bandidos.<\/p>\n","protected":false},"excerpt":{"rendered":"<p style=\"text-align: justify;\">Caminhoneiro mostra como foi amarrado<\/p>\n","protected":false},"author":4,"featured_media":21069,"comment_status":"open","ping_status":"open","sticky":false,"template":"","format":"standard","meta":{"jnews-multi-image_gallery":[],"jnews_single_post":[],"jnews_primary_category":[],"jnews_social_meta":[],"jnews_review":[],"enable_review":"","type":"","name":"","summary":"","brand":"","sku":"","good":[],"bad":[],"score_override":"","override_value":"","rating":[],"price":[],"footnotes":""},"categories":[44],"tags":[],"class_list":["post-21070","post","type-post","status-publish","format-standard","has-post-thumbnail","hentry","category-policia"],"yoast_head":"<!-- This site is optimized with the Yoast SEO plugin v26.5 - https:\/\/yoast.com\/wordpress\/plugins\/seo\/ -->\n<title>Homem fica ref\u00e9m de assaltante mais de quatro horas - Agazeta.net<\/title>\n<meta name=\"robots\" content=\"index, follow, max-snippet:-1, max-image-preview:large, max-video-preview:-1\" \/>\n<link rel=\"canonical\" href=\"https:\/\/nk7-testes.com.br\/agazeta\/homem-fica-refem-de-assaltante-mais-de-quatro-horas\/\" \/>\n<meta property=\"og:locale\" content=\"pt_BR\" \/>\n<meta property=\"og:type\" content=\"article\" \/>\n<meta property=\"og:title\" content=\"Homem fica ref\u00e9m de assaltante mais de quatro horas - Agazeta.net\" \/>\n<meta property=\"og:description\" content=\"Caminhoneiro mostra como foi amarrado\" \/>\n<meta property=\"og:url\" content=\"https:\/\/nk7-testes.com.br\/agazeta\/homem-fica-refem-de-assaltante-mais-de-quatro-horas\/\" \/>\n<meta property=\"og:site_name\" content=\"Agazeta.net\" \/>\n<meta property=\"article:published_time\" content=\"2016-02-13T16:17:42+00:00\" \/>\n<meta property=\"og:image\" content=\"https:\/\/nk7-testes.com.br\/agazeta\/wp-content\/uploads\/2016\/02\/130216-policia-vitimaamordacada-cleriston.jpg\" \/>\n\t<meta property=\"og:image:width\" content=\"458\" \/>\n\t<meta property=\"og:image:height\" content=\"340\" \/>\n\t<meta property=\"og:image:type\" content=\"image\/jpeg\" \/>\n<meta name=\"author\" content=\"Agazeta.Net\" \/>\n<meta name=\"twitter:card\" content=\"summary_large_image\" \/>\n<meta name=\"twitter:label1\" content=\"Escrito por\" \/>\n\t<meta name=\"twitter:data1\" content=\"Agazeta.Net\" \/>\n\t<meta name=\"twitter:label2\" content=\"Est. tempo de leitura\" \/>\n\t<meta name=\"twitter:data2\" content=\"2 minutos\" \/>\n<script type=\"application\/ld+json\" class=\"yoast-schema-graph\">{\"@context\":\"https:\/\/schema.org\",\"@graph\":[{\"@type\":\"WebPage\",\"@id\":\"https:\/\/nk7-testes.com.br\/agazeta\/homem-fica-refem-de-assaltante-mais-de-quatro-horas\/\",\"url\":\"https:\/\/nk7-testes.com.br\/agazeta\/homem-fica-refem-de-assaltante-mais-de-quatro-horas\/\",\"name\":\"Homem fica ref\u00e9m de assaltante mais de quatro horas - Agazeta.net\",\"isPartOf\":{\"@id\":\"https:\/\/nk7-testes.com.br\/agazeta\/#website\"},\"primaryImageOfPage\":{\"@id\":\"https:\/\/nk7-testes.com.br\/agazeta\/homem-fica-refem-de-assaltante-mais-de-quatro-horas\/#primaryimage\"},\"image\":{\"@id\":\"https:\/\/nk7-testes.com.br\/agazeta\/homem-fica-refem-de-assaltante-mais-de-quatro-horas\/#primaryimage\"},\"thumbnailUrl\":\"https:\/\/nk7-testes.com.br\/agazeta\/wp-content\/uploads\/2016\/02\/130216-policia-vitimaamordacada-cleriston.jpg\",\"datePublished\":\"2016-02-13T16:17:42+00:00\",\"author\":{\"@id\":\"https:\/\/nk7-testes.com.br\/agazeta\/#\/schema\/person\/6d6e25cb0435eb4a02fd44d30b4e3020\"},\"breadcrumb\":{\"@id\":\"https:\/\/nk7-testes.com.br\/agazeta\/homem-fica-refem-de-assaltante-mais-de-quatro-horas\/#breadcrumb\"},\"inLanguage\":\"pt-BR\",\"potentialAction\":[{\"@type\":\"ReadAction\",\"target\":[\"https:\/\/nk7-testes.com.br\/agazeta\/homem-fica-refem-de-assaltante-mais-de-quatro-horas\/\"]}]},{\"@type\":\"ImageObject\",\"inLanguage\":\"pt-BR\",\"@id\":\"https:\/\/nk7-testes.com.br\/agazeta\/homem-fica-refem-de-assaltante-mais-de-quatro-horas\/#primaryimage\",\"url\":\"https:\/\/nk7-testes.com.br\/agazeta\/wp-content\/uploads\/2016\/02\/130216-policia-vitimaamordacada-cleriston.jpg\",\"contentUrl\":\"https:\/\/nk7-testes.com.br\/agazeta\/wp-content\/uploads\/2016\/02\/130216-policia-vitimaamordacada-cleriston.jpg\",\"width\":458,\"height\":340,\"caption\":\"130216-policia-vitimaamordacada-cleriston\"},{\"@type\":\"BreadcrumbList\",\"@id\":\"https:\/\/nk7-testes.com.br\/agazeta\/homem-fica-refem-de-assaltante-mais-de-quatro-horas\/#breadcrumb\",\"itemListElement\":[{\"@type\":\"ListItem\",\"position\":1,\"name\":\"In\u00edcio\",\"item\":\"https:\/\/nk7-testes.com.br\/agazeta\/\"},{\"@type\":\"ListItem\",\"position\":2,\"name\":\"Homem fica ref\u00e9m de assaltante mais de quatro horas\"}]},{\"@type\":\"WebSite\",\"@id\":\"https:\/\/nk7-testes.com.br\/agazeta\/#website\",\"url\":\"https:\/\/nk7-testes.com.br\/agazeta\/\",\"name\":\"Agazeta.net\",\"description\":\"Agazeta.net - Not\u00edcias de Rio Branco\/AC\",\"potentialAction\":[{\"@type\":\"SearchAction\",\"target\":{\"@type\":\"EntryPoint\",\"urlTemplate\":\"https:\/\/nk7-testes.com.br\/agazeta\/?s={search_term_string}\"},\"query-input\":{\"@type\":\"PropertyValueSpecification\",\"valueRequired\":true,\"valueName\":\"search_term_string\"}}],\"inLanguage\":\"pt-BR\"},{\"@type\":\"Person\",\"@id\":\"https:\/\/nk7-testes.com.br\/agazeta\/#\/schema\/person\/6d6e25cb0435eb4a02fd44d30b4e3020\",\"name\":\"Agazeta.Net\",\"url\":\"https:\/\/nk7-testes.com.br\/agazeta\/author\/agazeta\/\"}]}<\/script>\n<!-- \/ Yoast SEO plugin. -->","yoast_head_json":{"title":"Homem fica ref\u00e9m de assaltante mais de quatro horas - Agazeta.net","robots":{"index":"index","follow":"follow","max-snippet":"max-snippet:-1","max-image-preview":"max-image-preview:large","max-video-preview":"max-video-preview:-1"},"canonical":"https:\/\/nk7-testes.com.br\/agazeta\/homem-fica-refem-de-assaltante-mais-de-quatro-horas\/","og_locale":"pt_BR","og_type":"article","og_title":"Homem fica ref\u00e9m de assaltante mais de quatro horas - Agazeta.net","og_description":"Caminhoneiro mostra como foi amarrado","og_url":"https:\/\/nk7-testes.com.br\/agazeta\/homem-fica-refem-de-assaltante-mais-de-quatro-horas\/","og_site_name":"Agazeta.net","article_published_time":"2016-02-13T16:17:42+00:00","og_image":[{"width":458,"height":340,"url":"https:\/\/nk7-testes.com.br\/agazeta\/wp-content\/uploads\/2016\/02\/130216-policia-vitimaamordacada-cleriston.jpg","type":"image\/jpeg"}],"author":"Agazeta.Net","twitter_card":"summary_large_image","twitter_misc":{"Escrito por":"Agazeta.Net","Est. tempo de leitura":"2 minutos"},"schema":{"@context":"https:\/\/schema.org","@graph":[{"@type":"WebPage","@id":"https:\/\/nk7-testes.com.br\/agazeta\/homem-fica-refem-de-assaltante-mais-de-quatro-horas\/","url":"https:\/\/nk7-testes.com.br\/agazeta\/homem-fica-refem-de-assaltante-mais-de-quatro-horas\/","name":"Homem fica ref\u00e9m de assaltante mais de quatro horas - Agazeta.net","isPartOf":{"@id":"https:\/\/nk7-testes.com.br\/agazeta\/#website"},"primaryImageOfPage":{"@id":"https:\/\/nk7-testes.com.br\/agazeta\/homem-fica-refem-de-assaltante-mais-de-quatro-horas\/#primaryimage"},"image":{"@id":"https:\/\/nk7-testes.com.br\/agazeta\/homem-fica-refem-de-assaltante-mais-de-quatro-horas\/#primaryimage"},"thumbnailUrl":"https:\/\/nk7-testes.com.br\/agazeta\/wp-content\/uploads\/2016\/02\/130216-policia-vitimaamordacada-cleriston.jpg","datePublished":"2016-02-13T16:17:42+00:00","author":{"@id":"https:\/\/nk7-testes.com.br\/agazeta\/#\/schema\/person\/6d6e25cb0435eb4a02fd44d30b4e3020"},"breadcrumb":{"@id":"https:\/\/nk7-testes.com.br\/agazeta\/homem-fica-refem-de-assaltante-mais-de-quatro-horas\/#breadcrumb"},"inLanguage":"pt-BR","potentialAction":[{"@type":"ReadAction","target":["https:\/\/nk7-testes.com.br\/agazeta\/homem-fica-refem-de-assaltante-mais-de-quatro-horas\/"]}]},{"@type":"ImageObject","inLanguage":"pt-BR","@id":"https:\/\/nk7-testes.com.br\/agazeta\/homem-fica-refem-de-assaltante-mais-de-quatro-horas\/#primaryimage","url":"https:\/\/nk7-testes.com.br\/agazeta\/wp-content\/uploads\/2016\/02\/130216-policia-vitimaamordacada-cleriston.jpg","contentUrl":"https:\/\/nk7-testes.com.br\/agazeta\/wp-content\/uploads\/2016\/02\/130216-policia-vitimaamordacada-cleriston.jpg","width":458,"height":340,"caption":"130216-policia-vitimaamordacada-cleriston"},{"@type":"BreadcrumbList","@id":"https:\/\/nk7-testes.com.br\/agazeta\/homem-fica-refem-de-assaltante-mais-de-quatro-horas\/#breadcrumb","itemListElement":[{"@type":"ListItem","position":1,"name":"In\u00edcio","item":"https:\/\/nk7-testes.com.br\/agazeta\/"},{"@type":"ListItem","position":2,"name":"Homem fica ref\u00e9m de assaltante mais de quatro horas"}]},{"@type":"WebSite","@id":"https:\/\/nk7-testes.com.br\/agazeta\/#website","url":"https:\/\/nk7-testes.com.br\/agazeta\/","name":"Agazeta.net","description":"Agazeta.net - Not\u00edcias de Rio Branco\/AC","potentialAction":[{"@type":"SearchAction","target":{"@type":"EntryPoint","urlTemplate":"https:\/\/nk7-testes.com.br\/agazeta\/?s={search_term_string}"},"query-input":{"@type":"PropertyValueSpecification","valueRequired":true,"valueName":"search_term_string"}}],"inLanguage":"pt-BR"},{"@type":"Person","@id":"https:\/\/nk7-testes.com.br\/agazeta\/#\/schema\/person\/6d6e25cb0435eb4a02fd44d30b4e3020","name":"Agazeta.Net","url":"https:\/\/nk7-testes.com.br\/agazeta\/author\/agazeta\/"}]}},"_links":{"self":[{"href":"https:\/\/nk7-testes.com.br\/agazeta\/wp-json\/wp\/v2\/posts\/21070","targetHints":{"allow":["GET"]}}],"collection":[{"href":"https:\/\/nk7-testes.com.br\/agazeta\/wp-json\/wp\/v2\/posts"}],"about":[{"href":"https:\/\/nk7-testes.com.br\/agazeta\/wp-json\/wp\/v2\/types\/post"}],"author":[{"embeddable":true,"href":"https:\/\/nk7-testes.com.br\/agazeta\/wp-json\/wp\/v2\/users\/4"}],"replies":[{"embeddable":true,"href":"https:\/\/nk7-testes.com.br\/agazeta\/wp-json\/wp\/v2\/comments?post=21070"}],"version-history":[{"count":0,"href":"https:\/\/nk7-testes.com.br\/agazeta\/wp-json\/wp\/v2\/posts\/21070\/revisions"}],"wp:featuredmedia":[{"embeddable":true,"href":"https:\/\/nk7-testes.com.br\/agazeta\/wp-json\/wp\/v2\/media\/21069"}],"wp:attachment":[{"href":"https:\/\/nk7-testes.com.br\/agazeta\/wp-json\/wp\/v2\/media?parent=21070"}],"wp:term":[{"taxonomy":"category","embeddable":true,"href":"https:\/\/nk7-testes.com.br\/agazeta\/wp-json\/wp\/v2\/categories?post=21070"},{"taxonomy":"post_tag","embeddable":true,"href":"https:\/\/nk7-testes.com.br\/agazeta\/wp-json\/wp\/v2\/tags?post=21070"}],"curies":[{"name":"wp","href":"https:\/\/api.w.org\/{rel}","templated":true}]}}