{"id":21063,"date":"2016-02-12T19:18:45","date_gmt":"2016-02-12T19:18:45","guid":{"rendered":"https:\/\/abarevegan.com.br\/index.php\/2016\/02\/12\/lamparinas-e-lampioes\/"},"modified":"2016-02-12T19:18:45","modified_gmt":"2016-02-12T19:18:45","slug":"lamparinas-e-lampioes","status":"publish","type":"post","link":"https:\/\/nk7-testes.com.br\/agazeta\/lamparinas-e-lampioes\/","title":{"rendered":"Lamparinas e Lampi\u00f5es*"},"content":{"rendered":"<p style=\"text-align: justify;\">Empreender: verbo conjugado em outros tempos empresariais<\/p>\n<p style=\"text-align: justify;\">Entre outras coisas, anedotas exp\u00f5em algumas verdades. Uma delas, por exemplo, mostra como alguns empres\u00e1rios acrianos, amparados por uma boa dose de ast\u00facia, foram acumulando dinheiro ao longo do tempo.<\/p>\n<p style=\"text-align: justify;\">Contam os empreendedores mais antigos que o velho Tuffic Assmar viu com irritada desconfian\u00e7a a chegada da eletricidade em tempo integral a Rio Branco. A Casa Assmar era uma das que mais vendia lamparinas e lampi\u00f5es na cidade. Era concorrente direta da Casa Yunes, cujo propriet\u00e1rio, Camilo Yunes, tamb\u00e9m se incomodava com aqueles movimentos do governo no setor el\u00e9trico.<\/p>\n<p style=\"text-align: justify;\">Com energia el\u00e9trica em tempo integral, ningu\u00e9m mais precisaria nem de lamparinas e nem de lampi\u00f5es. Os dois objetos, de uma hora para outra, estavam prestes a se tornar in\u00fateis.<\/p>\n<p style=\"text-align: justify;\">O fato \u00e9 que o tempo foi passando e as lamparinas e lampi\u00f5es se empoeirando \u201cno prateleira\u201d da Casa Assmar. Estoques inteiros sem vender. Na loja do velho Tuffic, havia uma parede repleta (de cima a baixo) s\u00f3 de lampi\u00f5es e lamparinas.<\/p>\n<p style=\"text-align: justify;\">Tuffic pensou\u2026 pensou. Chamou cinco adolescentes do bairro Cidade Nova. \u201cOlha! Voc\u00eas v\u00e3o at\u00e9 \u2018o loja\u2019 do Yunes e pergunta todo dia: \u2018Quanto custar lamparina, Sr. Yunes\u2019? Todo dia mesmo, h\u00e3\u201d!?, orientou, cheio de sotaque e gram\u00e1tica pr\u00f3pria.<\/p>\n<p style=\"text-align: justify;\">E assim foi: dia ap\u00f3s dia, a molecada se revezava na pergunta, deixando um sussurro no meio da boca: \u201cT\u00e1 caro. L\u00e1 no Seu Assmar t\u00e1 mais barato\u201d! A frase final era malandramente despretensiosa, como quem j\u00e1 vai saindo da loja. Dita no momento certo e no tom certo, aquilo era um torpedo.<\/p>\n<p style=\"text-align: justify;\">O velho Yunes, com estoque de lamparina baixo, se invocou com a situa\u00e7\u00e3o. Foi at\u00e9 a loja do amigo. Viu as prateleiras e a parede cheias de lamparinas e lampi\u00f5es. \u201cBom dia! Vendendo muita lamparina?\u201d, perguntou Yunes. Assmar, com sorriso invis\u00edvel: \u201cMuito. Nunca vi sair tantas\u201d, calculou.<\/p>\n<p style=\"text-align: justify;\">\u201cO amigo n\u00e3o me venderia um lote?\u201d A negativa veio em tom irritadi\u00e7o. \u201cDe forma alguma! T\u00f4 vendendo bem! Muita sa\u00edda! De jeito nenhum!\u201d, bronqueou Assmar. \u201cMas, homem, voc\u00ea est\u00e1 com tantas! Um lote a menos\u2026\u201d, ponderou Camilo.<\/p>\n<p style=\"text-align: justify;\">\u201cS\u00f3 vendo se for tudo\u201d, atirou Tuffic. No mesmo dia, o neg\u00f3cio foi conclu\u00eddo. O estoque todo passou para as prateleiras da Casa Yunes.<\/p>\n<p style=\"text-align: justify;\"><em>*Texto reeditado, originalmente escrito para o suplemento <strong>Acre Economia<\/strong>, do jornal <strong>A Gazeta<\/strong>.<\/em><\/p>\n","protected":false},"excerpt":{"rendered":"<p style=\"text-align: justify;\">Empreender: verbo conjugado em outros tempos empresariais<\/p>\n","protected":false},"author":4,"featured_media":21062,"comment_status":"open","ping_status":"open","sticky":false,"template":"","format":"standard","meta":{"jnews-multi-image_gallery":[],"jnews_single_post":[],"jnews_primary_category":[],"jnews_social_meta":[],"jnews_review":[],"enable_review":"","type":"","name":"","summary":"","brand":"","sku":"","good":[],"bad":[],"score_override":"","override_value":"","rating":[],"price":[],"footnotes":""},"categories":[54],"tags":[],"class_list":["post-21063","post","type-post","status-publish","format-standard","has-post-thumbnail","hentry","category-cotidiano"],"yoast_head":"<!-- This site is optimized with the Yoast SEO plugin v26.5 - https:\/\/yoast.com\/wordpress\/plugins\/seo\/ -->\n<title>Lamparinas e Lampi\u00f5es* - Agazeta.net<\/title>\n<meta name=\"robots\" content=\"index, follow, max-snippet:-1, max-image-preview:large, max-video-preview:-1\" \/>\n<link rel=\"canonical\" href=\"https:\/\/nk7-testes.com.br\/agazeta\/lamparinas-e-lampioes\/\" \/>\n<meta property=\"og:locale\" content=\"pt_BR\" \/>\n<meta property=\"og:type\" content=\"article\" \/>\n<meta property=\"og:title\" content=\"Lamparinas e Lampi\u00f5es* - Agazeta.net\" \/>\n<meta property=\"og:description\" content=\"Empreender: verbo conjugado em outros tempos empresariais\" \/>\n<meta property=\"og:url\" content=\"https:\/\/nk7-testes.com.br\/agazeta\/lamparinas-e-lampioes\/\" \/>\n<meta property=\"og:site_name\" content=\"Agazeta.net\" \/>\n<meta property=\"article:published_time\" content=\"2016-02-12T19:18:45+00:00\" \/>\n<meta property=\"og:image\" content=\"https:\/\/nk7-testes.com.br\/agazeta\/wp-content\/uploads\/2016\/02\/120216-cotidiano-cronicadebarranco-almaacreana.JPG\" \/>\n\t<meta property=\"og:image:width\" content=\"458\" \/>\n\t<meta property=\"og:image:height\" content=\"340\" \/>\n\t<meta property=\"og:image:type\" content=\"image\/jpeg\" \/>\n<meta name=\"author\" content=\"Agazeta.Net\" \/>\n<meta name=\"twitter:card\" content=\"summary_large_image\" \/>\n<meta name=\"twitter:label1\" content=\"Escrito por\" \/>\n\t<meta name=\"twitter:data1\" content=\"Agazeta.Net\" \/>\n\t<meta name=\"twitter:label2\" content=\"Est. tempo de leitura\" \/>\n\t<meta name=\"twitter:data2\" content=\"2 minutos\" \/>\n<script type=\"application\/ld+json\" class=\"yoast-schema-graph\">{\"@context\":\"https:\/\/schema.org\",\"@graph\":[{\"@type\":\"WebPage\",\"@id\":\"https:\/\/nk7-testes.com.br\/agazeta\/lamparinas-e-lampioes\/\",\"url\":\"https:\/\/nk7-testes.com.br\/agazeta\/lamparinas-e-lampioes\/\",\"name\":\"Lamparinas e Lampi\u00f5es* - Agazeta.net\",\"isPartOf\":{\"@id\":\"https:\/\/nk7-testes.com.br\/agazeta\/#website\"},\"primaryImageOfPage\":{\"@id\":\"https:\/\/nk7-testes.com.br\/agazeta\/lamparinas-e-lampioes\/#primaryimage\"},\"image\":{\"@id\":\"https:\/\/nk7-testes.com.br\/agazeta\/lamparinas-e-lampioes\/#primaryimage\"},\"thumbnailUrl\":\"https:\/\/nk7-testes.com.br\/agazeta\/wp-content\/uploads\/2016\/02\/120216-cotidiano-cronicadebarranco-almaacreana.JPG\",\"datePublished\":\"2016-02-12T19:18:45+00:00\",\"author\":{\"@id\":\"https:\/\/nk7-testes.com.br\/agazeta\/#\/schema\/person\/6d6e25cb0435eb4a02fd44d30b4e3020\"},\"breadcrumb\":{\"@id\":\"https:\/\/nk7-testes.com.br\/agazeta\/lamparinas-e-lampioes\/#breadcrumb\"},\"inLanguage\":\"pt-BR\",\"potentialAction\":[{\"@type\":\"ReadAction\",\"target\":[\"https:\/\/nk7-testes.com.br\/agazeta\/lamparinas-e-lampioes\/\"]}]},{\"@type\":\"ImageObject\",\"inLanguage\":\"pt-BR\",\"@id\":\"https:\/\/nk7-testes.com.br\/agazeta\/lamparinas-e-lampioes\/#primaryimage\",\"url\":\"https:\/\/nk7-testes.com.br\/agazeta\/wp-content\/uploads\/2016\/02\/120216-cotidiano-cronicadebarranco-almaacreana.JPG\",\"contentUrl\":\"https:\/\/nk7-testes.com.br\/agazeta\/wp-content\/uploads\/2016\/02\/120216-cotidiano-cronicadebarranco-almaacreana.JPG\",\"width\":458,\"height\":340,\"caption\":\"120216-cotidiano-cronicadebarranco-almaacreana\"},{\"@type\":\"BreadcrumbList\",\"@id\":\"https:\/\/nk7-testes.com.br\/agazeta\/lamparinas-e-lampioes\/#breadcrumb\",\"itemListElement\":[{\"@type\":\"ListItem\",\"position\":1,\"name\":\"In\u00edcio\",\"item\":\"https:\/\/nk7-testes.com.br\/agazeta\/\"},{\"@type\":\"ListItem\",\"position\":2,\"name\":\"Lamparinas e Lampi\u00f5es*\"}]},{\"@type\":\"WebSite\",\"@id\":\"https:\/\/nk7-testes.com.br\/agazeta\/#website\",\"url\":\"https:\/\/nk7-testes.com.br\/agazeta\/\",\"name\":\"Agazeta.net\",\"description\":\"Agazeta.net - Not\u00edcias de Rio Branco\/AC\",\"potentialAction\":[{\"@type\":\"SearchAction\",\"target\":{\"@type\":\"EntryPoint\",\"urlTemplate\":\"https:\/\/nk7-testes.com.br\/agazeta\/?s={search_term_string}\"},\"query-input\":{\"@type\":\"PropertyValueSpecification\",\"valueRequired\":true,\"valueName\":\"search_term_string\"}}],\"inLanguage\":\"pt-BR\"},{\"@type\":\"Person\",\"@id\":\"https:\/\/nk7-testes.com.br\/agazeta\/#\/schema\/person\/6d6e25cb0435eb4a02fd44d30b4e3020\",\"name\":\"Agazeta.Net\",\"url\":\"https:\/\/nk7-testes.com.br\/agazeta\/author\/agazeta\/\"}]}<\/script>\n<!-- \/ Yoast SEO plugin. -->","yoast_head_json":{"title":"Lamparinas e Lampi\u00f5es* - Agazeta.net","robots":{"index":"index","follow":"follow","max-snippet":"max-snippet:-1","max-image-preview":"max-image-preview:large","max-video-preview":"max-video-preview:-1"},"canonical":"https:\/\/nk7-testes.com.br\/agazeta\/lamparinas-e-lampioes\/","og_locale":"pt_BR","og_type":"article","og_title":"Lamparinas e Lampi\u00f5es* - Agazeta.net","og_description":"Empreender: verbo conjugado em outros tempos empresariais","og_url":"https:\/\/nk7-testes.com.br\/agazeta\/lamparinas-e-lampioes\/","og_site_name":"Agazeta.net","article_published_time":"2016-02-12T19:18:45+00:00","og_image":[{"width":458,"height":340,"url":"https:\/\/nk7-testes.com.br\/agazeta\/wp-content\/uploads\/2016\/02\/120216-cotidiano-cronicadebarranco-almaacreana.JPG","type":"image\/jpeg"}],"author":"Agazeta.Net","twitter_card":"summary_large_image","twitter_misc":{"Escrito por":"Agazeta.Net","Est. tempo de leitura":"2 minutos"},"schema":{"@context":"https:\/\/schema.org","@graph":[{"@type":"WebPage","@id":"https:\/\/nk7-testes.com.br\/agazeta\/lamparinas-e-lampioes\/","url":"https:\/\/nk7-testes.com.br\/agazeta\/lamparinas-e-lampioes\/","name":"Lamparinas e Lampi\u00f5es* - Agazeta.net","isPartOf":{"@id":"https:\/\/nk7-testes.com.br\/agazeta\/#website"},"primaryImageOfPage":{"@id":"https:\/\/nk7-testes.com.br\/agazeta\/lamparinas-e-lampioes\/#primaryimage"},"image":{"@id":"https:\/\/nk7-testes.com.br\/agazeta\/lamparinas-e-lampioes\/#primaryimage"},"thumbnailUrl":"https:\/\/nk7-testes.com.br\/agazeta\/wp-content\/uploads\/2016\/02\/120216-cotidiano-cronicadebarranco-almaacreana.JPG","datePublished":"2016-02-12T19:18:45+00:00","author":{"@id":"https:\/\/nk7-testes.com.br\/agazeta\/#\/schema\/person\/6d6e25cb0435eb4a02fd44d30b4e3020"},"breadcrumb":{"@id":"https:\/\/nk7-testes.com.br\/agazeta\/lamparinas-e-lampioes\/#breadcrumb"},"inLanguage":"pt-BR","potentialAction":[{"@type":"ReadAction","target":["https:\/\/nk7-testes.com.br\/agazeta\/lamparinas-e-lampioes\/"]}]},{"@type":"ImageObject","inLanguage":"pt-BR","@id":"https:\/\/nk7-testes.com.br\/agazeta\/lamparinas-e-lampioes\/#primaryimage","url":"https:\/\/nk7-testes.com.br\/agazeta\/wp-content\/uploads\/2016\/02\/120216-cotidiano-cronicadebarranco-almaacreana.JPG","contentUrl":"https:\/\/nk7-testes.com.br\/agazeta\/wp-content\/uploads\/2016\/02\/120216-cotidiano-cronicadebarranco-almaacreana.JPG","width":458,"height":340,"caption":"120216-cotidiano-cronicadebarranco-almaacreana"},{"@type":"BreadcrumbList","@id":"https:\/\/nk7-testes.com.br\/agazeta\/lamparinas-e-lampioes\/#breadcrumb","itemListElement":[{"@type":"ListItem","position":1,"name":"In\u00edcio","item":"https:\/\/nk7-testes.com.br\/agazeta\/"},{"@type":"ListItem","position":2,"name":"Lamparinas e Lampi\u00f5es*"}]},{"@type":"WebSite","@id":"https:\/\/nk7-testes.com.br\/agazeta\/#website","url":"https:\/\/nk7-testes.com.br\/agazeta\/","name":"Agazeta.net","description":"Agazeta.net - Not\u00edcias de Rio Branco\/AC","potentialAction":[{"@type":"SearchAction","target":{"@type":"EntryPoint","urlTemplate":"https:\/\/nk7-testes.com.br\/agazeta\/?s={search_term_string}"},"query-input":{"@type":"PropertyValueSpecification","valueRequired":true,"valueName":"search_term_string"}}],"inLanguage":"pt-BR"},{"@type":"Person","@id":"https:\/\/nk7-testes.com.br\/agazeta\/#\/schema\/person\/6d6e25cb0435eb4a02fd44d30b4e3020","name":"Agazeta.Net","url":"https:\/\/nk7-testes.com.br\/agazeta\/author\/agazeta\/"}]}},"_links":{"self":[{"href":"https:\/\/nk7-testes.com.br\/agazeta\/wp-json\/wp\/v2\/posts\/21063","targetHints":{"allow":["GET"]}}],"collection":[{"href":"https:\/\/nk7-testes.com.br\/agazeta\/wp-json\/wp\/v2\/posts"}],"about":[{"href":"https:\/\/nk7-testes.com.br\/agazeta\/wp-json\/wp\/v2\/types\/post"}],"author":[{"embeddable":true,"href":"https:\/\/nk7-testes.com.br\/agazeta\/wp-json\/wp\/v2\/users\/4"}],"replies":[{"embeddable":true,"href":"https:\/\/nk7-testes.com.br\/agazeta\/wp-json\/wp\/v2\/comments?post=21063"}],"version-history":[{"count":0,"href":"https:\/\/nk7-testes.com.br\/agazeta\/wp-json\/wp\/v2\/posts\/21063\/revisions"}],"wp:featuredmedia":[{"embeddable":true,"href":"https:\/\/nk7-testes.com.br\/agazeta\/wp-json\/wp\/v2\/media\/21062"}],"wp:attachment":[{"href":"https:\/\/nk7-testes.com.br\/agazeta\/wp-json\/wp\/v2\/media?parent=21063"}],"wp:term":[{"taxonomy":"category","embeddable":true,"href":"https:\/\/nk7-testes.com.br\/agazeta\/wp-json\/wp\/v2\/categories?post=21063"},{"taxonomy":"post_tag","embeddable":true,"href":"https:\/\/nk7-testes.com.br\/agazeta\/wp-json\/wp\/v2\/tags?post=21063"}],"curies":[{"name":"wp","href":"https:\/\/api.w.org\/{rel}","templated":true}]}}