{"id":21037,"date":"2016-02-11T19:54:05","date_gmt":"2016-02-11T19:54:05","guid":{"rendered":"https:\/\/abarevegan.com.br\/index.php\/2016\/02\/11\/policia-divulga-foto-de-acusados-de-assalto\/"},"modified":"2016-02-11T19:54:05","modified_gmt":"2016-02-11T19:54:05","slug":"policia-divulga-foto-de-acusados-de-assalto","status":"publish","type":"post","link":"https:\/\/nk7-testes.com.br\/agazeta\/policia-divulga-foto-de-acusados-de-assalto\/","title":{"rendered":"Pol\u00edcia divulga foto de acusados de assalto"},"content":{"rendered":"<p style=\"text-align: justify;\"><span style=\"font-size: 13.2px; line-height: 21.12px; text-align: justify;\">&#8220;Quem tiver informa\u00e7\u00f5es pode ligar no 181 e denunciar&#8221;<\/span><\/p>\n<p style=\"text-align: justify;\">O crime aconteceu em dezembro de 2014, em uma resid\u00eancia no bairro Cohab do Bosque, em Rio Branco. Segundo as investiga\u00e7\u00f5es, Jo\u00e3o Paulo Pereira dos Santos (25), Douglas Wisley Lima Furtado (20), Tiago Almeida da Silva (26) e Mateus Estev\u00e3o da Rocha (20) entraram na casa, roubaram v\u00e1rios objetos e ainda fugiram com o carro da fam\u00edlia.<\/p>\n<p style=\"text-align: justify;\">Durante o roubo,um dos envolvidos teria violentado uma das jovens que estava na casa, de acordo com relatos da pr\u00f3pria irm\u00e3 da v\u00edtima. Os pais das jovens estavam viajando. Pouco tempo depois, o laudo da per\u00edcia deu inconclusivo para a suspeita de estupro e os advogados dos envolvidos conseguiu na justi\u00e7a, o Habeas Corpus de todos.<\/p>\n<p style=\"text-align: justify;\">Contudo, Jo\u00e3o Paulo, Douglas, Tiago e Mateus estavam em liberdade provis\u00f3ria e usavam tornozeleira. Durante o final de semana, a justi\u00e7a ordenou novamente a pris\u00e3o deles, por quebra de benef\u00edcio. Eles estavam tentando burlar o sistema de monitoramento eletr\u00f4nico.<\/p>\n<p style=\"text-align: justify;\">Um deles chegou a usar papel alum\u00ednio na tornozeleira, na tentativa de bloquear o sinal transmitido pelo material.<\/p>\n<p style=\"text-align: justify;\">Agora a pol\u00edcia est\u00e1 \u00e0 procura por Tiago Almeida e Mateus Estev\u00e3o. \u201cOs foragidos s\u00e3o perigosos e quem tiver informa\u00e7\u00f5es pode ligar no 181 e denunciar. O WhatsApp da Pol\u00edcia Civil \u00e9 9925-0303. Tudo gratuito e sem a necessidade de identifica\u00e7\u00e3o. Fica em sigilo\u201d, ressalta o diretor de pol\u00edcia da capital, Nilton Boscaro.<\/p>\n","protected":false},"excerpt":{"rendered":"<p style=\"text-align: justify;\"><span style=\"font-size: 13.2px; line-height: 21.12px; text-align: justify;\">&#8220;Quem tiver informa\u00e7\u00f5es pode ligar no 181 e denunciar&#8221;<\/span><\/p>\n","protected":false},"author":4,"featured_media":21036,"comment_status":"open","ping_status":"open","sticky":false,"template":"","format":"standard","meta":{"jnews-multi-image_gallery":[],"jnews_single_post":[],"jnews_primary_category":[],"jnews_social_meta":[],"jnews_review":[],"enable_review":"","type":"","name":"","summary":"","brand":"","sku":"","good":[],"bad":[],"score_override":"","override_value":"","rating":[],"price":[],"footnotes":""},"categories":[44],"tags":[],"class_list":["post-21037","post","type-post","status-publish","format-standard","has-post-thumbnail","hentry","category-policia"],"yoast_head":"<!-- This site is optimized with the Yoast SEO plugin v26.5 - https:\/\/yoast.com\/wordpress\/plugins\/seo\/ -->\n<title>Pol\u00edcia divulga foto de acusados de assalto - Agazeta.net<\/title>\n<meta name=\"robots\" content=\"index, follow, max-snippet:-1, max-image-preview:large, max-video-preview:-1\" \/>\n<link rel=\"canonical\" href=\"https:\/\/nk7-testes.com.br\/agazeta\/policia-divulga-foto-de-acusados-de-assalto\/\" \/>\n<meta property=\"og:locale\" content=\"pt_BR\" \/>\n<meta property=\"og:type\" content=\"article\" \/>\n<meta property=\"og:title\" content=\"Pol\u00edcia divulga foto de acusados de assalto - Agazeta.net\" \/>\n<meta property=\"og:description\" content=\"&quot;Quem tiver informa\u00e7\u00f5es pode ligar no 181 e denunciar&quot;\" \/>\n<meta property=\"og:url\" content=\"https:\/\/nk7-testes.com.br\/agazeta\/policia-divulga-foto-de-acusados-de-assalto\/\" \/>\n<meta property=\"og:site_name\" content=\"Agazeta.net\" \/>\n<meta property=\"article:published_time\" content=\"2016-02-11T19:54:05+00:00\" \/>\n<meta property=\"og:image\" content=\"https:\/\/nk7-testes.com.br\/agazeta\/wp-content\/uploads\/2016\/02\/110216-policia-foragidos.jpg\" \/>\n\t<meta property=\"og:image:width\" content=\"458\" \/>\n\t<meta property=\"og:image:height\" content=\"340\" \/>\n\t<meta property=\"og:image:type\" content=\"image\/jpeg\" \/>\n<meta name=\"author\" content=\"Agazeta.Net\" \/>\n<meta name=\"twitter:card\" content=\"summary_large_image\" \/>\n<meta name=\"twitter:label1\" content=\"Escrito por\" \/>\n\t<meta name=\"twitter:data1\" content=\"Agazeta.Net\" \/>\n\t<meta name=\"twitter:label2\" content=\"Est. tempo de leitura\" \/>\n\t<meta name=\"twitter:data2\" content=\"1 minuto\" \/>\n<script type=\"application\/ld+json\" class=\"yoast-schema-graph\">{\"@context\":\"https:\/\/schema.org\",\"@graph\":[{\"@type\":\"WebPage\",\"@id\":\"https:\/\/nk7-testes.com.br\/agazeta\/policia-divulga-foto-de-acusados-de-assalto\/\",\"url\":\"https:\/\/nk7-testes.com.br\/agazeta\/policia-divulga-foto-de-acusados-de-assalto\/\",\"name\":\"Pol\u00edcia divulga foto de acusados de assalto - Agazeta.net\",\"isPartOf\":{\"@id\":\"https:\/\/nk7-testes.com.br\/agazeta\/#website\"},\"primaryImageOfPage\":{\"@id\":\"https:\/\/nk7-testes.com.br\/agazeta\/policia-divulga-foto-de-acusados-de-assalto\/#primaryimage\"},\"image\":{\"@id\":\"https:\/\/nk7-testes.com.br\/agazeta\/policia-divulga-foto-de-acusados-de-assalto\/#primaryimage\"},\"thumbnailUrl\":\"https:\/\/nk7-testes.com.br\/agazeta\/wp-content\/uploads\/2016\/02\/110216-policia-foragidos.jpg\",\"datePublished\":\"2016-02-11T19:54:05+00:00\",\"author\":{\"@id\":\"https:\/\/nk7-testes.com.br\/agazeta\/#\/schema\/person\/6d6e25cb0435eb4a02fd44d30b4e3020\"},\"breadcrumb\":{\"@id\":\"https:\/\/nk7-testes.com.br\/agazeta\/policia-divulga-foto-de-acusados-de-assalto\/#breadcrumb\"},\"inLanguage\":\"pt-BR\",\"potentialAction\":[{\"@type\":\"ReadAction\",\"target\":[\"https:\/\/nk7-testes.com.br\/agazeta\/policia-divulga-foto-de-acusados-de-assalto\/\"]}]},{\"@type\":\"ImageObject\",\"inLanguage\":\"pt-BR\",\"@id\":\"https:\/\/nk7-testes.com.br\/agazeta\/policia-divulga-foto-de-acusados-de-assalto\/#primaryimage\",\"url\":\"https:\/\/nk7-testes.com.br\/agazeta\/wp-content\/uploads\/2016\/02\/110216-policia-foragidos.jpg\",\"contentUrl\":\"https:\/\/nk7-testes.com.br\/agazeta\/wp-content\/uploads\/2016\/02\/110216-policia-foragidos.jpg\",\"width\":458,\"height\":340,\"caption\":\"110216-policia-foragidos\"},{\"@type\":\"BreadcrumbList\",\"@id\":\"https:\/\/nk7-testes.com.br\/agazeta\/policia-divulga-foto-de-acusados-de-assalto\/#breadcrumb\",\"itemListElement\":[{\"@type\":\"ListItem\",\"position\":1,\"name\":\"In\u00edcio\",\"item\":\"https:\/\/nk7-testes.com.br\/agazeta\/\"},{\"@type\":\"ListItem\",\"position\":2,\"name\":\"Pol\u00edcia divulga foto de acusados de assalto\"}]},{\"@type\":\"WebSite\",\"@id\":\"https:\/\/nk7-testes.com.br\/agazeta\/#website\",\"url\":\"https:\/\/nk7-testes.com.br\/agazeta\/\",\"name\":\"Agazeta.net\",\"description\":\"Agazeta.net - Not\u00edcias de Rio Branco\/AC\",\"potentialAction\":[{\"@type\":\"SearchAction\",\"target\":{\"@type\":\"EntryPoint\",\"urlTemplate\":\"https:\/\/nk7-testes.com.br\/agazeta\/?s={search_term_string}\"},\"query-input\":{\"@type\":\"PropertyValueSpecification\",\"valueRequired\":true,\"valueName\":\"search_term_string\"}}],\"inLanguage\":\"pt-BR\"},{\"@type\":\"Person\",\"@id\":\"https:\/\/nk7-testes.com.br\/agazeta\/#\/schema\/person\/6d6e25cb0435eb4a02fd44d30b4e3020\",\"name\":\"Agazeta.Net\",\"url\":\"https:\/\/nk7-testes.com.br\/agazeta\/author\/agazeta\/\"}]}<\/script>\n<!-- \/ Yoast SEO plugin. -->","yoast_head_json":{"title":"Pol\u00edcia divulga foto de acusados de assalto - Agazeta.net","robots":{"index":"index","follow":"follow","max-snippet":"max-snippet:-1","max-image-preview":"max-image-preview:large","max-video-preview":"max-video-preview:-1"},"canonical":"https:\/\/nk7-testes.com.br\/agazeta\/policia-divulga-foto-de-acusados-de-assalto\/","og_locale":"pt_BR","og_type":"article","og_title":"Pol\u00edcia divulga foto de acusados de assalto - Agazeta.net","og_description":"\"Quem tiver informa\u00e7\u00f5es pode ligar no 181 e denunciar\"","og_url":"https:\/\/nk7-testes.com.br\/agazeta\/policia-divulga-foto-de-acusados-de-assalto\/","og_site_name":"Agazeta.net","article_published_time":"2016-02-11T19:54:05+00:00","og_image":[{"width":458,"height":340,"url":"https:\/\/nk7-testes.com.br\/agazeta\/wp-content\/uploads\/2016\/02\/110216-policia-foragidos.jpg","type":"image\/jpeg"}],"author":"Agazeta.Net","twitter_card":"summary_large_image","twitter_misc":{"Escrito por":"Agazeta.Net","Est. tempo de leitura":"1 minuto"},"schema":{"@context":"https:\/\/schema.org","@graph":[{"@type":"WebPage","@id":"https:\/\/nk7-testes.com.br\/agazeta\/policia-divulga-foto-de-acusados-de-assalto\/","url":"https:\/\/nk7-testes.com.br\/agazeta\/policia-divulga-foto-de-acusados-de-assalto\/","name":"Pol\u00edcia divulga foto de acusados de assalto - Agazeta.net","isPartOf":{"@id":"https:\/\/nk7-testes.com.br\/agazeta\/#website"},"primaryImageOfPage":{"@id":"https:\/\/nk7-testes.com.br\/agazeta\/policia-divulga-foto-de-acusados-de-assalto\/#primaryimage"},"image":{"@id":"https:\/\/nk7-testes.com.br\/agazeta\/policia-divulga-foto-de-acusados-de-assalto\/#primaryimage"},"thumbnailUrl":"https:\/\/nk7-testes.com.br\/agazeta\/wp-content\/uploads\/2016\/02\/110216-policia-foragidos.jpg","datePublished":"2016-02-11T19:54:05+00:00","author":{"@id":"https:\/\/nk7-testes.com.br\/agazeta\/#\/schema\/person\/6d6e25cb0435eb4a02fd44d30b4e3020"},"breadcrumb":{"@id":"https:\/\/nk7-testes.com.br\/agazeta\/policia-divulga-foto-de-acusados-de-assalto\/#breadcrumb"},"inLanguage":"pt-BR","potentialAction":[{"@type":"ReadAction","target":["https:\/\/nk7-testes.com.br\/agazeta\/policia-divulga-foto-de-acusados-de-assalto\/"]}]},{"@type":"ImageObject","inLanguage":"pt-BR","@id":"https:\/\/nk7-testes.com.br\/agazeta\/policia-divulga-foto-de-acusados-de-assalto\/#primaryimage","url":"https:\/\/nk7-testes.com.br\/agazeta\/wp-content\/uploads\/2016\/02\/110216-policia-foragidos.jpg","contentUrl":"https:\/\/nk7-testes.com.br\/agazeta\/wp-content\/uploads\/2016\/02\/110216-policia-foragidos.jpg","width":458,"height":340,"caption":"110216-policia-foragidos"},{"@type":"BreadcrumbList","@id":"https:\/\/nk7-testes.com.br\/agazeta\/policia-divulga-foto-de-acusados-de-assalto\/#breadcrumb","itemListElement":[{"@type":"ListItem","position":1,"name":"In\u00edcio","item":"https:\/\/nk7-testes.com.br\/agazeta\/"},{"@type":"ListItem","position":2,"name":"Pol\u00edcia divulga foto de acusados de assalto"}]},{"@type":"WebSite","@id":"https:\/\/nk7-testes.com.br\/agazeta\/#website","url":"https:\/\/nk7-testes.com.br\/agazeta\/","name":"Agazeta.net","description":"Agazeta.net - Not\u00edcias de Rio Branco\/AC","potentialAction":[{"@type":"SearchAction","target":{"@type":"EntryPoint","urlTemplate":"https:\/\/nk7-testes.com.br\/agazeta\/?s={search_term_string}"},"query-input":{"@type":"PropertyValueSpecification","valueRequired":true,"valueName":"search_term_string"}}],"inLanguage":"pt-BR"},{"@type":"Person","@id":"https:\/\/nk7-testes.com.br\/agazeta\/#\/schema\/person\/6d6e25cb0435eb4a02fd44d30b4e3020","name":"Agazeta.Net","url":"https:\/\/nk7-testes.com.br\/agazeta\/author\/agazeta\/"}]}},"_links":{"self":[{"href":"https:\/\/nk7-testes.com.br\/agazeta\/wp-json\/wp\/v2\/posts\/21037","targetHints":{"allow":["GET"]}}],"collection":[{"href":"https:\/\/nk7-testes.com.br\/agazeta\/wp-json\/wp\/v2\/posts"}],"about":[{"href":"https:\/\/nk7-testes.com.br\/agazeta\/wp-json\/wp\/v2\/types\/post"}],"author":[{"embeddable":true,"href":"https:\/\/nk7-testes.com.br\/agazeta\/wp-json\/wp\/v2\/users\/4"}],"replies":[{"embeddable":true,"href":"https:\/\/nk7-testes.com.br\/agazeta\/wp-json\/wp\/v2\/comments?post=21037"}],"version-history":[{"count":0,"href":"https:\/\/nk7-testes.com.br\/agazeta\/wp-json\/wp\/v2\/posts\/21037\/revisions"}],"wp:featuredmedia":[{"embeddable":true,"href":"https:\/\/nk7-testes.com.br\/agazeta\/wp-json\/wp\/v2\/media\/21036"}],"wp:attachment":[{"href":"https:\/\/nk7-testes.com.br\/agazeta\/wp-json\/wp\/v2\/media?parent=21037"}],"wp:term":[{"taxonomy":"category","embeddable":true,"href":"https:\/\/nk7-testes.com.br\/agazeta\/wp-json\/wp\/v2\/categories?post=21037"},{"taxonomy":"post_tag","embeddable":true,"href":"https:\/\/nk7-testes.com.br\/agazeta\/wp-json\/wp\/v2\/tags?post=21037"}],"curies":[{"name":"wp","href":"https:\/\/api.w.org\/{rel}","templated":true}]}}