{"id":21026,"date":"2016-02-11T14:00:33","date_gmt":"2016-02-11T14:00:33","guid":{"rendered":"https:\/\/abarevegan.com.br\/index.php\/2016\/02\/11\/instituto-de-criminalistica-capacita-peritos-criminais\/"},"modified":"2016-02-11T14:00:33","modified_gmt":"2016-02-11T14:00:33","slug":"instituto-de-criminalistica-capacita-peritos-criminais","status":"publish","type":"post","link":"https:\/\/nk7-testes.com.br\/agazeta\/instituto-de-criminalistica-capacita-peritos-criminais\/","title":{"rendered":"Instituto de Criminal\u00edstica capacita peritos criminais"},"content":{"rendered":"<p style=\"text-align: justify;\"><strong><span style=\"font-size: 12pt; line-height: 115%; font-family: 'Times New Roman', serif;\"><\/span><\/strong><\/p>\n<p style=\"text-align: justify;\">Uso de novas tecnologias para servidores<\/p>\n<p style=\"text-align: justify;\"><strong><span style=\"font-size: 12pt; line-height: 115%; font-family: 'Times New Roman', serif;\"><\/span><\/strong><\/p>\n<p style=\"text-align: justify;\">O Instituto de Criminal\u00edstica (IC) capacitou servidores para investiga\u00e7\u00e3o em casos de mortes violentas. Foi realizada uma an\u00e1lise conceitual sobre o uso de tecnologias aplic\u00e1veis no processamento de locais de crime.<\/p>\n<p style=\"text-align: justify;\"><strong><span style=\"font-size: 12pt; line-height: 115%; font-family: 'Times New Roman', serif;\"><\/span><\/strong><\/p>\n<p style=\"text-align: justify;\">O treinamento abordou novas t\u00e9cnicas para coleta de vest\u00edgios com a utiliza\u00e7\u00e3o de raio-x de varredura. Segundo o diretor do Instituto de Criminal\u00edstica, Aleksandr Barros, isso amplia a identifica\u00e7\u00e3o de vest\u00edgios em locais, impercept\u00edveis a olho nu.<\/p>\n<p style=\"text-align: justify;\"><strong><span style=\"font-size: 12pt; line-height: 115%; font-family: 'Times New Roman', serif;\"><\/span><\/strong><\/p>\n<p style=\"text-align: justify;\">Aliado a isso, ser\u00e3o utilizado torres de ilumina\u00e7\u00e3o em locais de baixa luminosidade. \u201cIsso vai potencializar a capacidade de resolu\u00e7\u00e3o de crimes, al\u00e9m de oferecer provas mais detalhadas, e assim, promover uma boa efetividade da justi\u00e7a\u201d, destacou o perito Aleksandr.<\/p>\n<p style=\"text-align: justify;\"><strong><span style=\"font-size: 12pt; line-height: 115%; font-family: 'Times New Roman', serif;\"><\/span><\/strong><\/p>\n<p style=\"text-align: justify;\">As m\u00faltiplas cores produzidas pela luz forense decorrentes de suas ondas possibilitam a revela\u00e7\u00e3o, em local de crime, de vest\u00edgios n\u00e3o percept\u00edveis a olho nu, como por exemplo, sangue, material \u00f3sseo, metais e madeira entre outros.<\/p>\n<p style=\"text-align: justify;\"><strong><span style=\"font-size: 12pt; line-height: 115%; font-family: 'Times New Roman', serif;\"><\/span><\/strong><\/p>\n<p style=\"text-align: justify;\">Em abril, de acordo com o diretor, inicia o segundo m\u00f3dulo do treinamento, com foco na coleta de vest\u00edgios. A capacita\u00e7\u00e3o \u00e9 extensiva aos profissionais que atuam na per\u00edcia criminal tanto na capital quanto no interior, que j\u00e1 receberam os novos kits de pericia.<\/p>\n<p style=\"text-align: justify;\"><strong><span style=\"font-size: 12pt; line-height: 115%; font-family: 'Times New Roman', serif;\"><\/span><\/strong><\/p>\n<p style=\"text-align: justify;\">&#8220;O Governo do Estado mant\u00e9m, assim, pol\u00edtica de capacita\u00e7\u00e3o continuada aos profissionais da \u00e1rea de seguran\u00e7a p\u00fablica. As novas ferramentas de trabalho dos peritos foram adquiridas atrav\u00e9s de convenio da Secretaria de Seguran\u00e7a com o Minist\u00e9rio da Justi\u00e7a&#8221;, disse o secret\u00e1rio de Pol\u00edcia Civil, Carlos Fl\u00e1vio.<\/p>\n","protected":false},"excerpt":{"rendered":"<p style=\"text-align: justify;\"><strong><span style=\"font-size: 12pt; line-height: 115%; font-family: 'Times New Roman', serif;\"><\/span><\/strong><\/p>\n<p style=\"text-align: justify;\">Uso de novas tecnologias para servidores<\/p>\n","protected":false},"author":4,"featured_media":21025,"comment_status":"open","ping_status":"open","sticky":false,"template":"","format":"standard","meta":{"jnews-multi-image_gallery":[],"jnews_single_post":[],"jnews_primary_category":[],"jnews_social_meta":[],"jnews_review":[],"enable_review":"","type":"","name":"","summary":"","brand":"","sku":"","good":[],"bad":[],"score_override":"","override_value":"","rating":[],"price":[],"footnotes":""},"categories":[44],"tags":[],"class_list":["post-21026","post","type-post","status-publish","format-standard","has-post-thumbnail","hentry","category-policia"],"yoast_head":"<!-- This site is optimized with the Yoast SEO plugin v26.5 - https:\/\/yoast.com\/wordpress\/plugins\/seo\/ -->\n<title>Instituto de Criminal\u00edstica capacita peritos criminais - Agazeta.net<\/title>\n<meta name=\"robots\" content=\"index, follow, max-snippet:-1, max-image-preview:large, max-video-preview:-1\" \/>\n<link rel=\"canonical\" href=\"https:\/\/nk7-testes.com.br\/agazeta\/instituto-de-criminalistica-capacita-peritos-criminais\/\" \/>\n<meta property=\"og:locale\" content=\"pt_BR\" \/>\n<meta property=\"og:type\" content=\"article\" \/>\n<meta property=\"og:title\" content=\"Instituto de Criminal\u00edstica capacita peritos criminais - Agazeta.net\" \/>\n<meta property=\"og:description\" content=\"Uso de novas tecnologias para servidores\" \/>\n<meta property=\"og:url\" content=\"https:\/\/nk7-testes.com.br\/agazeta\/instituto-de-criminalistica-capacita-peritos-criminais\/\" \/>\n<meta property=\"og:site_name\" content=\"Agazeta.net\" \/>\n<meta property=\"article:published_time\" content=\"2016-02-11T14:00:33+00:00\" \/>\n<meta property=\"og:image\" content=\"https:\/\/nk7-testes.com.br\/agazeta\/wp-content\/uploads\/2016\/02\/110216-policia-capacitacao-cleriston2.jpg\" \/>\n\t<meta property=\"og:image:width\" content=\"458\" \/>\n\t<meta property=\"og:image:height\" content=\"340\" \/>\n\t<meta property=\"og:image:type\" content=\"image\/jpeg\" \/>\n<meta name=\"author\" content=\"Agazeta.Net\" \/>\n<meta name=\"twitter:card\" content=\"summary_large_image\" \/>\n<meta name=\"twitter:label1\" content=\"Escrito por\" \/>\n\t<meta name=\"twitter:data1\" content=\"Agazeta.Net\" \/>\n\t<meta name=\"twitter:label2\" content=\"Est. tempo de leitura\" \/>\n\t<meta name=\"twitter:data2\" content=\"1 minuto\" \/>\n<script type=\"application\/ld+json\" class=\"yoast-schema-graph\">{\"@context\":\"https:\/\/schema.org\",\"@graph\":[{\"@type\":\"WebPage\",\"@id\":\"https:\/\/nk7-testes.com.br\/agazeta\/instituto-de-criminalistica-capacita-peritos-criminais\/\",\"url\":\"https:\/\/nk7-testes.com.br\/agazeta\/instituto-de-criminalistica-capacita-peritos-criminais\/\",\"name\":\"Instituto de Criminal\u00edstica capacita peritos criminais - Agazeta.net\",\"isPartOf\":{\"@id\":\"https:\/\/nk7-testes.com.br\/agazeta\/#website\"},\"primaryImageOfPage\":{\"@id\":\"https:\/\/nk7-testes.com.br\/agazeta\/instituto-de-criminalistica-capacita-peritos-criminais\/#primaryimage\"},\"image\":{\"@id\":\"https:\/\/nk7-testes.com.br\/agazeta\/instituto-de-criminalistica-capacita-peritos-criminais\/#primaryimage\"},\"thumbnailUrl\":\"https:\/\/nk7-testes.com.br\/agazeta\/wp-content\/uploads\/2016\/02\/110216-policia-capacitacao-cleriston2.jpg\",\"datePublished\":\"2016-02-11T14:00:33+00:00\",\"author\":{\"@id\":\"https:\/\/nk7-testes.com.br\/agazeta\/#\/schema\/person\/6d6e25cb0435eb4a02fd44d30b4e3020\"},\"breadcrumb\":{\"@id\":\"https:\/\/nk7-testes.com.br\/agazeta\/instituto-de-criminalistica-capacita-peritos-criminais\/#breadcrumb\"},\"inLanguage\":\"pt-BR\",\"potentialAction\":[{\"@type\":\"ReadAction\",\"target\":[\"https:\/\/nk7-testes.com.br\/agazeta\/instituto-de-criminalistica-capacita-peritos-criminais\/\"]}]},{\"@type\":\"ImageObject\",\"inLanguage\":\"pt-BR\",\"@id\":\"https:\/\/nk7-testes.com.br\/agazeta\/instituto-de-criminalistica-capacita-peritos-criminais\/#primaryimage\",\"url\":\"https:\/\/nk7-testes.com.br\/agazeta\/wp-content\/uploads\/2016\/02\/110216-policia-capacitacao-cleriston2.jpg\",\"contentUrl\":\"https:\/\/nk7-testes.com.br\/agazeta\/wp-content\/uploads\/2016\/02\/110216-policia-capacitacao-cleriston2.jpg\",\"width\":458,\"height\":340,\"caption\":\"110216-policia-capacitacao-cleriston2\"},{\"@type\":\"BreadcrumbList\",\"@id\":\"https:\/\/nk7-testes.com.br\/agazeta\/instituto-de-criminalistica-capacita-peritos-criminais\/#breadcrumb\",\"itemListElement\":[{\"@type\":\"ListItem\",\"position\":1,\"name\":\"In\u00edcio\",\"item\":\"https:\/\/nk7-testes.com.br\/agazeta\/\"},{\"@type\":\"ListItem\",\"position\":2,\"name\":\"Instituto de Criminal\u00edstica capacita peritos criminais\"}]},{\"@type\":\"WebSite\",\"@id\":\"https:\/\/nk7-testes.com.br\/agazeta\/#website\",\"url\":\"https:\/\/nk7-testes.com.br\/agazeta\/\",\"name\":\"Agazeta.net\",\"description\":\"Agazeta.net - Not\u00edcias de Rio Branco\/AC\",\"potentialAction\":[{\"@type\":\"SearchAction\",\"target\":{\"@type\":\"EntryPoint\",\"urlTemplate\":\"https:\/\/nk7-testes.com.br\/agazeta\/?s={search_term_string}\"},\"query-input\":{\"@type\":\"PropertyValueSpecification\",\"valueRequired\":true,\"valueName\":\"search_term_string\"}}],\"inLanguage\":\"pt-BR\"},{\"@type\":\"Person\",\"@id\":\"https:\/\/nk7-testes.com.br\/agazeta\/#\/schema\/person\/6d6e25cb0435eb4a02fd44d30b4e3020\",\"name\":\"Agazeta.Net\",\"url\":\"https:\/\/nk7-testes.com.br\/agazeta\/author\/agazeta\/\"}]}<\/script>\n<!-- \/ Yoast SEO plugin. -->","yoast_head_json":{"title":"Instituto de Criminal\u00edstica capacita peritos criminais - Agazeta.net","robots":{"index":"index","follow":"follow","max-snippet":"max-snippet:-1","max-image-preview":"max-image-preview:large","max-video-preview":"max-video-preview:-1"},"canonical":"https:\/\/nk7-testes.com.br\/agazeta\/instituto-de-criminalistica-capacita-peritos-criminais\/","og_locale":"pt_BR","og_type":"article","og_title":"Instituto de Criminal\u00edstica capacita peritos criminais - Agazeta.net","og_description":"Uso de novas tecnologias para servidores","og_url":"https:\/\/nk7-testes.com.br\/agazeta\/instituto-de-criminalistica-capacita-peritos-criminais\/","og_site_name":"Agazeta.net","article_published_time":"2016-02-11T14:00:33+00:00","og_image":[{"width":458,"height":340,"url":"https:\/\/nk7-testes.com.br\/agazeta\/wp-content\/uploads\/2016\/02\/110216-policia-capacitacao-cleriston2.jpg","type":"image\/jpeg"}],"author":"Agazeta.Net","twitter_card":"summary_large_image","twitter_misc":{"Escrito por":"Agazeta.Net","Est. tempo de leitura":"1 minuto"},"schema":{"@context":"https:\/\/schema.org","@graph":[{"@type":"WebPage","@id":"https:\/\/nk7-testes.com.br\/agazeta\/instituto-de-criminalistica-capacita-peritos-criminais\/","url":"https:\/\/nk7-testes.com.br\/agazeta\/instituto-de-criminalistica-capacita-peritos-criminais\/","name":"Instituto de Criminal\u00edstica capacita peritos criminais - Agazeta.net","isPartOf":{"@id":"https:\/\/nk7-testes.com.br\/agazeta\/#website"},"primaryImageOfPage":{"@id":"https:\/\/nk7-testes.com.br\/agazeta\/instituto-de-criminalistica-capacita-peritos-criminais\/#primaryimage"},"image":{"@id":"https:\/\/nk7-testes.com.br\/agazeta\/instituto-de-criminalistica-capacita-peritos-criminais\/#primaryimage"},"thumbnailUrl":"https:\/\/nk7-testes.com.br\/agazeta\/wp-content\/uploads\/2016\/02\/110216-policia-capacitacao-cleriston2.jpg","datePublished":"2016-02-11T14:00:33+00:00","author":{"@id":"https:\/\/nk7-testes.com.br\/agazeta\/#\/schema\/person\/6d6e25cb0435eb4a02fd44d30b4e3020"},"breadcrumb":{"@id":"https:\/\/nk7-testes.com.br\/agazeta\/instituto-de-criminalistica-capacita-peritos-criminais\/#breadcrumb"},"inLanguage":"pt-BR","potentialAction":[{"@type":"ReadAction","target":["https:\/\/nk7-testes.com.br\/agazeta\/instituto-de-criminalistica-capacita-peritos-criminais\/"]}]},{"@type":"ImageObject","inLanguage":"pt-BR","@id":"https:\/\/nk7-testes.com.br\/agazeta\/instituto-de-criminalistica-capacita-peritos-criminais\/#primaryimage","url":"https:\/\/nk7-testes.com.br\/agazeta\/wp-content\/uploads\/2016\/02\/110216-policia-capacitacao-cleriston2.jpg","contentUrl":"https:\/\/nk7-testes.com.br\/agazeta\/wp-content\/uploads\/2016\/02\/110216-policia-capacitacao-cleriston2.jpg","width":458,"height":340,"caption":"110216-policia-capacitacao-cleriston2"},{"@type":"BreadcrumbList","@id":"https:\/\/nk7-testes.com.br\/agazeta\/instituto-de-criminalistica-capacita-peritos-criminais\/#breadcrumb","itemListElement":[{"@type":"ListItem","position":1,"name":"In\u00edcio","item":"https:\/\/nk7-testes.com.br\/agazeta\/"},{"@type":"ListItem","position":2,"name":"Instituto de Criminal\u00edstica capacita peritos criminais"}]},{"@type":"WebSite","@id":"https:\/\/nk7-testes.com.br\/agazeta\/#website","url":"https:\/\/nk7-testes.com.br\/agazeta\/","name":"Agazeta.net","description":"Agazeta.net - Not\u00edcias de Rio Branco\/AC","potentialAction":[{"@type":"SearchAction","target":{"@type":"EntryPoint","urlTemplate":"https:\/\/nk7-testes.com.br\/agazeta\/?s={search_term_string}"},"query-input":{"@type":"PropertyValueSpecification","valueRequired":true,"valueName":"search_term_string"}}],"inLanguage":"pt-BR"},{"@type":"Person","@id":"https:\/\/nk7-testes.com.br\/agazeta\/#\/schema\/person\/6d6e25cb0435eb4a02fd44d30b4e3020","name":"Agazeta.Net","url":"https:\/\/nk7-testes.com.br\/agazeta\/author\/agazeta\/"}]}},"_links":{"self":[{"href":"https:\/\/nk7-testes.com.br\/agazeta\/wp-json\/wp\/v2\/posts\/21026","targetHints":{"allow":["GET"]}}],"collection":[{"href":"https:\/\/nk7-testes.com.br\/agazeta\/wp-json\/wp\/v2\/posts"}],"about":[{"href":"https:\/\/nk7-testes.com.br\/agazeta\/wp-json\/wp\/v2\/types\/post"}],"author":[{"embeddable":true,"href":"https:\/\/nk7-testes.com.br\/agazeta\/wp-json\/wp\/v2\/users\/4"}],"replies":[{"embeddable":true,"href":"https:\/\/nk7-testes.com.br\/agazeta\/wp-json\/wp\/v2\/comments?post=21026"}],"version-history":[{"count":0,"href":"https:\/\/nk7-testes.com.br\/agazeta\/wp-json\/wp\/v2\/posts\/21026\/revisions"}],"wp:featuredmedia":[{"embeddable":true,"href":"https:\/\/nk7-testes.com.br\/agazeta\/wp-json\/wp\/v2\/media\/21025"}],"wp:attachment":[{"href":"https:\/\/nk7-testes.com.br\/agazeta\/wp-json\/wp\/v2\/media?parent=21026"}],"wp:term":[{"taxonomy":"category","embeddable":true,"href":"https:\/\/nk7-testes.com.br\/agazeta\/wp-json\/wp\/v2\/categories?post=21026"},{"taxonomy":"post_tag","embeddable":true,"href":"https:\/\/nk7-testes.com.br\/agazeta\/wp-json\/wp\/v2\/tags?post=21026"}],"curies":[{"name":"wp","href":"https:\/\/api.w.org\/{rel}","templated":true}]}}