{"id":20983,"date":"2016-02-05T21:20:21","date_gmt":"2016-02-05T21:20:21","guid":{"rendered":"https:\/\/abarevegan.com.br\/index.php\/2016\/02\/05\/nem-um-traque\/"},"modified":"2016-02-05T21:20:21","modified_gmt":"2016-02-05T21:20:21","slug":"nem-um-traque","status":"publish","type":"post","link":"https:\/\/nk7-testes.com.br\/agazeta\/nem-um-traque\/","title":{"rendered":"Nem um traque! (Cr\u00f4nica de Barranco)"},"content":{"rendered":"<p style=\"text-align: justify;\">Houve um tempo que o Acre estava dividido<\/p>\n<p style=\"text-align: justify;\">Era o ano de 2002. O ent\u00e3o governador Jorge Viana vivia um cotidiano recheado de paradoxos. No auge da popularidade, mantinha rela\u00e7\u00f5es tensas com setores espec\u00edficos da imprensa. Na esfera pol\u00edtica, o Movimento Democr\u00e1tico Acreano era a pedra no caminho petista.<\/p>\n<p style=\"text-align: justify;\">Nesse cen\u00e1rio, o Gabinete Civil criou uma solenidade chamada \u201cPlen\u00e1rias Populares\u201d, com o argumento de \u201couvir as demandas da comunidade e saber se o povo aceitaria a candidatura de Viana \u00e0 reelei\u00e7\u00e3o\u201d. Claro que ningu\u00e9m do governo admitia que se falasse que o ato j\u00e1 era uma campanha antecipada. O TRE, entrincheirado, guardava a cartada fatal para mais tarde.<\/p>\n<p style=\"text-align: justify;\">O fato \u00e9 que o mote era perfeito: governador jovem, charmoso, gest\u00e3o com aprova\u00e7\u00e3o popular e viagem nos 22 munic\u00edpios garantida para \u201cconversar com as pessoas\u201d. Era a \u00e9poca do <em>\u201cn\u00e3o administrar, mas cuidar do Acre\u201d<\/em>. Leitor de jornal, que \u00e9 bicho de boa mem\u00f3ria, lembra bem da \u00e9poca. O munic\u00edpio do dia era Porto Walter, o segundo da regi\u00e3o do Juru\u00e1 naquele fim de semana.<\/p>\n<p style=\"text-align: justify;\">O governador Jorge Viana sempre foi homem que valorizou os eventos p\u00fablicos. Qualquer que fosse e onde fosse. Tudo tinha que sair como planejado. Tudo tinha que funcionar bem, por mais simples que fosse o ambiente. E isso exigia muito da equipe do gabinete.<\/p>\n<p style=\"text-align: justify;\">Tr\u00eas avi\u00f5es acompanhavam a comitiva: um ocupado com o governador e assessores mais pr\u00f3ximos; outro com assessores pol\u00edticos e parlamentares e a terceira aeronave com jornalistas e assessores de imprensa.<\/p>\n<p style=\"text-align: justify;\">Logo cedo, o grupo partiu de Cruzeiro do Sul onde pernoitou. O prefeito de Porto Walter na ocasi\u00e3o era Neuzari Pinheiro, um dos raros aliados no Juru\u00e1 de ent\u00e3o. Havia tens\u00e3o no ar devido \u00e0 polariza\u00e7\u00e3o criada pelo MDA em uma regi\u00e3o com hegemonia dos partidos de oposi\u00e7\u00e3o a Jorge Viana: houve uma \u00e9poca recente que o Acre estava dividido.<\/p>\n<p style=\"text-align: justify;\">A primeira aeronave surge nos c\u00e9us de Porto Walter. Era o governador chegando. Comunidade mobilizada desde o dia anterior. O \u00fanico gin\u00e1sio da cidade cheio de gente dos mais distantes rios. Era um dia de festa. Todos queriam \u201cver o gunverno\u201d. O primeiro avi\u00e3o pousa.<\/p>\n<p style=\"text-align: justify;\">Nesse momento, um euf\u00f3rico Neuzari n\u00e3o contou conversa. Ordenou a um assessor j\u00e1 a postos. \u201cSolta os fogos, menino!\u201d Parecia que Porto Walter ia explodir. <em>Poh! Poh! Poh! Poh! Poh!<\/em> Foram centenas de fogos de artif\u00edcio. Pela fuma\u00e7a, seria poss\u00edvel dizer, sem exagero, que chegou \u00e0 casa do milhar.<\/p>\n<p style=\"text-align: justify;\">Para uma cidadezinha daquelas, aquele ambiente era emo\u00e7\u00e3o pura. <em>Poh! Poh! Poh! Poh! Poh!<\/em> A aeronave estaciona na pista. O primeiro a sair foi o assessor pol\u00edtico Carlos Alberto Ara\u00fajo. Mais conhecido como \u201cCac\u00e1, o Pr\u00edncipe\u201d. Bolsa a tiracolo, o elegante chap\u00e9u Panam\u00e1 sempre companheiro. Ao pisar na pista, o Pr\u00edncipe apressou-se ao encontro do prefeito.<\/p>\n<p style=\"text-align: justify;\">\u201cNeuzari, cabra v\u00e9i! Pelo amor de Deus, homi. N\u00e3o era para soltar esses fogos agora, n\u00e3o! O avi\u00e3o com o Jorge t\u00e1 vindo a\u00ed atr\u00e1s\u201d. Nesse momento, o c\u00e9u de Porto Walter era s\u00f3 fuma\u00e7a.<\/p>\n<p style=\"text-align: justify;\">Os fogos de artif\u00edcio foram tantos que, para o avi\u00e3o do governador pousar, foi preciso ficar fazendo voltas em torno da cidade, esperando a fuma\u00e7a dispersar. Jorge Viana esperou, no ar, cerca de dez minutos.<\/p>\n<p style=\"text-align: justify;\">\u201cAh! Cac\u00e1! Agora lascou-se tudo! N\u00e3o tem mais nem um traque\u201d, avisou o prefeito, j\u00e1 abrindo a segunda carteira de cigarro do dia. \u201cN\u00e3o tem como comprar, n\u00e3o, em algum lugar por aqui?\u201d, desesperou-se o Pr\u00edncipe.<\/p>\n<p style=\"text-align: justify;\">Cac\u00e1 viu o rid\u00edculo da pergunta diante da situa\u00e7\u00e3o e do lugar. Agora, n\u00e3o tinha mais jeito. Era relaxar. A emo\u00e7\u00e3o dos fogos foi destinada para a pessoa errada. Naquele dia, Jorge Viana ficou quase toda a solenidade com a boca arqueada para baixo, cacoete t\u00edpico quando est\u00e1 raivoso. Cac\u00e1 ria. Era o que restava ao Pr\u00edncipe fazer naquele dia.<\/p>\n","protected":false},"excerpt":{"rendered":"<p style=\"text-align: justify;\">Houve um tempo que o Acre estava dividido<\/p>\n","protected":false},"author":4,"featured_media":20982,"comment_status":"open","ping_status":"open","sticky":false,"template":"","format":"standard","meta":{"jnews-multi-image_gallery":[],"jnews_single_post":[],"jnews_primary_category":[],"jnews_social_meta":[],"jnews_review":[],"enable_review":"","type":"","name":"","summary":"","brand":"","sku":"","good":[],"bad":[],"score_override":"","override_value":"","rating":[],"price":[],"footnotes":""},"categories":[54],"tags":[],"class_list":["post-20983","post","type-post","status-publish","format-standard","has-post-thumbnail","hentry","category-cotidiano"],"yoast_head":"<!-- This site is optimized with the Yoast SEO plugin v26.5 - https:\/\/yoast.com\/wordpress\/plugins\/seo\/ -->\n<title>Nem um traque! (Cr\u00f4nica de Barranco) - Agazeta.net<\/title>\n<meta name=\"robots\" content=\"index, follow, max-snippet:-1, max-image-preview:large, max-video-preview:-1\" \/>\n<link rel=\"canonical\" href=\"https:\/\/nk7-testes.com.br\/agazeta\/nem-um-traque\/\" \/>\n<meta property=\"og:locale\" content=\"pt_BR\" \/>\n<meta property=\"og:type\" content=\"article\" \/>\n<meta property=\"og:title\" content=\"Nem um traque! (Cr\u00f4nica de Barranco) - Agazeta.net\" \/>\n<meta property=\"og:description\" content=\"Houve um tempo que o Acre estava dividido\" \/>\n<meta property=\"og:url\" content=\"https:\/\/nk7-testes.com.br\/agazeta\/nem-um-traque\/\" \/>\n<meta property=\"og:site_name\" content=\"Agazeta.net\" \/>\n<meta property=\"article:published_time\" content=\"2016-02-05T21:20:21+00:00\" \/>\n<meta property=\"og:image\" content=\"https:\/\/nk7-testes.com.br\/agazeta\/wp-content\/uploads\/2016\/02\/050216-cotidiano-portowalter-cedida.JPG\" \/>\n\t<meta property=\"og:image:width\" content=\"458\" \/>\n\t<meta property=\"og:image:height\" content=\"340\" \/>\n\t<meta property=\"og:image:type\" content=\"image\/jpeg\" \/>\n<meta name=\"author\" content=\"Agazeta.Net\" \/>\n<meta name=\"twitter:card\" content=\"summary_large_image\" \/>\n<meta name=\"twitter:label1\" content=\"Escrito por\" \/>\n\t<meta name=\"twitter:data1\" content=\"Agazeta.Net\" \/>\n\t<meta name=\"twitter:label2\" content=\"Est. tempo de leitura\" \/>\n\t<meta name=\"twitter:data2\" content=\"3 minutos\" \/>\n<script type=\"application\/ld+json\" class=\"yoast-schema-graph\">{\"@context\":\"https:\/\/schema.org\",\"@graph\":[{\"@type\":\"WebPage\",\"@id\":\"https:\/\/nk7-testes.com.br\/agazeta\/nem-um-traque\/\",\"url\":\"https:\/\/nk7-testes.com.br\/agazeta\/nem-um-traque\/\",\"name\":\"Nem um traque! (Cr\u00f4nica de Barranco) - Agazeta.net\",\"isPartOf\":{\"@id\":\"https:\/\/nk7-testes.com.br\/agazeta\/#website\"},\"primaryImageOfPage\":{\"@id\":\"https:\/\/nk7-testes.com.br\/agazeta\/nem-um-traque\/#primaryimage\"},\"image\":{\"@id\":\"https:\/\/nk7-testes.com.br\/agazeta\/nem-um-traque\/#primaryimage\"},\"thumbnailUrl\":\"https:\/\/nk7-testes.com.br\/agazeta\/wp-content\/uploads\/2016\/02\/050216-cotidiano-portowalter-cedida.JPG\",\"datePublished\":\"2016-02-05T21:20:21+00:00\",\"author\":{\"@id\":\"https:\/\/nk7-testes.com.br\/agazeta\/#\/schema\/person\/6d6e25cb0435eb4a02fd44d30b4e3020\"},\"breadcrumb\":{\"@id\":\"https:\/\/nk7-testes.com.br\/agazeta\/nem-um-traque\/#breadcrumb\"},\"inLanguage\":\"pt-BR\",\"potentialAction\":[{\"@type\":\"ReadAction\",\"target\":[\"https:\/\/nk7-testes.com.br\/agazeta\/nem-um-traque\/\"]}]},{\"@type\":\"ImageObject\",\"inLanguage\":\"pt-BR\",\"@id\":\"https:\/\/nk7-testes.com.br\/agazeta\/nem-um-traque\/#primaryimage\",\"url\":\"https:\/\/nk7-testes.com.br\/agazeta\/wp-content\/uploads\/2016\/02\/050216-cotidiano-portowalter-cedida.JPG\",\"contentUrl\":\"https:\/\/nk7-testes.com.br\/agazeta\/wp-content\/uploads\/2016\/02\/050216-cotidiano-portowalter-cedida.JPG\",\"width\":458,\"height\":340,\"caption\":\"050216-cotidiano-portowalter-cedida\"},{\"@type\":\"BreadcrumbList\",\"@id\":\"https:\/\/nk7-testes.com.br\/agazeta\/nem-um-traque\/#breadcrumb\",\"itemListElement\":[{\"@type\":\"ListItem\",\"position\":1,\"name\":\"In\u00edcio\",\"item\":\"https:\/\/nk7-testes.com.br\/agazeta\/\"},{\"@type\":\"ListItem\",\"position\":2,\"name\":\"Nem um traque! (Cr\u00f4nica de Barranco)\"}]},{\"@type\":\"WebSite\",\"@id\":\"https:\/\/nk7-testes.com.br\/agazeta\/#website\",\"url\":\"https:\/\/nk7-testes.com.br\/agazeta\/\",\"name\":\"Agazeta.net\",\"description\":\"Agazeta.net - Not\u00edcias de Rio Branco\/AC\",\"potentialAction\":[{\"@type\":\"SearchAction\",\"target\":{\"@type\":\"EntryPoint\",\"urlTemplate\":\"https:\/\/nk7-testes.com.br\/agazeta\/?s={search_term_string}\"},\"query-input\":{\"@type\":\"PropertyValueSpecification\",\"valueRequired\":true,\"valueName\":\"search_term_string\"}}],\"inLanguage\":\"pt-BR\"},{\"@type\":\"Person\",\"@id\":\"https:\/\/nk7-testes.com.br\/agazeta\/#\/schema\/person\/6d6e25cb0435eb4a02fd44d30b4e3020\",\"name\":\"Agazeta.Net\",\"url\":\"https:\/\/nk7-testes.com.br\/agazeta\/author\/agazeta\/\"}]}<\/script>\n<!-- \/ Yoast SEO plugin. -->","yoast_head_json":{"title":"Nem um traque! (Cr\u00f4nica de Barranco) - Agazeta.net","robots":{"index":"index","follow":"follow","max-snippet":"max-snippet:-1","max-image-preview":"max-image-preview:large","max-video-preview":"max-video-preview:-1"},"canonical":"https:\/\/nk7-testes.com.br\/agazeta\/nem-um-traque\/","og_locale":"pt_BR","og_type":"article","og_title":"Nem um traque! (Cr\u00f4nica de Barranco) - Agazeta.net","og_description":"Houve um tempo que o Acre estava dividido","og_url":"https:\/\/nk7-testes.com.br\/agazeta\/nem-um-traque\/","og_site_name":"Agazeta.net","article_published_time":"2016-02-05T21:20:21+00:00","og_image":[{"width":458,"height":340,"url":"https:\/\/nk7-testes.com.br\/agazeta\/wp-content\/uploads\/2016\/02\/050216-cotidiano-portowalter-cedida.JPG","type":"image\/jpeg"}],"author":"Agazeta.Net","twitter_card":"summary_large_image","twitter_misc":{"Escrito por":"Agazeta.Net","Est. tempo de leitura":"3 minutos"},"schema":{"@context":"https:\/\/schema.org","@graph":[{"@type":"WebPage","@id":"https:\/\/nk7-testes.com.br\/agazeta\/nem-um-traque\/","url":"https:\/\/nk7-testes.com.br\/agazeta\/nem-um-traque\/","name":"Nem um traque! (Cr\u00f4nica de Barranco) - Agazeta.net","isPartOf":{"@id":"https:\/\/nk7-testes.com.br\/agazeta\/#website"},"primaryImageOfPage":{"@id":"https:\/\/nk7-testes.com.br\/agazeta\/nem-um-traque\/#primaryimage"},"image":{"@id":"https:\/\/nk7-testes.com.br\/agazeta\/nem-um-traque\/#primaryimage"},"thumbnailUrl":"https:\/\/nk7-testes.com.br\/agazeta\/wp-content\/uploads\/2016\/02\/050216-cotidiano-portowalter-cedida.JPG","datePublished":"2016-02-05T21:20:21+00:00","author":{"@id":"https:\/\/nk7-testes.com.br\/agazeta\/#\/schema\/person\/6d6e25cb0435eb4a02fd44d30b4e3020"},"breadcrumb":{"@id":"https:\/\/nk7-testes.com.br\/agazeta\/nem-um-traque\/#breadcrumb"},"inLanguage":"pt-BR","potentialAction":[{"@type":"ReadAction","target":["https:\/\/nk7-testes.com.br\/agazeta\/nem-um-traque\/"]}]},{"@type":"ImageObject","inLanguage":"pt-BR","@id":"https:\/\/nk7-testes.com.br\/agazeta\/nem-um-traque\/#primaryimage","url":"https:\/\/nk7-testes.com.br\/agazeta\/wp-content\/uploads\/2016\/02\/050216-cotidiano-portowalter-cedida.JPG","contentUrl":"https:\/\/nk7-testes.com.br\/agazeta\/wp-content\/uploads\/2016\/02\/050216-cotidiano-portowalter-cedida.JPG","width":458,"height":340,"caption":"050216-cotidiano-portowalter-cedida"},{"@type":"BreadcrumbList","@id":"https:\/\/nk7-testes.com.br\/agazeta\/nem-um-traque\/#breadcrumb","itemListElement":[{"@type":"ListItem","position":1,"name":"In\u00edcio","item":"https:\/\/nk7-testes.com.br\/agazeta\/"},{"@type":"ListItem","position":2,"name":"Nem um traque! (Cr\u00f4nica de Barranco)"}]},{"@type":"WebSite","@id":"https:\/\/nk7-testes.com.br\/agazeta\/#website","url":"https:\/\/nk7-testes.com.br\/agazeta\/","name":"Agazeta.net","description":"Agazeta.net - Not\u00edcias de Rio Branco\/AC","potentialAction":[{"@type":"SearchAction","target":{"@type":"EntryPoint","urlTemplate":"https:\/\/nk7-testes.com.br\/agazeta\/?s={search_term_string}"},"query-input":{"@type":"PropertyValueSpecification","valueRequired":true,"valueName":"search_term_string"}}],"inLanguage":"pt-BR"},{"@type":"Person","@id":"https:\/\/nk7-testes.com.br\/agazeta\/#\/schema\/person\/6d6e25cb0435eb4a02fd44d30b4e3020","name":"Agazeta.Net","url":"https:\/\/nk7-testes.com.br\/agazeta\/author\/agazeta\/"}]}},"_links":{"self":[{"href":"https:\/\/nk7-testes.com.br\/agazeta\/wp-json\/wp\/v2\/posts\/20983","targetHints":{"allow":["GET"]}}],"collection":[{"href":"https:\/\/nk7-testes.com.br\/agazeta\/wp-json\/wp\/v2\/posts"}],"about":[{"href":"https:\/\/nk7-testes.com.br\/agazeta\/wp-json\/wp\/v2\/types\/post"}],"author":[{"embeddable":true,"href":"https:\/\/nk7-testes.com.br\/agazeta\/wp-json\/wp\/v2\/users\/4"}],"replies":[{"embeddable":true,"href":"https:\/\/nk7-testes.com.br\/agazeta\/wp-json\/wp\/v2\/comments?post=20983"}],"version-history":[{"count":0,"href":"https:\/\/nk7-testes.com.br\/agazeta\/wp-json\/wp\/v2\/posts\/20983\/revisions"}],"wp:featuredmedia":[{"embeddable":true,"href":"https:\/\/nk7-testes.com.br\/agazeta\/wp-json\/wp\/v2\/media\/20982"}],"wp:attachment":[{"href":"https:\/\/nk7-testes.com.br\/agazeta\/wp-json\/wp\/v2\/media?parent=20983"}],"wp:term":[{"taxonomy":"category","embeddable":true,"href":"https:\/\/nk7-testes.com.br\/agazeta\/wp-json\/wp\/v2\/categories?post=20983"},{"taxonomy":"post_tag","embeddable":true,"href":"https:\/\/nk7-testes.com.br\/agazeta\/wp-json\/wp\/v2\/tags?post=20983"}],"curies":[{"name":"wp","href":"https:\/\/api.w.org\/{rel}","templated":true}]}}