{"id":20979,"date":"2016-02-05T16:27:09","date_gmt":"2016-02-05T16:27:09","guid":{"rendered":"https:\/\/abarevegan.com.br\/index.php\/2016\/02\/05\/catolicos-realizam-rio-de-agua-viva\/"},"modified":"2016-02-05T16:27:09","modified_gmt":"2016-02-05T16:27:09","slug":"catolicos-realizam-rio-de-agua-viva","status":"publish","type":"post","link":"https:\/\/nk7-testes.com.br\/agazeta\/catolicos-realizam-rio-de-agua-viva\/","title":{"rendered":"Cat\u00f3licos realizam Rio de \u00c1gua Viva"},"content":{"rendered":"<p style=\"text-align: justify;\">Fieis se re\u00fanem durante o Carnaval<\/p>\n<p style=\"text-align: justify;\">A Diocese de Rio Branco, atrav\u00e9s da Renova\u00e7\u00e3o Carism\u00e1tica Cat\u00f3lica, realiza a partir do pr\u00f3ximo domingo, 7, no Gin\u00e1sio do Sesi, o Rio de \u00c1gua Viva. O retiro ser\u00e1 realizado at\u00e9 a ter\u00e7a-feira, 9.<\/p>\n<p style=\"text-align: justify;\">Em 2016, o tema do evento ser\u00e1 \u201cV\u00ea a alegria que te vem de Deus\u201d, retirado do livro do profeta Baruc. Como lema ser\u00e1 meditado \u201cSede Misericordiosos como Vosso Pai \u00e9 Misericordioso\u201d, em conson\u00e2ncia com Ano Santo da Miseric\u00f3rdia convocado pelo Papa Francisco, que iniciou em 8 de dezembro de 2015 e terminar\u00e1 no dia 22 de novembro desse ano.<\/p>\n<p style=\"text-align: justify;\">A Miseric\u00f3rdia e a Alegria permear\u00e3o os dias de encontro. Todos s\u00e3o convidados, n\u00e3o importando idade, condi\u00e7\u00e3o social ou mesmo religi\u00e3o. A Miseric\u00f3rdia de Deus, ensina a B\u00edblia, se \u201cestende de gera\u00e7\u00e3o em gera\u00e7\u00e3o\u201d e \u00e9 \u201ceterna\u201d. Todos s\u00e3o acolhidos nos Bra\u00e7os do Pai e, nesse lugar, temos uma alegria sem igual.<\/p>\n<p style=\"text-align: justify;\">S\u00e3o dias de grande festa, momentos de espiritualidade e viv\u00eancia fraterna n\u00e3o somente para os cat\u00f3licos para todos aqueles que desejam experimentar uma alegria aut\u00eantica.<\/p>\n<p style=\"text-align: justify;\">Ao longo dos anos, o Rio de \u00c1gua Viva tem reunido em suas edi\u00e7\u00f5es milhares de pessoas, em espa\u00e7o aberto e gratuito (com espa\u00e7o especial dedicado \u00e0s crian\u00e7as de 04 a 12 anos de idade, chamado Riozinho).<\/p>\n<p style=\"text-align: justify;\">O Rio de \u00c1gua Viva j\u00e1 se tornou importante e tradicional momento do carnaval riobranquense. Participe do Rio de \u00c1gua Viva! Convide seus familiares! Veja a alegria que vem de Deus!<\/p>\n<p style=\"text-align: justify;\"><strong>Sobre o Rio de \u00c1gua Viva<\/strong><\/p>\n<p style=\"text-align: justify;\"><em>Onde e quando acontecer\u00e1?<\/em><\/p>\n<p style=\"text-align: justify;\">No Gin\u00e1sio do SESI, em Rio Branco, nos dias 07 a 09 de fevereiro, das 07:30h as 18:00h.<\/p>\n<p style=\"text-align: justify;\"><em>Tem valor de inscri\u00e7\u00e3o?<\/em><\/p>\n<p style=\"text-align: justify;\">O evento tem entrada gratuita. No espa\u00e7o do Gin\u00e1sio do SESI o participante poder\u00e1 comprar lanches, \u00e1gua e refei\u00e7\u00f5es (caf\u00e9 da manh\u00e3 e almo\u00e7o). Quem quiser levar de casa poder\u00e1 fazer livremente.<\/p>\n<p style=\"text-align: justify;\"><em>Tem espa\u00e7o para crian\u00e7as?<\/em><\/p>\n<p style=\"text-align: justify;\">As crian\u00e7as de 4 a 12 anos poder\u00e3o ser direcionadas para o Riozinho que acontecer\u00e1 nas depend\u00eancias do SESI. Os mais novos permanecer\u00e3o com os pais em um local de apoio dentro do pr\u00f3prio Gin\u00e1sio.<\/p>\n<p style=\"text-align: justify;\"><em>Quem pode ir?<\/em><\/p>\n<p style=\"text-align: justify;\">Todos. O evento \u00e9 organizado pela Igreja Cat\u00f3lica em prol de toda a popula\u00e7\u00e3o de Rio Branco e regi\u00e3o.<\/p>\n<p style=\"text-align: justify;\"><em>O que acontece no Rio de \u00c1gua Viva?<\/em><\/p>\n<p style=\"text-align: justify;\">Momentos de m\u00fasica, anima\u00e7\u00e3o, medita\u00e7\u00e3o da Palavra de Deus, Santa Missa, Adora\u00e7\u00e3o, Confiss\u00e3o e momentos de partilha e conviv\u00eancia.<\/p>\n<p style=\"text-align: justify;\"><em>Onde posso ter mais informa\u00e7\u00f5es?<\/em><\/p>\n<p style=\"text-align: justify;\"><strong>No Facebook:<\/strong> www.facebook.com\/riodeaguavivaac<br \/><strong>No Twitter:<\/strong> www.twitter.com\/riodeaguavivaac<\/p>\n","protected":false},"excerpt":{"rendered":"<p style=\"text-align: justify;\">Fieis se re\u00fanem durante o Carnaval<\/p>\n","protected":false},"author":4,"featured_media":20978,"comment_status":"open","ping_status":"open","sticky":false,"template":"","format":"standard","meta":{"jnews-multi-image_gallery":[],"jnews_single_post":[],"jnews_primary_category":[],"jnews_social_meta":[],"jnews_review":[],"enable_review":"","type":"","name":"","summary":"","brand":"","sku":"","good":[],"bad":[],"score_override":"","override_value":"","rating":[],"price":[],"footnotes":""},"categories":[54],"tags":[],"class_list":["post-20979","post","type-post","status-publish","format-standard","has-post-thumbnail","hentry","category-cotidiano"],"yoast_head":"<!-- This site is optimized with the Yoast SEO plugin v26.5 - https:\/\/yoast.com\/wordpress\/plugins\/seo\/ -->\n<title>Cat\u00f3licos realizam Rio de \u00c1gua Viva - Agazeta.net<\/title>\n<meta name=\"robots\" content=\"index, follow, max-snippet:-1, max-image-preview:large, max-video-preview:-1\" \/>\n<link rel=\"canonical\" href=\"https:\/\/nk7-testes.com.br\/agazeta\/catolicos-realizam-rio-de-agua-viva\/\" \/>\n<meta property=\"og:locale\" content=\"pt_BR\" \/>\n<meta property=\"og:type\" content=\"article\" \/>\n<meta property=\"og:title\" content=\"Cat\u00f3licos realizam Rio de \u00c1gua Viva - Agazeta.net\" \/>\n<meta property=\"og:description\" content=\"Fieis se re\u00fanem durante o Carnaval\" \/>\n<meta property=\"og:url\" content=\"https:\/\/nk7-testes.com.br\/agazeta\/catolicos-realizam-rio-de-agua-viva\/\" \/>\n<meta property=\"og:site_name\" content=\"Agazeta.net\" \/>\n<meta property=\"article:published_time\" content=\"2016-02-05T16:27:09+00:00\" \/>\n<meta property=\"og:image\" content=\"https:\/\/nk7-testes.com.br\/agazeta\/wp-content\/uploads\/2016\/02\/050216-cotidiano-medicamentoarmazenado-tvgazeta3.jpg\" \/>\n\t<meta property=\"og:image:width\" content=\"458\" \/>\n\t<meta property=\"og:image:height\" content=\"340\" \/>\n\t<meta property=\"og:image:type\" content=\"image\/jpeg\" \/>\n<meta name=\"author\" content=\"Agazeta.Net\" \/>\n<meta name=\"twitter:card\" content=\"summary_large_image\" \/>\n<meta name=\"twitter:label1\" content=\"Escrito por\" \/>\n\t<meta name=\"twitter:data1\" content=\"Agazeta.Net\" \/>\n\t<meta name=\"twitter:label2\" content=\"Est. tempo de leitura\" \/>\n\t<meta name=\"twitter:data2\" content=\"2 minutos\" \/>\n<script type=\"application\/ld+json\" class=\"yoast-schema-graph\">{\"@context\":\"https:\/\/schema.org\",\"@graph\":[{\"@type\":\"WebPage\",\"@id\":\"https:\/\/nk7-testes.com.br\/agazeta\/catolicos-realizam-rio-de-agua-viva\/\",\"url\":\"https:\/\/nk7-testes.com.br\/agazeta\/catolicos-realizam-rio-de-agua-viva\/\",\"name\":\"Cat\u00f3licos realizam Rio de \u00c1gua Viva - Agazeta.net\",\"isPartOf\":{\"@id\":\"https:\/\/nk7-testes.com.br\/agazeta\/#website\"},\"primaryImageOfPage\":{\"@id\":\"https:\/\/nk7-testes.com.br\/agazeta\/catolicos-realizam-rio-de-agua-viva\/#primaryimage\"},\"image\":{\"@id\":\"https:\/\/nk7-testes.com.br\/agazeta\/catolicos-realizam-rio-de-agua-viva\/#primaryimage\"},\"thumbnailUrl\":\"https:\/\/nk7-testes.com.br\/agazeta\/wp-content\/uploads\/2016\/02\/050216-cotidiano-medicamentoarmazenado-tvgazeta3.jpg\",\"datePublished\":\"2016-02-05T16:27:09+00:00\",\"author\":{\"@id\":\"https:\/\/nk7-testes.com.br\/agazeta\/#\/schema\/person\/6d6e25cb0435eb4a02fd44d30b4e3020\"},\"breadcrumb\":{\"@id\":\"https:\/\/nk7-testes.com.br\/agazeta\/catolicos-realizam-rio-de-agua-viva\/#breadcrumb\"},\"inLanguage\":\"pt-BR\",\"potentialAction\":[{\"@type\":\"ReadAction\",\"target\":[\"https:\/\/nk7-testes.com.br\/agazeta\/catolicos-realizam-rio-de-agua-viva\/\"]}]},{\"@type\":\"ImageObject\",\"inLanguage\":\"pt-BR\",\"@id\":\"https:\/\/nk7-testes.com.br\/agazeta\/catolicos-realizam-rio-de-agua-viva\/#primaryimage\",\"url\":\"https:\/\/nk7-testes.com.br\/agazeta\/wp-content\/uploads\/2016\/02\/050216-cotidiano-medicamentoarmazenado-tvgazeta3.jpg\",\"contentUrl\":\"https:\/\/nk7-testes.com.br\/agazeta\/wp-content\/uploads\/2016\/02\/050216-cotidiano-medicamentoarmazenado-tvgazeta3.jpg\",\"width\":458,\"height\":340,\"caption\":\"050216-cotidiano-medicamentoarmazenado-tvgazeta3\"},{\"@type\":\"BreadcrumbList\",\"@id\":\"https:\/\/nk7-testes.com.br\/agazeta\/catolicos-realizam-rio-de-agua-viva\/#breadcrumb\",\"itemListElement\":[{\"@type\":\"ListItem\",\"position\":1,\"name\":\"In\u00edcio\",\"item\":\"https:\/\/nk7-testes.com.br\/agazeta\/\"},{\"@type\":\"ListItem\",\"position\":2,\"name\":\"Cat\u00f3licos realizam Rio de \u00c1gua Viva\"}]},{\"@type\":\"WebSite\",\"@id\":\"https:\/\/nk7-testes.com.br\/agazeta\/#website\",\"url\":\"https:\/\/nk7-testes.com.br\/agazeta\/\",\"name\":\"Agazeta.net\",\"description\":\"Agazeta.net - Not\u00edcias de Rio Branco\/AC\",\"potentialAction\":[{\"@type\":\"SearchAction\",\"target\":{\"@type\":\"EntryPoint\",\"urlTemplate\":\"https:\/\/nk7-testes.com.br\/agazeta\/?s={search_term_string}\"},\"query-input\":{\"@type\":\"PropertyValueSpecification\",\"valueRequired\":true,\"valueName\":\"search_term_string\"}}],\"inLanguage\":\"pt-BR\"},{\"@type\":\"Person\",\"@id\":\"https:\/\/nk7-testes.com.br\/agazeta\/#\/schema\/person\/6d6e25cb0435eb4a02fd44d30b4e3020\",\"name\":\"Agazeta.Net\",\"url\":\"https:\/\/nk7-testes.com.br\/agazeta\/author\/agazeta\/\"}]}<\/script>\n<!-- \/ Yoast SEO plugin. -->","yoast_head_json":{"title":"Cat\u00f3licos realizam Rio de \u00c1gua Viva - Agazeta.net","robots":{"index":"index","follow":"follow","max-snippet":"max-snippet:-1","max-image-preview":"max-image-preview:large","max-video-preview":"max-video-preview:-1"},"canonical":"https:\/\/nk7-testes.com.br\/agazeta\/catolicos-realizam-rio-de-agua-viva\/","og_locale":"pt_BR","og_type":"article","og_title":"Cat\u00f3licos realizam Rio de \u00c1gua Viva - Agazeta.net","og_description":"Fieis se re\u00fanem durante o Carnaval","og_url":"https:\/\/nk7-testes.com.br\/agazeta\/catolicos-realizam-rio-de-agua-viva\/","og_site_name":"Agazeta.net","article_published_time":"2016-02-05T16:27:09+00:00","og_image":[{"width":458,"height":340,"url":"https:\/\/nk7-testes.com.br\/agazeta\/wp-content\/uploads\/2016\/02\/050216-cotidiano-medicamentoarmazenado-tvgazeta3.jpg","type":"image\/jpeg"}],"author":"Agazeta.Net","twitter_card":"summary_large_image","twitter_misc":{"Escrito por":"Agazeta.Net","Est. tempo de leitura":"2 minutos"},"schema":{"@context":"https:\/\/schema.org","@graph":[{"@type":"WebPage","@id":"https:\/\/nk7-testes.com.br\/agazeta\/catolicos-realizam-rio-de-agua-viva\/","url":"https:\/\/nk7-testes.com.br\/agazeta\/catolicos-realizam-rio-de-agua-viva\/","name":"Cat\u00f3licos realizam Rio de \u00c1gua Viva - Agazeta.net","isPartOf":{"@id":"https:\/\/nk7-testes.com.br\/agazeta\/#website"},"primaryImageOfPage":{"@id":"https:\/\/nk7-testes.com.br\/agazeta\/catolicos-realizam-rio-de-agua-viva\/#primaryimage"},"image":{"@id":"https:\/\/nk7-testes.com.br\/agazeta\/catolicos-realizam-rio-de-agua-viva\/#primaryimage"},"thumbnailUrl":"https:\/\/nk7-testes.com.br\/agazeta\/wp-content\/uploads\/2016\/02\/050216-cotidiano-medicamentoarmazenado-tvgazeta3.jpg","datePublished":"2016-02-05T16:27:09+00:00","author":{"@id":"https:\/\/nk7-testes.com.br\/agazeta\/#\/schema\/person\/6d6e25cb0435eb4a02fd44d30b4e3020"},"breadcrumb":{"@id":"https:\/\/nk7-testes.com.br\/agazeta\/catolicos-realizam-rio-de-agua-viva\/#breadcrumb"},"inLanguage":"pt-BR","potentialAction":[{"@type":"ReadAction","target":["https:\/\/nk7-testes.com.br\/agazeta\/catolicos-realizam-rio-de-agua-viva\/"]}]},{"@type":"ImageObject","inLanguage":"pt-BR","@id":"https:\/\/nk7-testes.com.br\/agazeta\/catolicos-realizam-rio-de-agua-viva\/#primaryimage","url":"https:\/\/nk7-testes.com.br\/agazeta\/wp-content\/uploads\/2016\/02\/050216-cotidiano-medicamentoarmazenado-tvgazeta3.jpg","contentUrl":"https:\/\/nk7-testes.com.br\/agazeta\/wp-content\/uploads\/2016\/02\/050216-cotidiano-medicamentoarmazenado-tvgazeta3.jpg","width":458,"height":340,"caption":"050216-cotidiano-medicamentoarmazenado-tvgazeta3"},{"@type":"BreadcrumbList","@id":"https:\/\/nk7-testes.com.br\/agazeta\/catolicos-realizam-rio-de-agua-viva\/#breadcrumb","itemListElement":[{"@type":"ListItem","position":1,"name":"In\u00edcio","item":"https:\/\/nk7-testes.com.br\/agazeta\/"},{"@type":"ListItem","position":2,"name":"Cat\u00f3licos realizam Rio de \u00c1gua Viva"}]},{"@type":"WebSite","@id":"https:\/\/nk7-testes.com.br\/agazeta\/#website","url":"https:\/\/nk7-testes.com.br\/agazeta\/","name":"Agazeta.net","description":"Agazeta.net - Not\u00edcias de Rio Branco\/AC","potentialAction":[{"@type":"SearchAction","target":{"@type":"EntryPoint","urlTemplate":"https:\/\/nk7-testes.com.br\/agazeta\/?s={search_term_string}"},"query-input":{"@type":"PropertyValueSpecification","valueRequired":true,"valueName":"search_term_string"}}],"inLanguage":"pt-BR"},{"@type":"Person","@id":"https:\/\/nk7-testes.com.br\/agazeta\/#\/schema\/person\/6d6e25cb0435eb4a02fd44d30b4e3020","name":"Agazeta.Net","url":"https:\/\/nk7-testes.com.br\/agazeta\/author\/agazeta\/"}]}},"_links":{"self":[{"href":"https:\/\/nk7-testes.com.br\/agazeta\/wp-json\/wp\/v2\/posts\/20979","targetHints":{"allow":["GET"]}}],"collection":[{"href":"https:\/\/nk7-testes.com.br\/agazeta\/wp-json\/wp\/v2\/posts"}],"about":[{"href":"https:\/\/nk7-testes.com.br\/agazeta\/wp-json\/wp\/v2\/types\/post"}],"author":[{"embeddable":true,"href":"https:\/\/nk7-testes.com.br\/agazeta\/wp-json\/wp\/v2\/users\/4"}],"replies":[{"embeddable":true,"href":"https:\/\/nk7-testes.com.br\/agazeta\/wp-json\/wp\/v2\/comments?post=20979"}],"version-history":[{"count":0,"href":"https:\/\/nk7-testes.com.br\/agazeta\/wp-json\/wp\/v2\/posts\/20979\/revisions"}],"wp:featuredmedia":[{"embeddable":true,"href":"https:\/\/nk7-testes.com.br\/agazeta\/wp-json\/wp\/v2\/media\/20978"}],"wp:attachment":[{"href":"https:\/\/nk7-testes.com.br\/agazeta\/wp-json\/wp\/v2\/media?parent=20979"}],"wp:term":[{"taxonomy":"category","embeddable":true,"href":"https:\/\/nk7-testes.com.br\/agazeta\/wp-json\/wp\/v2\/categories?post=20979"},{"taxonomy":"post_tag","embeddable":true,"href":"https:\/\/nk7-testes.com.br\/agazeta\/wp-json\/wp\/v2\/tags?post=20979"}],"curies":[{"name":"wp","href":"https:\/\/api.w.org\/{rel}","templated":true}]}}