{"id":20974,"date":"2016-02-05T14:29:04","date_gmt":"2016-02-05T14:29:04","guid":{"rendered":"https:\/\/abarevegan.com.br\/index.php\/2016\/02\/05\/caminhonete-quebra-barra-de-direcao-e-capota\/"},"modified":"2016-02-05T14:29:04","modified_gmt":"2016-02-05T14:29:04","slug":"caminhonete-quebra-barra-de-direcao-e-capota","status":"publish","type":"post","link":"https:\/\/nk7-testes.com.br\/agazeta\/caminhonete-quebra-barra-de-direcao-e-capota\/","title":{"rendered":"Caminhonete quebra barra de dire\u00e7\u00e3o e capota"},"content":{"rendered":"<p style=\"text-align: justify;\">Uma pessoa se feriu no acidente na BR-317<\/p>\n<p style=\"text-align: justify;\">No fim da tarde de quinta-feira (4), a Toyota\/Bandeirantes, placas NBJ 0830, retornava do ramal localizado no Km 84 da BR-317 (Estrada do Pac\u00edfico) quebrou a barra de dire\u00e7\u00e3o a capotou. A Toyota estava carregada com castanha e algumas galinhas.<\/p>\n<p style=\"text-align: justify;\">O motorista Francisco de Moura, 50, estava no Km 23. O local \u00e9 uma reta. Mas, como a barra de dire\u00e7\u00e3o quebrou, o acidente foi inevit\u00e1vel: o ve\u00edculo atravessou a pista indo em dire\u00e7\u00e3o ao barranco e tombou na sequ\u00eancia.<\/p>\n<p style=\"text-align: justify;\">Al\u00e9m do motorista, havia Antonio Lopes Lira, 55, e uma senhora por nome de \u201cMaria\u201d. Ele n\u00e3o se machucou. Iria para a cidade para receber uma pens\u00e3o e vender as galinhas que estavam sendo transportadas. \u201cMaria\u201d quebrou o bra\u00e7o esquerdo e foi transferida para a Capital.<\/p>\n","protected":false},"excerpt":{"rendered":"<p style=\"text-align: justify;\">Uma pessoa se feriu no acidente na BR-317<\/p>\n","protected":false},"author":4,"featured_media":20973,"comment_status":"open","ping_status":"open","sticky":false,"template":"","format":"standard","meta":{"jnews-multi-image_gallery":[],"jnews_single_post":[],"jnews_primary_category":[],"jnews_social_meta":[],"jnews_review":[],"enable_review":"","type":"","name":"","summary":"","brand":"","sku":"","good":[],"bad":[],"score_override":"","override_value":"","rating":[],"price":[],"footnotes":""},"categories":[44],"tags":[],"class_list":["post-20974","post","type-post","status-publish","format-standard","has-post-thumbnail","hentry","category-policia"],"yoast_head":"<!-- This site is optimized with the Yoast SEO plugin v26.5 - https:\/\/yoast.com\/wordpress\/plugins\/seo\/ -->\n<title>Caminhonete quebra barra de dire\u00e7\u00e3o e capota - Agazeta.net<\/title>\n<meta name=\"robots\" content=\"index, follow, max-snippet:-1, max-image-preview:large, max-video-preview:-1\" \/>\n<link rel=\"canonical\" href=\"https:\/\/nk7-testes.com.br\/agazeta\/caminhonete-quebra-barra-de-direcao-e-capota\/\" \/>\n<meta property=\"og:locale\" content=\"pt_BR\" \/>\n<meta property=\"og:type\" content=\"article\" \/>\n<meta property=\"og:title\" content=\"Caminhonete quebra barra de dire\u00e7\u00e3o e capota - Agazeta.net\" \/>\n<meta property=\"og:description\" content=\"Uma pessoa se feriu no acidente na BR-317\" \/>\n<meta property=\"og:url\" content=\"https:\/\/nk7-testes.com.br\/agazeta\/caminhonete-quebra-barra-de-direcao-e-capota\/\" \/>\n<meta property=\"og:site_name\" content=\"Agazeta.net\" \/>\n<meta property=\"article:published_time\" content=\"2016-02-05T14:29:04+00:00\" \/>\n<meta property=\"og:image\" content=\"https:\/\/nk7-testes.com.br\/agazeta\/wp-content\/uploads\/2016\/02\/050216-policia-acidentebr317-alexandrelima.jpg\" \/>\n\t<meta property=\"og:image:width\" content=\"458\" \/>\n\t<meta property=\"og:image:height\" content=\"340\" \/>\n\t<meta property=\"og:image:type\" content=\"image\/jpeg\" \/>\n<meta name=\"author\" content=\"Agazeta.Net\" \/>\n<meta name=\"twitter:card\" content=\"summary_large_image\" \/>\n<meta name=\"twitter:label1\" content=\"Escrito por\" \/>\n\t<meta name=\"twitter:data1\" content=\"Agazeta.Net\" \/>\n\t<meta name=\"twitter:label2\" content=\"Est. tempo de leitura\" \/>\n\t<meta name=\"twitter:data2\" content=\"1 minuto\" \/>\n<script type=\"application\/ld+json\" class=\"yoast-schema-graph\">{\"@context\":\"https:\/\/schema.org\",\"@graph\":[{\"@type\":\"WebPage\",\"@id\":\"https:\/\/nk7-testes.com.br\/agazeta\/caminhonete-quebra-barra-de-direcao-e-capota\/\",\"url\":\"https:\/\/nk7-testes.com.br\/agazeta\/caminhonete-quebra-barra-de-direcao-e-capota\/\",\"name\":\"Caminhonete quebra barra de dire\u00e7\u00e3o e capota - Agazeta.net\",\"isPartOf\":{\"@id\":\"https:\/\/nk7-testes.com.br\/agazeta\/#website\"},\"primaryImageOfPage\":{\"@id\":\"https:\/\/nk7-testes.com.br\/agazeta\/caminhonete-quebra-barra-de-direcao-e-capota\/#primaryimage\"},\"image\":{\"@id\":\"https:\/\/nk7-testes.com.br\/agazeta\/caminhonete-quebra-barra-de-direcao-e-capota\/#primaryimage\"},\"thumbnailUrl\":\"https:\/\/nk7-testes.com.br\/agazeta\/wp-content\/uploads\/2016\/02\/050216-policia-acidentebr317-alexandrelima.jpg\",\"datePublished\":\"2016-02-05T14:29:04+00:00\",\"author\":{\"@id\":\"https:\/\/nk7-testes.com.br\/agazeta\/#\/schema\/person\/6d6e25cb0435eb4a02fd44d30b4e3020\"},\"breadcrumb\":{\"@id\":\"https:\/\/nk7-testes.com.br\/agazeta\/caminhonete-quebra-barra-de-direcao-e-capota\/#breadcrumb\"},\"inLanguage\":\"pt-BR\",\"potentialAction\":[{\"@type\":\"ReadAction\",\"target\":[\"https:\/\/nk7-testes.com.br\/agazeta\/caminhonete-quebra-barra-de-direcao-e-capota\/\"]}]},{\"@type\":\"ImageObject\",\"inLanguage\":\"pt-BR\",\"@id\":\"https:\/\/nk7-testes.com.br\/agazeta\/caminhonete-quebra-barra-de-direcao-e-capota\/#primaryimage\",\"url\":\"https:\/\/nk7-testes.com.br\/agazeta\/wp-content\/uploads\/2016\/02\/050216-policia-acidentebr317-alexandrelima.jpg\",\"contentUrl\":\"https:\/\/nk7-testes.com.br\/agazeta\/wp-content\/uploads\/2016\/02\/050216-policia-acidentebr317-alexandrelima.jpg\",\"width\":458,\"height\":340,\"caption\":\"050216-policia-acidentebr317-alexandrelima\"},{\"@type\":\"BreadcrumbList\",\"@id\":\"https:\/\/nk7-testes.com.br\/agazeta\/caminhonete-quebra-barra-de-direcao-e-capota\/#breadcrumb\",\"itemListElement\":[{\"@type\":\"ListItem\",\"position\":1,\"name\":\"In\u00edcio\",\"item\":\"https:\/\/nk7-testes.com.br\/agazeta\/\"},{\"@type\":\"ListItem\",\"position\":2,\"name\":\"Caminhonete quebra barra de dire\u00e7\u00e3o e capota\"}]},{\"@type\":\"WebSite\",\"@id\":\"https:\/\/nk7-testes.com.br\/agazeta\/#website\",\"url\":\"https:\/\/nk7-testes.com.br\/agazeta\/\",\"name\":\"Agazeta.net\",\"description\":\"Agazeta.net - Not\u00edcias de Rio Branco\/AC\",\"potentialAction\":[{\"@type\":\"SearchAction\",\"target\":{\"@type\":\"EntryPoint\",\"urlTemplate\":\"https:\/\/nk7-testes.com.br\/agazeta\/?s={search_term_string}\"},\"query-input\":{\"@type\":\"PropertyValueSpecification\",\"valueRequired\":true,\"valueName\":\"search_term_string\"}}],\"inLanguage\":\"pt-BR\"},{\"@type\":\"Person\",\"@id\":\"https:\/\/nk7-testes.com.br\/agazeta\/#\/schema\/person\/6d6e25cb0435eb4a02fd44d30b4e3020\",\"name\":\"Agazeta.Net\",\"url\":\"https:\/\/nk7-testes.com.br\/agazeta\/author\/agazeta\/\"}]}<\/script>\n<!-- \/ Yoast SEO plugin. -->","yoast_head_json":{"title":"Caminhonete quebra barra de dire\u00e7\u00e3o e capota - Agazeta.net","robots":{"index":"index","follow":"follow","max-snippet":"max-snippet:-1","max-image-preview":"max-image-preview:large","max-video-preview":"max-video-preview:-1"},"canonical":"https:\/\/nk7-testes.com.br\/agazeta\/caminhonete-quebra-barra-de-direcao-e-capota\/","og_locale":"pt_BR","og_type":"article","og_title":"Caminhonete quebra barra de dire\u00e7\u00e3o e capota - Agazeta.net","og_description":"Uma pessoa se feriu no acidente na BR-317","og_url":"https:\/\/nk7-testes.com.br\/agazeta\/caminhonete-quebra-barra-de-direcao-e-capota\/","og_site_name":"Agazeta.net","article_published_time":"2016-02-05T14:29:04+00:00","og_image":[{"width":458,"height":340,"url":"https:\/\/nk7-testes.com.br\/agazeta\/wp-content\/uploads\/2016\/02\/050216-policia-acidentebr317-alexandrelima.jpg","type":"image\/jpeg"}],"author":"Agazeta.Net","twitter_card":"summary_large_image","twitter_misc":{"Escrito por":"Agazeta.Net","Est. tempo de leitura":"1 minuto"},"schema":{"@context":"https:\/\/schema.org","@graph":[{"@type":"WebPage","@id":"https:\/\/nk7-testes.com.br\/agazeta\/caminhonete-quebra-barra-de-direcao-e-capota\/","url":"https:\/\/nk7-testes.com.br\/agazeta\/caminhonete-quebra-barra-de-direcao-e-capota\/","name":"Caminhonete quebra barra de dire\u00e7\u00e3o e capota - Agazeta.net","isPartOf":{"@id":"https:\/\/nk7-testes.com.br\/agazeta\/#website"},"primaryImageOfPage":{"@id":"https:\/\/nk7-testes.com.br\/agazeta\/caminhonete-quebra-barra-de-direcao-e-capota\/#primaryimage"},"image":{"@id":"https:\/\/nk7-testes.com.br\/agazeta\/caminhonete-quebra-barra-de-direcao-e-capota\/#primaryimage"},"thumbnailUrl":"https:\/\/nk7-testes.com.br\/agazeta\/wp-content\/uploads\/2016\/02\/050216-policia-acidentebr317-alexandrelima.jpg","datePublished":"2016-02-05T14:29:04+00:00","author":{"@id":"https:\/\/nk7-testes.com.br\/agazeta\/#\/schema\/person\/6d6e25cb0435eb4a02fd44d30b4e3020"},"breadcrumb":{"@id":"https:\/\/nk7-testes.com.br\/agazeta\/caminhonete-quebra-barra-de-direcao-e-capota\/#breadcrumb"},"inLanguage":"pt-BR","potentialAction":[{"@type":"ReadAction","target":["https:\/\/nk7-testes.com.br\/agazeta\/caminhonete-quebra-barra-de-direcao-e-capota\/"]}]},{"@type":"ImageObject","inLanguage":"pt-BR","@id":"https:\/\/nk7-testes.com.br\/agazeta\/caminhonete-quebra-barra-de-direcao-e-capota\/#primaryimage","url":"https:\/\/nk7-testes.com.br\/agazeta\/wp-content\/uploads\/2016\/02\/050216-policia-acidentebr317-alexandrelima.jpg","contentUrl":"https:\/\/nk7-testes.com.br\/agazeta\/wp-content\/uploads\/2016\/02\/050216-policia-acidentebr317-alexandrelima.jpg","width":458,"height":340,"caption":"050216-policia-acidentebr317-alexandrelima"},{"@type":"BreadcrumbList","@id":"https:\/\/nk7-testes.com.br\/agazeta\/caminhonete-quebra-barra-de-direcao-e-capota\/#breadcrumb","itemListElement":[{"@type":"ListItem","position":1,"name":"In\u00edcio","item":"https:\/\/nk7-testes.com.br\/agazeta\/"},{"@type":"ListItem","position":2,"name":"Caminhonete quebra barra de dire\u00e7\u00e3o e capota"}]},{"@type":"WebSite","@id":"https:\/\/nk7-testes.com.br\/agazeta\/#website","url":"https:\/\/nk7-testes.com.br\/agazeta\/","name":"Agazeta.net","description":"Agazeta.net - Not\u00edcias de Rio Branco\/AC","potentialAction":[{"@type":"SearchAction","target":{"@type":"EntryPoint","urlTemplate":"https:\/\/nk7-testes.com.br\/agazeta\/?s={search_term_string}"},"query-input":{"@type":"PropertyValueSpecification","valueRequired":true,"valueName":"search_term_string"}}],"inLanguage":"pt-BR"},{"@type":"Person","@id":"https:\/\/nk7-testes.com.br\/agazeta\/#\/schema\/person\/6d6e25cb0435eb4a02fd44d30b4e3020","name":"Agazeta.Net","url":"https:\/\/nk7-testes.com.br\/agazeta\/author\/agazeta\/"}]}},"_links":{"self":[{"href":"https:\/\/nk7-testes.com.br\/agazeta\/wp-json\/wp\/v2\/posts\/20974","targetHints":{"allow":["GET"]}}],"collection":[{"href":"https:\/\/nk7-testes.com.br\/agazeta\/wp-json\/wp\/v2\/posts"}],"about":[{"href":"https:\/\/nk7-testes.com.br\/agazeta\/wp-json\/wp\/v2\/types\/post"}],"author":[{"embeddable":true,"href":"https:\/\/nk7-testes.com.br\/agazeta\/wp-json\/wp\/v2\/users\/4"}],"replies":[{"embeddable":true,"href":"https:\/\/nk7-testes.com.br\/agazeta\/wp-json\/wp\/v2\/comments?post=20974"}],"version-history":[{"count":0,"href":"https:\/\/nk7-testes.com.br\/agazeta\/wp-json\/wp\/v2\/posts\/20974\/revisions"}],"wp:featuredmedia":[{"embeddable":true,"href":"https:\/\/nk7-testes.com.br\/agazeta\/wp-json\/wp\/v2\/media\/20973"}],"wp:attachment":[{"href":"https:\/\/nk7-testes.com.br\/agazeta\/wp-json\/wp\/v2\/media?parent=20974"}],"wp:term":[{"taxonomy":"category","embeddable":true,"href":"https:\/\/nk7-testes.com.br\/agazeta\/wp-json\/wp\/v2\/categories?post=20974"},{"taxonomy":"post_tag","embeddable":true,"href":"https:\/\/nk7-testes.com.br\/agazeta\/wp-json\/wp\/v2\/tags?post=20974"}],"curies":[{"name":"wp","href":"https:\/\/api.w.org\/{rel}","templated":true}]}}