{"id":20964,"date":"2016-02-04T20:37:48","date_gmt":"2016-02-04T20:37:48","guid":{"rendered":"https:\/\/abarevegan.com.br\/index.php\/2016\/02\/04\/idoso-e-vitima-de-disparo-acidental-no-belo-jardim\/"},"modified":"2016-02-04T20:37:48","modified_gmt":"2016-02-04T20:37:48","slug":"idoso-e-vitima-de-disparo-acidental-no-belo-jardim","status":"publish","type":"post","link":"https:\/\/nk7-testes.com.br\/agazeta\/idoso-e-vitima-de-disparo-acidental-no-belo-jardim\/","title":{"rendered":"Idoso \u00e9 v\u00edtima de disparo acidental no Belo Jardim"},"content":{"rendered":"<p>Ele queria fazer armadilha para ca\u00e7ar capivara<\/p>\n<p>Jo\u00e3o Anselmo da Silva, 62, foi v\u00edtima de tiro acidental, na manh\u00e3 desta quinta-feira (4), no Ramal do Macarr\u00e3o, bairro Belo Jardim.<\/p>\n<p>De acordo com a fam\u00edlia, Jo\u00e3o trabalha em uma col\u00f4nia e veio para Rio Branco passar uns dias na casa do filho, e por l\u00e1, ele teria visto umas capivaras. Foi fazer uma armadilha com uma arma de fogo na inten\u00e7\u00e3o de pegar um dos animais.<\/p>\n<p>O filho da v\u00edtima contou ainda que, apesar de ter pedido para o pai n\u00e3o ir, ele foi. Minutos depois, ouviu o disparo. Segundo os familiares, a v\u00edtima chegou a relatar que trope\u00e7ou e caiu por cima da arma, que disparou atingindo Jo\u00e3o no abdome.<\/p>\n<p>Ele foi socorrido por uma equipe do Samu e levado ao pronto-socorro da capital em estado grave.<\/p>\n","protected":false},"excerpt":{"rendered":"<p>Ele queria fazer armadilha para ca\u00e7ar capivara<\/p>\n","protected":false},"author":4,"featured_media":20963,"comment_status":"open","ping_status":"open","sticky":false,"template":"","format":"standard","meta":{"jnews-multi-image_gallery":[],"jnews_single_post":[],"jnews_primary_category":[],"jnews_social_meta":[],"jnews_review":[],"enable_review":"","type":"","name":"","summary":"","brand":"","sku":"","good":[],"bad":[],"score_override":"","override_value":"","rating":[],"price":[],"footnotes":""},"categories":[44],"tags":[],"class_list":["post-20964","post","type-post","status-publish","format-standard","has-post-thumbnail","hentry","category-policia"],"yoast_head":"<!-- This site is optimized with the Yoast SEO plugin v26.5 - https:\/\/yoast.com\/wordpress\/plugins\/seo\/ -->\n<title>Idoso \u00e9 v\u00edtima de disparo acidental no Belo Jardim - Agazeta.net<\/title>\n<meta name=\"robots\" content=\"index, follow, max-snippet:-1, max-image-preview:large, max-video-preview:-1\" \/>\n<link rel=\"canonical\" href=\"https:\/\/nk7-testes.com.br\/agazeta\/idoso-e-vitima-de-disparo-acidental-no-belo-jardim\/\" \/>\n<meta property=\"og:locale\" content=\"pt_BR\" \/>\n<meta property=\"og:type\" content=\"article\" \/>\n<meta property=\"og:title\" content=\"Idoso \u00e9 v\u00edtima de disparo acidental no Belo Jardim - Agazeta.net\" \/>\n<meta property=\"og:description\" content=\"Ele queria fazer armadilha para ca\u00e7ar capivara\" \/>\n<meta property=\"og:url\" content=\"https:\/\/nk7-testes.com.br\/agazeta\/idoso-e-vitima-de-disparo-acidental-no-belo-jardim\/\" \/>\n<meta property=\"og:site_name\" content=\"Agazeta.net\" \/>\n<meta property=\"article:published_time\" content=\"2016-02-04T20:37:48+00:00\" \/>\n<meta property=\"og:image\" content=\"https:\/\/nk7-testes.com.br\/agazeta\/wp-content\/uploads\/2016\/02\/040216-policia-tiroacidental-cleriston.jpg\" \/>\n\t<meta property=\"og:image:width\" content=\"458\" \/>\n\t<meta property=\"og:image:height\" content=\"340\" \/>\n\t<meta property=\"og:image:type\" content=\"image\/jpeg\" \/>\n<meta name=\"author\" content=\"Agazeta.Net\" \/>\n<meta name=\"twitter:card\" content=\"summary_large_image\" \/>\n<meta name=\"twitter:label1\" content=\"Escrito por\" \/>\n\t<meta name=\"twitter:data1\" content=\"Agazeta.Net\" \/>\n\t<meta name=\"twitter:label2\" content=\"Est. tempo de leitura\" \/>\n\t<meta name=\"twitter:data2\" content=\"1 minuto\" \/>\n<script type=\"application\/ld+json\" class=\"yoast-schema-graph\">{\"@context\":\"https:\/\/schema.org\",\"@graph\":[{\"@type\":\"WebPage\",\"@id\":\"https:\/\/nk7-testes.com.br\/agazeta\/idoso-e-vitima-de-disparo-acidental-no-belo-jardim\/\",\"url\":\"https:\/\/nk7-testes.com.br\/agazeta\/idoso-e-vitima-de-disparo-acidental-no-belo-jardim\/\",\"name\":\"Idoso \u00e9 v\u00edtima de disparo acidental no Belo Jardim - Agazeta.net\",\"isPartOf\":{\"@id\":\"https:\/\/nk7-testes.com.br\/agazeta\/#website\"},\"primaryImageOfPage\":{\"@id\":\"https:\/\/nk7-testes.com.br\/agazeta\/idoso-e-vitima-de-disparo-acidental-no-belo-jardim\/#primaryimage\"},\"image\":{\"@id\":\"https:\/\/nk7-testes.com.br\/agazeta\/idoso-e-vitima-de-disparo-acidental-no-belo-jardim\/#primaryimage\"},\"thumbnailUrl\":\"https:\/\/nk7-testes.com.br\/agazeta\/wp-content\/uploads\/2016\/02\/040216-policia-tiroacidental-cleriston.jpg\",\"datePublished\":\"2016-02-04T20:37:48+00:00\",\"author\":{\"@id\":\"https:\/\/nk7-testes.com.br\/agazeta\/#\/schema\/person\/6d6e25cb0435eb4a02fd44d30b4e3020\"},\"breadcrumb\":{\"@id\":\"https:\/\/nk7-testes.com.br\/agazeta\/idoso-e-vitima-de-disparo-acidental-no-belo-jardim\/#breadcrumb\"},\"inLanguage\":\"pt-BR\",\"potentialAction\":[{\"@type\":\"ReadAction\",\"target\":[\"https:\/\/nk7-testes.com.br\/agazeta\/idoso-e-vitima-de-disparo-acidental-no-belo-jardim\/\"]}]},{\"@type\":\"ImageObject\",\"inLanguage\":\"pt-BR\",\"@id\":\"https:\/\/nk7-testes.com.br\/agazeta\/idoso-e-vitima-de-disparo-acidental-no-belo-jardim\/#primaryimage\",\"url\":\"https:\/\/nk7-testes.com.br\/agazeta\/wp-content\/uploads\/2016\/02\/040216-policia-tiroacidental-cleriston.jpg\",\"contentUrl\":\"https:\/\/nk7-testes.com.br\/agazeta\/wp-content\/uploads\/2016\/02\/040216-policia-tiroacidental-cleriston.jpg\",\"width\":458,\"height\":340,\"caption\":\"040216-policia-tiroacidental-cleriston\"},{\"@type\":\"BreadcrumbList\",\"@id\":\"https:\/\/nk7-testes.com.br\/agazeta\/idoso-e-vitima-de-disparo-acidental-no-belo-jardim\/#breadcrumb\",\"itemListElement\":[{\"@type\":\"ListItem\",\"position\":1,\"name\":\"In\u00edcio\",\"item\":\"https:\/\/nk7-testes.com.br\/agazeta\/\"},{\"@type\":\"ListItem\",\"position\":2,\"name\":\"Idoso \u00e9 v\u00edtima de disparo acidental no Belo Jardim\"}]},{\"@type\":\"WebSite\",\"@id\":\"https:\/\/nk7-testes.com.br\/agazeta\/#website\",\"url\":\"https:\/\/nk7-testes.com.br\/agazeta\/\",\"name\":\"Agazeta.net\",\"description\":\"Agazeta.net - Not\u00edcias de Rio Branco\/AC\",\"potentialAction\":[{\"@type\":\"SearchAction\",\"target\":{\"@type\":\"EntryPoint\",\"urlTemplate\":\"https:\/\/nk7-testes.com.br\/agazeta\/?s={search_term_string}\"},\"query-input\":{\"@type\":\"PropertyValueSpecification\",\"valueRequired\":true,\"valueName\":\"search_term_string\"}}],\"inLanguage\":\"pt-BR\"},{\"@type\":\"Person\",\"@id\":\"https:\/\/nk7-testes.com.br\/agazeta\/#\/schema\/person\/6d6e25cb0435eb4a02fd44d30b4e3020\",\"name\":\"Agazeta.Net\",\"url\":\"https:\/\/nk7-testes.com.br\/agazeta\/author\/agazeta\/\"}]}<\/script>\n<!-- \/ Yoast SEO plugin. -->","yoast_head_json":{"title":"Idoso \u00e9 v\u00edtima de disparo acidental no Belo Jardim - Agazeta.net","robots":{"index":"index","follow":"follow","max-snippet":"max-snippet:-1","max-image-preview":"max-image-preview:large","max-video-preview":"max-video-preview:-1"},"canonical":"https:\/\/nk7-testes.com.br\/agazeta\/idoso-e-vitima-de-disparo-acidental-no-belo-jardim\/","og_locale":"pt_BR","og_type":"article","og_title":"Idoso \u00e9 v\u00edtima de disparo acidental no Belo Jardim - Agazeta.net","og_description":"Ele queria fazer armadilha para ca\u00e7ar capivara","og_url":"https:\/\/nk7-testes.com.br\/agazeta\/idoso-e-vitima-de-disparo-acidental-no-belo-jardim\/","og_site_name":"Agazeta.net","article_published_time":"2016-02-04T20:37:48+00:00","og_image":[{"width":458,"height":340,"url":"https:\/\/nk7-testes.com.br\/agazeta\/wp-content\/uploads\/2016\/02\/040216-policia-tiroacidental-cleriston.jpg","type":"image\/jpeg"}],"author":"Agazeta.Net","twitter_card":"summary_large_image","twitter_misc":{"Escrito por":"Agazeta.Net","Est. tempo de leitura":"1 minuto"},"schema":{"@context":"https:\/\/schema.org","@graph":[{"@type":"WebPage","@id":"https:\/\/nk7-testes.com.br\/agazeta\/idoso-e-vitima-de-disparo-acidental-no-belo-jardim\/","url":"https:\/\/nk7-testes.com.br\/agazeta\/idoso-e-vitima-de-disparo-acidental-no-belo-jardim\/","name":"Idoso \u00e9 v\u00edtima de disparo acidental no Belo Jardim - Agazeta.net","isPartOf":{"@id":"https:\/\/nk7-testes.com.br\/agazeta\/#website"},"primaryImageOfPage":{"@id":"https:\/\/nk7-testes.com.br\/agazeta\/idoso-e-vitima-de-disparo-acidental-no-belo-jardim\/#primaryimage"},"image":{"@id":"https:\/\/nk7-testes.com.br\/agazeta\/idoso-e-vitima-de-disparo-acidental-no-belo-jardim\/#primaryimage"},"thumbnailUrl":"https:\/\/nk7-testes.com.br\/agazeta\/wp-content\/uploads\/2016\/02\/040216-policia-tiroacidental-cleriston.jpg","datePublished":"2016-02-04T20:37:48+00:00","author":{"@id":"https:\/\/nk7-testes.com.br\/agazeta\/#\/schema\/person\/6d6e25cb0435eb4a02fd44d30b4e3020"},"breadcrumb":{"@id":"https:\/\/nk7-testes.com.br\/agazeta\/idoso-e-vitima-de-disparo-acidental-no-belo-jardim\/#breadcrumb"},"inLanguage":"pt-BR","potentialAction":[{"@type":"ReadAction","target":["https:\/\/nk7-testes.com.br\/agazeta\/idoso-e-vitima-de-disparo-acidental-no-belo-jardim\/"]}]},{"@type":"ImageObject","inLanguage":"pt-BR","@id":"https:\/\/nk7-testes.com.br\/agazeta\/idoso-e-vitima-de-disparo-acidental-no-belo-jardim\/#primaryimage","url":"https:\/\/nk7-testes.com.br\/agazeta\/wp-content\/uploads\/2016\/02\/040216-policia-tiroacidental-cleriston.jpg","contentUrl":"https:\/\/nk7-testes.com.br\/agazeta\/wp-content\/uploads\/2016\/02\/040216-policia-tiroacidental-cleriston.jpg","width":458,"height":340,"caption":"040216-policia-tiroacidental-cleriston"},{"@type":"BreadcrumbList","@id":"https:\/\/nk7-testes.com.br\/agazeta\/idoso-e-vitima-de-disparo-acidental-no-belo-jardim\/#breadcrumb","itemListElement":[{"@type":"ListItem","position":1,"name":"In\u00edcio","item":"https:\/\/nk7-testes.com.br\/agazeta\/"},{"@type":"ListItem","position":2,"name":"Idoso \u00e9 v\u00edtima de disparo acidental no Belo Jardim"}]},{"@type":"WebSite","@id":"https:\/\/nk7-testes.com.br\/agazeta\/#website","url":"https:\/\/nk7-testes.com.br\/agazeta\/","name":"Agazeta.net","description":"Agazeta.net - Not\u00edcias de Rio Branco\/AC","potentialAction":[{"@type":"SearchAction","target":{"@type":"EntryPoint","urlTemplate":"https:\/\/nk7-testes.com.br\/agazeta\/?s={search_term_string}"},"query-input":{"@type":"PropertyValueSpecification","valueRequired":true,"valueName":"search_term_string"}}],"inLanguage":"pt-BR"},{"@type":"Person","@id":"https:\/\/nk7-testes.com.br\/agazeta\/#\/schema\/person\/6d6e25cb0435eb4a02fd44d30b4e3020","name":"Agazeta.Net","url":"https:\/\/nk7-testes.com.br\/agazeta\/author\/agazeta\/"}]}},"_links":{"self":[{"href":"https:\/\/nk7-testes.com.br\/agazeta\/wp-json\/wp\/v2\/posts\/20964","targetHints":{"allow":["GET"]}}],"collection":[{"href":"https:\/\/nk7-testes.com.br\/agazeta\/wp-json\/wp\/v2\/posts"}],"about":[{"href":"https:\/\/nk7-testes.com.br\/agazeta\/wp-json\/wp\/v2\/types\/post"}],"author":[{"embeddable":true,"href":"https:\/\/nk7-testes.com.br\/agazeta\/wp-json\/wp\/v2\/users\/4"}],"replies":[{"embeddable":true,"href":"https:\/\/nk7-testes.com.br\/agazeta\/wp-json\/wp\/v2\/comments?post=20964"}],"version-history":[{"count":0,"href":"https:\/\/nk7-testes.com.br\/agazeta\/wp-json\/wp\/v2\/posts\/20964\/revisions"}],"wp:featuredmedia":[{"embeddable":true,"href":"https:\/\/nk7-testes.com.br\/agazeta\/wp-json\/wp\/v2\/media\/20963"}],"wp:attachment":[{"href":"https:\/\/nk7-testes.com.br\/agazeta\/wp-json\/wp\/v2\/media?parent=20964"}],"wp:term":[{"taxonomy":"category","embeddable":true,"href":"https:\/\/nk7-testes.com.br\/agazeta\/wp-json\/wp\/v2\/categories?post=20964"},{"taxonomy":"post_tag","embeddable":true,"href":"https:\/\/nk7-testes.com.br\/agazeta\/wp-json\/wp\/v2\/tags?post=20964"}],"curies":[{"name":"wp","href":"https:\/\/api.w.org\/{rel}","templated":true}]}}