{"id":20935,"date":"2016-02-03T20:11:25","date_gmt":"2016-02-03T20:11:25","guid":{"rendered":"https:\/\/abarevegan.com.br\/index.php\/2016\/02\/03\/ame-denuncia-racionamento-de-combustivel\/"},"modified":"2016-02-03T20:11:25","modified_gmt":"2016-02-03T20:11:25","slug":"ame-denuncia-racionamento-de-combustivel","status":"publish","type":"post","link":"https:\/\/nk7-testes.com.br\/agazeta\/ame-denuncia-racionamento-de-combustivel\/","title":{"rendered":"Ame denuncia racionamento de combust\u00edvel"},"content":{"rendered":"<p style=\"text-align: justify;\">Improviso: ve\u00edculo abastecido no meio da rua<\/p>\n<p style=\"text-align: justify;\">A Associa\u00e7\u00e3o dos Militares do Acre (Ame) denuncia o racionamento no uso de combust\u00edvel. As viaturas estariam rodando com quantidade limitada de combust\u00edvel por falta de pagamento. A Ame tamb\u00e9m exp\u00f5e as m\u00e1s condi\u00e7\u00f5es do quartel da PM na Vila do Incra (Distrito de Porto Acre).<\/p>\n<p style=\"text-align: justify;\">Na tarde da \u00faltima segunda-feira (1), por volta das 15h na esquina do Pronto-Socorro de Rio Branco, uma viatura da PM \u201cficou no prego\u201d por falta de combust\u00edvel. O ve\u00edculo foi reabastecido de maneira improvisada no meio da rua.<\/p>\n<p style=\"text-align: justify;\">Uma situa\u00e7\u00e3o que poderia passar despercebida, n\u00e3o fosse a grave den\u00fancia da Associa\u00e7\u00e3o dos Militares. Segundo o presidente da entidade, os policiais militares est\u00e3o sendo obrigados a racionar o uso do combust\u00edvel. Cada viatura s\u00f3 pode ser abastecida com apenas dez litros e no per\u00edodo de 24 horas.<\/p>\n<p style=\"text-align: justify;\">De acordo com o presidente da Ame, Joelson Dias, o posto de gasolina respons\u00e1vel pelo abastecimento da frota de ve\u00edculos da PM foi obrigado a limitar o abastecimento dos ve\u00edculos oficiais, pois est\u00e1 h\u00e1 dois meses sem receber o pagamento por parte do Governo do Estado.<\/p>\n<p style=\"text-align: justify;\">\u201cDe fato est\u00e1 acontecendo o racionamento de combust\u00edvel. Lamentamos muito pela sociedade: dez litros que vier a ser colocado numa viatura, infelizmente vai fazer com que parte da nossa cidade fique sem a presen\u00e7a da Pol\u00edcia Militar\u201d.<\/p>\n<p style=\"text-align: justify;\">Ainda de acordo com o representante dos militares, o valor da d\u00edvida com o posto j\u00e1 passa dos R$ 300 mil. Dias tamb\u00e9m critica o Governo do Estado pelo corte de R$ 100 mil do or\u00e7amento da Pol\u00edcia Militar.<\/p>\n<p style=\"text-align: justify;\">\u201cA Pol\u00edcia Militar que j\u00e1 passava por grandes transtornos no ano passado. Esse ano, a gente acredita que vai passar por transtornos ainda maiores\u201d.<\/p>\n<p style=\"text-align: justify;\">A associa\u00e7\u00e3o tamb\u00e9m denuncia as m\u00e1s instala\u00e7\u00f5es do quartel da Pol\u00edcia Militar na Vila do Incra. A equipe da TV Gazeta que foi ao local n\u00e3o foi autorizada a entrar no pr\u00e9dio, mas do lado de fora \u00e9 poss\u00edvel ver rachaduras na parede, sem falar das madeiras de sustenta\u00e7\u00e3o tomadas por cupins.<\/p>\n<p style=\"text-align: justify;\">Segundo o vice-presidente da Ame, Subtenente Silva Neto, os servidores que trabalham na Vila do Incra s\u00e3o obrigados a deixar o im\u00f3vel em dias de chuva e vento forte tendo em vista as m\u00e1s condi\u00e7\u00f5es do pr\u00e9dio do local.<\/p>\n<p style=\"text-align: justify;\">\u201cSegundo informa\u00e7\u00f5es dos meus companheiros de farda, quando vem chuva forte eles se abrigam em outros pr\u00e9dios aqui na frente e abandonam o quartel. Ent\u00e3o n\u00f3s pedimos ao secret\u00e1rio do governo que veja isso com carinho, porque \u00e9 algo muito s\u00e9rio. Seguran\u00e7a n\u00e3o \u00e9 brincadeira, n\u00e3o\u201d, pontua.<\/p>\n<p style=\"text-align: justify;\">{youtube}xs3C37ms7YQ&amp;feature=youtu.be{\/youtube}<\/p>\n<p style=\"text-align: justify;\">{youtube}T_vuqb-XZFY&amp;feature=youtu.be{\/youtube}<\/p>\n","protected":false},"excerpt":{"rendered":"<p style=\"text-align: justify;\">Improviso: ve\u00edculo abastecido no meio da rua<\/p>\n","protected":false},"author":4,"featured_media":20934,"comment_status":"open","ping_status":"open","sticky":false,"template":"","format":"standard","meta":{"jnews-multi-image_gallery":[],"jnews_single_post":[],"jnews_primary_category":[],"jnews_social_meta":[],"jnews_review":[],"enable_review":"","type":"","name":"","summary":"","brand":"","sku":"","good":[],"bad":[],"score_override":"","override_value":"","rating":[],"price":[],"footnotes":""},"categories":[44],"tags":[],"class_list":["post-20935","post","type-post","status-publish","format-standard","has-post-thumbnail","hentry","category-policia"],"yoast_head":"<!-- This site is optimized with the Yoast SEO plugin v26.5 - https:\/\/yoast.com\/wordpress\/plugins\/seo\/ -->\n<title>Ame denuncia racionamento de combust\u00edvel - Agazeta.net<\/title>\n<meta name=\"robots\" content=\"index, follow, max-snippet:-1, max-image-preview:large, max-video-preview:-1\" \/>\n<link rel=\"canonical\" href=\"https:\/\/nk7-testes.com.br\/agazeta\/ame-denuncia-racionamento-de-combustivel\/\" \/>\n<meta property=\"og:locale\" content=\"pt_BR\" \/>\n<meta property=\"og:type\" content=\"article\" \/>\n<meta property=\"og:title\" content=\"Ame denuncia racionamento de combust\u00edvel - Agazeta.net\" \/>\n<meta property=\"og:description\" content=\"Improviso: ve\u00edculo abastecido no meio da rua\" \/>\n<meta property=\"og:url\" content=\"https:\/\/nk7-testes.com.br\/agazeta\/ame-denuncia-racionamento-de-combustivel\/\" \/>\n<meta property=\"og:site_name\" content=\"Agazeta.net\" \/>\n<meta property=\"article:published_time\" content=\"2016-02-03T20:11:25+00:00\" \/>\n<meta property=\"og:image\" content=\"https:\/\/nk7-testes.com.br\/agazeta\/wp-content\/uploads\/2016\/02\/030216-policia-abastecimento-cedida.jpg\" \/>\n\t<meta property=\"og:image:width\" content=\"458\" \/>\n\t<meta property=\"og:image:height\" content=\"340\" \/>\n\t<meta property=\"og:image:type\" content=\"image\/jpeg\" \/>\n<meta name=\"author\" content=\"Agazeta.Net\" \/>\n<meta name=\"twitter:card\" content=\"summary_large_image\" \/>\n<meta name=\"twitter:label1\" content=\"Escrito por\" \/>\n\t<meta name=\"twitter:data1\" content=\"Agazeta.Net\" \/>\n\t<meta name=\"twitter:label2\" content=\"Est. tempo de leitura\" \/>\n\t<meta name=\"twitter:data2\" content=\"2 minutos\" \/>\n<script type=\"application\/ld+json\" class=\"yoast-schema-graph\">{\"@context\":\"https:\/\/schema.org\",\"@graph\":[{\"@type\":\"WebPage\",\"@id\":\"https:\/\/nk7-testes.com.br\/agazeta\/ame-denuncia-racionamento-de-combustivel\/\",\"url\":\"https:\/\/nk7-testes.com.br\/agazeta\/ame-denuncia-racionamento-de-combustivel\/\",\"name\":\"Ame denuncia racionamento de combust\u00edvel - Agazeta.net\",\"isPartOf\":{\"@id\":\"https:\/\/nk7-testes.com.br\/agazeta\/#website\"},\"primaryImageOfPage\":{\"@id\":\"https:\/\/nk7-testes.com.br\/agazeta\/ame-denuncia-racionamento-de-combustivel\/#primaryimage\"},\"image\":{\"@id\":\"https:\/\/nk7-testes.com.br\/agazeta\/ame-denuncia-racionamento-de-combustivel\/#primaryimage\"},\"thumbnailUrl\":\"https:\/\/nk7-testes.com.br\/agazeta\/wp-content\/uploads\/2016\/02\/030216-policia-abastecimento-cedida.jpg\",\"datePublished\":\"2016-02-03T20:11:25+00:00\",\"author\":{\"@id\":\"https:\/\/nk7-testes.com.br\/agazeta\/#\/schema\/person\/6d6e25cb0435eb4a02fd44d30b4e3020\"},\"breadcrumb\":{\"@id\":\"https:\/\/nk7-testes.com.br\/agazeta\/ame-denuncia-racionamento-de-combustivel\/#breadcrumb\"},\"inLanguage\":\"pt-BR\",\"potentialAction\":[{\"@type\":\"ReadAction\",\"target\":[\"https:\/\/nk7-testes.com.br\/agazeta\/ame-denuncia-racionamento-de-combustivel\/\"]}]},{\"@type\":\"ImageObject\",\"inLanguage\":\"pt-BR\",\"@id\":\"https:\/\/nk7-testes.com.br\/agazeta\/ame-denuncia-racionamento-de-combustivel\/#primaryimage\",\"url\":\"https:\/\/nk7-testes.com.br\/agazeta\/wp-content\/uploads\/2016\/02\/030216-policia-abastecimento-cedida.jpg\",\"contentUrl\":\"https:\/\/nk7-testes.com.br\/agazeta\/wp-content\/uploads\/2016\/02\/030216-policia-abastecimento-cedida.jpg\",\"width\":458,\"height\":340,\"caption\":\"030216-policia-abastecimento-cedida\"},{\"@type\":\"BreadcrumbList\",\"@id\":\"https:\/\/nk7-testes.com.br\/agazeta\/ame-denuncia-racionamento-de-combustivel\/#breadcrumb\",\"itemListElement\":[{\"@type\":\"ListItem\",\"position\":1,\"name\":\"In\u00edcio\",\"item\":\"https:\/\/nk7-testes.com.br\/agazeta\/\"},{\"@type\":\"ListItem\",\"position\":2,\"name\":\"Ame denuncia racionamento de combust\u00edvel\"}]},{\"@type\":\"WebSite\",\"@id\":\"https:\/\/nk7-testes.com.br\/agazeta\/#website\",\"url\":\"https:\/\/nk7-testes.com.br\/agazeta\/\",\"name\":\"Agazeta.net\",\"description\":\"Agazeta.net - Not\u00edcias de Rio Branco\/AC\",\"potentialAction\":[{\"@type\":\"SearchAction\",\"target\":{\"@type\":\"EntryPoint\",\"urlTemplate\":\"https:\/\/nk7-testes.com.br\/agazeta\/?s={search_term_string}\"},\"query-input\":{\"@type\":\"PropertyValueSpecification\",\"valueRequired\":true,\"valueName\":\"search_term_string\"}}],\"inLanguage\":\"pt-BR\"},{\"@type\":\"Person\",\"@id\":\"https:\/\/nk7-testes.com.br\/agazeta\/#\/schema\/person\/6d6e25cb0435eb4a02fd44d30b4e3020\",\"name\":\"Agazeta.Net\",\"url\":\"https:\/\/nk7-testes.com.br\/agazeta\/author\/agazeta\/\"}]}<\/script>\n<!-- \/ Yoast SEO plugin. -->","yoast_head_json":{"title":"Ame denuncia racionamento de combust\u00edvel - Agazeta.net","robots":{"index":"index","follow":"follow","max-snippet":"max-snippet:-1","max-image-preview":"max-image-preview:large","max-video-preview":"max-video-preview:-1"},"canonical":"https:\/\/nk7-testes.com.br\/agazeta\/ame-denuncia-racionamento-de-combustivel\/","og_locale":"pt_BR","og_type":"article","og_title":"Ame denuncia racionamento de combust\u00edvel - Agazeta.net","og_description":"Improviso: ve\u00edculo abastecido no meio da rua","og_url":"https:\/\/nk7-testes.com.br\/agazeta\/ame-denuncia-racionamento-de-combustivel\/","og_site_name":"Agazeta.net","article_published_time":"2016-02-03T20:11:25+00:00","og_image":[{"width":458,"height":340,"url":"https:\/\/nk7-testes.com.br\/agazeta\/wp-content\/uploads\/2016\/02\/030216-policia-abastecimento-cedida.jpg","type":"image\/jpeg"}],"author":"Agazeta.Net","twitter_card":"summary_large_image","twitter_misc":{"Escrito por":"Agazeta.Net","Est. tempo de leitura":"2 minutos"},"schema":{"@context":"https:\/\/schema.org","@graph":[{"@type":"WebPage","@id":"https:\/\/nk7-testes.com.br\/agazeta\/ame-denuncia-racionamento-de-combustivel\/","url":"https:\/\/nk7-testes.com.br\/agazeta\/ame-denuncia-racionamento-de-combustivel\/","name":"Ame denuncia racionamento de combust\u00edvel - Agazeta.net","isPartOf":{"@id":"https:\/\/nk7-testes.com.br\/agazeta\/#website"},"primaryImageOfPage":{"@id":"https:\/\/nk7-testes.com.br\/agazeta\/ame-denuncia-racionamento-de-combustivel\/#primaryimage"},"image":{"@id":"https:\/\/nk7-testes.com.br\/agazeta\/ame-denuncia-racionamento-de-combustivel\/#primaryimage"},"thumbnailUrl":"https:\/\/nk7-testes.com.br\/agazeta\/wp-content\/uploads\/2016\/02\/030216-policia-abastecimento-cedida.jpg","datePublished":"2016-02-03T20:11:25+00:00","author":{"@id":"https:\/\/nk7-testes.com.br\/agazeta\/#\/schema\/person\/6d6e25cb0435eb4a02fd44d30b4e3020"},"breadcrumb":{"@id":"https:\/\/nk7-testes.com.br\/agazeta\/ame-denuncia-racionamento-de-combustivel\/#breadcrumb"},"inLanguage":"pt-BR","potentialAction":[{"@type":"ReadAction","target":["https:\/\/nk7-testes.com.br\/agazeta\/ame-denuncia-racionamento-de-combustivel\/"]}]},{"@type":"ImageObject","inLanguage":"pt-BR","@id":"https:\/\/nk7-testes.com.br\/agazeta\/ame-denuncia-racionamento-de-combustivel\/#primaryimage","url":"https:\/\/nk7-testes.com.br\/agazeta\/wp-content\/uploads\/2016\/02\/030216-policia-abastecimento-cedida.jpg","contentUrl":"https:\/\/nk7-testes.com.br\/agazeta\/wp-content\/uploads\/2016\/02\/030216-policia-abastecimento-cedida.jpg","width":458,"height":340,"caption":"030216-policia-abastecimento-cedida"},{"@type":"BreadcrumbList","@id":"https:\/\/nk7-testes.com.br\/agazeta\/ame-denuncia-racionamento-de-combustivel\/#breadcrumb","itemListElement":[{"@type":"ListItem","position":1,"name":"In\u00edcio","item":"https:\/\/nk7-testes.com.br\/agazeta\/"},{"@type":"ListItem","position":2,"name":"Ame denuncia racionamento de combust\u00edvel"}]},{"@type":"WebSite","@id":"https:\/\/nk7-testes.com.br\/agazeta\/#website","url":"https:\/\/nk7-testes.com.br\/agazeta\/","name":"Agazeta.net","description":"Agazeta.net - Not\u00edcias de Rio Branco\/AC","potentialAction":[{"@type":"SearchAction","target":{"@type":"EntryPoint","urlTemplate":"https:\/\/nk7-testes.com.br\/agazeta\/?s={search_term_string}"},"query-input":{"@type":"PropertyValueSpecification","valueRequired":true,"valueName":"search_term_string"}}],"inLanguage":"pt-BR"},{"@type":"Person","@id":"https:\/\/nk7-testes.com.br\/agazeta\/#\/schema\/person\/6d6e25cb0435eb4a02fd44d30b4e3020","name":"Agazeta.Net","url":"https:\/\/nk7-testes.com.br\/agazeta\/author\/agazeta\/"}]}},"_links":{"self":[{"href":"https:\/\/nk7-testes.com.br\/agazeta\/wp-json\/wp\/v2\/posts\/20935","targetHints":{"allow":["GET"]}}],"collection":[{"href":"https:\/\/nk7-testes.com.br\/agazeta\/wp-json\/wp\/v2\/posts"}],"about":[{"href":"https:\/\/nk7-testes.com.br\/agazeta\/wp-json\/wp\/v2\/types\/post"}],"author":[{"embeddable":true,"href":"https:\/\/nk7-testes.com.br\/agazeta\/wp-json\/wp\/v2\/users\/4"}],"replies":[{"embeddable":true,"href":"https:\/\/nk7-testes.com.br\/agazeta\/wp-json\/wp\/v2\/comments?post=20935"}],"version-history":[{"count":0,"href":"https:\/\/nk7-testes.com.br\/agazeta\/wp-json\/wp\/v2\/posts\/20935\/revisions"}],"wp:featuredmedia":[{"embeddable":true,"href":"https:\/\/nk7-testes.com.br\/agazeta\/wp-json\/wp\/v2\/media\/20934"}],"wp:attachment":[{"href":"https:\/\/nk7-testes.com.br\/agazeta\/wp-json\/wp\/v2\/media?parent=20935"}],"wp:term":[{"taxonomy":"category","embeddable":true,"href":"https:\/\/nk7-testes.com.br\/agazeta\/wp-json\/wp\/v2\/categories?post=20935"},{"taxonomy":"post_tag","embeddable":true,"href":"https:\/\/nk7-testes.com.br\/agazeta\/wp-json\/wp\/v2\/tags?post=20935"}],"curies":[{"name":"wp","href":"https:\/\/api.w.org\/{rel}","templated":true}]}}