{"id":20921,"date":"2016-02-02T22:31:02","date_gmt":"2016-02-02T22:31:02","guid":{"rendered":"https:\/\/abarevegan.com.br\/index.php\/2016\/02\/02\/tv-gazeta-completa-26-anos\/"},"modified":"2016-02-02T22:31:02","modified_gmt":"2016-02-02T22:31:02","slug":"tv-gazeta-completa-26-anos","status":"publish","type":"post","link":"https:\/\/nk7-testes.com.br\/agazeta\/tv-gazeta-completa-26-anos\/","title":{"rendered":"TV Gazeta completa 26 anos"},"content":{"rendered":"<p style=\"text-align: justify;\">Integrar o Acre por meio da informa\u00e7\u00e3o<\/p>\n<p style=\"text-align: justify;\">No dia 2 de fevereiro de 1990 nascia \u00e0 emissora que conquistaria a popula\u00e7\u00e3o acriana. O empres\u00e1rio Roberto Moura foi quem deu o pontap\u00e9 inicial. O jornalismo s\u00e9rio e com credibilidade chamou a aten\u00e7\u00e3o dos acrianos.<\/p>\n<p style=\"text-align: justify;\">Equipamentos de \u00faltima gera\u00e7\u00e3o, estrutura adequada, equipe afinada, inova\u00e7\u00e3o e uma s\u00e9rie de investimentos: s\u00e3o as marcas de sucesso da TV Gazeta para se manter no ar por 26 anos como l\u00edder de audi\u00eancia.<\/p>\n<p style=\"text-align: justify;\">Mas, para a not\u00edcia chegar pronta na tela da emissora ela passa antes pelo trabalho criterioso das equipes que est\u00e3o diariamente nas ruas. Os rep\u00f3rteres atuam em diversos tipos de pauta e procuram levar o melhor da informa\u00e7\u00e3o para quem est\u00e1 em casa.<\/p>\n<p style=\"text-align: justify;\">\u201cA TV Gazeta foi um sonho profissional quando cheguei aqui no Acre. E quando entrei aqui na TV Gazeta vi que tudo aquilo que imaginava era verdade mesmo, um trabalho de responsabilidade e tamb\u00e9m de credibilidade. \u00c9 a resposta que a gente tem nas ruas de que \u00e9 um emissora que leva a credibilidade \u00e0s pessoas\u201d, lembra a rep\u00f3rter, Gislaine Vidal, paranaense de nascimento e acriana por op\u00e7\u00e3o.<\/p>\n<p style=\"text-align: justify;\">Nos bastidores, uma equipe tamb\u00e9m trabalha de forma conjunta. A TV Gazeta, afiliada \u00e0 Rede Record no Acre, alcan\u00e7ou os telespectadores com os seus programas e telejornais, principalmente cobrindo os mais variados e importantes eventos do estado.<\/p>\n<p style=\"text-align: justify;\">O mais antigo deles \u00e9 o Gazeta em Manchete, que nasceu junto com a emissora. O telejornal \u00e9 apresentado pela jornalista Mara Rocha, que leva ao ar as principais not\u00edcias do dia, a partir das 18h 30 min.<\/p>\n<p style=\"text-align: justify;\">Outro programa l\u00edder de audi\u00eancia \u00e9 o Gazeta Alerta, apresentado por Edvaldo Sousa, ao meio dia. T\u00eam ainda os j\u00e1 renomados programas como Gazeta Entrevista, com Rog\u00e9rio Wenceslau, a revista eletr\u00f4nica Gera\u00e7\u00e3o Gazeta, com a dupla Zezinho Kenedy e Mayara padr\u00e3o, o Acre Rural, com Mara Rocha e o mais novo programa da TV, Balan\u00e7o Geral Acre, que mistura informa\u00e7\u00e3o com entretenimento, comandado por Wesley Moraes.<\/p>\n<p style=\"text-align: justify;\">Basilio Magno, um dos mais novos rep\u00f3rteres da emissora, fala a respeito do sentimento que tem ao trabalhar numa das maiores emissoras do estado, \u201ceu me sinto muito honrado. Eu fiquei sabendo logo que cheguei dessa fama boa da TV Gazeta, a TV que o povo se identifica\u201d.<\/p>\n<p style=\"text-align: justify;\">A emissora tamb\u00e9m \u00e9 reconhecida pelo seu trabalho de denuncias e investiga\u00e7\u00e3o, como acontece agora com a s\u00e9rie Acre Real, que mostra a m\u00e1 gest\u00e3o das prefeituras de todos os munic\u00edpios do estado em rela\u00e7\u00e3o \u00e0 sa\u00fade e educa\u00e7\u00e3o.<\/p>\n<p style=\"text-align: justify;\">A TV Gazeta, com sua transmiss\u00e3o digital, imagens a\u00e9reas, links ao vivo, chega em praticamente todo estado do Acre. O portal da emissora, agazeta.net, integra a reda\u00e7\u00e3o da emissora com o mundo virtual.<\/p>\n<p style=\"text-align: justify;\">Esse ano, a TV Gazeta tem mais uma novidade. E vai al\u00e9m dos est\u00fadios. Direto dos gramados dos est\u00e1dios do Acre, agora a emissora vai transmitir de forma in\u00e9dita o campeonato acriano de futebol. As partidas ser\u00e3o acompanhadas pelo telespectador em formato digital em um \u00e2ngulo privilegiado, com v\u00e1rias &nbsp;c\u00e2meras espalhadas pelo campo.<\/p>\n<p style=\"text-align: justify;\">E as novidades n\u00e3o param por a\u00ed. Tem ainda a exibi\u00e7\u00e3o exclusiva das Cr\u00f4nicas de \u00d3liver, s\u00e9rie acriana que conta a hist\u00f3ria de um menino e um rob\u00f4 em um mundo de aventuras e um programa que vai mostrar a rotina dos policiais militares que atuam no estado.<\/p>\n<p style=\"text-align: justify;\">Mas em 26 anos, quais s\u00e3o os maiores patrim\u00f4nios constru\u00eddos pela TV Gazeta? A diretora da TV explica, \u201cn\u00f3s temos dois grandes patrim\u00f4nios, um deles \u00e9 nossa equipe, que sem ela n\u00f3s n\u00e3o ter\u00edamos como produzir e fazer um material de qualidade para nossos telespectadores e nosso outro maior patrim\u00f4nio \u00e9 quem t\u00e1 em casa, assistindo a gente, que nos d\u00e1 essa audi\u00eancia excepcional, grande, que nos leva a lideran\u00e7a em todo estado\u201d.<\/p>\n","protected":false},"excerpt":{"rendered":"<p style=\"text-align: justify;\">Integrar o Acre por meio da informa\u00e7\u00e3o<\/p>\n","protected":false},"author":4,"featured_media":20920,"comment_status":"open","ping_status":"open","sticky":false,"template":"","format":"standard","meta":{"jnews-multi-image_gallery":[],"jnews_single_post":[],"jnews_primary_category":[],"jnews_social_meta":[],"jnews_review":[],"enable_review":"","type":"","name":"","summary":"","brand":"","sku":"","good":[],"bad":[],"score_override":"","override_value":"","rating":[],"price":[],"footnotes":""},"categories":[54],"tags":[],"class_list":["post-20921","post","type-post","status-publish","format-standard","has-post-thumbnail","hentry","category-cotidiano"],"yoast_head":"<!-- This site is optimized with the Yoast SEO plugin v26.5 - https:\/\/yoast.com\/wordpress\/plugins\/seo\/ -->\n<title>TV Gazeta completa 26 anos - Agazeta.net<\/title>\n<meta name=\"robots\" content=\"index, follow, max-snippet:-1, max-image-preview:large, max-video-preview:-1\" \/>\n<link rel=\"canonical\" href=\"https:\/\/nk7-testes.com.br\/agazeta\/tv-gazeta-completa-26-anos\/\" \/>\n<meta property=\"og:locale\" content=\"pt_BR\" \/>\n<meta property=\"og:type\" content=\"article\" \/>\n<meta property=\"og:title\" content=\"TV Gazeta completa 26 anos - Agazeta.net\" \/>\n<meta property=\"og:description\" content=\"Integrar o Acre por meio da informa\u00e7\u00e3o\" \/>\n<meta property=\"og:url\" content=\"https:\/\/nk7-testes.com.br\/agazeta\/tv-gazeta-completa-26-anos\/\" \/>\n<meta property=\"og:site_name\" content=\"Agazeta.net\" \/>\n<meta property=\"article:published_time\" content=\"2016-02-02T22:31:02+00:00\" \/>\n<meta property=\"og:image\" content=\"https:\/\/nk7-testes.com.br\/agazeta\/wp-content\/uploads\/2016\/02\/020216-cotidiano-tvgazetafachaca-arquivo.jpg\" \/>\n\t<meta property=\"og:image:width\" content=\"458\" \/>\n\t<meta property=\"og:image:height\" content=\"340\" \/>\n\t<meta property=\"og:image:type\" content=\"image\/jpeg\" \/>\n<meta name=\"author\" content=\"Agazeta.Net\" \/>\n<meta name=\"twitter:card\" content=\"summary_large_image\" \/>\n<meta name=\"twitter:label1\" content=\"Escrito por\" \/>\n\t<meta name=\"twitter:data1\" content=\"Agazeta.Net\" \/>\n\t<meta name=\"twitter:label2\" content=\"Est. tempo de leitura\" \/>\n\t<meta name=\"twitter:data2\" content=\"3 minutos\" \/>\n<script type=\"application\/ld+json\" class=\"yoast-schema-graph\">{\"@context\":\"https:\/\/schema.org\",\"@graph\":[{\"@type\":\"WebPage\",\"@id\":\"https:\/\/nk7-testes.com.br\/agazeta\/tv-gazeta-completa-26-anos\/\",\"url\":\"https:\/\/nk7-testes.com.br\/agazeta\/tv-gazeta-completa-26-anos\/\",\"name\":\"TV Gazeta completa 26 anos - Agazeta.net\",\"isPartOf\":{\"@id\":\"https:\/\/nk7-testes.com.br\/agazeta\/#website\"},\"primaryImageOfPage\":{\"@id\":\"https:\/\/nk7-testes.com.br\/agazeta\/tv-gazeta-completa-26-anos\/#primaryimage\"},\"image\":{\"@id\":\"https:\/\/nk7-testes.com.br\/agazeta\/tv-gazeta-completa-26-anos\/#primaryimage\"},\"thumbnailUrl\":\"https:\/\/nk7-testes.com.br\/agazeta\/wp-content\/uploads\/2016\/02\/020216-cotidiano-tvgazetafachaca-arquivo.jpg\",\"datePublished\":\"2016-02-02T22:31:02+00:00\",\"author\":{\"@id\":\"https:\/\/nk7-testes.com.br\/agazeta\/#\/schema\/person\/6d6e25cb0435eb4a02fd44d30b4e3020\"},\"breadcrumb\":{\"@id\":\"https:\/\/nk7-testes.com.br\/agazeta\/tv-gazeta-completa-26-anos\/#breadcrumb\"},\"inLanguage\":\"pt-BR\",\"potentialAction\":[{\"@type\":\"ReadAction\",\"target\":[\"https:\/\/nk7-testes.com.br\/agazeta\/tv-gazeta-completa-26-anos\/\"]}]},{\"@type\":\"ImageObject\",\"inLanguage\":\"pt-BR\",\"@id\":\"https:\/\/nk7-testes.com.br\/agazeta\/tv-gazeta-completa-26-anos\/#primaryimage\",\"url\":\"https:\/\/nk7-testes.com.br\/agazeta\/wp-content\/uploads\/2016\/02\/020216-cotidiano-tvgazetafachaca-arquivo.jpg\",\"contentUrl\":\"https:\/\/nk7-testes.com.br\/agazeta\/wp-content\/uploads\/2016\/02\/020216-cotidiano-tvgazetafachaca-arquivo.jpg\",\"width\":458,\"height\":340,\"caption\":\"020216-cotidiano-tvgazetafachaca-arquivo\"},{\"@type\":\"BreadcrumbList\",\"@id\":\"https:\/\/nk7-testes.com.br\/agazeta\/tv-gazeta-completa-26-anos\/#breadcrumb\",\"itemListElement\":[{\"@type\":\"ListItem\",\"position\":1,\"name\":\"In\u00edcio\",\"item\":\"https:\/\/nk7-testes.com.br\/agazeta\/\"},{\"@type\":\"ListItem\",\"position\":2,\"name\":\"TV Gazeta completa 26 anos\"}]},{\"@type\":\"WebSite\",\"@id\":\"https:\/\/nk7-testes.com.br\/agazeta\/#website\",\"url\":\"https:\/\/nk7-testes.com.br\/agazeta\/\",\"name\":\"Agazeta.net\",\"description\":\"Agazeta.net - Not\u00edcias de Rio Branco\/AC\",\"potentialAction\":[{\"@type\":\"SearchAction\",\"target\":{\"@type\":\"EntryPoint\",\"urlTemplate\":\"https:\/\/nk7-testes.com.br\/agazeta\/?s={search_term_string}\"},\"query-input\":{\"@type\":\"PropertyValueSpecification\",\"valueRequired\":true,\"valueName\":\"search_term_string\"}}],\"inLanguage\":\"pt-BR\"},{\"@type\":\"Person\",\"@id\":\"https:\/\/nk7-testes.com.br\/agazeta\/#\/schema\/person\/6d6e25cb0435eb4a02fd44d30b4e3020\",\"name\":\"Agazeta.Net\",\"url\":\"https:\/\/nk7-testes.com.br\/agazeta\/author\/agazeta\/\"}]}<\/script>\n<!-- \/ Yoast SEO plugin. -->","yoast_head_json":{"title":"TV Gazeta completa 26 anos - Agazeta.net","robots":{"index":"index","follow":"follow","max-snippet":"max-snippet:-1","max-image-preview":"max-image-preview:large","max-video-preview":"max-video-preview:-1"},"canonical":"https:\/\/nk7-testes.com.br\/agazeta\/tv-gazeta-completa-26-anos\/","og_locale":"pt_BR","og_type":"article","og_title":"TV Gazeta completa 26 anos - Agazeta.net","og_description":"Integrar o Acre por meio da informa\u00e7\u00e3o","og_url":"https:\/\/nk7-testes.com.br\/agazeta\/tv-gazeta-completa-26-anos\/","og_site_name":"Agazeta.net","article_published_time":"2016-02-02T22:31:02+00:00","og_image":[{"width":458,"height":340,"url":"https:\/\/nk7-testes.com.br\/agazeta\/wp-content\/uploads\/2016\/02\/020216-cotidiano-tvgazetafachaca-arquivo.jpg","type":"image\/jpeg"}],"author":"Agazeta.Net","twitter_card":"summary_large_image","twitter_misc":{"Escrito por":"Agazeta.Net","Est. tempo de leitura":"3 minutos"},"schema":{"@context":"https:\/\/schema.org","@graph":[{"@type":"WebPage","@id":"https:\/\/nk7-testes.com.br\/agazeta\/tv-gazeta-completa-26-anos\/","url":"https:\/\/nk7-testes.com.br\/agazeta\/tv-gazeta-completa-26-anos\/","name":"TV Gazeta completa 26 anos - Agazeta.net","isPartOf":{"@id":"https:\/\/nk7-testes.com.br\/agazeta\/#website"},"primaryImageOfPage":{"@id":"https:\/\/nk7-testes.com.br\/agazeta\/tv-gazeta-completa-26-anos\/#primaryimage"},"image":{"@id":"https:\/\/nk7-testes.com.br\/agazeta\/tv-gazeta-completa-26-anos\/#primaryimage"},"thumbnailUrl":"https:\/\/nk7-testes.com.br\/agazeta\/wp-content\/uploads\/2016\/02\/020216-cotidiano-tvgazetafachaca-arquivo.jpg","datePublished":"2016-02-02T22:31:02+00:00","author":{"@id":"https:\/\/nk7-testes.com.br\/agazeta\/#\/schema\/person\/6d6e25cb0435eb4a02fd44d30b4e3020"},"breadcrumb":{"@id":"https:\/\/nk7-testes.com.br\/agazeta\/tv-gazeta-completa-26-anos\/#breadcrumb"},"inLanguage":"pt-BR","potentialAction":[{"@type":"ReadAction","target":["https:\/\/nk7-testes.com.br\/agazeta\/tv-gazeta-completa-26-anos\/"]}]},{"@type":"ImageObject","inLanguage":"pt-BR","@id":"https:\/\/nk7-testes.com.br\/agazeta\/tv-gazeta-completa-26-anos\/#primaryimage","url":"https:\/\/nk7-testes.com.br\/agazeta\/wp-content\/uploads\/2016\/02\/020216-cotidiano-tvgazetafachaca-arquivo.jpg","contentUrl":"https:\/\/nk7-testes.com.br\/agazeta\/wp-content\/uploads\/2016\/02\/020216-cotidiano-tvgazetafachaca-arquivo.jpg","width":458,"height":340,"caption":"020216-cotidiano-tvgazetafachaca-arquivo"},{"@type":"BreadcrumbList","@id":"https:\/\/nk7-testes.com.br\/agazeta\/tv-gazeta-completa-26-anos\/#breadcrumb","itemListElement":[{"@type":"ListItem","position":1,"name":"In\u00edcio","item":"https:\/\/nk7-testes.com.br\/agazeta\/"},{"@type":"ListItem","position":2,"name":"TV Gazeta completa 26 anos"}]},{"@type":"WebSite","@id":"https:\/\/nk7-testes.com.br\/agazeta\/#website","url":"https:\/\/nk7-testes.com.br\/agazeta\/","name":"Agazeta.net","description":"Agazeta.net - Not\u00edcias de Rio Branco\/AC","potentialAction":[{"@type":"SearchAction","target":{"@type":"EntryPoint","urlTemplate":"https:\/\/nk7-testes.com.br\/agazeta\/?s={search_term_string}"},"query-input":{"@type":"PropertyValueSpecification","valueRequired":true,"valueName":"search_term_string"}}],"inLanguage":"pt-BR"},{"@type":"Person","@id":"https:\/\/nk7-testes.com.br\/agazeta\/#\/schema\/person\/6d6e25cb0435eb4a02fd44d30b4e3020","name":"Agazeta.Net","url":"https:\/\/nk7-testes.com.br\/agazeta\/author\/agazeta\/"}]}},"_links":{"self":[{"href":"https:\/\/nk7-testes.com.br\/agazeta\/wp-json\/wp\/v2\/posts\/20921","targetHints":{"allow":["GET"]}}],"collection":[{"href":"https:\/\/nk7-testes.com.br\/agazeta\/wp-json\/wp\/v2\/posts"}],"about":[{"href":"https:\/\/nk7-testes.com.br\/agazeta\/wp-json\/wp\/v2\/types\/post"}],"author":[{"embeddable":true,"href":"https:\/\/nk7-testes.com.br\/agazeta\/wp-json\/wp\/v2\/users\/4"}],"replies":[{"embeddable":true,"href":"https:\/\/nk7-testes.com.br\/agazeta\/wp-json\/wp\/v2\/comments?post=20921"}],"version-history":[{"count":0,"href":"https:\/\/nk7-testes.com.br\/agazeta\/wp-json\/wp\/v2\/posts\/20921\/revisions"}],"wp:featuredmedia":[{"embeddable":true,"href":"https:\/\/nk7-testes.com.br\/agazeta\/wp-json\/wp\/v2\/media\/20920"}],"wp:attachment":[{"href":"https:\/\/nk7-testes.com.br\/agazeta\/wp-json\/wp\/v2\/media?parent=20921"}],"wp:term":[{"taxonomy":"category","embeddable":true,"href":"https:\/\/nk7-testes.com.br\/agazeta\/wp-json\/wp\/v2\/categories?post=20921"},{"taxonomy":"post_tag","embeddable":true,"href":"https:\/\/nk7-testes.com.br\/agazeta\/wp-json\/wp\/v2\/tags?post=20921"}],"curies":[{"name":"wp","href":"https:\/\/api.w.org\/{rel}","templated":true}]}}