{"id":20912,"date":"2016-02-02T19:15:26","date_gmt":"2016-02-02T19:15:26","guid":{"rendered":"https:\/\/abarevegan.com.br\/index.php\/2016\/02\/02\/fecomercio-divulga-dados-sobre-folioes-em-2016\/"},"modified":"2016-02-02T19:15:26","modified_gmt":"2016-02-02T19:15:26","slug":"fecomercio-divulga-dados-sobre-folioes-em-2016","status":"publish","type":"post","link":"https:\/\/nk7-testes.com.br\/agazeta\/fecomercio-divulga-dados-sobre-folioes-em-2016\/","title":{"rendered":"Fecom\u00e9rcio divulga dados sobre foli\u00f5es em 2016"},"content":{"rendered":"<p style=\"text-align: justify;\">49% dos entrevistados v\u00e3o pular carnaval<\/p>\n<p style=\"text-align: justify;\">Mesmo com a crise batendo a porta dos acreanos, o feriado de carnaval representa uma expectativa de pico no mercado de consumo de bens e servi\u00e7os tendo em vista a tradi\u00e7\u00e3o de festas. A Fecom\u00e9rcio\/AC, atrav\u00e9s do seu Instituto de Pesquisas \u2013 Ifepac \u2013 realizou pesquisa entre os dias 25 a 27 de janeiro de 2016, com 381 pessoas com potencial de consumo em Rio Branco. O objetivo da pesquisa \u00e9 manter o mercado de compra e venda informado sobre as possibilidades de neg\u00f3cios de compra e venda no varejo.<\/p>\n<p style=\"text-align: justify;\">A pesquisa buscou informa\u00e7\u00f5es a respeito da motiva\u00e7\u00e3o da popula\u00e7\u00e3o para gastos no per\u00edodo do carnaval mesmo com os pre\u00e7os dos bens e servi\u00e7os em alta. Mesmo assim, para 70% da popula\u00e7\u00e3o o carnaval vai ser divertido mesmo com os pre\u00e7os em alta.<\/p>\n<p style=\"text-align: justify;\">Dentre a parcela que entende que a crise vai prejudicar o consumo no carnaval e assim retirar o foli\u00e3o dos eventos relacionados, 49% afirmam que n\u00e3o tem condi\u00e7\u00f5es de gastos para festas e outros 49% apontam a diminui\u00e7\u00e3o de dinheiro em circula\u00e7\u00e3o na cidade tendo em vista o desemprego crescente.<\/p>\n<p style=\"text-align: justify;\">Os que consideram os efeitos da crise, 70% justificam que se trata de uma festa secular e as pessoas n\u00e3o deixam de prestigiar, somados a 26% que afirmam que o povo gosta de divertimento e o carnaval \u00e9 aguardado o ano inteiro.<\/p>\n<p style=\"text-align: justify;\">Com rela\u00e7\u00e3o \u00e0 participa\u00e7\u00e3o da popula\u00e7\u00e3o em eventos festivos motivados pelo per\u00edodo do feriado de carnaval, 49% devem participar de eventos carnavalescos da cidade. Desta, 25% devem preferir as festas promovidas por clubes locais, 37% v\u00e3o participar de festas com acesso p\u00fablico e 38% v\u00e3o dar prefer\u00eancia \u00e0s festas de carnaval nos bairros da cidade de Rio Branco. Quanto aos 51% desmotivados para festas carnavalescas deste ano, 34% afirmam que devem passar o feriado em suas casas, outros 12% diz aproveitar o feriado para visita a parentes e amigos.<\/p>\n<p style=\"text-align: justify;\">Conforme o levantamento a maior quantidade da popula\u00e7\u00e3o local deve realizar gastos em valores m\u00e9dios de 100 a R$ 200,00. Entretanto, juntando-se a parcela da popula\u00e7\u00e3o com gastos menores, 76% devem gastar at\u00e9 R$ 200,00 para consumo no per\u00edodo de carnaval.<\/p>\n<p style=\"text-align: justify;\">Considerando os gastos com festas de natal, r\u00e9veillon, com escola, dentre outros, para 39% da popula\u00e7\u00e3o \u00e9 poss\u00edvel haver dificuldade nos pagamentos dos gastos do feriado de carnaval. Destes 23% admitem extrapola\u00e7\u00e3o do limite do cart\u00e3o de cr\u00e9dito e 27% do cheque especial. Com rela\u00e7\u00e3o \u00e0 parcela da popula\u00e7\u00e3o que admitem gastos, por\u00e9m observado as possibilidade normais, 61% n\u00e3o devem se utilizar de limites de cr\u00e9ditos para o consumo no per\u00edodo de carnaval, gastando apenas o que pode.<\/p>\n","protected":false},"excerpt":{"rendered":"<p style=\"text-align: justify;\">49% dos entrevistados v\u00e3o pular carnaval<\/p>\n","protected":false},"author":4,"featured_media":13410,"comment_status":"open","ping_status":"open","sticky":false,"template":"","format":"standard","meta":{"jnews-multi-image_gallery":[],"jnews_single_post":[],"jnews_primary_category":[],"jnews_social_meta":[],"jnews_review":[],"enable_review":"","type":"","name":"","summary":"","brand":"","sku":"","good":[],"bad":[],"score_override":"","override_value":"","rating":[],"price":[],"footnotes":""},"categories":[54],"tags":[],"class_list":["post-20912","post","type-post","status-publish","format-standard","has-post-thumbnail","hentry","category-cotidiano"],"yoast_head":"<!-- This site is optimized with the Yoast SEO plugin v26.5 - https:\/\/yoast.com\/wordpress\/plugins\/seo\/ -->\n<title>Fecom\u00e9rcio divulga dados sobre foli\u00f5es em 2016 - Agazeta.net<\/title>\n<meta name=\"robots\" content=\"index, follow, max-snippet:-1, max-image-preview:large, max-video-preview:-1\" \/>\n<link rel=\"canonical\" href=\"https:\/\/nk7-testes.com.br\/agazeta\/fecomercio-divulga-dados-sobre-folioes-em-2016\/\" \/>\n<meta property=\"og:locale\" content=\"pt_BR\" \/>\n<meta property=\"og:type\" content=\"article\" \/>\n<meta property=\"og:title\" content=\"Fecom\u00e9rcio divulga dados sobre foli\u00f5es em 2016 - Agazeta.net\" \/>\n<meta property=\"og:description\" content=\"49% dos entrevistados v\u00e3o pular carnaval\" \/>\n<meta property=\"og:url\" content=\"https:\/\/nk7-testes.com.br\/agazeta\/fecomercio-divulga-dados-sobre-folioes-em-2016\/\" \/>\n<meta property=\"og:site_name\" content=\"Agazeta.net\" \/>\n<meta property=\"article:published_time\" content=\"2016-02-02T19:15:26+00:00\" \/>\n<meta property=\"og:image\" content=\"https:\/\/nk7-testes.com.br\/agazeta\/wp-content\/uploads\/2015\/02\/160215-cotidiano-carnavalnoesperanca-cleriston2.jpg\" \/>\n\t<meta property=\"og:image:width\" content=\"458\" \/>\n\t<meta property=\"og:image:height\" content=\"340\" \/>\n\t<meta property=\"og:image:type\" content=\"image\/jpeg\" \/>\n<meta name=\"author\" content=\"Agazeta.Net\" \/>\n<meta name=\"twitter:card\" content=\"summary_large_image\" \/>\n<meta name=\"twitter:label1\" content=\"Escrito por\" \/>\n\t<meta name=\"twitter:data1\" content=\"Agazeta.Net\" \/>\n\t<meta name=\"twitter:label2\" content=\"Est. tempo de leitura\" \/>\n\t<meta name=\"twitter:data2\" content=\"2 minutos\" \/>\n<script type=\"application\/ld+json\" class=\"yoast-schema-graph\">{\"@context\":\"https:\/\/schema.org\",\"@graph\":[{\"@type\":\"WebPage\",\"@id\":\"https:\/\/nk7-testes.com.br\/agazeta\/fecomercio-divulga-dados-sobre-folioes-em-2016\/\",\"url\":\"https:\/\/nk7-testes.com.br\/agazeta\/fecomercio-divulga-dados-sobre-folioes-em-2016\/\",\"name\":\"Fecom\u00e9rcio divulga dados sobre foli\u00f5es em 2016 - Agazeta.net\",\"isPartOf\":{\"@id\":\"https:\/\/nk7-testes.com.br\/agazeta\/#website\"},\"primaryImageOfPage\":{\"@id\":\"https:\/\/nk7-testes.com.br\/agazeta\/fecomercio-divulga-dados-sobre-folioes-em-2016\/#primaryimage\"},\"image\":{\"@id\":\"https:\/\/nk7-testes.com.br\/agazeta\/fecomercio-divulga-dados-sobre-folioes-em-2016\/#primaryimage\"},\"thumbnailUrl\":\"https:\/\/nk7-testes.com.br\/agazeta\/wp-content\/uploads\/2015\/02\/160215-cotidiano-carnavalnoesperanca-cleriston2.jpg\",\"datePublished\":\"2016-02-02T19:15:26+00:00\",\"author\":{\"@id\":\"https:\/\/nk7-testes.com.br\/agazeta\/#\/schema\/person\/6d6e25cb0435eb4a02fd44d30b4e3020\"},\"breadcrumb\":{\"@id\":\"https:\/\/nk7-testes.com.br\/agazeta\/fecomercio-divulga-dados-sobre-folioes-em-2016\/#breadcrumb\"},\"inLanguage\":\"pt-BR\",\"potentialAction\":[{\"@type\":\"ReadAction\",\"target\":[\"https:\/\/nk7-testes.com.br\/agazeta\/fecomercio-divulga-dados-sobre-folioes-em-2016\/\"]}]},{\"@type\":\"ImageObject\",\"inLanguage\":\"pt-BR\",\"@id\":\"https:\/\/nk7-testes.com.br\/agazeta\/fecomercio-divulga-dados-sobre-folioes-em-2016\/#primaryimage\",\"url\":\"https:\/\/nk7-testes.com.br\/agazeta\/wp-content\/uploads\/2015\/02\/160215-cotidiano-carnavalnoesperanca-cleriston2.jpg\",\"contentUrl\":\"https:\/\/nk7-testes.com.br\/agazeta\/wp-content\/uploads\/2015\/02\/160215-cotidiano-carnavalnoesperanca-cleriston2.jpg\",\"width\":458,\"height\":340,\"caption\":\"160215-cotidiano-carnavalnoesperanca-cleriston2\"},{\"@type\":\"BreadcrumbList\",\"@id\":\"https:\/\/nk7-testes.com.br\/agazeta\/fecomercio-divulga-dados-sobre-folioes-em-2016\/#breadcrumb\",\"itemListElement\":[{\"@type\":\"ListItem\",\"position\":1,\"name\":\"In\u00edcio\",\"item\":\"https:\/\/nk7-testes.com.br\/agazeta\/\"},{\"@type\":\"ListItem\",\"position\":2,\"name\":\"Fecom\u00e9rcio divulga dados sobre foli\u00f5es em 2016\"}]},{\"@type\":\"WebSite\",\"@id\":\"https:\/\/nk7-testes.com.br\/agazeta\/#website\",\"url\":\"https:\/\/nk7-testes.com.br\/agazeta\/\",\"name\":\"Agazeta.net\",\"description\":\"Agazeta.net - Not\u00edcias de Rio Branco\/AC\",\"potentialAction\":[{\"@type\":\"SearchAction\",\"target\":{\"@type\":\"EntryPoint\",\"urlTemplate\":\"https:\/\/nk7-testes.com.br\/agazeta\/?s={search_term_string}\"},\"query-input\":{\"@type\":\"PropertyValueSpecification\",\"valueRequired\":true,\"valueName\":\"search_term_string\"}}],\"inLanguage\":\"pt-BR\"},{\"@type\":\"Person\",\"@id\":\"https:\/\/nk7-testes.com.br\/agazeta\/#\/schema\/person\/6d6e25cb0435eb4a02fd44d30b4e3020\",\"name\":\"Agazeta.Net\",\"url\":\"https:\/\/nk7-testes.com.br\/agazeta\/author\/agazeta\/\"}]}<\/script>\n<!-- \/ Yoast SEO plugin. -->","yoast_head_json":{"title":"Fecom\u00e9rcio divulga dados sobre foli\u00f5es em 2016 - Agazeta.net","robots":{"index":"index","follow":"follow","max-snippet":"max-snippet:-1","max-image-preview":"max-image-preview:large","max-video-preview":"max-video-preview:-1"},"canonical":"https:\/\/nk7-testes.com.br\/agazeta\/fecomercio-divulga-dados-sobre-folioes-em-2016\/","og_locale":"pt_BR","og_type":"article","og_title":"Fecom\u00e9rcio divulga dados sobre foli\u00f5es em 2016 - Agazeta.net","og_description":"49% dos entrevistados v\u00e3o pular carnaval","og_url":"https:\/\/nk7-testes.com.br\/agazeta\/fecomercio-divulga-dados-sobre-folioes-em-2016\/","og_site_name":"Agazeta.net","article_published_time":"2016-02-02T19:15:26+00:00","og_image":[{"width":458,"height":340,"url":"https:\/\/nk7-testes.com.br\/agazeta\/wp-content\/uploads\/2015\/02\/160215-cotidiano-carnavalnoesperanca-cleriston2.jpg","type":"image\/jpeg"}],"author":"Agazeta.Net","twitter_card":"summary_large_image","twitter_misc":{"Escrito por":"Agazeta.Net","Est. tempo de leitura":"2 minutos"},"schema":{"@context":"https:\/\/schema.org","@graph":[{"@type":"WebPage","@id":"https:\/\/nk7-testes.com.br\/agazeta\/fecomercio-divulga-dados-sobre-folioes-em-2016\/","url":"https:\/\/nk7-testes.com.br\/agazeta\/fecomercio-divulga-dados-sobre-folioes-em-2016\/","name":"Fecom\u00e9rcio divulga dados sobre foli\u00f5es em 2016 - Agazeta.net","isPartOf":{"@id":"https:\/\/nk7-testes.com.br\/agazeta\/#website"},"primaryImageOfPage":{"@id":"https:\/\/nk7-testes.com.br\/agazeta\/fecomercio-divulga-dados-sobre-folioes-em-2016\/#primaryimage"},"image":{"@id":"https:\/\/nk7-testes.com.br\/agazeta\/fecomercio-divulga-dados-sobre-folioes-em-2016\/#primaryimage"},"thumbnailUrl":"https:\/\/nk7-testes.com.br\/agazeta\/wp-content\/uploads\/2015\/02\/160215-cotidiano-carnavalnoesperanca-cleriston2.jpg","datePublished":"2016-02-02T19:15:26+00:00","author":{"@id":"https:\/\/nk7-testes.com.br\/agazeta\/#\/schema\/person\/6d6e25cb0435eb4a02fd44d30b4e3020"},"breadcrumb":{"@id":"https:\/\/nk7-testes.com.br\/agazeta\/fecomercio-divulga-dados-sobre-folioes-em-2016\/#breadcrumb"},"inLanguage":"pt-BR","potentialAction":[{"@type":"ReadAction","target":["https:\/\/nk7-testes.com.br\/agazeta\/fecomercio-divulga-dados-sobre-folioes-em-2016\/"]}]},{"@type":"ImageObject","inLanguage":"pt-BR","@id":"https:\/\/nk7-testes.com.br\/agazeta\/fecomercio-divulga-dados-sobre-folioes-em-2016\/#primaryimage","url":"https:\/\/nk7-testes.com.br\/agazeta\/wp-content\/uploads\/2015\/02\/160215-cotidiano-carnavalnoesperanca-cleriston2.jpg","contentUrl":"https:\/\/nk7-testes.com.br\/agazeta\/wp-content\/uploads\/2015\/02\/160215-cotidiano-carnavalnoesperanca-cleriston2.jpg","width":458,"height":340,"caption":"160215-cotidiano-carnavalnoesperanca-cleriston2"},{"@type":"BreadcrumbList","@id":"https:\/\/nk7-testes.com.br\/agazeta\/fecomercio-divulga-dados-sobre-folioes-em-2016\/#breadcrumb","itemListElement":[{"@type":"ListItem","position":1,"name":"In\u00edcio","item":"https:\/\/nk7-testes.com.br\/agazeta\/"},{"@type":"ListItem","position":2,"name":"Fecom\u00e9rcio divulga dados sobre foli\u00f5es em 2016"}]},{"@type":"WebSite","@id":"https:\/\/nk7-testes.com.br\/agazeta\/#website","url":"https:\/\/nk7-testes.com.br\/agazeta\/","name":"Agazeta.net","description":"Agazeta.net - Not\u00edcias de Rio Branco\/AC","potentialAction":[{"@type":"SearchAction","target":{"@type":"EntryPoint","urlTemplate":"https:\/\/nk7-testes.com.br\/agazeta\/?s={search_term_string}"},"query-input":{"@type":"PropertyValueSpecification","valueRequired":true,"valueName":"search_term_string"}}],"inLanguage":"pt-BR"},{"@type":"Person","@id":"https:\/\/nk7-testes.com.br\/agazeta\/#\/schema\/person\/6d6e25cb0435eb4a02fd44d30b4e3020","name":"Agazeta.Net","url":"https:\/\/nk7-testes.com.br\/agazeta\/author\/agazeta\/"}]}},"_links":{"self":[{"href":"https:\/\/nk7-testes.com.br\/agazeta\/wp-json\/wp\/v2\/posts\/20912","targetHints":{"allow":["GET"]}}],"collection":[{"href":"https:\/\/nk7-testes.com.br\/agazeta\/wp-json\/wp\/v2\/posts"}],"about":[{"href":"https:\/\/nk7-testes.com.br\/agazeta\/wp-json\/wp\/v2\/types\/post"}],"author":[{"embeddable":true,"href":"https:\/\/nk7-testes.com.br\/agazeta\/wp-json\/wp\/v2\/users\/4"}],"replies":[{"embeddable":true,"href":"https:\/\/nk7-testes.com.br\/agazeta\/wp-json\/wp\/v2\/comments?post=20912"}],"version-history":[{"count":0,"href":"https:\/\/nk7-testes.com.br\/agazeta\/wp-json\/wp\/v2\/posts\/20912\/revisions"}],"wp:featuredmedia":[{"embeddable":true,"href":"https:\/\/nk7-testes.com.br\/agazeta\/wp-json\/wp\/v2\/media\/13410"}],"wp:attachment":[{"href":"https:\/\/nk7-testes.com.br\/agazeta\/wp-json\/wp\/v2\/media?parent=20912"}],"wp:term":[{"taxonomy":"category","embeddable":true,"href":"https:\/\/nk7-testes.com.br\/agazeta\/wp-json\/wp\/v2\/categories?post=20912"},{"taxonomy":"post_tag","embeddable":true,"href":"https:\/\/nk7-testes.com.br\/agazeta\/wp-json\/wp\/v2\/tags?post=20912"}],"curies":[{"name":"wp","href":"https:\/\/api.w.org\/{rel}","templated":true}]}}