{"id":20871,"date":"2016-01-31T17:46:59","date_gmt":"2016-01-31T17:46:59","guid":{"rendered":"https:\/\/abarevegan.com.br\/index.php\/2016\/01\/31\/acusados-de-falsarios-falam-sobre-prisao\/"},"modified":"2016-01-31T17:46:59","modified_gmt":"2016-01-31T17:46:59","slug":"acusados-de-falsarios-falam-sobre-prisao","status":"publish","type":"post","link":"https:\/\/nk7-testes.com.br\/agazeta\/acusados-de-falsarios-falam-sobre-prisao\/","title":{"rendered":"Acusados de fals\u00e1rios falam sobre pris\u00e3o"},"content":{"rendered":"<p style=\"text-align: justify;\">Foram acusados pela pol\u00edcia, mas notas eram verdadeiras<\/p>\n<p style=\"text-align: justify;\">Homens presos por supostamente repassar notas falsas em casa noturna falam ap\u00f3s pol\u00edcia federal concluir que o dinheiro \u00e9 verdadeiro.<\/p>\n<p style=\"text-align: justify;\">Tr\u00eas dos cinco homens que foram presos no dia 10 de janeiro, em uma casa noturna de Rio Branco falaram pela primeira vez. Eles foram acusados por uma funcion\u00e1ria do estabelecimento, de repassar notas falsas.<\/p>\n<p style=\"text-align: justify;\">A Pol\u00edcia Civil manteve o grupo detido na Delegacia de Flagrantes por aproximadamente 8 horas, e o caso foi repassado para a Pol\u00edcia Federal. Na \u00e9poca, o delegado da PF n\u00e3o manteve a pris\u00e3o, mas o dinheiro foi apreendido.<\/p>\n<p style=\"text-align: justify;\">Nesta quinta-feira, o laudo da per\u00edcia concluiu que as notas, cerca de R$ 3 mil apreendidos com os cinco homens, s\u00e3o verdadeiras.<\/p>\n<p style=\"text-align: justify;\">O mec\u00e2nico Odair Freitas afirma que nesse per\u00edodo sofreu \u201clinchamento moral\u201d. At\u00e9 familiares suspeitaram dele. \u201cMinha vida mudou completamente depois disso. Ou\u00e7o goza\u00e7\u00f5es de amigos que dizem pra eu fazer dinheiro falso pra eles. A minha m\u00e3e passou tr\u00eas dias sem falar comigo. Minha av\u00f3 de 70 anos \u201cvi\u201d a hora de ter um infarto. Porque minha cria\u00e7\u00e3o n\u00e3o foi desse jeito\u201d, disse.<\/p>\n<p style=\"text-align: justify;\">Odair entrou na casa noturna com o amigo Josimar. Ele afirma que n\u00e3o conhece os outros envolvidos nas acusa\u00e7\u00f5es. O grupo foi apontado pela funcion\u00e1ria da casa noturna, e a pol\u00edcia revistou um a um.<\/p>\n<p style=\"text-align: justify;\">\u201cMe algemaram e me jogaram no cambur\u00e3o. Fui at\u00e9 a delegacia com a cabe\u00e7a batendo\u201d, relata Odair.<\/p>\n<p style=\"text-align: justify;\">Para o agente penitenci\u00e1rio Josimar Oliveira as consequ\u00eancias foram ainda piores. A profiss\u00e3o ligada \u00e0 Seguran\u00e7a P\u00fablica foi acentuada na divulga\u00e7\u00e3o do caso. Ele afirma que ter sido algemado e acusado injustamente lhe causaram danos irrepar\u00e1veis. \u201cPessoal com preconceito no meu trabalho e agora vamos procurar Justi\u00e7a\u201d, afirma.<\/p>\n<p style=\"text-align: justify;\">Welington Ferreira est\u00e1 desempregado. Ele acredita que a repercuss\u00e3o do caso pode prejudic\u00e1-lo a conseguir um novo trabalho. \u201cDeixei curr\u00edculo em v\u00e1rios cantos, acabou meu seguro desemprego, minha cara t\u00e1 queimada na cidade\u201d, explica.<\/p>\n<p style=\"text-align: justify;\">A assessoria jur\u00eddica da Associa\u00e7\u00e3o dos Agentes Penitenci\u00e1rios vai ingressar na Justi\u00e7a com processo contra v\u00e1rios ve\u00edculos de comunica\u00e7\u00e3o que n\u00e3o deram o direito dos envolvidos falarem e ainda contra a casa noturna e o Estado.<\/p>\n<p style=\"text-align: justify;\"><strong>Os outros lados<\/strong><\/p>\n<p style=\"text-align: justify;\">Por telefone, o propriet\u00e1rio da casa noturna Inbox, Neto Brito afirmou que n\u00e3o foi nenhum funcion\u00e1rio do estabelecimento quem fez a den\u00fancia de notas falsas. Disse ainda, que a o local recebe, frequentemente, dinheiro falso, por\u00e9m, n\u00e3o tem como saber exatamente quem passou as notas, a n\u00e3o ser que o indiv\u00edduo seja flagrado. <br \/>Ele finalizou dizendo que s\u00f3 se deu conta do problema, quando a Pol\u00edcia Civil e o Bope chegaram ao local.<\/p>\n<p style=\"text-align: justify;\">A Secretaria de Pol\u00edcia Civil, por meio de nota, tamb\u00e9m se pronunciou sobre o caso, dizendo que o Batalh\u00e3o de Opera\u00e7\u00f5es Especiais (Bope) foi acionado para acompanhar o atendimento de uma ocorr\u00eancia envolvendo supostas c\u00e9dulas falsas.<\/p>\n<p style=\"text-align: justify;\">Os funcion\u00e1rios do estabelecimento informaram que o mecanismo utilizado para uma checagem preliminar de c\u00e9dulas, sinalizou n\u00e3o se tratar de moeda original. A nota diz ainda que a Pol\u00edcia Civil n\u00e3o se omitiu em atender um suposto crime, cumpriu sua obriga\u00e7\u00e3o legal, encaminhando imediatamente a ocorr\u00eancia para Pol\u00edcia Federal.<\/p>\n","protected":false},"excerpt":{"rendered":"<p style=\"text-align: justify;\">Foram acusados pela pol\u00edcia, mas notas eram verdadeiras<\/p>\n","protected":false},"author":4,"featured_media":20870,"comment_status":"open","ping_status":"open","sticky":false,"template":"","format":"standard","meta":{"jnews-multi-image_gallery":[],"jnews_single_post":[],"jnews_primary_category":[],"jnews_social_meta":[],"jnews_review":[],"enable_review":"","type":"","name":"","summary":"","brand":"","sku":"","good":[],"bad":[],"score_override":"","override_value":"","rating":[],"price":[],"footnotes":""},"categories":[44],"tags":[],"class_list":["post-20871","post","type-post","status-publish","format-standard","has-post-thumbnail","hentry","category-policia"],"yoast_head":"<!-- This site is optimized with the Yoast SEO plugin v26.5 - https:\/\/yoast.com\/wordpress\/plugins\/seo\/ -->\n<title>Acusados de fals\u00e1rios falam sobre pris\u00e3o - Agazeta.net<\/title>\n<meta name=\"robots\" content=\"index, follow, max-snippet:-1, max-image-preview:large, max-video-preview:-1\" \/>\n<link rel=\"canonical\" href=\"https:\/\/nk7-testes.com.br\/agazeta\/acusados-de-falsarios-falam-sobre-prisao\/\" \/>\n<meta property=\"og:locale\" content=\"pt_BR\" \/>\n<meta property=\"og:type\" content=\"article\" \/>\n<meta property=\"og:title\" content=\"Acusados de fals\u00e1rios falam sobre pris\u00e3o - Agazeta.net\" \/>\n<meta property=\"og:description\" content=\"Foram acusados pela pol\u00edcia, mas notas eram verdadeiras\" \/>\n<meta property=\"og:url\" content=\"https:\/\/nk7-testes.com.br\/agazeta\/acusados-de-falsarios-falam-sobre-prisao\/\" \/>\n<meta property=\"og:site_name\" content=\"Agazeta.net\" \/>\n<meta property=\"article:published_time\" content=\"2016-01-31T17:46:59+00:00\" \/>\n<meta property=\"og:image\" content=\"https:\/\/nk7-testes.com.br\/agazeta\/wp-content\/uploads\/2016\/01\/100116-policia-grupofalsificadores-tvgazeta.jpg\" \/>\n\t<meta property=\"og:image:width\" content=\"410\" \/>\n\t<meta property=\"og:image:height\" content=\"305\" \/>\n\t<meta property=\"og:image:type\" content=\"image\/jpeg\" \/>\n<meta name=\"author\" content=\"Agazeta.Net\" \/>\n<meta name=\"twitter:card\" content=\"summary_large_image\" \/>\n<meta name=\"twitter:label1\" content=\"Escrito por\" \/>\n\t<meta name=\"twitter:data1\" content=\"Agazeta.Net\" \/>\n\t<meta name=\"twitter:label2\" content=\"Est. tempo de leitura\" \/>\n\t<meta name=\"twitter:data2\" content=\"3 minutos\" \/>\n<script type=\"application\/ld+json\" class=\"yoast-schema-graph\">{\"@context\":\"https:\/\/schema.org\",\"@graph\":[{\"@type\":\"WebPage\",\"@id\":\"https:\/\/nk7-testes.com.br\/agazeta\/acusados-de-falsarios-falam-sobre-prisao\/\",\"url\":\"https:\/\/nk7-testes.com.br\/agazeta\/acusados-de-falsarios-falam-sobre-prisao\/\",\"name\":\"Acusados de fals\u00e1rios falam sobre pris\u00e3o - Agazeta.net\",\"isPartOf\":{\"@id\":\"https:\/\/nk7-testes.com.br\/agazeta\/#website\"},\"primaryImageOfPage\":{\"@id\":\"https:\/\/nk7-testes.com.br\/agazeta\/acusados-de-falsarios-falam-sobre-prisao\/#primaryimage\"},\"image\":{\"@id\":\"https:\/\/nk7-testes.com.br\/agazeta\/acusados-de-falsarios-falam-sobre-prisao\/#primaryimage\"},\"thumbnailUrl\":\"https:\/\/nk7-testes.com.br\/agazeta\/wp-content\/uploads\/2016\/01\/100116-policia-grupofalsificadores-tvgazeta.jpg\",\"datePublished\":\"2016-01-31T17:46:59+00:00\",\"author\":{\"@id\":\"https:\/\/nk7-testes.com.br\/agazeta\/#\/schema\/person\/6d6e25cb0435eb4a02fd44d30b4e3020\"},\"breadcrumb\":{\"@id\":\"https:\/\/nk7-testes.com.br\/agazeta\/acusados-de-falsarios-falam-sobre-prisao\/#breadcrumb\"},\"inLanguage\":\"pt-BR\",\"potentialAction\":[{\"@type\":\"ReadAction\",\"target\":[\"https:\/\/nk7-testes.com.br\/agazeta\/acusados-de-falsarios-falam-sobre-prisao\/\"]}]},{\"@type\":\"ImageObject\",\"inLanguage\":\"pt-BR\",\"@id\":\"https:\/\/nk7-testes.com.br\/agazeta\/acusados-de-falsarios-falam-sobre-prisao\/#primaryimage\",\"url\":\"https:\/\/nk7-testes.com.br\/agazeta\/wp-content\/uploads\/2016\/01\/100116-policia-grupofalsificadores-tvgazeta.jpg\",\"contentUrl\":\"https:\/\/nk7-testes.com.br\/agazeta\/wp-content\/uploads\/2016\/01\/100116-policia-grupofalsificadores-tvgazeta.jpg\",\"width\":410,\"height\":305,\"caption\":\"100116-policia-grupofalsificadores-tvgazeta\"},{\"@type\":\"BreadcrumbList\",\"@id\":\"https:\/\/nk7-testes.com.br\/agazeta\/acusados-de-falsarios-falam-sobre-prisao\/#breadcrumb\",\"itemListElement\":[{\"@type\":\"ListItem\",\"position\":1,\"name\":\"In\u00edcio\",\"item\":\"https:\/\/nk7-testes.com.br\/agazeta\/\"},{\"@type\":\"ListItem\",\"position\":2,\"name\":\"Acusados de fals\u00e1rios falam sobre pris\u00e3o\"}]},{\"@type\":\"WebSite\",\"@id\":\"https:\/\/nk7-testes.com.br\/agazeta\/#website\",\"url\":\"https:\/\/nk7-testes.com.br\/agazeta\/\",\"name\":\"Agazeta.net\",\"description\":\"Agazeta.net - Not\u00edcias de Rio Branco\/AC\",\"potentialAction\":[{\"@type\":\"SearchAction\",\"target\":{\"@type\":\"EntryPoint\",\"urlTemplate\":\"https:\/\/nk7-testes.com.br\/agazeta\/?s={search_term_string}\"},\"query-input\":{\"@type\":\"PropertyValueSpecification\",\"valueRequired\":true,\"valueName\":\"search_term_string\"}}],\"inLanguage\":\"pt-BR\"},{\"@type\":\"Person\",\"@id\":\"https:\/\/nk7-testes.com.br\/agazeta\/#\/schema\/person\/6d6e25cb0435eb4a02fd44d30b4e3020\",\"name\":\"Agazeta.Net\",\"url\":\"https:\/\/nk7-testes.com.br\/agazeta\/author\/agazeta\/\"}]}<\/script>\n<!-- \/ Yoast SEO plugin. -->","yoast_head_json":{"title":"Acusados de fals\u00e1rios falam sobre pris\u00e3o - Agazeta.net","robots":{"index":"index","follow":"follow","max-snippet":"max-snippet:-1","max-image-preview":"max-image-preview:large","max-video-preview":"max-video-preview:-1"},"canonical":"https:\/\/nk7-testes.com.br\/agazeta\/acusados-de-falsarios-falam-sobre-prisao\/","og_locale":"pt_BR","og_type":"article","og_title":"Acusados de fals\u00e1rios falam sobre pris\u00e3o - Agazeta.net","og_description":"Foram acusados pela pol\u00edcia, mas notas eram verdadeiras","og_url":"https:\/\/nk7-testes.com.br\/agazeta\/acusados-de-falsarios-falam-sobre-prisao\/","og_site_name":"Agazeta.net","article_published_time":"2016-01-31T17:46:59+00:00","og_image":[{"width":410,"height":305,"url":"https:\/\/nk7-testes.com.br\/agazeta\/wp-content\/uploads\/2016\/01\/100116-policia-grupofalsificadores-tvgazeta.jpg","type":"image\/jpeg"}],"author":"Agazeta.Net","twitter_card":"summary_large_image","twitter_misc":{"Escrito por":"Agazeta.Net","Est. tempo de leitura":"3 minutos"},"schema":{"@context":"https:\/\/schema.org","@graph":[{"@type":"WebPage","@id":"https:\/\/nk7-testes.com.br\/agazeta\/acusados-de-falsarios-falam-sobre-prisao\/","url":"https:\/\/nk7-testes.com.br\/agazeta\/acusados-de-falsarios-falam-sobre-prisao\/","name":"Acusados de fals\u00e1rios falam sobre pris\u00e3o - Agazeta.net","isPartOf":{"@id":"https:\/\/nk7-testes.com.br\/agazeta\/#website"},"primaryImageOfPage":{"@id":"https:\/\/nk7-testes.com.br\/agazeta\/acusados-de-falsarios-falam-sobre-prisao\/#primaryimage"},"image":{"@id":"https:\/\/nk7-testes.com.br\/agazeta\/acusados-de-falsarios-falam-sobre-prisao\/#primaryimage"},"thumbnailUrl":"https:\/\/nk7-testes.com.br\/agazeta\/wp-content\/uploads\/2016\/01\/100116-policia-grupofalsificadores-tvgazeta.jpg","datePublished":"2016-01-31T17:46:59+00:00","author":{"@id":"https:\/\/nk7-testes.com.br\/agazeta\/#\/schema\/person\/6d6e25cb0435eb4a02fd44d30b4e3020"},"breadcrumb":{"@id":"https:\/\/nk7-testes.com.br\/agazeta\/acusados-de-falsarios-falam-sobre-prisao\/#breadcrumb"},"inLanguage":"pt-BR","potentialAction":[{"@type":"ReadAction","target":["https:\/\/nk7-testes.com.br\/agazeta\/acusados-de-falsarios-falam-sobre-prisao\/"]}]},{"@type":"ImageObject","inLanguage":"pt-BR","@id":"https:\/\/nk7-testes.com.br\/agazeta\/acusados-de-falsarios-falam-sobre-prisao\/#primaryimage","url":"https:\/\/nk7-testes.com.br\/agazeta\/wp-content\/uploads\/2016\/01\/100116-policia-grupofalsificadores-tvgazeta.jpg","contentUrl":"https:\/\/nk7-testes.com.br\/agazeta\/wp-content\/uploads\/2016\/01\/100116-policia-grupofalsificadores-tvgazeta.jpg","width":410,"height":305,"caption":"100116-policia-grupofalsificadores-tvgazeta"},{"@type":"BreadcrumbList","@id":"https:\/\/nk7-testes.com.br\/agazeta\/acusados-de-falsarios-falam-sobre-prisao\/#breadcrumb","itemListElement":[{"@type":"ListItem","position":1,"name":"In\u00edcio","item":"https:\/\/nk7-testes.com.br\/agazeta\/"},{"@type":"ListItem","position":2,"name":"Acusados de fals\u00e1rios falam sobre pris\u00e3o"}]},{"@type":"WebSite","@id":"https:\/\/nk7-testes.com.br\/agazeta\/#website","url":"https:\/\/nk7-testes.com.br\/agazeta\/","name":"Agazeta.net","description":"Agazeta.net - Not\u00edcias de Rio Branco\/AC","potentialAction":[{"@type":"SearchAction","target":{"@type":"EntryPoint","urlTemplate":"https:\/\/nk7-testes.com.br\/agazeta\/?s={search_term_string}"},"query-input":{"@type":"PropertyValueSpecification","valueRequired":true,"valueName":"search_term_string"}}],"inLanguage":"pt-BR"},{"@type":"Person","@id":"https:\/\/nk7-testes.com.br\/agazeta\/#\/schema\/person\/6d6e25cb0435eb4a02fd44d30b4e3020","name":"Agazeta.Net","url":"https:\/\/nk7-testes.com.br\/agazeta\/author\/agazeta\/"}]}},"_links":{"self":[{"href":"https:\/\/nk7-testes.com.br\/agazeta\/wp-json\/wp\/v2\/posts\/20871","targetHints":{"allow":["GET"]}}],"collection":[{"href":"https:\/\/nk7-testes.com.br\/agazeta\/wp-json\/wp\/v2\/posts"}],"about":[{"href":"https:\/\/nk7-testes.com.br\/agazeta\/wp-json\/wp\/v2\/types\/post"}],"author":[{"embeddable":true,"href":"https:\/\/nk7-testes.com.br\/agazeta\/wp-json\/wp\/v2\/users\/4"}],"replies":[{"embeddable":true,"href":"https:\/\/nk7-testes.com.br\/agazeta\/wp-json\/wp\/v2\/comments?post=20871"}],"version-history":[{"count":0,"href":"https:\/\/nk7-testes.com.br\/agazeta\/wp-json\/wp\/v2\/posts\/20871\/revisions"}],"wp:featuredmedia":[{"embeddable":true,"href":"https:\/\/nk7-testes.com.br\/agazeta\/wp-json\/wp\/v2\/media\/20870"}],"wp:attachment":[{"href":"https:\/\/nk7-testes.com.br\/agazeta\/wp-json\/wp\/v2\/media?parent=20871"}],"wp:term":[{"taxonomy":"category","embeddable":true,"href":"https:\/\/nk7-testes.com.br\/agazeta\/wp-json\/wp\/v2\/categories?post=20871"},{"taxonomy":"post_tag","embeddable":true,"href":"https:\/\/nk7-testes.com.br\/agazeta\/wp-json\/wp\/v2\/tags?post=20871"}],"curies":[{"name":"wp","href":"https:\/\/api.w.org\/{rel}","templated":true}]}}