{"id":20818,"date":"2016-01-27T21:19:58","date_gmt":"2016-01-27T21:19:58","guid":{"rendered":"https:\/\/abarevegan.com.br\/index.php\/2016\/01\/27\/museu-dos-autonomistas-recebe-holocausto\/"},"modified":"2016-01-27T21:19:58","modified_gmt":"2016-01-27T21:19:58","slug":"museu-dos-autonomistas-recebe-holocausto","status":"publish","type":"post","link":"https:\/\/nk7-testes.com.br\/agazeta\/museu-dos-autonomistas-recebe-holocausto\/","title":{"rendered":"Museu dos Autonomistas recebe \u201cHolocausto\u201d"},"content":{"rendered":"<p style=\"text-align: justify;\">\u201cEducando para Recordar\u201d<\/p>\n<p style=\"text-align: justify;\">O massacre dos alem\u00e3es contra os judeus no per\u00edodo da segunda guerra mundial \u00e9 lembrado em todo o mundo neste dia 27 de janeiro. No Acre, a Embaixada Mundial dos Ativistas pela Paz realiza a exposi\u00e7\u00e3o denominada \u201cHolocausto: educando para recordar\u201d. O evento \u00e9 marcado pela mem\u00f3ria as v\u00edtimas do movimento nazista adotado por Adolf Hitler, que culminou na morte de pelo menos 6 milh\u00f5es de judeus.<\/p>\n<p style=\"text-align: justify;\">No memorial dos Autonomistas, uma exposi\u00e7\u00e3o de fotos mostrou como os judeus eram tratados nos campos de concentra\u00e7\u00e3o. Segundo o coordenador da embaixada, Patr\u00edcio Almeida, a ideia \u00e9 levar as pessoas um sentimento de respeito pelo outro, evitando preconceitos e discrimina\u00e7\u00e3o.<\/p>\n<p style=\"text-align: justify;\">\u201cTrazendo essa exposi\u00e7\u00e3o de fotos, de fatos, de coisas ver\u00eddicas que aconteceram na segunda guerra mundial, com o exterm\u00ednio de seis milh\u00f5es de judeus, buscamos a conscientiza\u00e7\u00e3o da popula\u00e7\u00e3o para que jamais volte a acontecer\u201d.<\/p>\n<p style=\"text-align: justify;\">Os visitantes da exposi\u00e7\u00e3o demonstraram que j\u00e1 conheciam a hist\u00f3ria, mas o que chamou a aten\u00e7\u00e3o foram as fotos que retratam a realidade da \u00e9poca e o sofrimento do povo perseguido.<\/p>\n<p style=\"text-align: justify;\">\u201cO que mais me tocou foi ver essas imagens, essas informa\u00e7\u00f5es e ter uma reflex\u00e3o de que, como ser humano, essa quest\u00e3o da discrimina\u00e7\u00e3o e do preconceito que gerou o Holocausto \u00e9 algo t\u00e3o banal que \u00e9 inconceb\u00edvel que adotemos praticas como estas\u201d, disse o estudante Airton Santos.<\/p>\n<p style=\"text-align: justify;\">A exposi\u00e7\u00e3o vai at\u00e9 o pr\u00f3ximo domingo, dia 31, e estar\u00e1 aberta das 9horas at\u00e9 \u00e0s 21 horas.<\/p>\n","protected":false},"excerpt":{"rendered":"<p style=\"text-align: justify;\">\u201cEducando para Recordar\u201d<\/p>\n","protected":false},"author":4,"featured_media":20817,"comment_status":"open","ping_status":"open","sticky":false,"template":"","format":"standard","meta":{"jnews-multi-image_gallery":[],"jnews_single_post":[],"jnews_primary_category":[],"jnews_social_meta":[],"jnews_review":[],"enable_review":"","type":"","name":"","summary":"","brand":"","sku":"","good":[],"bad":[],"score_override":"","override_value":"","rating":[],"price":[],"footnotes":""},"categories":[54],"tags":[],"class_list":["post-20818","post","type-post","status-publish","format-standard","has-post-thumbnail","hentry","category-cotidiano"],"yoast_head":"<!-- This site is optimized with the Yoast SEO plugin v26.5 - https:\/\/yoast.com\/wordpress\/plugins\/seo\/ -->\n<title>Museu dos Autonomistas recebe \u201cHolocausto\u201d - Agazeta.net<\/title>\n<meta name=\"robots\" content=\"index, follow, max-snippet:-1, max-image-preview:large, max-video-preview:-1\" \/>\n<link rel=\"canonical\" href=\"https:\/\/nk7-testes.com.br\/agazeta\/museu-dos-autonomistas-recebe-holocausto\/\" \/>\n<meta property=\"og:locale\" content=\"pt_BR\" \/>\n<meta property=\"og:type\" content=\"article\" \/>\n<meta property=\"og:title\" content=\"Museu dos Autonomistas recebe \u201cHolocausto\u201d - Agazeta.net\" \/>\n<meta property=\"og:description\" content=\"\u201cEducando para Recordar\u201d\" \/>\n<meta property=\"og:url\" content=\"https:\/\/nk7-testes.com.br\/agazeta\/museu-dos-autonomistas-recebe-holocausto\/\" \/>\n<meta property=\"og:site_name\" content=\"Agazeta.net\" \/>\n<meta property=\"article:published_time\" content=\"2016-01-27T21:19:58+00:00\" \/>\n<meta property=\"og:image\" content=\"https:\/\/nk7-testes.com.br\/agazeta\/wp-content\/uploads\/2016\/01\/270116-cotidiano-exposicaoholocausto-tvgazeta.jpg\" \/>\n\t<meta property=\"og:image:width\" content=\"458\" \/>\n\t<meta property=\"og:image:height\" content=\"340\" \/>\n\t<meta property=\"og:image:type\" content=\"image\/jpeg\" \/>\n<meta name=\"author\" content=\"Agazeta.Net\" \/>\n<meta name=\"twitter:card\" content=\"summary_large_image\" \/>\n<meta name=\"twitter:label1\" content=\"Escrito por\" \/>\n\t<meta name=\"twitter:data1\" content=\"Agazeta.Net\" \/>\n\t<meta name=\"twitter:label2\" content=\"Est. tempo de leitura\" \/>\n\t<meta name=\"twitter:data2\" content=\"1 minuto\" \/>\n<script type=\"application\/ld+json\" class=\"yoast-schema-graph\">{\"@context\":\"https:\/\/schema.org\",\"@graph\":[{\"@type\":\"WebPage\",\"@id\":\"https:\/\/nk7-testes.com.br\/agazeta\/museu-dos-autonomistas-recebe-holocausto\/\",\"url\":\"https:\/\/nk7-testes.com.br\/agazeta\/museu-dos-autonomistas-recebe-holocausto\/\",\"name\":\"Museu dos Autonomistas recebe \u201cHolocausto\u201d - Agazeta.net\",\"isPartOf\":{\"@id\":\"https:\/\/nk7-testes.com.br\/agazeta\/#website\"},\"primaryImageOfPage\":{\"@id\":\"https:\/\/nk7-testes.com.br\/agazeta\/museu-dos-autonomistas-recebe-holocausto\/#primaryimage\"},\"image\":{\"@id\":\"https:\/\/nk7-testes.com.br\/agazeta\/museu-dos-autonomistas-recebe-holocausto\/#primaryimage\"},\"thumbnailUrl\":\"https:\/\/nk7-testes.com.br\/agazeta\/wp-content\/uploads\/2016\/01\/270116-cotidiano-exposicaoholocausto-tvgazeta.jpg\",\"datePublished\":\"2016-01-27T21:19:58+00:00\",\"author\":{\"@id\":\"https:\/\/nk7-testes.com.br\/agazeta\/#\/schema\/person\/6d6e25cb0435eb4a02fd44d30b4e3020\"},\"breadcrumb\":{\"@id\":\"https:\/\/nk7-testes.com.br\/agazeta\/museu-dos-autonomistas-recebe-holocausto\/#breadcrumb\"},\"inLanguage\":\"pt-BR\",\"potentialAction\":[{\"@type\":\"ReadAction\",\"target\":[\"https:\/\/nk7-testes.com.br\/agazeta\/museu-dos-autonomistas-recebe-holocausto\/\"]}]},{\"@type\":\"ImageObject\",\"inLanguage\":\"pt-BR\",\"@id\":\"https:\/\/nk7-testes.com.br\/agazeta\/museu-dos-autonomistas-recebe-holocausto\/#primaryimage\",\"url\":\"https:\/\/nk7-testes.com.br\/agazeta\/wp-content\/uploads\/2016\/01\/270116-cotidiano-exposicaoholocausto-tvgazeta.jpg\",\"contentUrl\":\"https:\/\/nk7-testes.com.br\/agazeta\/wp-content\/uploads\/2016\/01\/270116-cotidiano-exposicaoholocausto-tvgazeta.jpg\",\"width\":458,\"height\":340,\"caption\":\"270116-cotidiano-exposicaoholocausto-tvgazeta\"},{\"@type\":\"BreadcrumbList\",\"@id\":\"https:\/\/nk7-testes.com.br\/agazeta\/museu-dos-autonomistas-recebe-holocausto\/#breadcrumb\",\"itemListElement\":[{\"@type\":\"ListItem\",\"position\":1,\"name\":\"In\u00edcio\",\"item\":\"https:\/\/nk7-testes.com.br\/agazeta\/\"},{\"@type\":\"ListItem\",\"position\":2,\"name\":\"Museu dos Autonomistas recebe \u201cHolocausto\u201d\"}]},{\"@type\":\"WebSite\",\"@id\":\"https:\/\/nk7-testes.com.br\/agazeta\/#website\",\"url\":\"https:\/\/nk7-testes.com.br\/agazeta\/\",\"name\":\"Agazeta.net\",\"description\":\"Agazeta.net - Not\u00edcias de Rio Branco\/AC\",\"potentialAction\":[{\"@type\":\"SearchAction\",\"target\":{\"@type\":\"EntryPoint\",\"urlTemplate\":\"https:\/\/nk7-testes.com.br\/agazeta\/?s={search_term_string}\"},\"query-input\":{\"@type\":\"PropertyValueSpecification\",\"valueRequired\":true,\"valueName\":\"search_term_string\"}}],\"inLanguage\":\"pt-BR\"},{\"@type\":\"Person\",\"@id\":\"https:\/\/nk7-testes.com.br\/agazeta\/#\/schema\/person\/6d6e25cb0435eb4a02fd44d30b4e3020\",\"name\":\"Agazeta.Net\",\"url\":\"https:\/\/nk7-testes.com.br\/agazeta\/author\/agazeta\/\"}]}<\/script>\n<!-- \/ Yoast SEO plugin. -->","yoast_head_json":{"title":"Museu dos Autonomistas recebe \u201cHolocausto\u201d - Agazeta.net","robots":{"index":"index","follow":"follow","max-snippet":"max-snippet:-1","max-image-preview":"max-image-preview:large","max-video-preview":"max-video-preview:-1"},"canonical":"https:\/\/nk7-testes.com.br\/agazeta\/museu-dos-autonomistas-recebe-holocausto\/","og_locale":"pt_BR","og_type":"article","og_title":"Museu dos Autonomistas recebe \u201cHolocausto\u201d - Agazeta.net","og_description":"\u201cEducando para Recordar\u201d","og_url":"https:\/\/nk7-testes.com.br\/agazeta\/museu-dos-autonomistas-recebe-holocausto\/","og_site_name":"Agazeta.net","article_published_time":"2016-01-27T21:19:58+00:00","og_image":[{"width":458,"height":340,"url":"https:\/\/nk7-testes.com.br\/agazeta\/wp-content\/uploads\/2016\/01\/270116-cotidiano-exposicaoholocausto-tvgazeta.jpg","type":"image\/jpeg"}],"author":"Agazeta.Net","twitter_card":"summary_large_image","twitter_misc":{"Escrito por":"Agazeta.Net","Est. tempo de leitura":"1 minuto"},"schema":{"@context":"https:\/\/schema.org","@graph":[{"@type":"WebPage","@id":"https:\/\/nk7-testes.com.br\/agazeta\/museu-dos-autonomistas-recebe-holocausto\/","url":"https:\/\/nk7-testes.com.br\/agazeta\/museu-dos-autonomistas-recebe-holocausto\/","name":"Museu dos Autonomistas recebe \u201cHolocausto\u201d - Agazeta.net","isPartOf":{"@id":"https:\/\/nk7-testes.com.br\/agazeta\/#website"},"primaryImageOfPage":{"@id":"https:\/\/nk7-testes.com.br\/agazeta\/museu-dos-autonomistas-recebe-holocausto\/#primaryimage"},"image":{"@id":"https:\/\/nk7-testes.com.br\/agazeta\/museu-dos-autonomistas-recebe-holocausto\/#primaryimage"},"thumbnailUrl":"https:\/\/nk7-testes.com.br\/agazeta\/wp-content\/uploads\/2016\/01\/270116-cotidiano-exposicaoholocausto-tvgazeta.jpg","datePublished":"2016-01-27T21:19:58+00:00","author":{"@id":"https:\/\/nk7-testes.com.br\/agazeta\/#\/schema\/person\/6d6e25cb0435eb4a02fd44d30b4e3020"},"breadcrumb":{"@id":"https:\/\/nk7-testes.com.br\/agazeta\/museu-dos-autonomistas-recebe-holocausto\/#breadcrumb"},"inLanguage":"pt-BR","potentialAction":[{"@type":"ReadAction","target":["https:\/\/nk7-testes.com.br\/agazeta\/museu-dos-autonomistas-recebe-holocausto\/"]}]},{"@type":"ImageObject","inLanguage":"pt-BR","@id":"https:\/\/nk7-testes.com.br\/agazeta\/museu-dos-autonomistas-recebe-holocausto\/#primaryimage","url":"https:\/\/nk7-testes.com.br\/agazeta\/wp-content\/uploads\/2016\/01\/270116-cotidiano-exposicaoholocausto-tvgazeta.jpg","contentUrl":"https:\/\/nk7-testes.com.br\/agazeta\/wp-content\/uploads\/2016\/01\/270116-cotidiano-exposicaoholocausto-tvgazeta.jpg","width":458,"height":340,"caption":"270116-cotidiano-exposicaoholocausto-tvgazeta"},{"@type":"BreadcrumbList","@id":"https:\/\/nk7-testes.com.br\/agazeta\/museu-dos-autonomistas-recebe-holocausto\/#breadcrumb","itemListElement":[{"@type":"ListItem","position":1,"name":"In\u00edcio","item":"https:\/\/nk7-testes.com.br\/agazeta\/"},{"@type":"ListItem","position":2,"name":"Museu dos Autonomistas recebe \u201cHolocausto\u201d"}]},{"@type":"WebSite","@id":"https:\/\/nk7-testes.com.br\/agazeta\/#website","url":"https:\/\/nk7-testes.com.br\/agazeta\/","name":"Agazeta.net","description":"Agazeta.net - Not\u00edcias de Rio Branco\/AC","potentialAction":[{"@type":"SearchAction","target":{"@type":"EntryPoint","urlTemplate":"https:\/\/nk7-testes.com.br\/agazeta\/?s={search_term_string}"},"query-input":{"@type":"PropertyValueSpecification","valueRequired":true,"valueName":"search_term_string"}}],"inLanguage":"pt-BR"},{"@type":"Person","@id":"https:\/\/nk7-testes.com.br\/agazeta\/#\/schema\/person\/6d6e25cb0435eb4a02fd44d30b4e3020","name":"Agazeta.Net","url":"https:\/\/nk7-testes.com.br\/agazeta\/author\/agazeta\/"}]}},"_links":{"self":[{"href":"https:\/\/nk7-testes.com.br\/agazeta\/wp-json\/wp\/v2\/posts\/20818","targetHints":{"allow":["GET"]}}],"collection":[{"href":"https:\/\/nk7-testes.com.br\/agazeta\/wp-json\/wp\/v2\/posts"}],"about":[{"href":"https:\/\/nk7-testes.com.br\/agazeta\/wp-json\/wp\/v2\/types\/post"}],"author":[{"embeddable":true,"href":"https:\/\/nk7-testes.com.br\/agazeta\/wp-json\/wp\/v2\/users\/4"}],"replies":[{"embeddable":true,"href":"https:\/\/nk7-testes.com.br\/agazeta\/wp-json\/wp\/v2\/comments?post=20818"}],"version-history":[{"count":0,"href":"https:\/\/nk7-testes.com.br\/agazeta\/wp-json\/wp\/v2\/posts\/20818\/revisions"}],"wp:featuredmedia":[{"embeddable":true,"href":"https:\/\/nk7-testes.com.br\/agazeta\/wp-json\/wp\/v2\/media\/20817"}],"wp:attachment":[{"href":"https:\/\/nk7-testes.com.br\/agazeta\/wp-json\/wp\/v2\/media?parent=20818"}],"wp:term":[{"taxonomy":"category","embeddable":true,"href":"https:\/\/nk7-testes.com.br\/agazeta\/wp-json\/wp\/v2\/categories?post=20818"},{"taxonomy":"post_tag","embeddable":true,"href":"https:\/\/nk7-testes.com.br\/agazeta\/wp-json\/wp\/v2\/tags?post=20818"}],"curies":[{"name":"wp","href":"https:\/\/api.w.org\/{rel}","templated":true}]}}