{"id":20810,"date":"2016-01-27T20:09:40","date_gmt":"2016-01-27T20:09:40","guid":{"rendered":"https:\/\/abarevegan.com.br\/index.php\/2016\/01\/27\/vitima-reclama-de-desdem-da-policia\/"},"modified":"2016-01-27T20:09:40","modified_gmt":"2016-01-27T20:09:40","slug":"vitima-reclama-de-desdem-da-policia","status":"publish","type":"post","link":"https:\/\/nk7-testes.com.br\/agazeta\/vitima-reclama-de-desdem-da-policia\/","title":{"rendered":"V\u00edtima reclama de \u201cdesd\u00e9m\u201d da pol\u00edcia"},"content":{"rendered":"<p style=\"text-align: justify;\">Mulher e dois filhos foram assaltados em casa<\/p>\n<p style=\"text-align: justify;\">O assalto aconteceu na madrugada desta quarta-feira (27). Os bandidos pularam o muro da resid\u00eancia no Bairro Cidade Nova e entraram pela porta da \u00e1rea de limpeza. A mulher e os dois filhos (um de 4 e o outro de 8 anos) foram mantidos ref\u00e9ns no quarto. O lugar foi totalmente revirado pelos assaltantes.<\/p>\n<p style=\"text-align: justify;\">Segundo a v\u00edtima, os assaltantes queriam dinheiro. Durante o per\u00edodo em que faziam \u201cum limpa\u201d na casa, os assaltantes tamb\u00e9m consumiram alimentos da geladeira. A todo tempo, a fam\u00edlia era amea\u00e7ada de morte. Do local, foram roubados uma televis\u00e3o, um DVD, um celular e uma pequena quantia em dinheiro.<\/p>\n<p style=\"text-align: justify;\">Segundo a v\u00edtima, para piorar a situa\u00e7\u00e3o, quando a pol\u00edcia chegou, n\u00e3o foi dada import\u00e2ncia ao caso. \u201cEles n\u00e3o fizeram nada. Meia hora depois que liguei, chegaram e disseram que n\u00e3o podiam fazer nada e que eu teria que ir no outro dia \u00e0 delegacia. A\u00ed falei: voc\u00eas n\u00e3o v\u00e3o entrar pra ver? Acho que entraram pelos fundos. <br \/>N\u00e3o foram olhar a rua dos fundos e ficaram rindo, dizendo que n\u00e3o poderiam fazer nada\u201d, disse.<\/p>\n<p style=\"text-align: justify;\">Ap\u00f3s o trauma do assalto e a rea\u00e7\u00e3o da pol\u00edcia, a mulher afirma que se sentiu impotente. \u201cImpot\u00eancia total. Eu n\u00e3o sei pra que existe policiamento\u201d, indignou-se.<\/p>\n<p style=\"text-align: justify;\">A assessoria da Pol\u00edcia Militar foi acionada. O setor de Gerenciamento de Opera\u00e7\u00f5es informou que a v\u00edtima, no momento da liga\u00e7\u00e3o ao 190, deixou algumas informa\u00e7\u00f5es \u201cvagas\u201d.<\/p>\n<p style=\"text-align: justify;\">O setor tamb\u00e9m disse que instantes depois da liga\u00e7\u00e3o, foi feito um patrulhamento no bairro, por\u00e9m, de imediato, os policiais n\u00e3o encontraram nada suspeito e que somente ap\u00f3s algum tempo \u00e9 que os policiais conseguiram encontrar o local da ocorr\u00eancia.<\/p>\n","protected":false},"excerpt":{"rendered":"<p style=\"text-align: justify;\">Mulher e dois filhos foram assaltados em casa<\/p>\n","protected":false},"author":4,"featured_media":20809,"comment_status":"open","ping_status":"open","sticky":false,"template":"","format":"standard","meta":{"jnews-multi-image_gallery":[],"jnews_single_post":[],"jnews_primary_category":[],"jnews_social_meta":[],"jnews_review":[],"enable_review":"","type":"","name":"","summary":"","brand":"","sku":"","good":[],"bad":[],"score_override":"","override_value":"","rating":[],"price":[],"footnotes":""},"categories":[44],"tags":[],"class_list":["post-20810","post","type-post","status-publish","format-standard","has-post-thumbnail","hentry","category-policia"],"yoast_head":"<!-- This site is optimized with the Yoast SEO plugin v26.5 - https:\/\/yoast.com\/wordpress\/plugins\/seo\/ -->\n<title>V\u00edtima reclama de \u201cdesd\u00e9m\u201d da pol\u00edcia - Agazeta.net<\/title>\n<meta name=\"robots\" content=\"index, follow, max-snippet:-1, max-image-preview:large, max-video-preview:-1\" \/>\n<link rel=\"canonical\" href=\"https:\/\/nk7-testes.com.br\/agazeta\/vitima-reclama-de-desdem-da-policia\/\" \/>\n<meta property=\"og:locale\" content=\"pt_BR\" \/>\n<meta property=\"og:type\" content=\"article\" \/>\n<meta property=\"og:title\" content=\"V\u00edtima reclama de \u201cdesd\u00e9m\u201d da pol\u00edcia - Agazeta.net\" \/>\n<meta property=\"og:description\" content=\"Mulher e dois filhos foram assaltados em casa\" \/>\n<meta property=\"og:url\" content=\"https:\/\/nk7-testes.com.br\/agazeta\/vitima-reclama-de-desdem-da-policia\/\" \/>\n<meta property=\"og:site_name\" content=\"Agazeta.net\" \/>\n<meta property=\"article:published_time\" content=\"2016-01-27T20:09:40+00:00\" \/>\n<meta property=\"og:image\" content=\"https:\/\/nk7-testes.com.br\/agazeta\/wp-content\/uploads\/2016\/01\/270116-policia-casaassaltada-tvgazeta.jpg\" \/>\n\t<meta property=\"og:image:width\" content=\"458\" \/>\n\t<meta property=\"og:image:height\" content=\"340\" \/>\n\t<meta property=\"og:image:type\" content=\"image\/jpeg\" \/>\n<meta name=\"author\" content=\"Agazeta.Net\" \/>\n<meta name=\"twitter:card\" content=\"summary_large_image\" \/>\n<meta name=\"twitter:label1\" content=\"Escrito por\" \/>\n\t<meta name=\"twitter:data1\" content=\"Agazeta.Net\" \/>\n\t<meta name=\"twitter:label2\" content=\"Est. tempo de leitura\" \/>\n\t<meta name=\"twitter:data2\" content=\"2 minutos\" \/>\n<script type=\"application\/ld+json\" class=\"yoast-schema-graph\">{\"@context\":\"https:\/\/schema.org\",\"@graph\":[{\"@type\":\"WebPage\",\"@id\":\"https:\/\/nk7-testes.com.br\/agazeta\/vitima-reclama-de-desdem-da-policia\/\",\"url\":\"https:\/\/nk7-testes.com.br\/agazeta\/vitima-reclama-de-desdem-da-policia\/\",\"name\":\"V\u00edtima reclama de \u201cdesd\u00e9m\u201d da pol\u00edcia - Agazeta.net\",\"isPartOf\":{\"@id\":\"https:\/\/nk7-testes.com.br\/agazeta\/#website\"},\"primaryImageOfPage\":{\"@id\":\"https:\/\/nk7-testes.com.br\/agazeta\/vitima-reclama-de-desdem-da-policia\/#primaryimage\"},\"image\":{\"@id\":\"https:\/\/nk7-testes.com.br\/agazeta\/vitima-reclama-de-desdem-da-policia\/#primaryimage\"},\"thumbnailUrl\":\"https:\/\/nk7-testes.com.br\/agazeta\/wp-content\/uploads\/2016\/01\/270116-policia-casaassaltada-tvgazeta.jpg\",\"datePublished\":\"2016-01-27T20:09:40+00:00\",\"author\":{\"@id\":\"https:\/\/nk7-testes.com.br\/agazeta\/#\/schema\/person\/6d6e25cb0435eb4a02fd44d30b4e3020\"},\"breadcrumb\":{\"@id\":\"https:\/\/nk7-testes.com.br\/agazeta\/vitima-reclama-de-desdem-da-policia\/#breadcrumb\"},\"inLanguage\":\"pt-BR\",\"potentialAction\":[{\"@type\":\"ReadAction\",\"target\":[\"https:\/\/nk7-testes.com.br\/agazeta\/vitima-reclama-de-desdem-da-policia\/\"]}]},{\"@type\":\"ImageObject\",\"inLanguage\":\"pt-BR\",\"@id\":\"https:\/\/nk7-testes.com.br\/agazeta\/vitima-reclama-de-desdem-da-policia\/#primaryimage\",\"url\":\"https:\/\/nk7-testes.com.br\/agazeta\/wp-content\/uploads\/2016\/01\/270116-policia-casaassaltada-tvgazeta.jpg\",\"contentUrl\":\"https:\/\/nk7-testes.com.br\/agazeta\/wp-content\/uploads\/2016\/01\/270116-policia-casaassaltada-tvgazeta.jpg\",\"width\":458,\"height\":340,\"caption\":\"270116-policia-casaassaltada-tvgazeta\"},{\"@type\":\"BreadcrumbList\",\"@id\":\"https:\/\/nk7-testes.com.br\/agazeta\/vitima-reclama-de-desdem-da-policia\/#breadcrumb\",\"itemListElement\":[{\"@type\":\"ListItem\",\"position\":1,\"name\":\"In\u00edcio\",\"item\":\"https:\/\/nk7-testes.com.br\/agazeta\/\"},{\"@type\":\"ListItem\",\"position\":2,\"name\":\"V\u00edtima reclama de \u201cdesd\u00e9m\u201d da pol\u00edcia\"}]},{\"@type\":\"WebSite\",\"@id\":\"https:\/\/nk7-testes.com.br\/agazeta\/#website\",\"url\":\"https:\/\/nk7-testes.com.br\/agazeta\/\",\"name\":\"Agazeta.net\",\"description\":\"Agazeta.net - Not\u00edcias de Rio Branco\/AC\",\"potentialAction\":[{\"@type\":\"SearchAction\",\"target\":{\"@type\":\"EntryPoint\",\"urlTemplate\":\"https:\/\/nk7-testes.com.br\/agazeta\/?s={search_term_string}\"},\"query-input\":{\"@type\":\"PropertyValueSpecification\",\"valueRequired\":true,\"valueName\":\"search_term_string\"}}],\"inLanguage\":\"pt-BR\"},{\"@type\":\"Person\",\"@id\":\"https:\/\/nk7-testes.com.br\/agazeta\/#\/schema\/person\/6d6e25cb0435eb4a02fd44d30b4e3020\",\"name\":\"Agazeta.Net\",\"url\":\"https:\/\/nk7-testes.com.br\/agazeta\/author\/agazeta\/\"}]}<\/script>\n<!-- \/ Yoast SEO plugin. -->","yoast_head_json":{"title":"V\u00edtima reclama de \u201cdesd\u00e9m\u201d da pol\u00edcia - Agazeta.net","robots":{"index":"index","follow":"follow","max-snippet":"max-snippet:-1","max-image-preview":"max-image-preview:large","max-video-preview":"max-video-preview:-1"},"canonical":"https:\/\/nk7-testes.com.br\/agazeta\/vitima-reclama-de-desdem-da-policia\/","og_locale":"pt_BR","og_type":"article","og_title":"V\u00edtima reclama de \u201cdesd\u00e9m\u201d da pol\u00edcia - Agazeta.net","og_description":"Mulher e dois filhos foram assaltados em casa","og_url":"https:\/\/nk7-testes.com.br\/agazeta\/vitima-reclama-de-desdem-da-policia\/","og_site_name":"Agazeta.net","article_published_time":"2016-01-27T20:09:40+00:00","og_image":[{"width":458,"height":340,"url":"https:\/\/nk7-testes.com.br\/agazeta\/wp-content\/uploads\/2016\/01\/270116-policia-casaassaltada-tvgazeta.jpg","type":"image\/jpeg"}],"author":"Agazeta.Net","twitter_card":"summary_large_image","twitter_misc":{"Escrito por":"Agazeta.Net","Est. tempo de leitura":"2 minutos"},"schema":{"@context":"https:\/\/schema.org","@graph":[{"@type":"WebPage","@id":"https:\/\/nk7-testes.com.br\/agazeta\/vitima-reclama-de-desdem-da-policia\/","url":"https:\/\/nk7-testes.com.br\/agazeta\/vitima-reclama-de-desdem-da-policia\/","name":"V\u00edtima reclama de \u201cdesd\u00e9m\u201d da pol\u00edcia - Agazeta.net","isPartOf":{"@id":"https:\/\/nk7-testes.com.br\/agazeta\/#website"},"primaryImageOfPage":{"@id":"https:\/\/nk7-testes.com.br\/agazeta\/vitima-reclama-de-desdem-da-policia\/#primaryimage"},"image":{"@id":"https:\/\/nk7-testes.com.br\/agazeta\/vitima-reclama-de-desdem-da-policia\/#primaryimage"},"thumbnailUrl":"https:\/\/nk7-testes.com.br\/agazeta\/wp-content\/uploads\/2016\/01\/270116-policia-casaassaltada-tvgazeta.jpg","datePublished":"2016-01-27T20:09:40+00:00","author":{"@id":"https:\/\/nk7-testes.com.br\/agazeta\/#\/schema\/person\/6d6e25cb0435eb4a02fd44d30b4e3020"},"breadcrumb":{"@id":"https:\/\/nk7-testes.com.br\/agazeta\/vitima-reclama-de-desdem-da-policia\/#breadcrumb"},"inLanguage":"pt-BR","potentialAction":[{"@type":"ReadAction","target":["https:\/\/nk7-testes.com.br\/agazeta\/vitima-reclama-de-desdem-da-policia\/"]}]},{"@type":"ImageObject","inLanguage":"pt-BR","@id":"https:\/\/nk7-testes.com.br\/agazeta\/vitima-reclama-de-desdem-da-policia\/#primaryimage","url":"https:\/\/nk7-testes.com.br\/agazeta\/wp-content\/uploads\/2016\/01\/270116-policia-casaassaltada-tvgazeta.jpg","contentUrl":"https:\/\/nk7-testes.com.br\/agazeta\/wp-content\/uploads\/2016\/01\/270116-policia-casaassaltada-tvgazeta.jpg","width":458,"height":340,"caption":"270116-policia-casaassaltada-tvgazeta"},{"@type":"BreadcrumbList","@id":"https:\/\/nk7-testes.com.br\/agazeta\/vitima-reclama-de-desdem-da-policia\/#breadcrumb","itemListElement":[{"@type":"ListItem","position":1,"name":"In\u00edcio","item":"https:\/\/nk7-testes.com.br\/agazeta\/"},{"@type":"ListItem","position":2,"name":"V\u00edtima reclama de \u201cdesd\u00e9m\u201d da pol\u00edcia"}]},{"@type":"WebSite","@id":"https:\/\/nk7-testes.com.br\/agazeta\/#website","url":"https:\/\/nk7-testes.com.br\/agazeta\/","name":"Agazeta.net","description":"Agazeta.net - Not\u00edcias de Rio Branco\/AC","potentialAction":[{"@type":"SearchAction","target":{"@type":"EntryPoint","urlTemplate":"https:\/\/nk7-testes.com.br\/agazeta\/?s={search_term_string}"},"query-input":{"@type":"PropertyValueSpecification","valueRequired":true,"valueName":"search_term_string"}}],"inLanguage":"pt-BR"},{"@type":"Person","@id":"https:\/\/nk7-testes.com.br\/agazeta\/#\/schema\/person\/6d6e25cb0435eb4a02fd44d30b4e3020","name":"Agazeta.Net","url":"https:\/\/nk7-testes.com.br\/agazeta\/author\/agazeta\/"}]}},"_links":{"self":[{"href":"https:\/\/nk7-testes.com.br\/agazeta\/wp-json\/wp\/v2\/posts\/20810","targetHints":{"allow":["GET"]}}],"collection":[{"href":"https:\/\/nk7-testes.com.br\/agazeta\/wp-json\/wp\/v2\/posts"}],"about":[{"href":"https:\/\/nk7-testes.com.br\/agazeta\/wp-json\/wp\/v2\/types\/post"}],"author":[{"embeddable":true,"href":"https:\/\/nk7-testes.com.br\/agazeta\/wp-json\/wp\/v2\/users\/4"}],"replies":[{"embeddable":true,"href":"https:\/\/nk7-testes.com.br\/agazeta\/wp-json\/wp\/v2\/comments?post=20810"}],"version-history":[{"count":0,"href":"https:\/\/nk7-testes.com.br\/agazeta\/wp-json\/wp\/v2\/posts\/20810\/revisions"}],"wp:featuredmedia":[{"embeddable":true,"href":"https:\/\/nk7-testes.com.br\/agazeta\/wp-json\/wp\/v2\/media\/20809"}],"wp:attachment":[{"href":"https:\/\/nk7-testes.com.br\/agazeta\/wp-json\/wp\/v2\/media?parent=20810"}],"wp:term":[{"taxonomy":"category","embeddable":true,"href":"https:\/\/nk7-testes.com.br\/agazeta\/wp-json\/wp\/v2\/categories?post=20810"},{"taxonomy":"post_tag","embeddable":true,"href":"https:\/\/nk7-testes.com.br\/agazeta\/wp-json\/wp\/v2\/tags?post=20810"}],"curies":[{"name":"wp","href":"https:\/\/api.w.org\/{rel}","templated":true}]}}