{"id":20784,"date":"2016-01-26T22:25:05","date_gmt":"2016-01-26T22:25:05","guid":{"rendered":"https:\/\/abarevegan.com.br\/index.php\/2016\/01\/26\/assalto-a-cooperativa-dois-adolescentes-envolvidos\/"},"modified":"2016-01-26T22:25:05","modified_gmt":"2016-01-26T22:25:05","slug":"assalto-a-cooperativa-dois-adolescentes-envolvidos","status":"publish","type":"post","link":"https:\/\/nk7-testes.com.br\/agazeta\/assalto-a-cooperativa-dois-adolescentes-envolvidos\/","title":{"rendered":"Assalto \u00e0 cooperativa: dois adolescentes envolvidos"},"content":{"rendered":"<p style=\"text-align: justify;\">Jovem de 16 anos foi morto na troca de tiros<\/p>\n<p style=\"text-align: justify;\">Um assaltante foi morto durante persegui\u00e7\u00e3o policial no final da manh\u00e3 desta ter\u00e7a-feira (26). Um jovem de 16 anos de idade teria participado de um assalto no bairro Seis de Agosto. Dois suspeitos que acompanhavam o rapaz no assalto foram detidos.<\/p>\n<p style=\"text-align: justify;\">O assalto aconteceu em uma cooperativa localizada no bairro Seis de Agosto. Segundo a pol\u00edcia, tr\u00eas pessoas teriam participado da a\u00e7\u00e3o, sendo dois menores de idade. O grupo fugiu em uma motocicleta pela 4\u00aa Ponte em dire\u00e7\u00e3o ao Bairro Avi\u00e1rio e foi perseguido pela pol\u00edcia.<\/p>\n<p style=\"text-align: justify;\">Um dos jovens, de 16 anos de idade, tentou correr em dire\u00e7\u00e3o a uma propriedade particular no bairro Morada do Sol (imedia\u00e7\u00f5es do Supermercado Ara\u00fajo). Ele foi atingido por um tiro e morreu no local. Segundo o tenente Josemar Farias, durante a persegui\u00e7\u00e3o policial, houve troca de tiros.<\/p>\n<p style=\"text-align: justify;\">\u201cO nosso policial militar estava passando no local acompanhando a ocorr\u00eancia desde que sa\u00edram em fuga. Foi dada voz de parada e ele optou em sacar a arma e atirar contra o policial militar. O policial autenticamente (sic) fez seu disparo de maneira consciente e precisa, objetivando o alvo. Atingiu. Foi a \u00f3bito, infelizmente\u201d, relatou.<\/p>\n<p style=\"text-align: justify;\">Com os suspeitos a policia apreendeu dois rev\u00f3lveres (um de calibre 38 e outro de calibre 22). Um outro jovem de 15 anos de idade foi apreendido e o maior de 21 anos, Rafael Dourado Monteiro foi preso.<\/p>\n","protected":false},"excerpt":{"rendered":"<p style=\"text-align: justify;\">Jovem de 16 anos foi morto na troca de tiros<\/p>\n","protected":false},"author":4,"featured_media":20783,"comment_status":"open","ping_status":"open","sticky":false,"template":"","format":"standard","meta":{"jnews-multi-image_gallery":[],"jnews_single_post":[],"jnews_primary_category":[],"jnews_social_meta":[],"jnews_review":[],"enable_review":"","type":"","name":"","summary":"","brand":"","sku":"","good":[],"bad":[],"score_override":"","override_value":"","rating":[],"price":[],"footnotes":""},"categories":[44],"tags":[],"class_list":["post-20784","post","type-post","status-publish","format-standard","has-post-thumbnail","hentry","category-policia"],"yoast_head":"<!-- This site is optimized with the Yoast SEO plugin v26.5 - https:\/\/yoast.com\/wordpress\/plugins\/seo\/ -->\n<title>Assalto \u00e0 cooperativa: dois adolescentes envolvidos - Agazeta.net<\/title>\n<meta name=\"robots\" content=\"index, follow, max-snippet:-1, max-image-preview:large, max-video-preview:-1\" \/>\n<link rel=\"canonical\" href=\"https:\/\/nk7-testes.com.br\/agazeta\/assalto-a-cooperativa-dois-adolescentes-envolvidos\/\" \/>\n<meta property=\"og:locale\" content=\"pt_BR\" \/>\n<meta property=\"og:type\" content=\"article\" \/>\n<meta property=\"og:title\" content=\"Assalto \u00e0 cooperativa: dois adolescentes envolvidos - Agazeta.net\" \/>\n<meta property=\"og:description\" content=\"Jovem de 16 anos foi morto na troca de tiros\" \/>\n<meta property=\"og:url\" content=\"https:\/\/nk7-testes.com.br\/agazeta\/assalto-a-cooperativa-dois-adolescentes-envolvidos\/\" \/>\n<meta property=\"og:site_name\" content=\"Agazeta.net\" \/>\n<meta property=\"article:published_time\" content=\"2016-01-26T22:25:05+00:00\" \/>\n<meta property=\"og:image\" content=\"https:\/\/nk7-testes.com.br\/agazeta\/wp-content\/uploads\/2016\/01\/260116-policia-rapazmortoassalto-tvgazeta.jpg\" \/>\n\t<meta property=\"og:image:width\" content=\"458\" \/>\n\t<meta property=\"og:image:height\" content=\"340\" \/>\n\t<meta property=\"og:image:type\" content=\"image\/jpeg\" \/>\n<meta name=\"author\" content=\"Agazeta.Net\" \/>\n<meta name=\"twitter:card\" content=\"summary_large_image\" \/>\n<meta name=\"twitter:label1\" content=\"Escrito por\" \/>\n\t<meta name=\"twitter:data1\" content=\"Agazeta.Net\" \/>\n\t<meta name=\"twitter:label2\" content=\"Est. tempo de leitura\" \/>\n\t<meta name=\"twitter:data2\" content=\"1 minuto\" \/>\n<script type=\"application\/ld+json\" class=\"yoast-schema-graph\">{\"@context\":\"https:\/\/schema.org\",\"@graph\":[{\"@type\":\"WebPage\",\"@id\":\"https:\/\/nk7-testes.com.br\/agazeta\/assalto-a-cooperativa-dois-adolescentes-envolvidos\/\",\"url\":\"https:\/\/nk7-testes.com.br\/agazeta\/assalto-a-cooperativa-dois-adolescentes-envolvidos\/\",\"name\":\"Assalto \u00e0 cooperativa: dois adolescentes envolvidos - Agazeta.net\",\"isPartOf\":{\"@id\":\"https:\/\/nk7-testes.com.br\/agazeta\/#website\"},\"primaryImageOfPage\":{\"@id\":\"https:\/\/nk7-testes.com.br\/agazeta\/assalto-a-cooperativa-dois-adolescentes-envolvidos\/#primaryimage\"},\"image\":{\"@id\":\"https:\/\/nk7-testes.com.br\/agazeta\/assalto-a-cooperativa-dois-adolescentes-envolvidos\/#primaryimage\"},\"thumbnailUrl\":\"https:\/\/nk7-testes.com.br\/agazeta\/wp-content\/uploads\/2016\/01\/260116-policia-rapazmortoassalto-tvgazeta.jpg\",\"datePublished\":\"2016-01-26T22:25:05+00:00\",\"author\":{\"@id\":\"https:\/\/nk7-testes.com.br\/agazeta\/#\/schema\/person\/6d6e25cb0435eb4a02fd44d30b4e3020\"},\"breadcrumb\":{\"@id\":\"https:\/\/nk7-testes.com.br\/agazeta\/assalto-a-cooperativa-dois-adolescentes-envolvidos\/#breadcrumb\"},\"inLanguage\":\"pt-BR\",\"potentialAction\":[{\"@type\":\"ReadAction\",\"target\":[\"https:\/\/nk7-testes.com.br\/agazeta\/assalto-a-cooperativa-dois-adolescentes-envolvidos\/\"]}]},{\"@type\":\"ImageObject\",\"inLanguage\":\"pt-BR\",\"@id\":\"https:\/\/nk7-testes.com.br\/agazeta\/assalto-a-cooperativa-dois-adolescentes-envolvidos\/#primaryimage\",\"url\":\"https:\/\/nk7-testes.com.br\/agazeta\/wp-content\/uploads\/2016\/01\/260116-policia-rapazmortoassalto-tvgazeta.jpg\",\"contentUrl\":\"https:\/\/nk7-testes.com.br\/agazeta\/wp-content\/uploads\/2016\/01\/260116-policia-rapazmortoassalto-tvgazeta.jpg\",\"width\":458,\"height\":340,\"caption\":\"260116-policia-rapazmortoassalto-tvgazeta\"},{\"@type\":\"BreadcrumbList\",\"@id\":\"https:\/\/nk7-testes.com.br\/agazeta\/assalto-a-cooperativa-dois-adolescentes-envolvidos\/#breadcrumb\",\"itemListElement\":[{\"@type\":\"ListItem\",\"position\":1,\"name\":\"In\u00edcio\",\"item\":\"https:\/\/nk7-testes.com.br\/agazeta\/\"},{\"@type\":\"ListItem\",\"position\":2,\"name\":\"Assalto \u00e0 cooperativa: dois adolescentes envolvidos\"}]},{\"@type\":\"WebSite\",\"@id\":\"https:\/\/nk7-testes.com.br\/agazeta\/#website\",\"url\":\"https:\/\/nk7-testes.com.br\/agazeta\/\",\"name\":\"Agazeta.net\",\"description\":\"Agazeta.net - Not\u00edcias de Rio Branco\/AC\",\"potentialAction\":[{\"@type\":\"SearchAction\",\"target\":{\"@type\":\"EntryPoint\",\"urlTemplate\":\"https:\/\/nk7-testes.com.br\/agazeta\/?s={search_term_string}\"},\"query-input\":{\"@type\":\"PropertyValueSpecification\",\"valueRequired\":true,\"valueName\":\"search_term_string\"}}],\"inLanguage\":\"pt-BR\"},{\"@type\":\"Person\",\"@id\":\"https:\/\/nk7-testes.com.br\/agazeta\/#\/schema\/person\/6d6e25cb0435eb4a02fd44d30b4e3020\",\"name\":\"Agazeta.Net\",\"url\":\"https:\/\/nk7-testes.com.br\/agazeta\/author\/agazeta\/\"}]}<\/script>\n<!-- \/ Yoast SEO plugin. -->","yoast_head_json":{"title":"Assalto \u00e0 cooperativa: dois adolescentes envolvidos - Agazeta.net","robots":{"index":"index","follow":"follow","max-snippet":"max-snippet:-1","max-image-preview":"max-image-preview:large","max-video-preview":"max-video-preview:-1"},"canonical":"https:\/\/nk7-testes.com.br\/agazeta\/assalto-a-cooperativa-dois-adolescentes-envolvidos\/","og_locale":"pt_BR","og_type":"article","og_title":"Assalto \u00e0 cooperativa: dois adolescentes envolvidos - Agazeta.net","og_description":"Jovem de 16 anos foi morto na troca de tiros","og_url":"https:\/\/nk7-testes.com.br\/agazeta\/assalto-a-cooperativa-dois-adolescentes-envolvidos\/","og_site_name":"Agazeta.net","article_published_time":"2016-01-26T22:25:05+00:00","og_image":[{"width":458,"height":340,"url":"https:\/\/nk7-testes.com.br\/agazeta\/wp-content\/uploads\/2016\/01\/260116-policia-rapazmortoassalto-tvgazeta.jpg","type":"image\/jpeg"}],"author":"Agazeta.Net","twitter_card":"summary_large_image","twitter_misc":{"Escrito por":"Agazeta.Net","Est. tempo de leitura":"1 minuto"},"schema":{"@context":"https:\/\/schema.org","@graph":[{"@type":"WebPage","@id":"https:\/\/nk7-testes.com.br\/agazeta\/assalto-a-cooperativa-dois-adolescentes-envolvidos\/","url":"https:\/\/nk7-testes.com.br\/agazeta\/assalto-a-cooperativa-dois-adolescentes-envolvidos\/","name":"Assalto \u00e0 cooperativa: dois adolescentes envolvidos - Agazeta.net","isPartOf":{"@id":"https:\/\/nk7-testes.com.br\/agazeta\/#website"},"primaryImageOfPage":{"@id":"https:\/\/nk7-testes.com.br\/agazeta\/assalto-a-cooperativa-dois-adolescentes-envolvidos\/#primaryimage"},"image":{"@id":"https:\/\/nk7-testes.com.br\/agazeta\/assalto-a-cooperativa-dois-adolescentes-envolvidos\/#primaryimage"},"thumbnailUrl":"https:\/\/nk7-testes.com.br\/agazeta\/wp-content\/uploads\/2016\/01\/260116-policia-rapazmortoassalto-tvgazeta.jpg","datePublished":"2016-01-26T22:25:05+00:00","author":{"@id":"https:\/\/nk7-testes.com.br\/agazeta\/#\/schema\/person\/6d6e25cb0435eb4a02fd44d30b4e3020"},"breadcrumb":{"@id":"https:\/\/nk7-testes.com.br\/agazeta\/assalto-a-cooperativa-dois-adolescentes-envolvidos\/#breadcrumb"},"inLanguage":"pt-BR","potentialAction":[{"@type":"ReadAction","target":["https:\/\/nk7-testes.com.br\/agazeta\/assalto-a-cooperativa-dois-adolescentes-envolvidos\/"]}]},{"@type":"ImageObject","inLanguage":"pt-BR","@id":"https:\/\/nk7-testes.com.br\/agazeta\/assalto-a-cooperativa-dois-adolescentes-envolvidos\/#primaryimage","url":"https:\/\/nk7-testes.com.br\/agazeta\/wp-content\/uploads\/2016\/01\/260116-policia-rapazmortoassalto-tvgazeta.jpg","contentUrl":"https:\/\/nk7-testes.com.br\/agazeta\/wp-content\/uploads\/2016\/01\/260116-policia-rapazmortoassalto-tvgazeta.jpg","width":458,"height":340,"caption":"260116-policia-rapazmortoassalto-tvgazeta"},{"@type":"BreadcrumbList","@id":"https:\/\/nk7-testes.com.br\/agazeta\/assalto-a-cooperativa-dois-adolescentes-envolvidos\/#breadcrumb","itemListElement":[{"@type":"ListItem","position":1,"name":"In\u00edcio","item":"https:\/\/nk7-testes.com.br\/agazeta\/"},{"@type":"ListItem","position":2,"name":"Assalto \u00e0 cooperativa: dois adolescentes envolvidos"}]},{"@type":"WebSite","@id":"https:\/\/nk7-testes.com.br\/agazeta\/#website","url":"https:\/\/nk7-testes.com.br\/agazeta\/","name":"Agazeta.net","description":"Agazeta.net - Not\u00edcias de Rio Branco\/AC","potentialAction":[{"@type":"SearchAction","target":{"@type":"EntryPoint","urlTemplate":"https:\/\/nk7-testes.com.br\/agazeta\/?s={search_term_string}"},"query-input":{"@type":"PropertyValueSpecification","valueRequired":true,"valueName":"search_term_string"}}],"inLanguage":"pt-BR"},{"@type":"Person","@id":"https:\/\/nk7-testes.com.br\/agazeta\/#\/schema\/person\/6d6e25cb0435eb4a02fd44d30b4e3020","name":"Agazeta.Net","url":"https:\/\/nk7-testes.com.br\/agazeta\/author\/agazeta\/"}]}},"_links":{"self":[{"href":"https:\/\/nk7-testes.com.br\/agazeta\/wp-json\/wp\/v2\/posts\/20784","targetHints":{"allow":["GET"]}}],"collection":[{"href":"https:\/\/nk7-testes.com.br\/agazeta\/wp-json\/wp\/v2\/posts"}],"about":[{"href":"https:\/\/nk7-testes.com.br\/agazeta\/wp-json\/wp\/v2\/types\/post"}],"author":[{"embeddable":true,"href":"https:\/\/nk7-testes.com.br\/agazeta\/wp-json\/wp\/v2\/users\/4"}],"replies":[{"embeddable":true,"href":"https:\/\/nk7-testes.com.br\/agazeta\/wp-json\/wp\/v2\/comments?post=20784"}],"version-history":[{"count":0,"href":"https:\/\/nk7-testes.com.br\/agazeta\/wp-json\/wp\/v2\/posts\/20784\/revisions"}],"wp:featuredmedia":[{"embeddable":true,"href":"https:\/\/nk7-testes.com.br\/agazeta\/wp-json\/wp\/v2\/media\/20783"}],"wp:attachment":[{"href":"https:\/\/nk7-testes.com.br\/agazeta\/wp-json\/wp\/v2\/media?parent=20784"}],"wp:term":[{"taxonomy":"category","embeddable":true,"href":"https:\/\/nk7-testes.com.br\/agazeta\/wp-json\/wp\/v2\/categories?post=20784"},{"taxonomy":"post_tag","embeddable":true,"href":"https:\/\/nk7-testes.com.br\/agazeta\/wp-json\/wp\/v2\/tags?post=20784"}],"curies":[{"name":"wp","href":"https:\/\/api.w.org\/{rel}","templated":true}]}}