{"id":20780,"date":"2016-01-26T21:41:26","date_gmt":"2016-01-26T21:41:26","guid":{"rendered":"https:\/\/abarevegan.com.br\/index.php\/2016\/01\/26\/instrutores-de-transito-querem-melhor-condicao-de-trabalho\/"},"modified":"2016-01-26T21:41:26","modified_gmt":"2016-01-26T21:41:26","slug":"instrutores-de-transito-querem-melhor-condicao-de-trabalho","status":"publish","type":"post","link":"https:\/\/nk7-testes.com.br\/agazeta\/instrutores-de-transito-querem-melhor-condicao-de-trabalho\/","title":{"rendered":"Instrutores de tr\u00e2nsito querem melhor condi\u00e7\u00e3o de trabalho"},"content":{"rendered":"<p><span style=\"font-size: 12pt; line-height: 115%; font-family: 'Times New Roman', serif;\"><\/span><\/p>\n<p style=\"text-align: justify;\">Manifesto tamb\u00e9m aborda sal\u00e1rio e carga hor\u00e1ria<\/p>\n<p style=\"text-align: justify;\"><span style=\"font-size: 12pt; line-height: 115%; font-family: 'Times New Roman', serif;\"><\/span><\/p>\n<p style=\"text-align: justify;\">Instrutores de Tr\u00e2nsito de Rio Branco realizaram um protesto na manh\u00e3 desta ter\u00e7a-feira (26) no p\u00e1tio de testes do Departamento Estadual de Tr\u00e2nsito (Detran) localizado no bairro Esta\u00e7\u00e3o Experimental. Eles reivindicam melhores condi\u00e7\u00f5es de trabalho.<\/p>\n<p style=\"text-align: justify;\"><span style=\"font-size: 12pt; line-height: 115%; font-family: 'Times New Roman', serif;\"><\/span><\/p>\n<p style=\"text-align: justify;\">Segundo o representante da categoria, Alan da Silva, o movimento foi organizado para cobrar algumas melhorias. \u201cQueremos melhoria salarial, cumprimento da carga hor\u00e1ria de acordo com a CLT\u201d, pontou o instrutor.<\/p>\n<p style=\"text-align: justify;\"><span style=\"font-size: 12pt; line-height: 115%; font-family: 'Times New Roman', serif;\"><\/span><\/p>\n<p style=\"text-align: justify;\">Outra reclama\u00e7\u00e3o dos trabalhadores \u00e9 em rela\u00e7\u00e3o \u00e0 estrutura oferecida no p\u00e1tio de testes. De acordo com Alan, n\u00e3o h\u00e1 lugar coberto para os instrutores ficarem no momento dos testes, al\u00e9m da falta de \u00e1gua pot\u00e1vel.<\/p>\n<p style=\"text-align: justify;\"><span style=\"font-size: 12pt; line-height: 115%; font-family: 'Times New Roman', serif;\"><\/span><\/p>\n<p style=\"text-align: justify;\">\u201cN\u00e3o tem \u00e1gua para o instrutor tomar. N\u00e3o tem uma cobertura: quando chove \u00e9 na chuva e quando faz sol \u00e9 no sol. Isso aqui \u00e9 um movimento pac\u00edfico, com o objetivo \u00fanico e exclusivo de chamar a aten\u00e7\u00e3o do Estado para essa situa\u00e7\u00e3o\u201d.<\/p>\n<p style=\"text-align: justify;\"><span style=\"font-size: 12pt; line-height: 115%; font-family: 'Times New Roman', serif;\"><\/span><\/p>\n<p style=\"text-align: justify;\">A Diretora de Opera\u00e7\u00f5es do Detran, Shirley Torres, disse o que \u00f3rg\u00e3o deve fazer para resolver o problema. \u201cA solu\u00e7\u00e3o \u00e9 convidar todos os dirigentes a irem at\u00e9 o Detran, e com a diretoria geral e de opera\u00e7\u00f5es, conversar e tentarmos intermediar esse conflito para que todos tenham ganhos, instrutores, autoescolas e tamb\u00e9m a sociedade\u201d.<\/p>\n<p><span style=\"font-size: 12pt; line-height: 115%; font-family: 'Times New Roman', serif;\">&nbsp;<\/span><\/p>\n","protected":false},"excerpt":{"rendered":"<p><span style=\"font-size: 12pt; line-height: 115%; font-family: 'Times New Roman', serif;\"><\/span><\/p>\n<p style=\"text-align: justify;\">Manifesto tamb\u00e9m aborda sal\u00e1rio e carga hor\u00e1ria<\/p>\n","protected":false},"author":4,"featured_media":20779,"comment_status":"open","ping_status":"open","sticky":false,"template":"","format":"standard","meta":{"jnews-multi-image_gallery":[],"jnews_single_post":[],"jnews_primary_category":[],"jnews_social_meta":[],"jnews_review":[],"enable_review":"","type":"","name":"","summary":"","brand":"","sku":"","good":[],"bad":[],"score_override":"","override_value":"","rating":[],"price":[],"footnotes":""},"categories":[54],"tags":[],"class_list":["post-20780","post","type-post","status-publish","format-standard","has-post-thumbnail","hentry","category-cotidiano"],"yoast_head":"<!-- This site is optimized with the Yoast SEO plugin v26.5 - https:\/\/yoast.com\/wordpress\/plugins\/seo\/ -->\n<title>Instrutores de tr\u00e2nsito querem melhor condi\u00e7\u00e3o de trabalho - Agazeta.net<\/title>\n<meta name=\"robots\" content=\"index, follow, max-snippet:-1, max-image-preview:large, max-video-preview:-1\" \/>\n<link rel=\"canonical\" href=\"https:\/\/nk7-testes.com.br\/agazeta\/instrutores-de-transito-querem-melhor-condicao-de-trabalho\/\" \/>\n<meta property=\"og:locale\" content=\"pt_BR\" \/>\n<meta property=\"og:type\" content=\"article\" \/>\n<meta property=\"og:title\" content=\"Instrutores de tr\u00e2nsito querem melhor condi\u00e7\u00e3o de trabalho - Agazeta.net\" \/>\n<meta property=\"og:description\" content=\"Manifesto tamb\u00e9m aborda sal\u00e1rio e carga hor\u00e1ria\" \/>\n<meta property=\"og:url\" content=\"https:\/\/nk7-testes.com.br\/agazeta\/instrutores-de-transito-querem-melhor-condicao-de-trabalho\/\" \/>\n<meta property=\"og:site_name\" content=\"Agazeta.net\" \/>\n<meta property=\"article:published_time\" content=\"2016-01-26T21:41:26+00:00\" \/>\n<meta property=\"og:image\" content=\"https:\/\/nk7-testes.com.br\/agazeta\/wp-content\/uploads\/2016\/01\/260116-cotidiano-protesto-tvgazeta.jpg\" \/>\n\t<meta property=\"og:image:width\" content=\"458\" \/>\n\t<meta property=\"og:image:height\" content=\"340\" \/>\n\t<meta property=\"og:image:type\" content=\"image\/jpeg\" \/>\n<meta name=\"author\" content=\"Agazeta.Net\" \/>\n<meta name=\"twitter:card\" content=\"summary_large_image\" \/>\n<meta name=\"twitter:label1\" content=\"Escrito por\" \/>\n\t<meta name=\"twitter:data1\" content=\"Agazeta.Net\" \/>\n\t<meta name=\"twitter:label2\" content=\"Est. tempo de leitura\" \/>\n\t<meta name=\"twitter:data2\" content=\"1 minuto\" \/>\n<script type=\"application\/ld+json\" class=\"yoast-schema-graph\">{\"@context\":\"https:\/\/schema.org\",\"@graph\":[{\"@type\":\"WebPage\",\"@id\":\"https:\/\/nk7-testes.com.br\/agazeta\/instrutores-de-transito-querem-melhor-condicao-de-trabalho\/\",\"url\":\"https:\/\/nk7-testes.com.br\/agazeta\/instrutores-de-transito-querem-melhor-condicao-de-trabalho\/\",\"name\":\"Instrutores de tr\u00e2nsito querem melhor condi\u00e7\u00e3o de trabalho - Agazeta.net\",\"isPartOf\":{\"@id\":\"https:\/\/nk7-testes.com.br\/agazeta\/#website\"},\"primaryImageOfPage\":{\"@id\":\"https:\/\/nk7-testes.com.br\/agazeta\/instrutores-de-transito-querem-melhor-condicao-de-trabalho\/#primaryimage\"},\"image\":{\"@id\":\"https:\/\/nk7-testes.com.br\/agazeta\/instrutores-de-transito-querem-melhor-condicao-de-trabalho\/#primaryimage\"},\"thumbnailUrl\":\"https:\/\/nk7-testes.com.br\/agazeta\/wp-content\/uploads\/2016\/01\/260116-cotidiano-protesto-tvgazeta.jpg\",\"datePublished\":\"2016-01-26T21:41:26+00:00\",\"author\":{\"@id\":\"https:\/\/nk7-testes.com.br\/agazeta\/#\/schema\/person\/6d6e25cb0435eb4a02fd44d30b4e3020\"},\"breadcrumb\":{\"@id\":\"https:\/\/nk7-testes.com.br\/agazeta\/instrutores-de-transito-querem-melhor-condicao-de-trabalho\/#breadcrumb\"},\"inLanguage\":\"pt-BR\",\"potentialAction\":[{\"@type\":\"ReadAction\",\"target\":[\"https:\/\/nk7-testes.com.br\/agazeta\/instrutores-de-transito-querem-melhor-condicao-de-trabalho\/\"]}]},{\"@type\":\"ImageObject\",\"inLanguage\":\"pt-BR\",\"@id\":\"https:\/\/nk7-testes.com.br\/agazeta\/instrutores-de-transito-querem-melhor-condicao-de-trabalho\/#primaryimage\",\"url\":\"https:\/\/nk7-testes.com.br\/agazeta\/wp-content\/uploads\/2016\/01\/260116-cotidiano-protesto-tvgazeta.jpg\",\"contentUrl\":\"https:\/\/nk7-testes.com.br\/agazeta\/wp-content\/uploads\/2016\/01\/260116-cotidiano-protesto-tvgazeta.jpg\",\"width\":458,\"height\":340,\"caption\":\"260116-cotidiano-protesto-tvgazeta\"},{\"@type\":\"BreadcrumbList\",\"@id\":\"https:\/\/nk7-testes.com.br\/agazeta\/instrutores-de-transito-querem-melhor-condicao-de-trabalho\/#breadcrumb\",\"itemListElement\":[{\"@type\":\"ListItem\",\"position\":1,\"name\":\"In\u00edcio\",\"item\":\"https:\/\/nk7-testes.com.br\/agazeta\/\"},{\"@type\":\"ListItem\",\"position\":2,\"name\":\"Instrutores de tr\u00e2nsito querem melhor condi\u00e7\u00e3o de trabalho\"}]},{\"@type\":\"WebSite\",\"@id\":\"https:\/\/nk7-testes.com.br\/agazeta\/#website\",\"url\":\"https:\/\/nk7-testes.com.br\/agazeta\/\",\"name\":\"Agazeta.net\",\"description\":\"Agazeta.net - Not\u00edcias de Rio Branco\/AC\",\"potentialAction\":[{\"@type\":\"SearchAction\",\"target\":{\"@type\":\"EntryPoint\",\"urlTemplate\":\"https:\/\/nk7-testes.com.br\/agazeta\/?s={search_term_string}\"},\"query-input\":{\"@type\":\"PropertyValueSpecification\",\"valueRequired\":true,\"valueName\":\"search_term_string\"}}],\"inLanguage\":\"pt-BR\"},{\"@type\":\"Person\",\"@id\":\"https:\/\/nk7-testes.com.br\/agazeta\/#\/schema\/person\/6d6e25cb0435eb4a02fd44d30b4e3020\",\"name\":\"Agazeta.Net\",\"url\":\"https:\/\/nk7-testes.com.br\/agazeta\/author\/agazeta\/\"}]}<\/script>\n<!-- \/ Yoast SEO plugin. -->","yoast_head_json":{"title":"Instrutores de tr\u00e2nsito querem melhor condi\u00e7\u00e3o de trabalho - Agazeta.net","robots":{"index":"index","follow":"follow","max-snippet":"max-snippet:-1","max-image-preview":"max-image-preview:large","max-video-preview":"max-video-preview:-1"},"canonical":"https:\/\/nk7-testes.com.br\/agazeta\/instrutores-de-transito-querem-melhor-condicao-de-trabalho\/","og_locale":"pt_BR","og_type":"article","og_title":"Instrutores de tr\u00e2nsito querem melhor condi\u00e7\u00e3o de trabalho - Agazeta.net","og_description":"Manifesto tamb\u00e9m aborda sal\u00e1rio e carga hor\u00e1ria","og_url":"https:\/\/nk7-testes.com.br\/agazeta\/instrutores-de-transito-querem-melhor-condicao-de-trabalho\/","og_site_name":"Agazeta.net","article_published_time":"2016-01-26T21:41:26+00:00","og_image":[{"width":458,"height":340,"url":"https:\/\/nk7-testes.com.br\/agazeta\/wp-content\/uploads\/2016\/01\/260116-cotidiano-protesto-tvgazeta.jpg","type":"image\/jpeg"}],"author":"Agazeta.Net","twitter_card":"summary_large_image","twitter_misc":{"Escrito por":"Agazeta.Net","Est. tempo de leitura":"1 minuto"},"schema":{"@context":"https:\/\/schema.org","@graph":[{"@type":"WebPage","@id":"https:\/\/nk7-testes.com.br\/agazeta\/instrutores-de-transito-querem-melhor-condicao-de-trabalho\/","url":"https:\/\/nk7-testes.com.br\/agazeta\/instrutores-de-transito-querem-melhor-condicao-de-trabalho\/","name":"Instrutores de tr\u00e2nsito querem melhor condi\u00e7\u00e3o de trabalho - Agazeta.net","isPartOf":{"@id":"https:\/\/nk7-testes.com.br\/agazeta\/#website"},"primaryImageOfPage":{"@id":"https:\/\/nk7-testes.com.br\/agazeta\/instrutores-de-transito-querem-melhor-condicao-de-trabalho\/#primaryimage"},"image":{"@id":"https:\/\/nk7-testes.com.br\/agazeta\/instrutores-de-transito-querem-melhor-condicao-de-trabalho\/#primaryimage"},"thumbnailUrl":"https:\/\/nk7-testes.com.br\/agazeta\/wp-content\/uploads\/2016\/01\/260116-cotidiano-protesto-tvgazeta.jpg","datePublished":"2016-01-26T21:41:26+00:00","author":{"@id":"https:\/\/nk7-testes.com.br\/agazeta\/#\/schema\/person\/6d6e25cb0435eb4a02fd44d30b4e3020"},"breadcrumb":{"@id":"https:\/\/nk7-testes.com.br\/agazeta\/instrutores-de-transito-querem-melhor-condicao-de-trabalho\/#breadcrumb"},"inLanguage":"pt-BR","potentialAction":[{"@type":"ReadAction","target":["https:\/\/nk7-testes.com.br\/agazeta\/instrutores-de-transito-querem-melhor-condicao-de-trabalho\/"]}]},{"@type":"ImageObject","inLanguage":"pt-BR","@id":"https:\/\/nk7-testes.com.br\/agazeta\/instrutores-de-transito-querem-melhor-condicao-de-trabalho\/#primaryimage","url":"https:\/\/nk7-testes.com.br\/agazeta\/wp-content\/uploads\/2016\/01\/260116-cotidiano-protesto-tvgazeta.jpg","contentUrl":"https:\/\/nk7-testes.com.br\/agazeta\/wp-content\/uploads\/2016\/01\/260116-cotidiano-protesto-tvgazeta.jpg","width":458,"height":340,"caption":"260116-cotidiano-protesto-tvgazeta"},{"@type":"BreadcrumbList","@id":"https:\/\/nk7-testes.com.br\/agazeta\/instrutores-de-transito-querem-melhor-condicao-de-trabalho\/#breadcrumb","itemListElement":[{"@type":"ListItem","position":1,"name":"In\u00edcio","item":"https:\/\/nk7-testes.com.br\/agazeta\/"},{"@type":"ListItem","position":2,"name":"Instrutores de tr\u00e2nsito querem melhor condi\u00e7\u00e3o de trabalho"}]},{"@type":"WebSite","@id":"https:\/\/nk7-testes.com.br\/agazeta\/#website","url":"https:\/\/nk7-testes.com.br\/agazeta\/","name":"Agazeta.net","description":"Agazeta.net - Not\u00edcias de Rio Branco\/AC","potentialAction":[{"@type":"SearchAction","target":{"@type":"EntryPoint","urlTemplate":"https:\/\/nk7-testes.com.br\/agazeta\/?s={search_term_string}"},"query-input":{"@type":"PropertyValueSpecification","valueRequired":true,"valueName":"search_term_string"}}],"inLanguage":"pt-BR"},{"@type":"Person","@id":"https:\/\/nk7-testes.com.br\/agazeta\/#\/schema\/person\/6d6e25cb0435eb4a02fd44d30b4e3020","name":"Agazeta.Net","url":"https:\/\/nk7-testes.com.br\/agazeta\/author\/agazeta\/"}]}},"_links":{"self":[{"href":"https:\/\/nk7-testes.com.br\/agazeta\/wp-json\/wp\/v2\/posts\/20780","targetHints":{"allow":["GET"]}}],"collection":[{"href":"https:\/\/nk7-testes.com.br\/agazeta\/wp-json\/wp\/v2\/posts"}],"about":[{"href":"https:\/\/nk7-testes.com.br\/agazeta\/wp-json\/wp\/v2\/types\/post"}],"author":[{"embeddable":true,"href":"https:\/\/nk7-testes.com.br\/agazeta\/wp-json\/wp\/v2\/users\/4"}],"replies":[{"embeddable":true,"href":"https:\/\/nk7-testes.com.br\/agazeta\/wp-json\/wp\/v2\/comments?post=20780"}],"version-history":[{"count":0,"href":"https:\/\/nk7-testes.com.br\/agazeta\/wp-json\/wp\/v2\/posts\/20780\/revisions"}],"wp:featuredmedia":[{"embeddable":true,"href":"https:\/\/nk7-testes.com.br\/agazeta\/wp-json\/wp\/v2\/media\/20779"}],"wp:attachment":[{"href":"https:\/\/nk7-testes.com.br\/agazeta\/wp-json\/wp\/v2\/media?parent=20780"}],"wp:term":[{"taxonomy":"category","embeddable":true,"href":"https:\/\/nk7-testes.com.br\/agazeta\/wp-json\/wp\/v2\/categories?post=20780"},{"taxonomy":"post_tag","embeddable":true,"href":"https:\/\/nk7-testes.com.br\/agazeta\/wp-json\/wp\/v2\/tags?post=20780"}],"curies":[{"name":"wp","href":"https:\/\/api.w.org\/{rel}","templated":true}]}}