{"id":20766,"date":"2016-01-25T22:41:51","date_gmt":"2016-01-25T22:41:51","guid":{"rendered":"https:\/\/abarevegan.com.br\/index.php\/2016\/01\/25\/tj-reforma-e-amplia-cic-de-porto-acre\/"},"modified":"2016-01-25T22:41:51","modified_gmt":"2016-01-25T22:41:51","slug":"tj-reforma-e-amplia-cic-de-porto-acre","status":"publish","type":"post","link":"https:\/\/nk7-testes.com.br\/agazeta\/tj-reforma-e-amplia-cic-de-porto-acre\/","title":{"rendered":"TJ reforma e amplia CIC de Porto Acre"},"content":{"rendered":"<p style=\"text-align: justify;\">Presidente assina ordem de servi\u00e7o para obras<\/p>\n<p style=\"text-align: justify;\">A presidente do Tribunal de Justi\u00e7a do Acre, desembargadora Cezarinete Angelim, assinou, na tarde da \u00faltima sexta-feira (22), o contrato e a ordem de servi\u00e7o para reforma e amplia\u00e7\u00e3o do Centro Integrado de Cidadania (CIC) do munic\u00edpio de Porto Acre, distante 57,7 quil\u00f4metros de Rio Branco. O custo da obra ser\u00e1 de R$ 355.314,69 e o prazo de execu\u00e7\u00e3o \u00e9 de 90 dias.<\/p>\n<p style=\"text-align: justify;\">Durante o ato, a desembargadora-presidente enfatizou a import\u00e2ncia da obra, destacando o valor hist\u00f3rico da cidade, o fortalecimento da magistratura e o benef\u00edcio \u00e0queles que procuram a Justi\u00e7a naquela localidade.<\/p>\n<p style=\"text-align: justify;\">\u201c\u00c9 um momento de muita felicidade, um sonho que passa a se concretizar. A amplia\u00e7\u00e3o do im\u00f3vel, mais que duplicando sua \u00e1rea atual, representa uma semente que possibilitar\u00e1 a instala\u00e7\u00e3o da Comarca de Porto Acre, o que evitar\u00e1 o deslocamento do cidad\u00e3o portoacriense at\u00e9 Rio Branco para buscar seus direitos\u201d.<\/p>\n<p style=\"text-align: justify;\">Al\u00e9m da ju\u00edza-auxiliar da Presid\u00eancia, Mirla Regina, tamb\u00e9m prestigiou o ato a Associa\u00e7\u00e3o dos Magistrados do Acre (Asmac), representada por seu presidente, o juiz de Direito Giordane Dourado, e por seus diretores, os ju\u00edzes de Direito L\u00edlian Deise, Luiz Camolez, Anast\u00e1cio Menezes, Luana Campos e Alesson Braz.<\/p>\n<p style=\"text-align: justify;\">Na oportunidade, ao acompanhar a desembargadora Cezarinete Angelim na entrega da ordem de servi\u00e7o \u00e0 Construtora Tr\u00eas Irm\u00e3os, representada pelo seu s\u00f3cio-gerente, o senhor Raimundo C\u00e9sar da Silva, o presidente da Asmac asseverou ser aquele ato \u201cum avan\u00e7o important\u00edssimo, principalmente em se tratando de uma cidade hist\u00f3rica. <br \/>Parab\u00e9ns \u00e0 Administra\u00e7\u00e3o do Poder Judici\u00e1rio Acriano\u201d. Ao representante da construtora, Giordane pontuou: \u201cmuito carinho com essa obra!\u201d.<\/p>\n<p style=\"text-align: justify;\"><strong>A obra<\/strong><\/p>\n<p style=\"text-align: justify;\">De acordo com Diretoria de Log\u00edstica (Dilog), o pr\u00e9dio ter\u00e1 \u00e1rea de 252,30m\u00b2, sendo 99,60m\u00b2, de constru\u00e7\u00e3o existente e 152,70m\u00b2 de constru\u00e7\u00e3o nova.&nbsp;Conforme o memorial da obra, ser\u00e3o executadas uma reforma na parte existente e a constru\u00e7\u00e3o de um gabinete completo.<\/p>\n<p style=\"text-align: justify;\">Ainda segundo o memorial, ser\u00e3o reformados a copa, Cejusc, Protocolo de Reclama\u00e7\u00e3o dos Juizados, bateria de banheiros, hall p\u00fablico e DML. J\u00e1 a nova constru\u00e7\u00e3o contemplar\u00e1 uma bateria de banheiros adaptados, secretaria da Vara, sala de audi\u00eancia, assessoria do gabinete e gabinete do juiz.<\/p>\n","protected":false},"excerpt":{"rendered":"<p style=\"text-align: justify;\">Presidente assina ordem de servi\u00e7o para obras<\/p>\n","protected":false},"author":4,"featured_media":20765,"comment_status":"open","ping_status":"open","sticky":false,"template":"","format":"standard","meta":{"jnews-multi-image_gallery":[],"jnews_single_post":[],"jnews_primary_category":[],"jnews_social_meta":[],"jnews_review":[],"enable_review":"","type":"","name":"","summary":"","brand":"","sku":"","good":[],"bad":[],"score_override":"","override_value":"","rating":[],"price":[],"footnotes":""},"categories":[54],"tags":[],"class_list":["post-20766","post","type-post","status-publish","format-standard","has-post-thumbnail","hentry","category-cotidiano"],"yoast_head":"<!-- This site is optimized with the Yoast SEO plugin v26.5 - https:\/\/yoast.com\/wordpress\/plugins\/seo\/ -->\n<title>TJ reforma e amplia CIC de Porto Acre - Agazeta.net<\/title>\n<meta name=\"robots\" content=\"index, follow, max-snippet:-1, max-image-preview:large, max-video-preview:-1\" \/>\n<link rel=\"canonical\" href=\"https:\/\/nk7-testes.com.br\/agazeta\/tj-reforma-e-amplia-cic-de-porto-acre\/\" \/>\n<meta property=\"og:locale\" content=\"pt_BR\" \/>\n<meta property=\"og:type\" content=\"article\" \/>\n<meta property=\"og:title\" content=\"TJ reforma e amplia CIC de Porto Acre - Agazeta.net\" \/>\n<meta property=\"og:description\" content=\"Presidente assina ordem de servi\u00e7o para obras\" \/>\n<meta property=\"og:url\" content=\"https:\/\/nk7-testes.com.br\/agazeta\/tj-reforma-e-amplia-cic-de-porto-acre\/\" \/>\n<meta property=\"og:site_name\" content=\"Agazeta.net\" \/>\n<meta property=\"article:published_time\" content=\"2016-01-25T22:41:51+00:00\" \/>\n<meta property=\"og:image\" content=\"https:\/\/nk7-testes.com.br\/agazeta\/wp-content\/uploads\/2016\/01\/250116-cotidiano-cesarinete-agenciatj.jpg\" \/>\n\t<meta property=\"og:image:width\" content=\"458\" \/>\n\t<meta property=\"og:image:height\" content=\"340\" \/>\n\t<meta property=\"og:image:type\" content=\"image\/jpeg\" \/>\n<meta name=\"author\" content=\"Agazeta.Net\" \/>\n<meta name=\"twitter:card\" content=\"summary_large_image\" \/>\n<meta name=\"twitter:label1\" content=\"Escrito por\" \/>\n\t<meta name=\"twitter:data1\" content=\"Agazeta.Net\" \/>\n\t<meta name=\"twitter:label2\" content=\"Est. tempo de leitura\" \/>\n\t<meta name=\"twitter:data2\" content=\"2 minutos\" \/>\n<script type=\"application\/ld+json\" class=\"yoast-schema-graph\">{\"@context\":\"https:\/\/schema.org\",\"@graph\":[{\"@type\":\"WebPage\",\"@id\":\"https:\/\/nk7-testes.com.br\/agazeta\/tj-reforma-e-amplia-cic-de-porto-acre\/\",\"url\":\"https:\/\/nk7-testes.com.br\/agazeta\/tj-reforma-e-amplia-cic-de-porto-acre\/\",\"name\":\"TJ reforma e amplia CIC de Porto Acre - Agazeta.net\",\"isPartOf\":{\"@id\":\"https:\/\/nk7-testes.com.br\/agazeta\/#website\"},\"primaryImageOfPage\":{\"@id\":\"https:\/\/nk7-testes.com.br\/agazeta\/tj-reforma-e-amplia-cic-de-porto-acre\/#primaryimage\"},\"image\":{\"@id\":\"https:\/\/nk7-testes.com.br\/agazeta\/tj-reforma-e-amplia-cic-de-porto-acre\/#primaryimage\"},\"thumbnailUrl\":\"https:\/\/nk7-testes.com.br\/agazeta\/wp-content\/uploads\/2016\/01\/250116-cotidiano-cesarinete-agenciatj.jpg\",\"datePublished\":\"2016-01-25T22:41:51+00:00\",\"author\":{\"@id\":\"https:\/\/nk7-testes.com.br\/agazeta\/#\/schema\/person\/6d6e25cb0435eb4a02fd44d30b4e3020\"},\"breadcrumb\":{\"@id\":\"https:\/\/nk7-testes.com.br\/agazeta\/tj-reforma-e-amplia-cic-de-porto-acre\/#breadcrumb\"},\"inLanguage\":\"pt-BR\",\"potentialAction\":[{\"@type\":\"ReadAction\",\"target\":[\"https:\/\/nk7-testes.com.br\/agazeta\/tj-reforma-e-amplia-cic-de-porto-acre\/\"]}]},{\"@type\":\"ImageObject\",\"inLanguage\":\"pt-BR\",\"@id\":\"https:\/\/nk7-testes.com.br\/agazeta\/tj-reforma-e-amplia-cic-de-porto-acre\/#primaryimage\",\"url\":\"https:\/\/nk7-testes.com.br\/agazeta\/wp-content\/uploads\/2016\/01\/250116-cotidiano-cesarinete-agenciatj.jpg\",\"contentUrl\":\"https:\/\/nk7-testes.com.br\/agazeta\/wp-content\/uploads\/2016\/01\/250116-cotidiano-cesarinete-agenciatj.jpg\",\"width\":458,\"height\":340,\"caption\":\"250116-cotidiano-cesarinete-agenciatj\"},{\"@type\":\"BreadcrumbList\",\"@id\":\"https:\/\/nk7-testes.com.br\/agazeta\/tj-reforma-e-amplia-cic-de-porto-acre\/#breadcrumb\",\"itemListElement\":[{\"@type\":\"ListItem\",\"position\":1,\"name\":\"In\u00edcio\",\"item\":\"https:\/\/nk7-testes.com.br\/agazeta\/\"},{\"@type\":\"ListItem\",\"position\":2,\"name\":\"TJ reforma e amplia CIC de Porto Acre\"}]},{\"@type\":\"WebSite\",\"@id\":\"https:\/\/nk7-testes.com.br\/agazeta\/#website\",\"url\":\"https:\/\/nk7-testes.com.br\/agazeta\/\",\"name\":\"Agazeta.net\",\"description\":\"Agazeta.net - Not\u00edcias de Rio Branco\/AC\",\"potentialAction\":[{\"@type\":\"SearchAction\",\"target\":{\"@type\":\"EntryPoint\",\"urlTemplate\":\"https:\/\/nk7-testes.com.br\/agazeta\/?s={search_term_string}\"},\"query-input\":{\"@type\":\"PropertyValueSpecification\",\"valueRequired\":true,\"valueName\":\"search_term_string\"}}],\"inLanguage\":\"pt-BR\"},{\"@type\":\"Person\",\"@id\":\"https:\/\/nk7-testes.com.br\/agazeta\/#\/schema\/person\/6d6e25cb0435eb4a02fd44d30b4e3020\",\"name\":\"Agazeta.Net\",\"url\":\"https:\/\/nk7-testes.com.br\/agazeta\/author\/agazeta\/\"}]}<\/script>\n<!-- \/ Yoast SEO plugin. -->","yoast_head_json":{"title":"TJ reforma e amplia CIC de Porto Acre - Agazeta.net","robots":{"index":"index","follow":"follow","max-snippet":"max-snippet:-1","max-image-preview":"max-image-preview:large","max-video-preview":"max-video-preview:-1"},"canonical":"https:\/\/nk7-testes.com.br\/agazeta\/tj-reforma-e-amplia-cic-de-porto-acre\/","og_locale":"pt_BR","og_type":"article","og_title":"TJ reforma e amplia CIC de Porto Acre - Agazeta.net","og_description":"Presidente assina ordem de servi\u00e7o para obras","og_url":"https:\/\/nk7-testes.com.br\/agazeta\/tj-reforma-e-amplia-cic-de-porto-acre\/","og_site_name":"Agazeta.net","article_published_time":"2016-01-25T22:41:51+00:00","og_image":[{"width":458,"height":340,"url":"https:\/\/nk7-testes.com.br\/agazeta\/wp-content\/uploads\/2016\/01\/250116-cotidiano-cesarinete-agenciatj.jpg","type":"image\/jpeg"}],"author":"Agazeta.Net","twitter_card":"summary_large_image","twitter_misc":{"Escrito por":"Agazeta.Net","Est. tempo de leitura":"2 minutos"},"schema":{"@context":"https:\/\/schema.org","@graph":[{"@type":"WebPage","@id":"https:\/\/nk7-testes.com.br\/agazeta\/tj-reforma-e-amplia-cic-de-porto-acre\/","url":"https:\/\/nk7-testes.com.br\/agazeta\/tj-reforma-e-amplia-cic-de-porto-acre\/","name":"TJ reforma e amplia CIC de Porto Acre - Agazeta.net","isPartOf":{"@id":"https:\/\/nk7-testes.com.br\/agazeta\/#website"},"primaryImageOfPage":{"@id":"https:\/\/nk7-testes.com.br\/agazeta\/tj-reforma-e-amplia-cic-de-porto-acre\/#primaryimage"},"image":{"@id":"https:\/\/nk7-testes.com.br\/agazeta\/tj-reforma-e-amplia-cic-de-porto-acre\/#primaryimage"},"thumbnailUrl":"https:\/\/nk7-testes.com.br\/agazeta\/wp-content\/uploads\/2016\/01\/250116-cotidiano-cesarinete-agenciatj.jpg","datePublished":"2016-01-25T22:41:51+00:00","author":{"@id":"https:\/\/nk7-testes.com.br\/agazeta\/#\/schema\/person\/6d6e25cb0435eb4a02fd44d30b4e3020"},"breadcrumb":{"@id":"https:\/\/nk7-testes.com.br\/agazeta\/tj-reforma-e-amplia-cic-de-porto-acre\/#breadcrumb"},"inLanguage":"pt-BR","potentialAction":[{"@type":"ReadAction","target":["https:\/\/nk7-testes.com.br\/agazeta\/tj-reforma-e-amplia-cic-de-porto-acre\/"]}]},{"@type":"ImageObject","inLanguage":"pt-BR","@id":"https:\/\/nk7-testes.com.br\/agazeta\/tj-reforma-e-amplia-cic-de-porto-acre\/#primaryimage","url":"https:\/\/nk7-testes.com.br\/agazeta\/wp-content\/uploads\/2016\/01\/250116-cotidiano-cesarinete-agenciatj.jpg","contentUrl":"https:\/\/nk7-testes.com.br\/agazeta\/wp-content\/uploads\/2016\/01\/250116-cotidiano-cesarinete-agenciatj.jpg","width":458,"height":340,"caption":"250116-cotidiano-cesarinete-agenciatj"},{"@type":"BreadcrumbList","@id":"https:\/\/nk7-testes.com.br\/agazeta\/tj-reforma-e-amplia-cic-de-porto-acre\/#breadcrumb","itemListElement":[{"@type":"ListItem","position":1,"name":"In\u00edcio","item":"https:\/\/nk7-testes.com.br\/agazeta\/"},{"@type":"ListItem","position":2,"name":"TJ reforma e amplia CIC de Porto Acre"}]},{"@type":"WebSite","@id":"https:\/\/nk7-testes.com.br\/agazeta\/#website","url":"https:\/\/nk7-testes.com.br\/agazeta\/","name":"Agazeta.net","description":"Agazeta.net - Not\u00edcias de Rio Branco\/AC","potentialAction":[{"@type":"SearchAction","target":{"@type":"EntryPoint","urlTemplate":"https:\/\/nk7-testes.com.br\/agazeta\/?s={search_term_string}"},"query-input":{"@type":"PropertyValueSpecification","valueRequired":true,"valueName":"search_term_string"}}],"inLanguage":"pt-BR"},{"@type":"Person","@id":"https:\/\/nk7-testes.com.br\/agazeta\/#\/schema\/person\/6d6e25cb0435eb4a02fd44d30b4e3020","name":"Agazeta.Net","url":"https:\/\/nk7-testes.com.br\/agazeta\/author\/agazeta\/"}]}},"_links":{"self":[{"href":"https:\/\/nk7-testes.com.br\/agazeta\/wp-json\/wp\/v2\/posts\/20766","targetHints":{"allow":["GET"]}}],"collection":[{"href":"https:\/\/nk7-testes.com.br\/agazeta\/wp-json\/wp\/v2\/posts"}],"about":[{"href":"https:\/\/nk7-testes.com.br\/agazeta\/wp-json\/wp\/v2\/types\/post"}],"author":[{"embeddable":true,"href":"https:\/\/nk7-testes.com.br\/agazeta\/wp-json\/wp\/v2\/users\/4"}],"replies":[{"embeddable":true,"href":"https:\/\/nk7-testes.com.br\/agazeta\/wp-json\/wp\/v2\/comments?post=20766"}],"version-history":[{"count":0,"href":"https:\/\/nk7-testes.com.br\/agazeta\/wp-json\/wp\/v2\/posts\/20766\/revisions"}],"wp:featuredmedia":[{"embeddable":true,"href":"https:\/\/nk7-testes.com.br\/agazeta\/wp-json\/wp\/v2\/media\/20765"}],"wp:attachment":[{"href":"https:\/\/nk7-testes.com.br\/agazeta\/wp-json\/wp\/v2\/media?parent=20766"}],"wp:term":[{"taxonomy":"category","embeddable":true,"href":"https:\/\/nk7-testes.com.br\/agazeta\/wp-json\/wp\/v2\/categories?post=20766"},{"taxonomy":"post_tag","embeddable":true,"href":"https:\/\/nk7-testes.com.br\/agazeta\/wp-json\/wp\/v2\/tags?post=20766"}],"curies":[{"name":"wp","href":"https:\/\/api.w.org\/{rel}","templated":true}]}}