{"id":20696,"date":"2016-01-21T19:34:15","date_gmt":"2016-01-21T19:34:15","guid":{"rendered":"https:\/\/abarevegan.com.br\/index.php\/2016\/01\/21\/aumenta-numero-de-pessoas-sem-credito-no-acre\/"},"modified":"2016-01-21T19:34:15","modified_gmt":"2016-01-21T19:34:15","slug":"aumenta-numero-de-pessoas-sem-credito-no-acre","status":"publish","type":"post","link":"https:\/\/nk7-testes.com.br\/agazeta\/aumenta-numero-de-pessoas-sem-credito-no-acre\/","title":{"rendered":"Aumenta n\u00famero de pessoas sem cr\u00e9dito no Acre"},"content":{"rendered":"<p style=\"text-align: justify;\">53,2 mil foram registradas no SPC ano passado<\/p>\n<p style=\"text-align: justify;\">Os dados da Associa\u00e7\u00e3o Comercial do Acre apontam que em 2015, 53.252 pessoas foram registradas no Servi\u00e7o de Prote\u00e7\u00e3o ao Cr\u00e9dito (SPC). O aumento foi de 5,5% em rela\u00e7\u00e3o ao ano anterior.<\/p>\n<p style=\"text-align: justify;\">Dos mais de 53 mil registros, apenas 36 mil procuraram tirar o nome da lista negativa de cr\u00e9dito. Para o presidente da Associa\u00e7\u00e3o Comercial, Celestino de Oliveira, a falta de cr\u00e9dito e a recess\u00e3o n\u00e3o podem tirar o \u00e2nimo dos comerciantes.<\/p>\n<p style=\"text-align: justify;\">\u201c\u00c9 preciso buscar alternativas. No Acre, o dinheiro dos sal\u00e1rios p\u00fablicos est\u00e1 circulando normalmente e n\u00e3o houve demiss\u00e3o em massa. Falta agora \u00e9 incentivar o consumo\u201d, disse. Para celestino esse recado serve principalmente para o governo que precisa cortar gastos para investir em obras de infraestrutura.<\/p>\n<p style=\"text-align: justify;\">Mas, para a dire\u00e7\u00e3o da Associa\u00e7\u00e3o Comercial \u00e9 preciso ter cautela. Em ano de crise, o comerciante deve tomar cuidados na hora de vender a cr\u00e9dito. Uma ferramenta que pode ajudar a evitar preju\u00edzos futuros \u00e9 o uso do servi\u00e7o de consultas da associa\u00e7\u00e3o.<\/p>\n<p style=\"text-align: justify;\">No ano passado, foram 253 mil liga\u00e7\u00f5es para saber como estava a vida financeira do consumidor. Gra\u00e7as a consulta se descobriu, no momento, que 7 mil pessoas n\u00e3o tinham mais cr\u00e9dito no Acre.<\/p>\n","protected":false},"excerpt":{"rendered":"<p style=\"text-align: justify;\">53,2 mil foram registradas no SPC ano passado<\/p>\n","protected":false},"author":4,"featured_media":20470,"comment_status":"open","ping_status":"open","sticky":false,"template":"","format":"standard","meta":{"jnews-multi-image_gallery":[],"jnews_single_post":[],"jnews_primary_category":[],"jnews_social_meta":[],"jnews_review":[],"enable_review":"","type":"","name":"","summary":"","brand":"","sku":"","good":[],"bad":[],"score_override":"","override_value":"","rating":[],"price":[],"footnotes":""},"categories":[54],"tags":[],"class_list":["post-20696","post","type-post","status-publish","format-standard","has-post-thumbnail","hentry","category-cotidiano"],"yoast_head":"<!-- This site is optimized with the Yoast SEO plugin v26.5 - https:\/\/yoast.com\/wordpress\/plugins\/seo\/ -->\n<title>Aumenta n\u00famero de pessoas sem cr\u00e9dito no Acre - Agazeta.net<\/title>\n<meta name=\"robots\" content=\"index, follow, max-snippet:-1, max-image-preview:large, max-video-preview:-1\" \/>\n<link rel=\"canonical\" href=\"https:\/\/nk7-testes.com.br\/agazeta\/aumenta-numero-de-pessoas-sem-credito-no-acre\/\" \/>\n<meta property=\"og:locale\" content=\"pt_BR\" \/>\n<meta property=\"og:type\" content=\"article\" \/>\n<meta property=\"og:title\" content=\"Aumenta n\u00famero de pessoas sem cr\u00e9dito no Acre - Agazeta.net\" \/>\n<meta property=\"og:description\" content=\"53,2 mil foram registradas no SPC ano passado\" \/>\n<meta property=\"og:url\" content=\"https:\/\/nk7-testes.com.br\/agazeta\/aumenta-numero-de-pessoas-sem-credito-no-acre\/\" \/>\n<meta property=\"og:site_name\" content=\"Agazeta.net\" \/>\n<meta property=\"article:published_time\" content=\"2016-01-21T19:34:15+00:00\" \/>\n<meta property=\"og:image\" content=\"https:\/\/nk7-testes.com.br\/agazeta\/wp-content\/uploads\/2016\/01\/080915-cotidiano-comercio-tvgazeta2.jpg\" \/>\n\t<meta property=\"og:image:width\" content=\"458\" \/>\n\t<meta property=\"og:image:height\" content=\"340\" \/>\n\t<meta property=\"og:image:type\" content=\"image\/jpeg\" \/>\n<meta name=\"author\" content=\"Agazeta.Net\" \/>\n<meta name=\"twitter:card\" content=\"summary_large_image\" \/>\n<meta name=\"twitter:label1\" content=\"Escrito por\" \/>\n\t<meta name=\"twitter:data1\" content=\"Agazeta.Net\" \/>\n\t<meta name=\"twitter:label2\" content=\"Est. tempo de leitura\" \/>\n\t<meta name=\"twitter:data2\" content=\"1 minuto\" \/>\n<script type=\"application\/ld+json\" class=\"yoast-schema-graph\">{\"@context\":\"https:\/\/schema.org\",\"@graph\":[{\"@type\":\"WebPage\",\"@id\":\"https:\/\/nk7-testes.com.br\/agazeta\/aumenta-numero-de-pessoas-sem-credito-no-acre\/\",\"url\":\"https:\/\/nk7-testes.com.br\/agazeta\/aumenta-numero-de-pessoas-sem-credito-no-acre\/\",\"name\":\"Aumenta n\u00famero de pessoas sem cr\u00e9dito no Acre - Agazeta.net\",\"isPartOf\":{\"@id\":\"https:\/\/nk7-testes.com.br\/agazeta\/#website\"},\"primaryImageOfPage\":{\"@id\":\"https:\/\/nk7-testes.com.br\/agazeta\/aumenta-numero-de-pessoas-sem-credito-no-acre\/#primaryimage\"},\"image\":{\"@id\":\"https:\/\/nk7-testes.com.br\/agazeta\/aumenta-numero-de-pessoas-sem-credito-no-acre\/#primaryimage\"},\"thumbnailUrl\":\"https:\/\/nk7-testes.com.br\/agazeta\/wp-content\/uploads\/2016\/01\/080915-cotidiano-comercio-tvgazeta2.jpg\",\"datePublished\":\"2016-01-21T19:34:15+00:00\",\"author\":{\"@id\":\"https:\/\/nk7-testes.com.br\/agazeta\/#\/schema\/person\/6d6e25cb0435eb4a02fd44d30b4e3020\"},\"breadcrumb\":{\"@id\":\"https:\/\/nk7-testes.com.br\/agazeta\/aumenta-numero-de-pessoas-sem-credito-no-acre\/#breadcrumb\"},\"inLanguage\":\"pt-BR\",\"potentialAction\":[{\"@type\":\"ReadAction\",\"target\":[\"https:\/\/nk7-testes.com.br\/agazeta\/aumenta-numero-de-pessoas-sem-credito-no-acre\/\"]}]},{\"@type\":\"ImageObject\",\"inLanguage\":\"pt-BR\",\"@id\":\"https:\/\/nk7-testes.com.br\/agazeta\/aumenta-numero-de-pessoas-sem-credito-no-acre\/#primaryimage\",\"url\":\"https:\/\/nk7-testes.com.br\/agazeta\/wp-content\/uploads\/2016\/01\/080915-cotidiano-comercio-tvgazeta2.jpg\",\"contentUrl\":\"https:\/\/nk7-testes.com.br\/agazeta\/wp-content\/uploads\/2016\/01\/080915-cotidiano-comercio-tvgazeta2.jpg\",\"width\":458,\"height\":340,\"caption\":\"080915-cotidiano-comercio-tvgazeta2\"},{\"@type\":\"BreadcrumbList\",\"@id\":\"https:\/\/nk7-testes.com.br\/agazeta\/aumenta-numero-de-pessoas-sem-credito-no-acre\/#breadcrumb\",\"itemListElement\":[{\"@type\":\"ListItem\",\"position\":1,\"name\":\"In\u00edcio\",\"item\":\"https:\/\/nk7-testes.com.br\/agazeta\/\"},{\"@type\":\"ListItem\",\"position\":2,\"name\":\"Aumenta n\u00famero de pessoas sem cr\u00e9dito no Acre\"}]},{\"@type\":\"WebSite\",\"@id\":\"https:\/\/nk7-testes.com.br\/agazeta\/#website\",\"url\":\"https:\/\/nk7-testes.com.br\/agazeta\/\",\"name\":\"Agazeta.net\",\"description\":\"Agazeta.net - Not\u00edcias de Rio Branco\/AC\",\"potentialAction\":[{\"@type\":\"SearchAction\",\"target\":{\"@type\":\"EntryPoint\",\"urlTemplate\":\"https:\/\/nk7-testes.com.br\/agazeta\/?s={search_term_string}\"},\"query-input\":{\"@type\":\"PropertyValueSpecification\",\"valueRequired\":true,\"valueName\":\"search_term_string\"}}],\"inLanguage\":\"pt-BR\"},{\"@type\":\"Person\",\"@id\":\"https:\/\/nk7-testes.com.br\/agazeta\/#\/schema\/person\/6d6e25cb0435eb4a02fd44d30b4e3020\",\"name\":\"Agazeta.Net\",\"url\":\"https:\/\/nk7-testes.com.br\/agazeta\/author\/agazeta\/\"}]}<\/script>\n<!-- \/ Yoast SEO plugin. -->","yoast_head_json":{"title":"Aumenta n\u00famero de pessoas sem cr\u00e9dito no Acre - Agazeta.net","robots":{"index":"index","follow":"follow","max-snippet":"max-snippet:-1","max-image-preview":"max-image-preview:large","max-video-preview":"max-video-preview:-1"},"canonical":"https:\/\/nk7-testes.com.br\/agazeta\/aumenta-numero-de-pessoas-sem-credito-no-acre\/","og_locale":"pt_BR","og_type":"article","og_title":"Aumenta n\u00famero de pessoas sem cr\u00e9dito no Acre - Agazeta.net","og_description":"53,2 mil foram registradas no SPC ano passado","og_url":"https:\/\/nk7-testes.com.br\/agazeta\/aumenta-numero-de-pessoas-sem-credito-no-acre\/","og_site_name":"Agazeta.net","article_published_time":"2016-01-21T19:34:15+00:00","og_image":[{"width":458,"height":340,"url":"https:\/\/nk7-testes.com.br\/agazeta\/wp-content\/uploads\/2016\/01\/080915-cotidiano-comercio-tvgazeta2.jpg","type":"image\/jpeg"}],"author":"Agazeta.Net","twitter_card":"summary_large_image","twitter_misc":{"Escrito por":"Agazeta.Net","Est. tempo de leitura":"1 minuto"},"schema":{"@context":"https:\/\/schema.org","@graph":[{"@type":"WebPage","@id":"https:\/\/nk7-testes.com.br\/agazeta\/aumenta-numero-de-pessoas-sem-credito-no-acre\/","url":"https:\/\/nk7-testes.com.br\/agazeta\/aumenta-numero-de-pessoas-sem-credito-no-acre\/","name":"Aumenta n\u00famero de pessoas sem cr\u00e9dito no Acre - Agazeta.net","isPartOf":{"@id":"https:\/\/nk7-testes.com.br\/agazeta\/#website"},"primaryImageOfPage":{"@id":"https:\/\/nk7-testes.com.br\/agazeta\/aumenta-numero-de-pessoas-sem-credito-no-acre\/#primaryimage"},"image":{"@id":"https:\/\/nk7-testes.com.br\/agazeta\/aumenta-numero-de-pessoas-sem-credito-no-acre\/#primaryimage"},"thumbnailUrl":"https:\/\/nk7-testes.com.br\/agazeta\/wp-content\/uploads\/2016\/01\/080915-cotidiano-comercio-tvgazeta2.jpg","datePublished":"2016-01-21T19:34:15+00:00","author":{"@id":"https:\/\/nk7-testes.com.br\/agazeta\/#\/schema\/person\/6d6e25cb0435eb4a02fd44d30b4e3020"},"breadcrumb":{"@id":"https:\/\/nk7-testes.com.br\/agazeta\/aumenta-numero-de-pessoas-sem-credito-no-acre\/#breadcrumb"},"inLanguage":"pt-BR","potentialAction":[{"@type":"ReadAction","target":["https:\/\/nk7-testes.com.br\/agazeta\/aumenta-numero-de-pessoas-sem-credito-no-acre\/"]}]},{"@type":"ImageObject","inLanguage":"pt-BR","@id":"https:\/\/nk7-testes.com.br\/agazeta\/aumenta-numero-de-pessoas-sem-credito-no-acre\/#primaryimage","url":"https:\/\/nk7-testes.com.br\/agazeta\/wp-content\/uploads\/2016\/01\/080915-cotidiano-comercio-tvgazeta2.jpg","contentUrl":"https:\/\/nk7-testes.com.br\/agazeta\/wp-content\/uploads\/2016\/01\/080915-cotidiano-comercio-tvgazeta2.jpg","width":458,"height":340,"caption":"080915-cotidiano-comercio-tvgazeta2"},{"@type":"BreadcrumbList","@id":"https:\/\/nk7-testes.com.br\/agazeta\/aumenta-numero-de-pessoas-sem-credito-no-acre\/#breadcrumb","itemListElement":[{"@type":"ListItem","position":1,"name":"In\u00edcio","item":"https:\/\/nk7-testes.com.br\/agazeta\/"},{"@type":"ListItem","position":2,"name":"Aumenta n\u00famero de pessoas sem cr\u00e9dito no Acre"}]},{"@type":"WebSite","@id":"https:\/\/nk7-testes.com.br\/agazeta\/#website","url":"https:\/\/nk7-testes.com.br\/agazeta\/","name":"Agazeta.net","description":"Agazeta.net - Not\u00edcias de Rio Branco\/AC","potentialAction":[{"@type":"SearchAction","target":{"@type":"EntryPoint","urlTemplate":"https:\/\/nk7-testes.com.br\/agazeta\/?s={search_term_string}"},"query-input":{"@type":"PropertyValueSpecification","valueRequired":true,"valueName":"search_term_string"}}],"inLanguage":"pt-BR"},{"@type":"Person","@id":"https:\/\/nk7-testes.com.br\/agazeta\/#\/schema\/person\/6d6e25cb0435eb4a02fd44d30b4e3020","name":"Agazeta.Net","url":"https:\/\/nk7-testes.com.br\/agazeta\/author\/agazeta\/"}]}},"_links":{"self":[{"href":"https:\/\/nk7-testes.com.br\/agazeta\/wp-json\/wp\/v2\/posts\/20696","targetHints":{"allow":["GET"]}}],"collection":[{"href":"https:\/\/nk7-testes.com.br\/agazeta\/wp-json\/wp\/v2\/posts"}],"about":[{"href":"https:\/\/nk7-testes.com.br\/agazeta\/wp-json\/wp\/v2\/types\/post"}],"author":[{"embeddable":true,"href":"https:\/\/nk7-testes.com.br\/agazeta\/wp-json\/wp\/v2\/users\/4"}],"replies":[{"embeddable":true,"href":"https:\/\/nk7-testes.com.br\/agazeta\/wp-json\/wp\/v2\/comments?post=20696"}],"version-history":[{"count":0,"href":"https:\/\/nk7-testes.com.br\/agazeta\/wp-json\/wp\/v2\/posts\/20696\/revisions"}],"wp:featuredmedia":[{"embeddable":true,"href":"https:\/\/nk7-testes.com.br\/agazeta\/wp-json\/wp\/v2\/media\/20470"}],"wp:attachment":[{"href":"https:\/\/nk7-testes.com.br\/agazeta\/wp-json\/wp\/v2\/media?parent=20696"}],"wp:term":[{"taxonomy":"category","embeddable":true,"href":"https:\/\/nk7-testes.com.br\/agazeta\/wp-json\/wp\/v2\/categories?post=20696"},{"taxonomy":"post_tag","embeddable":true,"href":"https:\/\/nk7-testes.com.br\/agazeta\/wp-json\/wp\/v2\/tags?post=20696"}],"curies":[{"name":"wp","href":"https:\/\/api.w.org\/{rel}","templated":true}]}}