{"id":20691,"date":"2016-01-21T15:22:29","date_gmt":"2016-01-21T15:22:29","guid":{"rendered":"https:\/\/abarevegan.com.br\/index.php\/2016\/01\/21\/gargalo-da-dom-porquito-esta-na-engorda\/"},"modified":"2016-01-21T15:22:29","modified_gmt":"2016-01-21T15:22:29","slug":"gargalo-da-dom-porquito-esta-na-engorda","status":"publish","type":"post","link":"https:\/\/nk7-testes.com.br\/agazeta\/gargalo-da-dom-porquito-esta-na-engorda\/","title":{"rendered":"Gargalo da Dom Porquito est\u00e1 na engorda"},"content":{"rendered":"<p style=\"text-align: justify;\">Acionistas avaliam processo de produ\u00e7\u00e3o do frigor\u00edfico<\/p>\n<p style=\"text-align: justify;\">O frigor\u00edfico da Dom Porquito est\u00e1 em processo de adapta\u00e7\u00e3o e regula\u00e7\u00e3o de maquin\u00e1rio e forma\u00e7\u00e3o de m\u00e3o de obra. Mas, isso n\u00e3o significa que a comercializa\u00e7\u00e3o j\u00e1 n\u00e3o esteja sendo realizada: h\u00e1 clientes regulares no Amazonas, Roraima e Rond\u00f4nia.<\/p>\n<p style=\"text-align: justify;\">Ontem, ao grupo de sete acionistas do empreendimento (incluindo o bra\u00e7o estatal, a Ag\u00eancia de Neg\u00f3cios do Acre) passou o dia inteiro visitando cada parte do processo de produ\u00e7\u00e3o no frigor\u00edfico.<\/p>\n<p style=\"text-align: justify;\">A estrutura da Dom Porquito, utilizando toda capacidade produtiva do maquin\u00e1rio, tem capacidade de abater 1,6 mil cabe\u00e7as de su\u00edno por dia. \u00c9 uma escala que n\u00e3o tem sintonia com a outra ponta da cadeia de produ\u00e7\u00e3o: a engorda.<\/p>\n<p style=\"text-align: justify;\">Os atuais 26 produtores e mais outros 100 vinculados \u00e0 cooperativa t\u00eam sido orientados a atender \u00e0 necessidade de aumento da efici\u00eancia. Para isso, os acionistas anunciam que v\u00e3o priorizar a constru\u00e7\u00e3o dos galp\u00f5es para engorda (normalmente s\u00e3o tr\u00eas meses para que o animal alcance de 100 a 115 Kg).<\/p>\n<p style=\"text-align: justify;\">Mas, enquanto a estrutura n\u00e3o est\u00e1 em plena capacidade produtiva, novidades em cortes de su\u00ednos j\u00e1 s\u00e3o sugeridas. \u201cEstendemos que quanto mais espec\u00edfico o corte, mais valor agrega ao produto\u201d, pontua o presidente da Ag\u00eancia de Neg\u00f3cios do Acre, In\u00e1cio Moreira. \u201cA pe\u00e7a de pernil inteira tem muito valor no fim de ano, mas agora podemos ter outras varia\u00e7\u00f5es de cortes, gerando produtos novos\u201d.<\/p>\n<p style=\"text-align: justify;\">Em mar\u00e7o, o Minist\u00e9rio da Agricultura deve liberar o SIF para exporta\u00e7\u00e3o. Os mercados da Bol\u00edvia e Peru j\u00e1 foram anunciados como \u201cestrat\u00e9gicos\u201d para o empreendimento.<\/p>\n","protected":false},"excerpt":{"rendered":"<p style=\"text-align: justify;\">Acionistas avaliam processo de produ\u00e7\u00e3o do frigor\u00edfico<\/p>\n","protected":false},"author":4,"featured_media":20690,"comment_status":"open","ping_status":"open","sticky":false,"template":"","format":"standard","meta":{"jnews-multi-image_gallery":[],"jnews_single_post":[],"jnews_primary_category":[],"jnews_social_meta":[],"jnews_review":[],"enable_review":"","type":"","name":"","summary":"","brand":"","sku":"","good":[],"bad":[],"score_override":"","override_value":"","rating":[],"price":[],"footnotes":""},"categories":[54],"tags":[],"class_list":["post-20691","post","type-post","status-publish","format-standard","has-post-thumbnail","hentry","category-cotidiano"],"yoast_head":"<!-- This site is optimized with the Yoast SEO plugin v26.5 - https:\/\/yoast.com\/wordpress\/plugins\/seo\/ -->\n<title>Gargalo da Dom Porquito est\u00e1 na engorda - Agazeta.net<\/title>\n<meta name=\"robots\" content=\"index, follow, max-snippet:-1, max-image-preview:large, max-video-preview:-1\" \/>\n<link rel=\"canonical\" href=\"https:\/\/nk7-testes.com.br\/agazeta\/gargalo-da-dom-porquito-esta-na-engorda\/\" \/>\n<meta property=\"og:locale\" content=\"pt_BR\" \/>\n<meta property=\"og:type\" content=\"article\" \/>\n<meta property=\"og:title\" content=\"Gargalo da Dom Porquito est\u00e1 na engorda - Agazeta.net\" \/>\n<meta property=\"og:description\" content=\"Acionistas avaliam processo de produ\u00e7\u00e3o do frigor\u00edfico\" \/>\n<meta property=\"og:url\" content=\"https:\/\/nk7-testes.com.br\/agazeta\/gargalo-da-dom-porquito-esta-na-engorda\/\" \/>\n<meta property=\"og:site_name\" content=\"Agazeta.net\" \/>\n<meta property=\"article:published_time\" content=\"2016-01-21T15:22:29+00:00\" \/>\n<meta property=\"og:image\" content=\"https:\/\/nk7-testes.com.br\/agazeta\/wp-content\/uploads\/2016\/01\/210116-cotidiano-domporquito-cedida2.jpg\" \/>\n\t<meta property=\"og:image:width\" content=\"458\" \/>\n\t<meta property=\"og:image:height\" content=\"340\" \/>\n\t<meta property=\"og:image:type\" content=\"image\/jpeg\" \/>\n<meta name=\"author\" content=\"Agazeta.Net\" \/>\n<meta name=\"twitter:card\" content=\"summary_large_image\" \/>\n<meta name=\"twitter:label1\" content=\"Escrito por\" \/>\n\t<meta name=\"twitter:data1\" content=\"Agazeta.Net\" \/>\n\t<meta name=\"twitter:label2\" content=\"Est. tempo de leitura\" \/>\n\t<meta name=\"twitter:data2\" content=\"1 minuto\" \/>\n<script type=\"application\/ld+json\" class=\"yoast-schema-graph\">{\"@context\":\"https:\/\/schema.org\",\"@graph\":[{\"@type\":\"WebPage\",\"@id\":\"https:\/\/nk7-testes.com.br\/agazeta\/gargalo-da-dom-porquito-esta-na-engorda\/\",\"url\":\"https:\/\/nk7-testes.com.br\/agazeta\/gargalo-da-dom-porquito-esta-na-engorda\/\",\"name\":\"Gargalo da Dom Porquito est\u00e1 na engorda - Agazeta.net\",\"isPartOf\":{\"@id\":\"https:\/\/nk7-testes.com.br\/agazeta\/#website\"},\"primaryImageOfPage\":{\"@id\":\"https:\/\/nk7-testes.com.br\/agazeta\/gargalo-da-dom-porquito-esta-na-engorda\/#primaryimage\"},\"image\":{\"@id\":\"https:\/\/nk7-testes.com.br\/agazeta\/gargalo-da-dom-porquito-esta-na-engorda\/#primaryimage\"},\"thumbnailUrl\":\"https:\/\/nk7-testes.com.br\/agazeta\/wp-content\/uploads\/2016\/01\/210116-cotidiano-domporquito-cedida2.jpg\",\"datePublished\":\"2016-01-21T15:22:29+00:00\",\"author\":{\"@id\":\"https:\/\/nk7-testes.com.br\/agazeta\/#\/schema\/person\/6d6e25cb0435eb4a02fd44d30b4e3020\"},\"breadcrumb\":{\"@id\":\"https:\/\/nk7-testes.com.br\/agazeta\/gargalo-da-dom-porquito-esta-na-engorda\/#breadcrumb\"},\"inLanguage\":\"pt-BR\",\"potentialAction\":[{\"@type\":\"ReadAction\",\"target\":[\"https:\/\/nk7-testes.com.br\/agazeta\/gargalo-da-dom-porquito-esta-na-engorda\/\"]}]},{\"@type\":\"ImageObject\",\"inLanguage\":\"pt-BR\",\"@id\":\"https:\/\/nk7-testes.com.br\/agazeta\/gargalo-da-dom-porquito-esta-na-engorda\/#primaryimage\",\"url\":\"https:\/\/nk7-testes.com.br\/agazeta\/wp-content\/uploads\/2016\/01\/210116-cotidiano-domporquito-cedida2.jpg\",\"contentUrl\":\"https:\/\/nk7-testes.com.br\/agazeta\/wp-content\/uploads\/2016\/01\/210116-cotidiano-domporquito-cedida2.jpg\",\"width\":458,\"height\":340,\"caption\":\"210116-cotidiano-domporquito-cedida2\"},{\"@type\":\"BreadcrumbList\",\"@id\":\"https:\/\/nk7-testes.com.br\/agazeta\/gargalo-da-dom-porquito-esta-na-engorda\/#breadcrumb\",\"itemListElement\":[{\"@type\":\"ListItem\",\"position\":1,\"name\":\"In\u00edcio\",\"item\":\"https:\/\/nk7-testes.com.br\/agazeta\/\"},{\"@type\":\"ListItem\",\"position\":2,\"name\":\"Gargalo da Dom Porquito est\u00e1 na engorda\"}]},{\"@type\":\"WebSite\",\"@id\":\"https:\/\/nk7-testes.com.br\/agazeta\/#website\",\"url\":\"https:\/\/nk7-testes.com.br\/agazeta\/\",\"name\":\"Agazeta.net\",\"description\":\"Agazeta.net - Not\u00edcias de Rio Branco\/AC\",\"potentialAction\":[{\"@type\":\"SearchAction\",\"target\":{\"@type\":\"EntryPoint\",\"urlTemplate\":\"https:\/\/nk7-testes.com.br\/agazeta\/?s={search_term_string}\"},\"query-input\":{\"@type\":\"PropertyValueSpecification\",\"valueRequired\":true,\"valueName\":\"search_term_string\"}}],\"inLanguage\":\"pt-BR\"},{\"@type\":\"Person\",\"@id\":\"https:\/\/nk7-testes.com.br\/agazeta\/#\/schema\/person\/6d6e25cb0435eb4a02fd44d30b4e3020\",\"name\":\"Agazeta.Net\",\"url\":\"https:\/\/nk7-testes.com.br\/agazeta\/author\/agazeta\/\"}]}<\/script>\n<!-- \/ Yoast SEO plugin. -->","yoast_head_json":{"title":"Gargalo da Dom Porquito est\u00e1 na engorda - Agazeta.net","robots":{"index":"index","follow":"follow","max-snippet":"max-snippet:-1","max-image-preview":"max-image-preview:large","max-video-preview":"max-video-preview:-1"},"canonical":"https:\/\/nk7-testes.com.br\/agazeta\/gargalo-da-dom-porquito-esta-na-engorda\/","og_locale":"pt_BR","og_type":"article","og_title":"Gargalo da Dom Porquito est\u00e1 na engorda - Agazeta.net","og_description":"Acionistas avaliam processo de produ\u00e7\u00e3o do frigor\u00edfico","og_url":"https:\/\/nk7-testes.com.br\/agazeta\/gargalo-da-dom-porquito-esta-na-engorda\/","og_site_name":"Agazeta.net","article_published_time":"2016-01-21T15:22:29+00:00","og_image":[{"width":458,"height":340,"url":"https:\/\/nk7-testes.com.br\/agazeta\/wp-content\/uploads\/2016\/01\/210116-cotidiano-domporquito-cedida2.jpg","type":"image\/jpeg"}],"author":"Agazeta.Net","twitter_card":"summary_large_image","twitter_misc":{"Escrito por":"Agazeta.Net","Est. tempo de leitura":"1 minuto"},"schema":{"@context":"https:\/\/schema.org","@graph":[{"@type":"WebPage","@id":"https:\/\/nk7-testes.com.br\/agazeta\/gargalo-da-dom-porquito-esta-na-engorda\/","url":"https:\/\/nk7-testes.com.br\/agazeta\/gargalo-da-dom-porquito-esta-na-engorda\/","name":"Gargalo da Dom Porquito est\u00e1 na engorda - Agazeta.net","isPartOf":{"@id":"https:\/\/nk7-testes.com.br\/agazeta\/#website"},"primaryImageOfPage":{"@id":"https:\/\/nk7-testes.com.br\/agazeta\/gargalo-da-dom-porquito-esta-na-engorda\/#primaryimage"},"image":{"@id":"https:\/\/nk7-testes.com.br\/agazeta\/gargalo-da-dom-porquito-esta-na-engorda\/#primaryimage"},"thumbnailUrl":"https:\/\/nk7-testes.com.br\/agazeta\/wp-content\/uploads\/2016\/01\/210116-cotidiano-domporquito-cedida2.jpg","datePublished":"2016-01-21T15:22:29+00:00","author":{"@id":"https:\/\/nk7-testes.com.br\/agazeta\/#\/schema\/person\/6d6e25cb0435eb4a02fd44d30b4e3020"},"breadcrumb":{"@id":"https:\/\/nk7-testes.com.br\/agazeta\/gargalo-da-dom-porquito-esta-na-engorda\/#breadcrumb"},"inLanguage":"pt-BR","potentialAction":[{"@type":"ReadAction","target":["https:\/\/nk7-testes.com.br\/agazeta\/gargalo-da-dom-porquito-esta-na-engorda\/"]}]},{"@type":"ImageObject","inLanguage":"pt-BR","@id":"https:\/\/nk7-testes.com.br\/agazeta\/gargalo-da-dom-porquito-esta-na-engorda\/#primaryimage","url":"https:\/\/nk7-testes.com.br\/agazeta\/wp-content\/uploads\/2016\/01\/210116-cotidiano-domporquito-cedida2.jpg","contentUrl":"https:\/\/nk7-testes.com.br\/agazeta\/wp-content\/uploads\/2016\/01\/210116-cotidiano-domporquito-cedida2.jpg","width":458,"height":340,"caption":"210116-cotidiano-domporquito-cedida2"},{"@type":"BreadcrumbList","@id":"https:\/\/nk7-testes.com.br\/agazeta\/gargalo-da-dom-porquito-esta-na-engorda\/#breadcrumb","itemListElement":[{"@type":"ListItem","position":1,"name":"In\u00edcio","item":"https:\/\/nk7-testes.com.br\/agazeta\/"},{"@type":"ListItem","position":2,"name":"Gargalo da Dom Porquito est\u00e1 na engorda"}]},{"@type":"WebSite","@id":"https:\/\/nk7-testes.com.br\/agazeta\/#website","url":"https:\/\/nk7-testes.com.br\/agazeta\/","name":"Agazeta.net","description":"Agazeta.net - Not\u00edcias de Rio Branco\/AC","potentialAction":[{"@type":"SearchAction","target":{"@type":"EntryPoint","urlTemplate":"https:\/\/nk7-testes.com.br\/agazeta\/?s={search_term_string}"},"query-input":{"@type":"PropertyValueSpecification","valueRequired":true,"valueName":"search_term_string"}}],"inLanguage":"pt-BR"},{"@type":"Person","@id":"https:\/\/nk7-testes.com.br\/agazeta\/#\/schema\/person\/6d6e25cb0435eb4a02fd44d30b4e3020","name":"Agazeta.Net","url":"https:\/\/nk7-testes.com.br\/agazeta\/author\/agazeta\/"}]}},"_links":{"self":[{"href":"https:\/\/nk7-testes.com.br\/agazeta\/wp-json\/wp\/v2\/posts\/20691","targetHints":{"allow":["GET"]}}],"collection":[{"href":"https:\/\/nk7-testes.com.br\/agazeta\/wp-json\/wp\/v2\/posts"}],"about":[{"href":"https:\/\/nk7-testes.com.br\/agazeta\/wp-json\/wp\/v2\/types\/post"}],"author":[{"embeddable":true,"href":"https:\/\/nk7-testes.com.br\/agazeta\/wp-json\/wp\/v2\/users\/4"}],"replies":[{"embeddable":true,"href":"https:\/\/nk7-testes.com.br\/agazeta\/wp-json\/wp\/v2\/comments?post=20691"}],"version-history":[{"count":0,"href":"https:\/\/nk7-testes.com.br\/agazeta\/wp-json\/wp\/v2\/posts\/20691\/revisions"}],"wp:featuredmedia":[{"embeddable":true,"href":"https:\/\/nk7-testes.com.br\/agazeta\/wp-json\/wp\/v2\/media\/20690"}],"wp:attachment":[{"href":"https:\/\/nk7-testes.com.br\/agazeta\/wp-json\/wp\/v2\/media?parent=20691"}],"wp:term":[{"taxonomy":"category","embeddable":true,"href":"https:\/\/nk7-testes.com.br\/agazeta\/wp-json\/wp\/v2\/categories?post=20691"},{"taxonomy":"post_tag","embeddable":true,"href":"https:\/\/nk7-testes.com.br\/agazeta\/wp-json\/wp\/v2\/tags?post=20691"}],"curies":[{"name":"wp","href":"https:\/\/api.w.org\/{rel}","templated":true}]}}