{"id":20678,"date":"2016-01-20T21:06:35","date_gmt":"2016-01-20T21:06:35","guid":{"rendered":"https:\/\/abarevegan.com.br\/index.php\/2016\/01\/20\/sao-sebastiao-remonta-a-princezinha-do-acre\/"},"modified":"2016-01-20T21:06:35","modified_gmt":"2016-01-20T21:06:35","slug":"sao-sebastiao-remonta-a-princezinha-do-acre","status":"publish","type":"post","link":"https:\/\/nk7-testes.com.br\/agazeta\/sao-sebastiao-remonta-a-princezinha-do-acre\/","title":{"rendered":"S\u00e3o Sebasti\u00e3o remonta \u00e0 \u201cPrincesinha do Acre\u201d"},"content":{"rendered":"<p style=\"text-align: justify;\">Express\u00e3o de f\u00e9 relembra um Acre distante<\/p>\n<p style=\"text-align: justify;\">Milhares de fieis come\u00e7am a lotar a Par\u00f3quia de S\u00e3o Sebasti\u00e3o em Xapuri. O santo \u00e9 o padroeiro da cidade e a celebra\u00e7\u00e3o <em>\u201cd\u2019o dia 20 de janeiro\u201d<\/em> faz o visitante voltar no tempo.<\/p>\n<p style=\"text-align: justify;\">O cheiro de lavanda com suor e vela queimada, a venda do refresco nas imedia\u00e7\u00f5es da igreja, o Padre Jos\u00e9 com a batina sempre empoeirada e as \u00e1rvores sempre bem podadas do centro da cidade formaram o imagin\u00e1rio de uma gera\u00e7\u00e3o de acrianos.<\/p>\n<p style=\"text-align: justify;\"><em>\u201cIr para o 20\u201d<\/em> em Xapuri era parte de uma aventura. A come\u00e7ar pela estrada. Saia-se por volta das seis da manh\u00e3 da rodovi\u00e1ria de Rio Branco nos \u00f4nibus das empresas Lameira ou Ribeiro.<\/p>\n<p style=\"text-align: justify;\">A chegada em Xapuri n\u00e3o tinha hora certa. Ao se aproximar do <em>\u201cRanofo\u201d<\/em> j\u00e1 havia uma esp\u00e9cie de encanto: matava-se a fome e a vontade de ir ao banheiro. <em>\u201cAgora tem outro tanto pra frente\u201d<\/em>, diziam comumente. E o menino olhava a estrada com o c\u00e9u nublado e amea\u00e7ador.<\/p>\n<p style=\"text-align: justify;\">Muito mais \u00e0 frente passava-se pela <em>\u201cSerraria do Padre\u201d<\/em>. Era um pr\u00e9dio medonho, hoje em ru\u00ednas com uma vila que teima em crescer ao redor. Era um mar de lama. E o menino sacolejava de um lado para o outro. Espremido.<\/p>\n<p style=\"text-align: justify;\">O Entroncamento era um<em> \u201cquase chegando\u201d<\/em>. J\u00e1 era quase noite. Doze horas de sofrimento. Os homens todos com o corpo enlameado de tanto <em>\u201cdescer pra empurrar\u201d<\/em>. Parecia que quando se entrava na estrada de Xapuri propriamente dita, o sofrimento aumentava. Era um sufoco anual. Que f\u00e9 era aquela que exigia tanto esfor\u00e7o? O menino n\u00e3o entendia.<\/p>\n<p style=\"text-align: justify;\">A fuma\u00e7a de cigarro (\u00e0 \u00e9poca, era permitido fumar nos \u00f4nibus) a aus\u00eancia de banheiros, os passageiros em p\u00e9, o cheiro de suor, a lama, crian\u00e7as chorando. Era um terror incompreens\u00edvel. Ao menos as janelas podiam ser abertas.<\/p>\n<p style=\"text-align: justify;\">Mas, quando menos se esperava, o ch\u00e3o parecia ficar mais regular e o \u00f4nibus parecia ficar mais veloz. <em>\u201cValhei-me, meu S\u00e3o Sebasti\u00e3o! Chegamos em Xapuri!\u201d<\/em> Havia uma esp\u00e9cie de alegria coletiva e a <em>\u201cPrincesinha do Acre\u201d<\/em> se mostrava toda aos visitantes: as luzes em tom amarelado, com os p\u00e9s de bem-te-vi bem cuidados, limpa. Depois de tanta chuva, lama, empurra empurra, desce do \u00f4nibus, tira do atoleiro, sobe no \u00f4nibus, mais chuva&#8230; chegar a Xapuri era praticamente desfilar por Paris.<\/p>\n<p style=\"text-align: justify;\">Hoje, olhando os fieis humildemente expressando a f\u00e9 diante da grandeza do santo, h\u00e1 um pouco de uma Xapuri j\u00e1 quase esquecida: se o fiel se embrenhar no meio da prociss\u00e3o, fechar os olhos e deixar-se levar pelas ladainhas e incel\u00eancias, volta-se no tempo. Muita coisa mudou: para pior e para melhor. S\u00f3 o santo continua o mesmo: gigante e guerreiro.<\/p>\n<p style=\"text-align: justify;\"><img decoding=\"async\" class=\" size-full wp-image-20675\" alt=\"200116procissao1\" src=\"https:\/\/nk7-testes.com.br\/wp-content\/uploads\/2016\/01\/200116procissao1.jpg\" height=\"457\" width=\"720\" \/><\/p>\n<p style=\"text-align: justify;\"><img decoding=\"async\" class=\" size-full wp-image-20676\" alt=\"200116procissao2\" src=\"https:\/\/nk7-testes.com.br\/wp-content\/uploads\/2016\/01\/200116procissao2.jpg\" height=\"413\" width=\"720\" \/><\/p>\n<p style=\"text-align: justify;\"><img decoding=\"async\" class=\" size-full wp-image-20677\" alt=\"200116procissao3\" src=\"https:\/\/nk7-testes.com.br\/wp-content\/uploads\/2016\/01\/200116procissao3.jpg\" height=\"426\" width=\"720\" \/><\/p>\n","protected":false},"excerpt":{"rendered":"<p style=\"text-align: justify;\">Express\u00e3o de f\u00e9 relembra um Acre distante<\/p>\n","protected":false},"author":4,"featured_media":20674,"comment_status":"open","ping_status":"open","sticky":false,"template":"","format":"standard","meta":{"jnews-multi-image_gallery":[],"jnews_single_post":[],"jnews_primary_category":[],"jnews_social_meta":[],"jnews_review":[],"enable_review":"","type":"","name":"","summary":"","brand":"","sku":"","good":[],"bad":[],"score_override":"","override_value":"","rating":[],"price":[],"footnotes":""},"categories":[54],"tags":[],"class_list":["post-20678","post","type-post","status-publish","format-standard","has-post-thumbnail","hentry","category-cotidiano"],"yoast_head":"<!-- This site is optimized with the Yoast SEO plugin v26.5 - https:\/\/yoast.com\/wordpress\/plugins\/seo\/ -->\n<title>S\u00e3o Sebasti\u00e3o remonta \u00e0 \u201cPrincesinha do Acre\u201d - Agazeta.net<\/title>\n<meta name=\"robots\" content=\"index, follow, max-snippet:-1, max-image-preview:large, max-video-preview:-1\" \/>\n<link rel=\"canonical\" href=\"https:\/\/nk7-testes.com.br\/agazeta\/sao-sebastiao-remonta-a-princezinha-do-acre\/\" \/>\n<meta property=\"og:locale\" content=\"pt_BR\" \/>\n<meta property=\"og:type\" content=\"article\" \/>\n<meta property=\"og:title\" content=\"S\u00e3o Sebasti\u00e3o remonta \u00e0 \u201cPrincesinha do Acre\u201d - Agazeta.net\" \/>\n<meta property=\"og:description\" content=\"Express\u00e3o de f\u00e9 relembra um Acre distante\" \/>\n<meta property=\"og:url\" content=\"https:\/\/nk7-testes.com.br\/agazeta\/sao-sebastiao-remonta-a-princezinha-do-acre\/\" \/>\n<meta property=\"og:site_name\" content=\"Agazeta.net\" \/>\n<meta property=\"article:published_time\" content=\"2016-01-20T21:06:35+00:00\" \/>\n<meta property=\"og:image\" content=\"https:\/\/nk7-testes.com.br\/agazeta\/wp-content\/uploads\/2016\/01\/200116-cotidiano-saosebastiao-almirandrade2.jpg\" \/>\n\t<meta property=\"og:image:width\" content=\"458\" \/>\n\t<meta property=\"og:image:height\" content=\"340\" \/>\n\t<meta property=\"og:image:type\" content=\"image\/jpeg\" \/>\n<meta name=\"author\" content=\"Agazeta.Net\" \/>\n<meta name=\"twitter:card\" content=\"summary_large_image\" \/>\n<meta name=\"twitter:label1\" content=\"Escrito por\" \/>\n\t<meta name=\"twitter:data1\" content=\"Agazeta.Net\" \/>\n\t<meta name=\"twitter:label2\" content=\"Est. tempo de leitura\" \/>\n\t<meta name=\"twitter:data2\" content=\"2 minutos\" \/>\n<script type=\"application\/ld+json\" class=\"yoast-schema-graph\">{\"@context\":\"https:\/\/schema.org\",\"@graph\":[{\"@type\":\"WebPage\",\"@id\":\"https:\/\/nk7-testes.com.br\/agazeta\/sao-sebastiao-remonta-a-princezinha-do-acre\/\",\"url\":\"https:\/\/nk7-testes.com.br\/agazeta\/sao-sebastiao-remonta-a-princezinha-do-acre\/\",\"name\":\"S\u00e3o Sebasti\u00e3o remonta \u00e0 \u201cPrincesinha do Acre\u201d - Agazeta.net\",\"isPartOf\":{\"@id\":\"https:\/\/nk7-testes.com.br\/agazeta\/#website\"},\"primaryImageOfPage\":{\"@id\":\"https:\/\/nk7-testes.com.br\/agazeta\/sao-sebastiao-remonta-a-princezinha-do-acre\/#primaryimage\"},\"image\":{\"@id\":\"https:\/\/nk7-testes.com.br\/agazeta\/sao-sebastiao-remonta-a-princezinha-do-acre\/#primaryimage\"},\"thumbnailUrl\":\"https:\/\/nk7-testes.com.br\/agazeta\/wp-content\/uploads\/2016\/01\/200116-cotidiano-saosebastiao-almirandrade2.jpg\",\"datePublished\":\"2016-01-20T21:06:35+00:00\",\"author\":{\"@id\":\"https:\/\/nk7-testes.com.br\/agazeta\/#\/schema\/person\/6d6e25cb0435eb4a02fd44d30b4e3020\"},\"breadcrumb\":{\"@id\":\"https:\/\/nk7-testes.com.br\/agazeta\/sao-sebastiao-remonta-a-princezinha-do-acre\/#breadcrumb\"},\"inLanguage\":\"pt-BR\",\"potentialAction\":[{\"@type\":\"ReadAction\",\"target\":[\"https:\/\/nk7-testes.com.br\/agazeta\/sao-sebastiao-remonta-a-princezinha-do-acre\/\"]}]},{\"@type\":\"ImageObject\",\"inLanguage\":\"pt-BR\",\"@id\":\"https:\/\/nk7-testes.com.br\/agazeta\/sao-sebastiao-remonta-a-princezinha-do-acre\/#primaryimage\",\"url\":\"https:\/\/nk7-testes.com.br\/agazeta\/wp-content\/uploads\/2016\/01\/200116-cotidiano-saosebastiao-almirandrade2.jpg\",\"contentUrl\":\"https:\/\/nk7-testes.com.br\/agazeta\/wp-content\/uploads\/2016\/01\/200116-cotidiano-saosebastiao-almirandrade2.jpg\",\"width\":458,\"height\":340,\"caption\":\"200116-cotidiano-saosebastiao-almirandrade2\"},{\"@type\":\"BreadcrumbList\",\"@id\":\"https:\/\/nk7-testes.com.br\/agazeta\/sao-sebastiao-remonta-a-princezinha-do-acre\/#breadcrumb\",\"itemListElement\":[{\"@type\":\"ListItem\",\"position\":1,\"name\":\"In\u00edcio\",\"item\":\"https:\/\/nk7-testes.com.br\/agazeta\/\"},{\"@type\":\"ListItem\",\"position\":2,\"name\":\"S\u00e3o Sebasti\u00e3o remonta \u00e0 \u201cPrincesinha do Acre\u201d\"}]},{\"@type\":\"WebSite\",\"@id\":\"https:\/\/nk7-testes.com.br\/agazeta\/#website\",\"url\":\"https:\/\/nk7-testes.com.br\/agazeta\/\",\"name\":\"Agazeta.net\",\"description\":\"Agazeta.net - Not\u00edcias de Rio Branco\/AC\",\"potentialAction\":[{\"@type\":\"SearchAction\",\"target\":{\"@type\":\"EntryPoint\",\"urlTemplate\":\"https:\/\/nk7-testes.com.br\/agazeta\/?s={search_term_string}\"},\"query-input\":{\"@type\":\"PropertyValueSpecification\",\"valueRequired\":true,\"valueName\":\"search_term_string\"}}],\"inLanguage\":\"pt-BR\"},{\"@type\":\"Person\",\"@id\":\"https:\/\/nk7-testes.com.br\/agazeta\/#\/schema\/person\/6d6e25cb0435eb4a02fd44d30b4e3020\",\"name\":\"Agazeta.Net\",\"url\":\"https:\/\/nk7-testes.com.br\/agazeta\/author\/agazeta\/\"}]}<\/script>\n<!-- \/ Yoast SEO plugin. -->","yoast_head_json":{"title":"S\u00e3o Sebasti\u00e3o remonta \u00e0 \u201cPrincesinha do Acre\u201d - Agazeta.net","robots":{"index":"index","follow":"follow","max-snippet":"max-snippet:-1","max-image-preview":"max-image-preview:large","max-video-preview":"max-video-preview:-1"},"canonical":"https:\/\/nk7-testes.com.br\/agazeta\/sao-sebastiao-remonta-a-princezinha-do-acre\/","og_locale":"pt_BR","og_type":"article","og_title":"S\u00e3o Sebasti\u00e3o remonta \u00e0 \u201cPrincesinha do Acre\u201d - Agazeta.net","og_description":"Express\u00e3o de f\u00e9 relembra um Acre distante","og_url":"https:\/\/nk7-testes.com.br\/agazeta\/sao-sebastiao-remonta-a-princezinha-do-acre\/","og_site_name":"Agazeta.net","article_published_time":"2016-01-20T21:06:35+00:00","og_image":[{"width":458,"height":340,"url":"https:\/\/nk7-testes.com.br\/agazeta\/wp-content\/uploads\/2016\/01\/200116-cotidiano-saosebastiao-almirandrade2.jpg","type":"image\/jpeg"}],"author":"Agazeta.Net","twitter_card":"summary_large_image","twitter_misc":{"Escrito por":"Agazeta.Net","Est. tempo de leitura":"2 minutos"},"schema":{"@context":"https:\/\/schema.org","@graph":[{"@type":"WebPage","@id":"https:\/\/nk7-testes.com.br\/agazeta\/sao-sebastiao-remonta-a-princezinha-do-acre\/","url":"https:\/\/nk7-testes.com.br\/agazeta\/sao-sebastiao-remonta-a-princezinha-do-acre\/","name":"S\u00e3o Sebasti\u00e3o remonta \u00e0 \u201cPrincesinha do Acre\u201d - Agazeta.net","isPartOf":{"@id":"https:\/\/nk7-testes.com.br\/agazeta\/#website"},"primaryImageOfPage":{"@id":"https:\/\/nk7-testes.com.br\/agazeta\/sao-sebastiao-remonta-a-princezinha-do-acre\/#primaryimage"},"image":{"@id":"https:\/\/nk7-testes.com.br\/agazeta\/sao-sebastiao-remonta-a-princezinha-do-acre\/#primaryimage"},"thumbnailUrl":"https:\/\/nk7-testes.com.br\/agazeta\/wp-content\/uploads\/2016\/01\/200116-cotidiano-saosebastiao-almirandrade2.jpg","datePublished":"2016-01-20T21:06:35+00:00","author":{"@id":"https:\/\/nk7-testes.com.br\/agazeta\/#\/schema\/person\/6d6e25cb0435eb4a02fd44d30b4e3020"},"breadcrumb":{"@id":"https:\/\/nk7-testes.com.br\/agazeta\/sao-sebastiao-remonta-a-princezinha-do-acre\/#breadcrumb"},"inLanguage":"pt-BR","potentialAction":[{"@type":"ReadAction","target":["https:\/\/nk7-testes.com.br\/agazeta\/sao-sebastiao-remonta-a-princezinha-do-acre\/"]}]},{"@type":"ImageObject","inLanguage":"pt-BR","@id":"https:\/\/nk7-testes.com.br\/agazeta\/sao-sebastiao-remonta-a-princezinha-do-acre\/#primaryimage","url":"https:\/\/nk7-testes.com.br\/agazeta\/wp-content\/uploads\/2016\/01\/200116-cotidiano-saosebastiao-almirandrade2.jpg","contentUrl":"https:\/\/nk7-testes.com.br\/agazeta\/wp-content\/uploads\/2016\/01\/200116-cotidiano-saosebastiao-almirandrade2.jpg","width":458,"height":340,"caption":"200116-cotidiano-saosebastiao-almirandrade2"},{"@type":"BreadcrumbList","@id":"https:\/\/nk7-testes.com.br\/agazeta\/sao-sebastiao-remonta-a-princezinha-do-acre\/#breadcrumb","itemListElement":[{"@type":"ListItem","position":1,"name":"In\u00edcio","item":"https:\/\/nk7-testes.com.br\/agazeta\/"},{"@type":"ListItem","position":2,"name":"S\u00e3o Sebasti\u00e3o remonta \u00e0 \u201cPrincesinha do Acre\u201d"}]},{"@type":"WebSite","@id":"https:\/\/nk7-testes.com.br\/agazeta\/#website","url":"https:\/\/nk7-testes.com.br\/agazeta\/","name":"Agazeta.net","description":"Agazeta.net - Not\u00edcias de Rio Branco\/AC","potentialAction":[{"@type":"SearchAction","target":{"@type":"EntryPoint","urlTemplate":"https:\/\/nk7-testes.com.br\/agazeta\/?s={search_term_string}"},"query-input":{"@type":"PropertyValueSpecification","valueRequired":true,"valueName":"search_term_string"}}],"inLanguage":"pt-BR"},{"@type":"Person","@id":"https:\/\/nk7-testes.com.br\/agazeta\/#\/schema\/person\/6d6e25cb0435eb4a02fd44d30b4e3020","name":"Agazeta.Net","url":"https:\/\/nk7-testes.com.br\/agazeta\/author\/agazeta\/"}]}},"_links":{"self":[{"href":"https:\/\/nk7-testes.com.br\/agazeta\/wp-json\/wp\/v2\/posts\/20678","targetHints":{"allow":["GET"]}}],"collection":[{"href":"https:\/\/nk7-testes.com.br\/agazeta\/wp-json\/wp\/v2\/posts"}],"about":[{"href":"https:\/\/nk7-testes.com.br\/agazeta\/wp-json\/wp\/v2\/types\/post"}],"author":[{"embeddable":true,"href":"https:\/\/nk7-testes.com.br\/agazeta\/wp-json\/wp\/v2\/users\/4"}],"replies":[{"embeddable":true,"href":"https:\/\/nk7-testes.com.br\/agazeta\/wp-json\/wp\/v2\/comments?post=20678"}],"version-history":[{"count":0,"href":"https:\/\/nk7-testes.com.br\/agazeta\/wp-json\/wp\/v2\/posts\/20678\/revisions"}],"wp:featuredmedia":[{"embeddable":true,"href":"https:\/\/nk7-testes.com.br\/agazeta\/wp-json\/wp\/v2\/media\/20674"}],"wp:attachment":[{"href":"https:\/\/nk7-testes.com.br\/agazeta\/wp-json\/wp\/v2\/media?parent=20678"}],"wp:term":[{"taxonomy":"category","embeddable":true,"href":"https:\/\/nk7-testes.com.br\/agazeta\/wp-json\/wp\/v2\/categories?post=20678"},{"taxonomy":"post_tag","embeddable":true,"href":"https:\/\/nk7-testes.com.br\/agazeta\/wp-json\/wp\/v2\/tags?post=20678"}],"curies":[{"name":"wp","href":"https:\/\/api.w.org\/{rel}","templated":true}]}}