{"id":20671,"date":"2016-01-20T20:01:39","date_gmt":"2016-01-20T20:01:39","guid":{"rendered":"https:\/\/abarevegan.com.br\/index.php\/2016\/01\/20\/instituto-ayrton-senna-divulga-dados-sobre-uso-de-banda-larga\/"},"modified":"2016-01-20T20:01:39","modified_gmt":"2016-01-20T20:01:39","slug":"instituto-ayrton-senna-divulga-dados-sobre-uso-de-banda-larga","status":"publish","type":"post","link":"https:\/\/nk7-testes.com.br\/agazeta\/instituto-ayrton-senna-divulga-dados-sobre-uso-de-banda-larga\/","title":{"rendered":"Instituto Ayrton Senna divulga dados sobre uso de banda larga"},"content":{"rendered":"<p style=\"text-align: justify;\">Diferen\u00e7a entre escolas <span style=\"font-size: 13.2px; line-height: 21.12px; text-align: justify;\">p\u00fablicas e&nbsp;<\/span>particulares no Acre \u00e9 grande<\/p>\n<p style=\"text-align: justify;\">O Instituto Ayrton Senna divulgou hoje (20) um levantamento sobre o uso de banda larga nas escolas. O estudo mostra ainda que em todos os estados brasileiros a rede particular apresenta maiores \u00edndices de acesso \u00e0 banda larga.<\/p>\n<p style=\"text-align: justify;\">O Acre aparece do no topo do ranking como estado que apresenta maior diferen\u00e7a de acesso entre as escolas p\u00fablicas e particulares. No estado enquanto 96,8% das escolas particulares j\u00e1 t\u00eam acesso \u00e0 internet r\u00e1pida, apenas 17,1% das p\u00fablicas disp\u00f5e da banda larga.<\/p>\n<p style=\"text-align: justify;\">Para Mozart Neves Ramos, diretor de Articula\u00e7\u00e3o e Inova\u00e7\u00e3o do Instituto Ayrton Senna essa falta de acesso nas escolas p\u00fablicas pode ser um problema. \u201cSe esse cen\u00e1rio n\u00e3o mudar, as chances de acesso ao mundo universit\u00e1rio e ao mercado de trabalho ser\u00e1 claramente maior para quem tiver condi\u00e7\u00f5es de pagar pela educa\u00e7\u00e3o\u201d, ele ainda completa, \u201cacesso \u00e0 internet n\u00e3o deve mais ser visto como luxo, mas como uma estrat\u00e9gia para o desenvolvimento do pa\u00eds\u201d<\/p>\n","protected":false},"excerpt":{"rendered":"<p style=\"text-align: justify;\">Diferen\u00e7a entre escolas <span style=\"font-size: 13.2px; line-height: 21.12px; text-align: justify;\">p\u00fablicas e&nbsp;<\/span>particulares no Acre \u00e9 grande<\/p>\n","protected":false},"author":4,"featured_media":20670,"comment_status":"open","ping_status":"open","sticky":false,"template":"","format":"standard","meta":{"jnews-multi-image_gallery":[],"jnews_single_post":[],"jnews_primary_category":[],"jnews_social_meta":[],"jnews_review":[],"enable_review":"","type":"","name":"","summary":"","brand":"","sku":"","good":[],"bad":[],"score_override":"","override_value":"","rating":[],"price":[],"footnotes":""},"categories":[54],"tags":[],"class_list":["post-20671","post","type-post","status-publish","format-standard","has-post-thumbnail","hentry","category-cotidiano"],"yoast_head":"<!-- This site is optimized with the Yoast SEO plugin v26.5 - https:\/\/yoast.com\/wordpress\/plugins\/seo\/ -->\n<title>Instituto Ayrton Senna divulga dados sobre uso de banda larga - Agazeta.net<\/title>\n<meta name=\"robots\" content=\"index, follow, max-snippet:-1, max-image-preview:large, max-video-preview:-1\" \/>\n<link rel=\"canonical\" href=\"https:\/\/nk7-testes.com.br\/agazeta\/instituto-ayrton-senna-divulga-dados-sobre-uso-de-banda-larga\/\" \/>\n<meta property=\"og:locale\" content=\"pt_BR\" \/>\n<meta property=\"og:type\" content=\"article\" \/>\n<meta property=\"og:title\" content=\"Instituto Ayrton Senna divulga dados sobre uso de banda larga - Agazeta.net\" \/>\n<meta property=\"og:description\" content=\"Diferen\u00e7a entre escolas p\u00fablicas e&nbsp;particulares no Acre \u00e9 grande\" \/>\n<meta property=\"og:url\" content=\"https:\/\/nk7-testes.com.br\/agazeta\/instituto-ayrton-senna-divulga-dados-sobre-uso-de-banda-larga\/\" \/>\n<meta property=\"og:site_name\" content=\"Agazeta.net\" \/>\n<meta property=\"article:published_time\" content=\"2016-01-20T20:01:39+00:00\" \/>\n<meta property=\"og:image\" content=\"https:\/\/nk7-testes.com.br\/agazeta\/wp-content\/uploads\/2016\/01\/200116-cotidiano-escolas-internet.jpg\" \/>\n\t<meta property=\"og:image:width\" content=\"458\" \/>\n\t<meta property=\"og:image:height\" content=\"340\" \/>\n\t<meta property=\"og:image:type\" content=\"image\/jpeg\" \/>\n<meta name=\"author\" content=\"Agazeta.Net\" \/>\n<meta name=\"twitter:card\" content=\"summary_large_image\" \/>\n<meta name=\"twitter:label1\" content=\"Escrito por\" \/>\n\t<meta name=\"twitter:data1\" content=\"Agazeta.Net\" \/>\n\t<meta name=\"twitter:label2\" content=\"Est. tempo de leitura\" \/>\n\t<meta name=\"twitter:data2\" content=\"1 minuto\" \/>\n<script type=\"application\/ld+json\" class=\"yoast-schema-graph\">{\"@context\":\"https:\/\/schema.org\",\"@graph\":[{\"@type\":\"WebPage\",\"@id\":\"https:\/\/nk7-testes.com.br\/agazeta\/instituto-ayrton-senna-divulga-dados-sobre-uso-de-banda-larga\/\",\"url\":\"https:\/\/nk7-testes.com.br\/agazeta\/instituto-ayrton-senna-divulga-dados-sobre-uso-de-banda-larga\/\",\"name\":\"Instituto Ayrton Senna divulga dados sobre uso de banda larga - Agazeta.net\",\"isPartOf\":{\"@id\":\"https:\/\/nk7-testes.com.br\/agazeta\/#website\"},\"primaryImageOfPage\":{\"@id\":\"https:\/\/nk7-testes.com.br\/agazeta\/instituto-ayrton-senna-divulga-dados-sobre-uso-de-banda-larga\/#primaryimage\"},\"image\":{\"@id\":\"https:\/\/nk7-testes.com.br\/agazeta\/instituto-ayrton-senna-divulga-dados-sobre-uso-de-banda-larga\/#primaryimage\"},\"thumbnailUrl\":\"https:\/\/nk7-testes.com.br\/agazeta\/wp-content\/uploads\/2016\/01\/200116-cotidiano-escolas-internet.jpg\",\"datePublished\":\"2016-01-20T20:01:39+00:00\",\"author\":{\"@id\":\"https:\/\/nk7-testes.com.br\/agazeta\/#\/schema\/person\/6d6e25cb0435eb4a02fd44d30b4e3020\"},\"breadcrumb\":{\"@id\":\"https:\/\/nk7-testes.com.br\/agazeta\/instituto-ayrton-senna-divulga-dados-sobre-uso-de-banda-larga\/#breadcrumb\"},\"inLanguage\":\"pt-BR\",\"potentialAction\":[{\"@type\":\"ReadAction\",\"target\":[\"https:\/\/nk7-testes.com.br\/agazeta\/instituto-ayrton-senna-divulga-dados-sobre-uso-de-banda-larga\/\"]}]},{\"@type\":\"ImageObject\",\"inLanguage\":\"pt-BR\",\"@id\":\"https:\/\/nk7-testes.com.br\/agazeta\/instituto-ayrton-senna-divulga-dados-sobre-uso-de-banda-larga\/#primaryimage\",\"url\":\"https:\/\/nk7-testes.com.br\/agazeta\/wp-content\/uploads\/2016\/01\/200116-cotidiano-escolas-internet.jpg\",\"contentUrl\":\"https:\/\/nk7-testes.com.br\/agazeta\/wp-content\/uploads\/2016\/01\/200116-cotidiano-escolas-internet.jpg\",\"width\":458,\"height\":340,\"caption\":\"200116-cotidiano-escolas-internet\"},{\"@type\":\"BreadcrumbList\",\"@id\":\"https:\/\/nk7-testes.com.br\/agazeta\/instituto-ayrton-senna-divulga-dados-sobre-uso-de-banda-larga\/#breadcrumb\",\"itemListElement\":[{\"@type\":\"ListItem\",\"position\":1,\"name\":\"In\u00edcio\",\"item\":\"https:\/\/nk7-testes.com.br\/agazeta\/\"},{\"@type\":\"ListItem\",\"position\":2,\"name\":\"Instituto Ayrton Senna divulga dados sobre uso de banda larga\"}]},{\"@type\":\"WebSite\",\"@id\":\"https:\/\/nk7-testes.com.br\/agazeta\/#website\",\"url\":\"https:\/\/nk7-testes.com.br\/agazeta\/\",\"name\":\"Agazeta.net\",\"description\":\"Agazeta.net - Not\u00edcias de Rio Branco\/AC\",\"potentialAction\":[{\"@type\":\"SearchAction\",\"target\":{\"@type\":\"EntryPoint\",\"urlTemplate\":\"https:\/\/nk7-testes.com.br\/agazeta\/?s={search_term_string}\"},\"query-input\":{\"@type\":\"PropertyValueSpecification\",\"valueRequired\":true,\"valueName\":\"search_term_string\"}}],\"inLanguage\":\"pt-BR\"},{\"@type\":\"Person\",\"@id\":\"https:\/\/nk7-testes.com.br\/agazeta\/#\/schema\/person\/6d6e25cb0435eb4a02fd44d30b4e3020\",\"name\":\"Agazeta.Net\",\"url\":\"https:\/\/nk7-testes.com.br\/agazeta\/author\/agazeta\/\"}]}<\/script>\n<!-- \/ Yoast SEO plugin. -->","yoast_head_json":{"title":"Instituto Ayrton Senna divulga dados sobre uso de banda larga - Agazeta.net","robots":{"index":"index","follow":"follow","max-snippet":"max-snippet:-1","max-image-preview":"max-image-preview:large","max-video-preview":"max-video-preview:-1"},"canonical":"https:\/\/nk7-testes.com.br\/agazeta\/instituto-ayrton-senna-divulga-dados-sobre-uso-de-banda-larga\/","og_locale":"pt_BR","og_type":"article","og_title":"Instituto Ayrton Senna divulga dados sobre uso de banda larga - Agazeta.net","og_description":"Diferen\u00e7a entre escolas p\u00fablicas e&nbsp;particulares no Acre \u00e9 grande","og_url":"https:\/\/nk7-testes.com.br\/agazeta\/instituto-ayrton-senna-divulga-dados-sobre-uso-de-banda-larga\/","og_site_name":"Agazeta.net","article_published_time":"2016-01-20T20:01:39+00:00","og_image":[{"width":458,"height":340,"url":"https:\/\/nk7-testes.com.br\/agazeta\/wp-content\/uploads\/2016\/01\/200116-cotidiano-escolas-internet.jpg","type":"image\/jpeg"}],"author":"Agazeta.Net","twitter_card":"summary_large_image","twitter_misc":{"Escrito por":"Agazeta.Net","Est. tempo de leitura":"1 minuto"},"schema":{"@context":"https:\/\/schema.org","@graph":[{"@type":"WebPage","@id":"https:\/\/nk7-testes.com.br\/agazeta\/instituto-ayrton-senna-divulga-dados-sobre-uso-de-banda-larga\/","url":"https:\/\/nk7-testes.com.br\/agazeta\/instituto-ayrton-senna-divulga-dados-sobre-uso-de-banda-larga\/","name":"Instituto Ayrton Senna divulga dados sobre uso de banda larga - Agazeta.net","isPartOf":{"@id":"https:\/\/nk7-testes.com.br\/agazeta\/#website"},"primaryImageOfPage":{"@id":"https:\/\/nk7-testes.com.br\/agazeta\/instituto-ayrton-senna-divulga-dados-sobre-uso-de-banda-larga\/#primaryimage"},"image":{"@id":"https:\/\/nk7-testes.com.br\/agazeta\/instituto-ayrton-senna-divulga-dados-sobre-uso-de-banda-larga\/#primaryimage"},"thumbnailUrl":"https:\/\/nk7-testes.com.br\/agazeta\/wp-content\/uploads\/2016\/01\/200116-cotidiano-escolas-internet.jpg","datePublished":"2016-01-20T20:01:39+00:00","author":{"@id":"https:\/\/nk7-testes.com.br\/agazeta\/#\/schema\/person\/6d6e25cb0435eb4a02fd44d30b4e3020"},"breadcrumb":{"@id":"https:\/\/nk7-testes.com.br\/agazeta\/instituto-ayrton-senna-divulga-dados-sobre-uso-de-banda-larga\/#breadcrumb"},"inLanguage":"pt-BR","potentialAction":[{"@type":"ReadAction","target":["https:\/\/nk7-testes.com.br\/agazeta\/instituto-ayrton-senna-divulga-dados-sobre-uso-de-banda-larga\/"]}]},{"@type":"ImageObject","inLanguage":"pt-BR","@id":"https:\/\/nk7-testes.com.br\/agazeta\/instituto-ayrton-senna-divulga-dados-sobre-uso-de-banda-larga\/#primaryimage","url":"https:\/\/nk7-testes.com.br\/agazeta\/wp-content\/uploads\/2016\/01\/200116-cotidiano-escolas-internet.jpg","contentUrl":"https:\/\/nk7-testes.com.br\/agazeta\/wp-content\/uploads\/2016\/01\/200116-cotidiano-escolas-internet.jpg","width":458,"height":340,"caption":"200116-cotidiano-escolas-internet"},{"@type":"BreadcrumbList","@id":"https:\/\/nk7-testes.com.br\/agazeta\/instituto-ayrton-senna-divulga-dados-sobre-uso-de-banda-larga\/#breadcrumb","itemListElement":[{"@type":"ListItem","position":1,"name":"In\u00edcio","item":"https:\/\/nk7-testes.com.br\/agazeta\/"},{"@type":"ListItem","position":2,"name":"Instituto Ayrton Senna divulga dados sobre uso de banda larga"}]},{"@type":"WebSite","@id":"https:\/\/nk7-testes.com.br\/agazeta\/#website","url":"https:\/\/nk7-testes.com.br\/agazeta\/","name":"Agazeta.net","description":"Agazeta.net - Not\u00edcias de Rio Branco\/AC","potentialAction":[{"@type":"SearchAction","target":{"@type":"EntryPoint","urlTemplate":"https:\/\/nk7-testes.com.br\/agazeta\/?s={search_term_string}"},"query-input":{"@type":"PropertyValueSpecification","valueRequired":true,"valueName":"search_term_string"}}],"inLanguage":"pt-BR"},{"@type":"Person","@id":"https:\/\/nk7-testes.com.br\/agazeta\/#\/schema\/person\/6d6e25cb0435eb4a02fd44d30b4e3020","name":"Agazeta.Net","url":"https:\/\/nk7-testes.com.br\/agazeta\/author\/agazeta\/"}]}},"_links":{"self":[{"href":"https:\/\/nk7-testes.com.br\/agazeta\/wp-json\/wp\/v2\/posts\/20671","targetHints":{"allow":["GET"]}}],"collection":[{"href":"https:\/\/nk7-testes.com.br\/agazeta\/wp-json\/wp\/v2\/posts"}],"about":[{"href":"https:\/\/nk7-testes.com.br\/agazeta\/wp-json\/wp\/v2\/types\/post"}],"author":[{"embeddable":true,"href":"https:\/\/nk7-testes.com.br\/agazeta\/wp-json\/wp\/v2\/users\/4"}],"replies":[{"embeddable":true,"href":"https:\/\/nk7-testes.com.br\/agazeta\/wp-json\/wp\/v2\/comments?post=20671"}],"version-history":[{"count":0,"href":"https:\/\/nk7-testes.com.br\/agazeta\/wp-json\/wp\/v2\/posts\/20671\/revisions"}],"wp:featuredmedia":[{"embeddable":true,"href":"https:\/\/nk7-testes.com.br\/agazeta\/wp-json\/wp\/v2\/media\/20670"}],"wp:attachment":[{"href":"https:\/\/nk7-testes.com.br\/agazeta\/wp-json\/wp\/v2\/media?parent=20671"}],"wp:term":[{"taxonomy":"category","embeddable":true,"href":"https:\/\/nk7-testes.com.br\/agazeta\/wp-json\/wp\/v2\/categories?post=20671"},{"taxonomy":"post_tag","embeddable":true,"href":"https:\/\/nk7-testes.com.br\/agazeta\/wp-json\/wp\/v2\/tags?post=20671"}],"curies":[{"name":"wp","href":"https:\/\/api.w.org\/{rel}","templated":true}]}}