{"id":20667,"date":"2016-01-20T19:39:58","date_gmt":"2016-01-20T19:39:58","guid":{"rendered":"https:\/\/abarevegan.com.br\/index.php\/2016\/01\/20\/ibge-registra-aumento-do-desemprego-no-acre\/"},"modified":"2016-01-20T19:39:58","modified_gmt":"2016-01-20T19:39:58","slug":"ibge-registra-aumento-do-desemprego-no-acre","status":"publish","type":"post","link":"https:\/\/nk7-testes.com.br\/agazeta\/ibge-registra-aumento-do-desemprego-no-acre\/","title":{"rendered":"IBGE registra aumento do desemprego no Acre"},"content":{"rendered":"<p style=\"text-align: justify;\">Capital: taxa de desocupa\u00e7\u00e3o teve crescimento de 2 p.p<\/p>\n<p style=\"text-align: justify;\">Os dados da Pesquisa por Amostra de Domic\u00edlios do IBGE, o Instituto Brasileiro de Geografia e Estat\u00edstica, revelam que vem aumentando, desde julho de 2014, o desemprego no Acre. Em Rio Branco, a maior refer\u00eancia para a coleta de dados, houve um crescimento de 2 pontos percentuais na taxa de desocupa\u00e7\u00e3o.<\/p>\n<p style=\"text-align: justify;\">O IBGE mede por trimestre e, na Capital, os n\u00fameros ficaram assim: de julho a setembro de 2014, a estimativa foi 8.1; de abril a junho 9,9 e entre julho e setembro chegou a 10.2.<\/p>\n<p style=\"text-align: justify;\">As \u00e1reas de Comunica\u00e7\u00e3o e Imobili\u00e1ria foram as que mais demitiram, depois vem agricultura, pecu\u00e1ria e pesca. As demiss\u00f5es alcan\u00e7aram ainda pontos da Sa\u00fade e Educa\u00e7\u00e3o.<\/p>\n<p style=\"text-align: justify;\">Com as taxas de desocupa\u00e7\u00e3o crescendo, mudou o perfil do mercado. Cresceu o n\u00famero de pessoas que foi trabalhar com a fam\u00edlia e nos setores de alimenta\u00e7\u00e3o e alojamento. Ampliou em 4 pontos percentuais o n\u00famero de trabalhadores dom\u00e9sticos, uma \u00e1rea que antes era ocupada por mulheres, e, naturalmente aumentou o mercado informal.<\/p>\n<p style=\"text-align: justify;\">Um exemplo \u00e9 o Francisco da Silva. Ele foi demitido h\u00e1 dois anos. Sem conseguir uma ocupa\u00e7\u00e3o, fez um curso no Senac e come\u00e7ou a vender salgados no centro da cidade. Agora, nem quer saber de emprego. \u201cHoje eu n\u00e3o troco minha atividade por emprego nenhum, tenho meu hor\u00e1rio e consigo uma renda boa, coisas que poucos empregos me oferecer\u00e3o\u201d, disse.<\/p>\n<p style=\"text-align: justify;\">Os dados do IBGE apontaram n\u00fameros que chamam a aten\u00e7\u00e3o, como, por exemplo, o crescimento no n\u00famero de vagas nos setores da ind\u00fastria e constru\u00e7\u00e3o. Por outro lado, no quadro de rendimentos, vem uma revela\u00e7\u00e3o perturbadora.<br \/>Os empregadores est\u00e3o pagando menos. O rendimento habitual caiu em R$ 483 para a constru\u00e7\u00e3o e 176 para a ind\u00fastria.<\/p>\n<p style=\"text-align: justify;\">Somando todos os setores, a massa de rendimento teve uma queda substancial quando se usa como refer\u00eancia os dados no ano anterior. Com o aumento do desemprego deixaram de circular no mercado R$ 72 milh\u00f5es.<\/p>\n","protected":false},"excerpt":{"rendered":"<p style=\"text-align: justify;\">Capital: taxa de desocupa\u00e7\u00e3o teve crescimento de 2 p.p<\/p>\n","protected":false},"author":4,"featured_media":20666,"comment_status":"open","ping_status":"open","sticky":false,"template":"","format":"standard","meta":{"jnews-multi-image_gallery":[],"jnews_single_post":[],"jnews_primary_category":[],"jnews_social_meta":[],"jnews_review":[],"enable_review":"","type":"","name":"","summary":"","brand":"","sku":"","good":[],"bad":[],"score_override":"","override_value":"","rating":[],"price":[],"footnotes":""},"categories":[54],"tags":[],"class_list":["post-20667","post","type-post","status-publish","format-standard","has-post-thumbnail","hentry","category-cotidiano"],"yoast_head":"<!-- This site is optimized with the Yoast SEO plugin v26.5 - https:\/\/yoast.com\/wordpress\/plugins\/seo\/ -->\n<title>IBGE registra aumento do desemprego no Acre - Agazeta.net<\/title>\n<meta name=\"robots\" content=\"index, follow, max-snippet:-1, max-image-preview:large, max-video-preview:-1\" \/>\n<link rel=\"canonical\" href=\"https:\/\/nk7-testes.com.br\/agazeta\/ibge-registra-aumento-do-desemprego-no-acre\/\" \/>\n<meta property=\"og:locale\" content=\"pt_BR\" \/>\n<meta property=\"og:type\" content=\"article\" \/>\n<meta property=\"og:title\" content=\"IBGE registra aumento do desemprego no Acre - Agazeta.net\" \/>\n<meta property=\"og:description\" content=\"Capital: taxa de desocupa\u00e7\u00e3o teve crescimento de 2 p.p\" \/>\n<meta property=\"og:url\" content=\"https:\/\/nk7-testes.com.br\/agazeta\/ibge-registra-aumento-do-desemprego-no-acre\/\" \/>\n<meta property=\"og:site_name\" content=\"Agazeta.net\" \/>\n<meta property=\"article:published_time\" content=\"2016-01-20T19:39:58+00:00\" \/>\n<meta property=\"og:image\" content=\"https:\/\/nk7-testes.com.br\/agazeta\/wp-content\/uploads\/2016\/01\/281215-cotidiano-comercio-tvgazeta.jpg\" \/>\n\t<meta property=\"og:image:width\" content=\"458\" \/>\n\t<meta property=\"og:image:height\" content=\"340\" \/>\n\t<meta property=\"og:image:type\" content=\"image\/jpeg\" \/>\n<meta name=\"author\" content=\"Agazeta.Net\" \/>\n<meta name=\"twitter:card\" content=\"summary_large_image\" \/>\n<meta name=\"twitter:label1\" content=\"Escrito por\" \/>\n\t<meta name=\"twitter:data1\" content=\"Agazeta.Net\" \/>\n\t<meta name=\"twitter:label2\" content=\"Est. tempo de leitura\" \/>\n\t<meta name=\"twitter:data2\" content=\"2 minutos\" \/>\n<script type=\"application\/ld+json\" class=\"yoast-schema-graph\">{\"@context\":\"https:\/\/schema.org\",\"@graph\":[{\"@type\":\"WebPage\",\"@id\":\"https:\/\/nk7-testes.com.br\/agazeta\/ibge-registra-aumento-do-desemprego-no-acre\/\",\"url\":\"https:\/\/nk7-testes.com.br\/agazeta\/ibge-registra-aumento-do-desemprego-no-acre\/\",\"name\":\"IBGE registra aumento do desemprego no Acre - Agazeta.net\",\"isPartOf\":{\"@id\":\"https:\/\/nk7-testes.com.br\/agazeta\/#website\"},\"primaryImageOfPage\":{\"@id\":\"https:\/\/nk7-testes.com.br\/agazeta\/ibge-registra-aumento-do-desemprego-no-acre\/#primaryimage\"},\"image\":{\"@id\":\"https:\/\/nk7-testes.com.br\/agazeta\/ibge-registra-aumento-do-desemprego-no-acre\/#primaryimage\"},\"thumbnailUrl\":\"https:\/\/nk7-testes.com.br\/agazeta\/wp-content\/uploads\/2016\/01\/281215-cotidiano-comercio-tvgazeta.jpg\",\"datePublished\":\"2016-01-20T19:39:58+00:00\",\"author\":{\"@id\":\"https:\/\/nk7-testes.com.br\/agazeta\/#\/schema\/person\/6d6e25cb0435eb4a02fd44d30b4e3020\"},\"breadcrumb\":{\"@id\":\"https:\/\/nk7-testes.com.br\/agazeta\/ibge-registra-aumento-do-desemprego-no-acre\/#breadcrumb\"},\"inLanguage\":\"pt-BR\",\"potentialAction\":[{\"@type\":\"ReadAction\",\"target\":[\"https:\/\/nk7-testes.com.br\/agazeta\/ibge-registra-aumento-do-desemprego-no-acre\/\"]}]},{\"@type\":\"ImageObject\",\"inLanguage\":\"pt-BR\",\"@id\":\"https:\/\/nk7-testes.com.br\/agazeta\/ibge-registra-aumento-do-desemprego-no-acre\/#primaryimage\",\"url\":\"https:\/\/nk7-testes.com.br\/agazeta\/wp-content\/uploads\/2016\/01\/281215-cotidiano-comercio-tvgazeta.jpg\",\"contentUrl\":\"https:\/\/nk7-testes.com.br\/agazeta\/wp-content\/uploads\/2016\/01\/281215-cotidiano-comercio-tvgazeta.jpg\",\"width\":458,\"height\":340,\"caption\":\"281215-cotidiano-comercio-tvgazeta\"},{\"@type\":\"BreadcrumbList\",\"@id\":\"https:\/\/nk7-testes.com.br\/agazeta\/ibge-registra-aumento-do-desemprego-no-acre\/#breadcrumb\",\"itemListElement\":[{\"@type\":\"ListItem\",\"position\":1,\"name\":\"In\u00edcio\",\"item\":\"https:\/\/nk7-testes.com.br\/agazeta\/\"},{\"@type\":\"ListItem\",\"position\":2,\"name\":\"IBGE registra aumento do desemprego no Acre\"}]},{\"@type\":\"WebSite\",\"@id\":\"https:\/\/nk7-testes.com.br\/agazeta\/#website\",\"url\":\"https:\/\/nk7-testes.com.br\/agazeta\/\",\"name\":\"Agazeta.net\",\"description\":\"Agazeta.net - Not\u00edcias de Rio Branco\/AC\",\"potentialAction\":[{\"@type\":\"SearchAction\",\"target\":{\"@type\":\"EntryPoint\",\"urlTemplate\":\"https:\/\/nk7-testes.com.br\/agazeta\/?s={search_term_string}\"},\"query-input\":{\"@type\":\"PropertyValueSpecification\",\"valueRequired\":true,\"valueName\":\"search_term_string\"}}],\"inLanguage\":\"pt-BR\"},{\"@type\":\"Person\",\"@id\":\"https:\/\/nk7-testes.com.br\/agazeta\/#\/schema\/person\/6d6e25cb0435eb4a02fd44d30b4e3020\",\"name\":\"Agazeta.Net\",\"url\":\"https:\/\/nk7-testes.com.br\/agazeta\/author\/agazeta\/\"}]}<\/script>\n<!-- \/ Yoast SEO plugin. -->","yoast_head_json":{"title":"IBGE registra aumento do desemprego no Acre - Agazeta.net","robots":{"index":"index","follow":"follow","max-snippet":"max-snippet:-1","max-image-preview":"max-image-preview:large","max-video-preview":"max-video-preview:-1"},"canonical":"https:\/\/nk7-testes.com.br\/agazeta\/ibge-registra-aumento-do-desemprego-no-acre\/","og_locale":"pt_BR","og_type":"article","og_title":"IBGE registra aumento do desemprego no Acre - Agazeta.net","og_description":"Capital: taxa de desocupa\u00e7\u00e3o teve crescimento de 2 p.p","og_url":"https:\/\/nk7-testes.com.br\/agazeta\/ibge-registra-aumento-do-desemprego-no-acre\/","og_site_name":"Agazeta.net","article_published_time":"2016-01-20T19:39:58+00:00","og_image":[{"width":458,"height":340,"url":"https:\/\/nk7-testes.com.br\/agazeta\/wp-content\/uploads\/2016\/01\/281215-cotidiano-comercio-tvgazeta.jpg","type":"image\/jpeg"}],"author":"Agazeta.Net","twitter_card":"summary_large_image","twitter_misc":{"Escrito por":"Agazeta.Net","Est. tempo de leitura":"2 minutos"},"schema":{"@context":"https:\/\/schema.org","@graph":[{"@type":"WebPage","@id":"https:\/\/nk7-testes.com.br\/agazeta\/ibge-registra-aumento-do-desemprego-no-acre\/","url":"https:\/\/nk7-testes.com.br\/agazeta\/ibge-registra-aumento-do-desemprego-no-acre\/","name":"IBGE registra aumento do desemprego no Acre - Agazeta.net","isPartOf":{"@id":"https:\/\/nk7-testes.com.br\/agazeta\/#website"},"primaryImageOfPage":{"@id":"https:\/\/nk7-testes.com.br\/agazeta\/ibge-registra-aumento-do-desemprego-no-acre\/#primaryimage"},"image":{"@id":"https:\/\/nk7-testes.com.br\/agazeta\/ibge-registra-aumento-do-desemprego-no-acre\/#primaryimage"},"thumbnailUrl":"https:\/\/nk7-testes.com.br\/agazeta\/wp-content\/uploads\/2016\/01\/281215-cotidiano-comercio-tvgazeta.jpg","datePublished":"2016-01-20T19:39:58+00:00","author":{"@id":"https:\/\/nk7-testes.com.br\/agazeta\/#\/schema\/person\/6d6e25cb0435eb4a02fd44d30b4e3020"},"breadcrumb":{"@id":"https:\/\/nk7-testes.com.br\/agazeta\/ibge-registra-aumento-do-desemprego-no-acre\/#breadcrumb"},"inLanguage":"pt-BR","potentialAction":[{"@type":"ReadAction","target":["https:\/\/nk7-testes.com.br\/agazeta\/ibge-registra-aumento-do-desemprego-no-acre\/"]}]},{"@type":"ImageObject","inLanguage":"pt-BR","@id":"https:\/\/nk7-testes.com.br\/agazeta\/ibge-registra-aumento-do-desemprego-no-acre\/#primaryimage","url":"https:\/\/nk7-testes.com.br\/agazeta\/wp-content\/uploads\/2016\/01\/281215-cotidiano-comercio-tvgazeta.jpg","contentUrl":"https:\/\/nk7-testes.com.br\/agazeta\/wp-content\/uploads\/2016\/01\/281215-cotidiano-comercio-tvgazeta.jpg","width":458,"height":340,"caption":"281215-cotidiano-comercio-tvgazeta"},{"@type":"BreadcrumbList","@id":"https:\/\/nk7-testes.com.br\/agazeta\/ibge-registra-aumento-do-desemprego-no-acre\/#breadcrumb","itemListElement":[{"@type":"ListItem","position":1,"name":"In\u00edcio","item":"https:\/\/nk7-testes.com.br\/agazeta\/"},{"@type":"ListItem","position":2,"name":"IBGE registra aumento do desemprego no Acre"}]},{"@type":"WebSite","@id":"https:\/\/nk7-testes.com.br\/agazeta\/#website","url":"https:\/\/nk7-testes.com.br\/agazeta\/","name":"Agazeta.net","description":"Agazeta.net - Not\u00edcias de Rio Branco\/AC","potentialAction":[{"@type":"SearchAction","target":{"@type":"EntryPoint","urlTemplate":"https:\/\/nk7-testes.com.br\/agazeta\/?s={search_term_string}"},"query-input":{"@type":"PropertyValueSpecification","valueRequired":true,"valueName":"search_term_string"}}],"inLanguage":"pt-BR"},{"@type":"Person","@id":"https:\/\/nk7-testes.com.br\/agazeta\/#\/schema\/person\/6d6e25cb0435eb4a02fd44d30b4e3020","name":"Agazeta.Net","url":"https:\/\/nk7-testes.com.br\/agazeta\/author\/agazeta\/"}]}},"_links":{"self":[{"href":"https:\/\/nk7-testes.com.br\/agazeta\/wp-json\/wp\/v2\/posts\/20667","targetHints":{"allow":["GET"]}}],"collection":[{"href":"https:\/\/nk7-testes.com.br\/agazeta\/wp-json\/wp\/v2\/posts"}],"about":[{"href":"https:\/\/nk7-testes.com.br\/agazeta\/wp-json\/wp\/v2\/types\/post"}],"author":[{"embeddable":true,"href":"https:\/\/nk7-testes.com.br\/agazeta\/wp-json\/wp\/v2\/users\/4"}],"replies":[{"embeddable":true,"href":"https:\/\/nk7-testes.com.br\/agazeta\/wp-json\/wp\/v2\/comments?post=20667"}],"version-history":[{"count":0,"href":"https:\/\/nk7-testes.com.br\/agazeta\/wp-json\/wp\/v2\/posts\/20667\/revisions"}],"wp:featuredmedia":[{"embeddable":true,"href":"https:\/\/nk7-testes.com.br\/agazeta\/wp-json\/wp\/v2\/media\/20666"}],"wp:attachment":[{"href":"https:\/\/nk7-testes.com.br\/agazeta\/wp-json\/wp\/v2\/media?parent=20667"}],"wp:term":[{"taxonomy":"category","embeddable":true,"href":"https:\/\/nk7-testes.com.br\/agazeta\/wp-json\/wp\/v2\/categories?post=20667"},{"taxonomy":"post_tag","embeddable":true,"href":"https:\/\/nk7-testes.com.br\/agazeta\/wp-json\/wp\/v2\/tags?post=20667"}],"curies":[{"name":"wp","href":"https:\/\/api.w.org\/{rel}","templated":true}]}}