{"id":20642,"date":"2016-01-19T22:05:05","date_gmt":"2016-01-19T22:05:05","guid":{"rendered":"https:\/\/abarevegan.com.br\/index.php\/2016\/01\/19\/clementino-almeida-expoe-no-tj-do-acre\/"},"modified":"2016-01-19T22:05:05","modified_gmt":"2016-01-19T22:05:05","slug":"clementino-almeida-expoe-no-tj-do-acre","status":"publish","type":"post","link":"https:\/\/nk7-testes.com.br\/agazeta\/clementino-almeida-expoe-no-tj-do-acre\/","title":{"rendered":"Clementino Almeida exp\u00f5e no TJ do Acre"},"content":{"rendered":"<p style=\"text-align: justify;\">Galeria \u00e9 espa\u00e7o nobre \u00e0 classe art\u00edstica<\/p>\n<p style=\"text-align: justify;\">\u201cMagia da Floresta\u201d \u00e9 o tema da exposi\u00e7\u00e3o do artista xapuriense Clementino Almeida de Lima, aberta pela desembargadora-presidente Cezarinete Angelim, na manh\u00e3 desta ter\u00e7a-feira (19), no Hall das C\u00e2maras C\u00edvel e Criminal na sede do Tribunal de Justi\u00e7a do Acre.<\/p>\n<p style=\"text-align: justify;\">A iniciativa vai ao encontro de um dos objetivos da atual gest\u00e3o do TJAC, que \u00e9 a transforma\u00e7\u00e3o das unidades e espa\u00e7os do Poder Judici\u00e1rio Acreano em ambientes mais acolhedores e com maior humaniza\u00e7\u00e3o.<\/p>\n<p style=\"text-align: justify;\">Para a abertura do vernissage, que vai at\u00e9 o dia 12 do m\u00eas que vem, compuseram o dispositivo de honra, al\u00e9m da presidente do Tribunal de Justi\u00e7a do Acre, os desembargadores Eva Evangelista, decana da Corte, Pedro Ranzi e Maria Penha. Assessores, diretores, gerentes e demais servidores do Poder Judici\u00e1rio Estadual tamb\u00e9m prestigiaram o evento.<\/p>\n<p style=\"text-align: justify;\">Falando aos presentes, Cezarinete Angelim explicou que a exposi\u00e7\u00e3o (\u201cMagia da Floresta\u201d) que ora estava sendo aberta n\u00e3o poderia ter outro nome, \u201cpois traz os matizes e as nuances da nossa fauna e flora; da geografia do nosso contexto amaz\u00f4nico, e da rica hist\u00f3ria de nosso povo\u201d.<\/p>\n<p style=\"text-align: justify;\">Para a desembargadora-presidente, a profus\u00e3o de cores, bem delineadas pelo artista xapuriense Clementino Almeida traduz um verdadeiro poema. \u201cAs cores da pintura, tal qual a beleza dos versos, s\u00e3o chamarizes que seduzem os nossos olhos e enternecem a nossa alma\u201d, acrescentou.<\/p>\n<p style=\"text-align: justify;\">Ao final, a presidente da Corte de Justi\u00e7a Acreana asseverou ser a exposi\u00e7\u00e3o, tamb\u00e9m, uma forma de valorizar os artistas locais e disseminar a cultura, \u201cfundamental para a percep\u00e7\u00e3o do nosso \u2018ser e estar no mundo\u2019 dos nossos sentimentos e valores\u201d.<\/p>\n<p style=\"text-align: justify;\">Por sua vez, o artista parabenizou pela iniciativa do Tribunal e agradeceu a atual administra\u00e7\u00e3o pelo espa\u00e7o e pela oportunidade de abordar \u201cas mais diversas formas de manifesta\u00e7\u00f5es do modo de vida da nossa regi\u00e3o, a riqueza dos povos da floresta em geral, os ribeirinhos, a fauna e a flora Amaz\u00f4nica, as lendas, o folclore regional, numa mensagem que vem l\u00e1 de dentro da pr\u00f3pria floresta\u201d.<\/p>\n<p style=\"text-align: justify;\">Ap\u00f3s sua explana\u00e7\u00e3o, Clementino Almeida chamou a aten\u00e7\u00e3o dos presentes quando, ao vivo e em poucos minutos, pintou, em sua percep\u00e7\u00e3o art\u00edstica, a deusa T\u00eamis, segundo a hist\u00f3ria, uma divindade grega por meio da qual a justi\u00e7a \u00e9 definida, no sentido moral, como o sentimento da verdade, da equidade e da humanidade.<\/p>\n<p style=\"text-align: justify;\"><strong>O artista<\/strong><\/p>\n<p style=\"text-align: justify;\">Clementino Almeida de Lima, 32 anos, \u00e9 filho de Selva e Jos\u00e9, nasceu no Seringal Bom Lugar, em Xapuri \u2013AC. Desenha desde os tr\u00eas anos de idade, quando brincava no fog\u00e3o \u00e0 lenha de sua m\u00e3e, utilizando materiais da floresta como carv\u00e3o e urucum.<br \/>Aos sete anos, quando teve a oportunidade de fazer o curso b\u00e1sico de desenho pelo Instituto Universal Brasileiro, passou a ter contato com os livros did\u00e1ticos relacionados \u00e0 arte. A partir de ent\u00e3o, come\u00e7ou a desenhar cen\u00e1rios de pe\u00e7as teatrais e desfiles comemorativos das escolas de sua cidade.<\/p>\n<p style=\"text-align: justify;\">Participou de exposi\u00e7\u00f5es coletivas com os artistas de Xapuri, desenvolveu trabalhos publicit\u00e1rios para o Governo do Estado e ministrou oficinas de desenhos para crian\u00e7as e jovens do ensino fundamental. Clementino reside em Rio Branco desde 2005, aonde busca estudar e se inserir no mercado das artes pl\u00e1sticas. <br \/>Integra o grupo de artistas urbanos, atuando em parques, feiras e escolas.<\/p>\n","protected":false},"excerpt":{"rendered":"<p style=\"text-align: justify;\">Galeria \u00e9 espa\u00e7o nobre \u00e0 classe art\u00edstica<\/p>\n","protected":false},"author":4,"featured_media":20641,"comment_status":"open","ping_status":"open","sticky":false,"template":"","format":"standard","meta":{"jnews-multi-image_gallery":[],"jnews_single_post":[],"jnews_primary_category":[],"jnews_social_meta":[],"jnews_review":[],"enable_review":"","type":"","name":"","summary":"","brand":"","sku":"","good":[],"bad":[],"score_override":"","override_value":"","rating":[],"price":[],"footnotes":""},"categories":[54],"tags":[],"class_list":["post-20642","post","type-post","status-publish","format-standard","has-post-thumbnail","hentry","category-cotidiano"],"yoast_head":"<!-- This site is optimized with the Yoast SEO plugin v26.5 - https:\/\/yoast.com\/wordpress\/plugins\/seo\/ -->\n<title>Clementino Almeida exp\u00f5e no TJ do Acre - Agazeta.net<\/title>\n<meta name=\"robots\" content=\"index, follow, max-snippet:-1, max-image-preview:large, max-video-preview:-1\" \/>\n<link rel=\"canonical\" href=\"https:\/\/nk7-testes.com.br\/agazeta\/clementino-almeida-expoe-no-tj-do-acre\/\" \/>\n<meta property=\"og:locale\" content=\"pt_BR\" \/>\n<meta property=\"og:type\" content=\"article\" \/>\n<meta property=\"og:title\" content=\"Clementino Almeida exp\u00f5e no TJ do Acre - Agazeta.net\" \/>\n<meta property=\"og:description\" content=\"Galeria \u00e9 espa\u00e7o nobre \u00e0 classe art\u00edstica\" \/>\n<meta property=\"og:url\" content=\"https:\/\/nk7-testes.com.br\/agazeta\/clementino-almeida-expoe-no-tj-do-acre\/\" \/>\n<meta property=\"og:site_name\" content=\"Agazeta.net\" \/>\n<meta property=\"article:published_time\" content=\"2016-01-19T22:05:05+00:00\" \/>\n<meta property=\"og:image\" content=\"https:\/\/nk7-testes.com.br\/agazeta\/wp-content\/uploads\/2016\/01\/190116-cotidiano-exposicao-agenciatj.jpg\" \/>\n\t<meta property=\"og:image:width\" content=\"458\" \/>\n\t<meta property=\"og:image:height\" content=\"340\" \/>\n\t<meta property=\"og:image:type\" content=\"image\/jpeg\" \/>\n<meta name=\"author\" content=\"Agazeta.Net\" \/>\n<meta name=\"twitter:card\" content=\"summary_large_image\" \/>\n<meta name=\"twitter:label1\" content=\"Escrito por\" \/>\n\t<meta name=\"twitter:data1\" content=\"Agazeta.Net\" \/>\n\t<meta name=\"twitter:label2\" content=\"Est. tempo de leitura\" \/>\n\t<meta name=\"twitter:data2\" content=\"3 minutos\" \/>\n<script type=\"application\/ld+json\" class=\"yoast-schema-graph\">{\"@context\":\"https:\/\/schema.org\",\"@graph\":[{\"@type\":\"WebPage\",\"@id\":\"https:\/\/nk7-testes.com.br\/agazeta\/clementino-almeida-expoe-no-tj-do-acre\/\",\"url\":\"https:\/\/nk7-testes.com.br\/agazeta\/clementino-almeida-expoe-no-tj-do-acre\/\",\"name\":\"Clementino Almeida exp\u00f5e no TJ do Acre - Agazeta.net\",\"isPartOf\":{\"@id\":\"https:\/\/nk7-testes.com.br\/agazeta\/#website\"},\"primaryImageOfPage\":{\"@id\":\"https:\/\/nk7-testes.com.br\/agazeta\/clementino-almeida-expoe-no-tj-do-acre\/#primaryimage\"},\"image\":{\"@id\":\"https:\/\/nk7-testes.com.br\/agazeta\/clementino-almeida-expoe-no-tj-do-acre\/#primaryimage\"},\"thumbnailUrl\":\"https:\/\/nk7-testes.com.br\/agazeta\/wp-content\/uploads\/2016\/01\/190116-cotidiano-exposicao-agenciatj.jpg\",\"datePublished\":\"2016-01-19T22:05:05+00:00\",\"author\":{\"@id\":\"https:\/\/nk7-testes.com.br\/agazeta\/#\/schema\/person\/6d6e25cb0435eb4a02fd44d30b4e3020\"},\"breadcrumb\":{\"@id\":\"https:\/\/nk7-testes.com.br\/agazeta\/clementino-almeida-expoe-no-tj-do-acre\/#breadcrumb\"},\"inLanguage\":\"pt-BR\",\"potentialAction\":[{\"@type\":\"ReadAction\",\"target\":[\"https:\/\/nk7-testes.com.br\/agazeta\/clementino-almeida-expoe-no-tj-do-acre\/\"]}]},{\"@type\":\"ImageObject\",\"inLanguage\":\"pt-BR\",\"@id\":\"https:\/\/nk7-testes.com.br\/agazeta\/clementino-almeida-expoe-no-tj-do-acre\/#primaryimage\",\"url\":\"https:\/\/nk7-testes.com.br\/agazeta\/wp-content\/uploads\/2016\/01\/190116-cotidiano-exposicao-agenciatj.jpg\",\"contentUrl\":\"https:\/\/nk7-testes.com.br\/agazeta\/wp-content\/uploads\/2016\/01\/190116-cotidiano-exposicao-agenciatj.jpg\",\"width\":458,\"height\":340,\"caption\":\"190116-cotidiano-exposicao-agenciatj\"},{\"@type\":\"BreadcrumbList\",\"@id\":\"https:\/\/nk7-testes.com.br\/agazeta\/clementino-almeida-expoe-no-tj-do-acre\/#breadcrumb\",\"itemListElement\":[{\"@type\":\"ListItem\",\"position\":1,\"name\":\"In\u00edcio\",\"item\":\"https:\/\/nk7-testes.com.br\/agazeta\/\"},{\"@type\":\"ListItem\",\"position\":2,\"name\":\"Clementino Almeida exp\u00f5e no TJ do Acre\"}]},{\"@type\":\"WebSite\",\"@id\":\"https:\/\/nk7-testes.com.br\/agazeta\/#website\",\"url\":\"https:\/\/nk7-testes.com.br\/agazeta\/\",\"name\":\"Agazeta.net\",\"description\":\"Agazeta.net - Not\u00edcias de Rio Branco\/AC\",\"potentialAction\":[{\"@type\":\"SearchAction\",\"target\":{\"@type\":\"EntryPoint\",\"urlTemplate\":\"https:\/\/nk7-testes.com.br\/agazeta\/?s={search_term_string}\"},\"query-input\":{\"@type\":\"PropertyValueSpecification\",\"valueRequired\":true,\"valueName\":\"search_term_string\"}}],\"inLanguage\":\"pt-BR\"},{\"@type\":\"Person\",\"@id\":\"https:\/\/nk7-testes.com.br\/agazeta\/#\/schema\/person\/6d6e25cb0435eb4a02fd44d30b4e3020\",\"name\":\"Agazeta.Net\",\"url\":\"https:\/\/nk7-testes.com.br\/agazeta\/author\/agazeta\/\"}]}<\/script>\n<!-- \/ Yoast SEO plugin. -->","yoast_head_json":{"title":"Clementino Almeida exp\u00f5e no TJ do Acre - Agazeta.net","robots":{"index":"index","follow":"follow","max-snippet":"max-snippet:-1","max-image-preview":"max-image-preview:large","max-video-preview":"max-video-preview:-1"},"canonical":"https:\/\/nk7-testes.com.br\/agazeta\/clementino-almeida-expoe-no-tj-do-acre\/","og_locale":"pt_BR","og_type":"article","og_title":"Clementino Almeida exp\u00f5e no TJ do Acre - Agazeta.net","og_description":"Galeria \u00e9 espa\u00e7o nobre \u00e0 classe art\u00edstica","og_url":"https:\/\/nk7-testes.com.br\/agazeta\/clementino-almeida-expoe-no-tj-do-acre\/","og_site_name":"Agazeta.net","article_published_time":"2016-01-19T22:05:05+00:00","og_image":[{"width":458,"height":340,"url":"https:\/\/nk7-testes.com.br\/agazeta\/wp-content\/uploads\/2016\/01\/190116-cotidiano-exposicao-agenciatj.jpg","type":"image\/jpeg"}],"author":"Agazeta.Net","twitter_card":"summary_large_image","twitter_misc":{"Escrito por":"Agazeta.Net","Est. tempo de leitura":"3 minutos"},"schema":{"@context":"https:\/\/schema.org","@graph":[{"@type":"WebPage","@id":"https:\/\/nk7-testes.com.br\/agazeta\/clementino-almeida-expoe-no-tj-do-acre\/","url":"https:\/\/nk7-testes.com.br\/agazeta\/clementino-almeida-expoe-no-tj-do-acre\/","name":"Clementino Almeida exp\u00f5e no TJ do Acre - Agazeta.net","isPartOf":{"@id":"https:\/\/nk7-testes.com.br\/agazeta\/#website"},"primaryImageOfPage":{"@id":"https:\/\/nk7-testes.com.br\/agazeta\/clementino-almeida-expoe-no-tj-do-acre\/#primaryimage"},"image":{"@id":"https:\/\/nk7-testes.com.br\/agazeta\/clementino-almeida-expoe-no-tj-do-acre\/#primaryimage"},"thumbnailUrl":"https:\/\/nk7-testes.com.br\/agazeta\/wp-content\/uploads\/2016\/01\/190116-cotidiano-exposicao-agenciatj.jpg","datePublished":"2016-01-19T22:05:05+00:00","author":{"@id":"https:\/\/nk7-testes.com.br\/agazeta\/#\/schema\/person\/6d6e25cb0435eb4a02fd44d30b4e3020"},"breadcrumb":{"@id":"https:\/\/nk7-testes.com.br\/agazeta\/clementino-almeida-expoe-no-tj-do-acre\/#breadcrumb"},"inLanguage":"pt-BR","potentialAction":[{"@type":"ReadAction","target":["https:\/\/nk7-testes.com.br\/agazeta\/clementino-almeida-expoe-no-tj-do-acre\/"]}]},{"@type":"ImageObject","inLanguage":"pt-BR","@id":"https:\/\/nk7-testes.com.br\/agazeta\/clementino-almeida-expoe-no-tj-do-acre\/#primaryimage","url":"https:\/\/nk7-testes.com.br\/agazeta\/wp-content\/uploads\/2016\/01\/190116-cotidiano-exposicao-agenciatj.jpg","contentUrl":"https:\/\/nk7-testes.com.br\/agazeta\/wp-content\/uploads\/2016\/01\/190116-cotidiano-exposicao-agenciatj.jpg","width":458,"height":340,"caption":"190116-cotidiano-exposicao-agenciatj"},{"@type":"BreadcrumbList","@id":"https:\/\/nk7-testes.com.br\/agazeta\/clementino-almeida-expoe-no-tj-do-acre\/#breadcrumb","itemListElement":[{"@type":"ListItem","position":1,"name":"In\u00edcio","item":"https:\/\/nk7-testes.com.br\/agazeta\/"},{"@type":"ListItem","position":2,"name":"Clementino Almeida exp\u00f5e no TJ do Acre"}]},{"@type":"WebSite","@id":"https:\/\/nk7-testes.com.br\/agazeta\/#website","url":"https:\/\/nk7-testes.com.br\/agazeta\/","name":"Agazeta.net","description":"Agazeta.net - Not\u00edcias de Rio Branco\/AC","potentialAction":[{"@type":"SearchAction","target":{"@type":"EntryPoint","urlTemplate":"https:\/\/nk7-testes.com.br\/agazeta\/?s={search_term_string}"},"query-input":{"@type":"PropertyValueSpecification","valueRequired":true,"valueName":"search_term_string"}}],"inLanguage":"pt-BR"},{"@type":"Person","@id":"https:\/\/nk7-testes.com.br\/agazeta\/#\/schema\/person\/6d6e25cb0435eb4a02fd44d30b4e3020","name":"Agazeta.Net","url":"https:\/\/nk7-testes.com.br\/agazeta\/author\/agazeta\/"}]}},"_links":{"self":[{"href":"https:\/\/nk7-testes.com.br\/agazeta\/wp-json\/wp\/v2\/posts\/20642","targetHints":{"allow":["GET"]}}],"collection":[{"href":"https:\/\/nk7-testes.com.br\/agazeta\/wp-json\/wp\/v2\/posts"}],"about":[{"href":"https:\/\/nk7-testes.com.br\/agazeta\/wp-json\/wp\/v2\/types\/post"}],"author":[{"embeddable":true,"href":"https:\/\/nk7-testes.com.br\/agazeta\/wp-json\/wp\/v2\/users\/4"}],"replies":[{"embeddable":true,"href":"https:\/\/nk7-testes.com.br\/agazeta\/wp-json\/wp\/v2\/comments?post=20642"}],"version-history":[{"count":0,"href":"https:\/\/nk7-testes.com.br\/agazeta\/wp-json\/wp\/v2\/posts\/20642\/revisions"}],"wp:featuredmedia":[{"embeddable":true,"href":"https:\/\/nk7-testes.com.br\/agazeta\/wp-json\/wp\/v2\/media\/20641"}],"wp:attachment":[{"href":"https:\/\/nk7-testes.com.br\/agazeta\/wp-json\/wp\/v2\/media?parent=20642"}],"wp:term":[{"taxonomy":"category","embeddable":true,"href":"https:\/\/nk7-testes.com.br\/agazeta\/wp-json\/wp\/v2\/categories?post=20642"},{"taxonomy":"post_tag","embeddable":true,"href":"https:\/\/nk7-testes.com.br\/agazeta\/wp-json\/wp\/v2\/tags?post=20642"}],"curies":[{"name":"wp","href":"https:\/\/api.w.org\/{rel}","templated":true}]}}