{"id":20632,"date":"2016-01-19T15:06:18","date_gmt":"2016-01-19T15:06:18","guid":{"rendered":"https:\/\/abarevegan.com.br\/index.php\/2016\/01\/19\/70-dos-empresarios-acrianos-esperam-dificuldades\/"},"modified":"2016-01-19T15:06:18","modified_gmt":"2016-01-19T15:06:18","slug":"70-dos-empresarios-acrianos-esperam-dificuldades","status":"publish","type":"post","link":"https:\/\/nk7-testes.com.br\/agazeta\/70-dos-empresarios-acrianos-esperam-dificuldades\/","title":{"rendered":"70% dos empres\u00e1rios acrianos esperam dificuldades"},"content":{"rendered":"<p style=\"text-align: justify;\">C\u00e1lculo \u00e9 do Instituto Fecomercio de Pesquisas<\/p>\n<p style=\"text-align: justify;\">Pelo menos 70% dos empres\u00e1rios acrianos acreditam em dificuldades no setor de vendas durante o primeiro semestre de 2015. A pesquisa, realizada pelo Instituto Fecomercio de Pesquisas Empresariais do Acre (Ifepac), avaliou a opini\u00e3o de 234 comerciantes da capital acriana entre os \u00faltimos dias 5 e 11 de janeiro.<\/p>\n<p style=\"text-align: justify;\">Ainda de acordo com a pesquisa, daqueles que est\u00e3o pessimistas com as vendas, 48% destacam a infla\u00e7\u00e3o como fator de maior preocupa\u00e7\u00e3o para o per\u00edodo, enquanto outros 25% acreditam que o endividamento da popula\u00e7\u00e3o deve dificultar mais o mercado dom\u00e9stico.<\/p>\n<p style=\"text-align: justify;\">Pela avalia\u00e7\u00e3o de outros 26%, n\u00e3o haver\u00e1 ainda resultados positivos decorrentes das medidas governamentais no que tange \u00e0 economia nos primeiros seis meses de 2016.<\/p>\n<p style=\"text-align: justify;\">A pesquisa avaliou, tamb\u00e9m, que, conforme 38% dos empres\u00e1rios, as vendas durante o per\u00edodo devem ser inferiores quando comparado ao primeiro semestre de 2015. Destes, 88% acreditam que a redu\u00e7\u00e3o deve ser entre 10% e 20%. Outros 31% avaliam que o com\u00e9rcio deve continuar da mesma forma que o verificado no ano passado.<\/p>\n<p style=\"text-align: justify;\">Estrat\u00e9gias de vendas<\/p>\n<p style=\"text-align: justify;\">Pelo menos 35% dos empres\u00e1rios afirmaram que utilizar\u00e3o, durante o per\u00edodo, as promo\u00e7\u00f5es para atrair os clientes, enquanto outros 27% acreditam que a redu\u00e7\u00e3o de pre\u00e7os seria a melhor estrat\u00e9gia.<\/p>\n<p style=\"text-align: justify;\">Mesmo assim, a grande preocupa\u00e7\u00e3o de 47% dos empres\u00e1rios do ramo \u2013 segundo o estudo \u2013 seria o endividamento financeiro do consumidor, enquanto outros 17% demonstram preocupa\u00e7\u00e3o com o com\u00e9rcio informal.<\/p>\n<p style=\"text-align: justify;\">No segundo semestre deste ano, para 48% dos comerciantes, a concorr\u00eancia deve manter-se est\u00e1vel, mas 23% avaliam que a tend\u00eancia \u00e9 de diminui\u00e7\u00e3o nas vendas em fun\u00e7\u00e3o das dificuldades naturais do per\u00edodo de crise e infla\u00e7\u00e3o crescente. A pesquisa destaca que 20% dos empres\u00e1rios n\u00e3o t\u00eam opini\u00e3o acerca do assunto.<\/p>\n<p style=\"text-align: justify;\">Al\u00e9m disso, para 74% dos empres\u00e1rios, n\u00e3o deve haver redu\u00e7\u00e3o na taxa de infla\u00e7\u00e3o em 2016 e, destes, 42% informam que o mercado deve continuar a operar com pre\u00e7os crescentes, tendo em vista a previs\u00e3o do aumento nos juros. Outros 33% admitem que as pol\u00edticas econ\u00f4micas podem continuar pendentes, aumentando ainda mais o desemprego na economia.<\/p>\n","protected":false},"excerpt":{"rendered":"<p style=\"text-align: justify;\">C\u00e1lculo \u00e9 do Instituto Fecomercio de Pesquisas<\/p>\n","protected":false},"author":4,"featured_media":20631,"comment_status":"open","ping_status":"open","sticky":false,"template":"","format":"standard","meta":{"jnews-multi-image_gallery":[],"jnews_single_post":[],"jnews_primary_category":[],"jnews_social_meta":[],"jnews_review":[],"enable_review":"","type":"","name":"","summary":"","brand":"","sku":"","good":[],"bad":[],"score_override":"","override_value":"","rating":[],"price":[],"footnotes":""},"categories":[54],"tags":[],"class_list":["post-20632","post","type-post","status-publish","format-standard","has-post-thumbnail","hentry","category-cotidiano"],"yoast_head":"<!-- This site is optimized with the Yoast SEO plugin v26.5 - https:\/\/yoast.com\/wordpress\/plugins\/seo\/ -->\n<title>70% dos empres\u00e1rios acrianos esperam dificuldades - Agazeta.net<\/title>\n<meta name=\"robots\" content=\"index, follow, max-snippet:-1, max-image-preview:large, max-video-preview:-1\" \/>\n<link rel=\"canonical\" href=\"https:\/\/nk7-testes.com.br\/agazeta\/70-dos-empresarios-acrianos-esperam-dificuldades\/\" \/>\n<meta property=\"og:locale\" content=\"pt_BR\" \/>\n<meta property=\"og:type\" content=\"article\" \/>\n<meta property=\"og:title\" content=\"70% dos empres\u00e1rios acrianos esperam dificuldades - Agazeta.net\" \/>\n<meta property=\"og:description\" content=\"C\u00e1lculo \u00e9 do Instituto Fecomercio de Pesquisas\" \/>\n<meta property=\"og:url\" content=\"https:\/\/nk7-testes.com.br\/agazeta\/70-dos-empresarios-acrianos-esperam-dificuldades\/\" \/>\n<meta property=\"og:site_name\" content=\"Agazeta.net\" \/>\n<meta property=\"article:published_time\" content=\"2016-01-19T15:06:18+00:00\" \/>\n<meta property=\"og:image\" content=\"https:\/\/nk7-testes.com.br\/agazeta\/wp-content\/uploads\/2016\/01\/170915-cotidiano-comercio-tvgazeta.jpg\" \/>\n\t<meta property=\"og:image:width\" content=\"458\" \/>\n\t<meta property=\"og:image:height\" content=\"340\" \/>\n\t<meta property=\"og:image:type\" content=\"image\/jpeg\" \/>\n<meta name=\"author\" content=\"Agazeta.Net\" \/>\n<meta name=\"twitter:card\" content=\"summary_large_image\" \/>\n<meta name=\"twitter:label1\" content=\"Escrito por\" \/>\n\t<meta name=\"twitter:data1\" content=\"Agazeta.Net\" \/>\n\t<meta name=\"twitter:label2\" content=\"Est. tempo de leitura\" \/>\n\t<meta name=\"twitter:data2\" content=\"2 minutos\" \/>\n<script type=\"application\/ld+json\" class=\"yoast-schema-graph\">{\"@context\":\"https:\/\/schema.org\",\"@graph\":[{\"@type\":\"WebPage\",\"@id\":\"https:\/\/nk7-testes.com.br\/agazeta\/70-dos-empresarios-acrianos-esperam-dificuldades\/\",\"url\":\"https:\/\/nk7-testes.com.br\/agazeta\/70-dos-empresarios-acrianos-esperam-dificuldades\/\",\"name\":\"70% dos empres\u00e1rios acrianos esperam dificuldades - Agazeta.net\",\"isPartOf\":{\"@id\":\"https:\/\/nk7-testes.com.br\/agazeta\/#website\"},\"primaryImageOfPage\":{\"@id\":\"https:\/\/nk7-testes.com.br\/agazeta\/70-dos-empresarios-acrianos-esperam-dificuldades\/#primaryimage\"},\"image\":{\"@id\":\"https:\/\/nk7-testes.com.br\/agazeta\/70-dos-empresarios-acrianos-esperam-dificuldades\/#primaryimage\"},\"thumbnailUrl\":\"https:\/\/nk7-testes.com.br\/agazeta\/wp-content\/uploads\/2016\/01\/170915-cotidiano-comercio-tvgazeta.jpg\",\"datePublished\":\"2016-01-19T15:06:18+00:00\",\"author\":{\"@id\":\"https:\/\/nk7-testes.com.br\/agazeta\/#\/schema\/person\/6d6e25cb0435eb4a02fd44d30b4e3020\"},\"breadcrumb\":{\"@id\":\"https:\/\/nk7-testes.com.br\/agazeta\/70-dos-empresarios-acrianos-esperam-dificuldades\/#breadcrumb\"},\"inLanguage\":\"pt-BR\",\"potentialAction\":[{\"@type\":\"ReadAction\",\"target\":[\"https:\/\/nk7-testes.com.br\/agazeta\/70-dos-empresarios-acrianos-esperam-dificuldades\/\"]}]},{\"@type\":\"ImageObject\",\"inLanguage\":\"pt-BR\",\"@id\":\"https:\/\/nk7-testes.com.br\/agazeta\/70-dos-empresarios-acrianos-esperam-dificuldades\/#primaryimage\",\"url\":\"https:\/\/nk7-testes.com.br\/agazeta\/wp-content\/uploads\/2016\/01\/170915-cotidiano-comercio-tvgazeta.jpg\",\"contentUrl\":\"https:\/\/nk7-testes.com.br\/agazeta\/wp-content\/uploads\/2016\/01\/170915-cotidiano-comercio-tvgazeta.jpg\",\"width\":458,\"height\":340,\"caption\":\"170915-cotidiano-comercio-tvgazeta\"},{\"@type\":\"BreadcrumbList\",\"@id\":\"https:\/\/nk7-testes.com.br\/agazeta\/70-dos-empresarios-acrianos-esperam-dificuldades\/#breadcrumb\",\"itemListElement\":[{\"@type\":\"ListItem\",\"position\":1,\"name\":\"In\u00edcio\",\"item\":\"https:\/\/nk7-testes.com.br\/agazeta\/\"},{\"@type\":\"ListItem\",\"position\":2,\"name\":\"70% dos empres\u00e1rios acrianos esperam dificuldades\"}]},{\"@type\":\"WebSite\",\"@id\":\"https:\/\/nk7-testes.com.br\/agazeta\/#website\",\"url\":\"https:\/\/nk7-testes.com.br\/agazeta\/\",\"name\":\"Agazeta.net\",\"description\":\"Agazeta.net - Not\u00edcias de Rio Branco\/AC\",\"potentialAction\":[{\"@type\":\"SearchAction\",\"target\":{\"@type\":\"EntryPoint\",\"urlTemplate\":\"https:\/\/nk7-testes.com.br\/agazeta\/?s={search_term_string}\"},\"query-input\":{\"@type\":\"PropertyValueSpecification\",\"valueRequired\":true,\"valueName\":\"search_term_string\"}}],\"inLanguage\":\"pt-BR\"},{\"@type\":\"Person\",\"@id\":\"https:\/\/nk7-testes.com.br\/agazeta\/#\/schema\/person\/6d6e25cb0435eb4a02fd44d30b4e3020\",\"name\":\"Agazeta.Net\",\"url\":\"https:\/\/nk7-testes.com.br\/agazeta\/author\/agazeta\/\"}]}<\/script>\n<!-- \/ Yoast SEO plugin. -->","yoast_head_json":{"title":"70% dos empres\u00e1rios acrianos esperam dificuldades - Agazeta.net","robots":{"index":"index","follow":"follow","max-snippet":"max-snippet:-1","max-image-preview":"max-image-preview:large","max-video-preview":"max-video-preview:-1"},"canonical":"https:\/\/nk7-testes.com.br\/agazeta\/70-dos-empresarios-acrianos-esperam-dificuldades\/","og_locale":"pt_BR","og_type":"article","og_title":"70% dos empres\u00e1rios acrianos esperam dificuldades - Agazeta.net","og_description":"C\u00e1lculo \u00e9 do Instituto Fecomercio de Pesquisas","og_url":"https:\/\/nk7-testes.com.br\/agazeta\/70-dos-empresarios-acrianos-esperam-dificuldades\/","og_site_name":"Agazeta.net","article_published_time":"2016-01-19T15:06:18+00:00","og_image":[{"width":458,"height":340,"url":"https:\/\/nk7-testes.com.br\/agazeta\/wp-content\/uploads\/2016\/01\/170915-cotidiano-comercio-tvgazeta.jpg","type":"image\/jpeg"}],"author":"Agazeta.Net","twitter_card":"summary_large_image","twitter_misc":{"Escrito por":"Agazeta.Net","Est. tempo de leitura":"2 minutos"},"schema":{"@context":"https:\/\/schema.org","@graph":[{"@type":"WebPage","@id":"https:\/\/nk7-testes.com.br\/agazeta\/70-dos-empresarios-acrianos-esperam-dificuldades\/","url":"https:\/\/nk7-testes.com.br\/agazeta\/70-dos-empresarios-acrianos-esperam-dificuldades\/","name":"70% dos empres\u00e1rios acrianos esperam dificuldades - Agazeta.net","isPartOf":{"@id":"https:\/\/nk7-testes.com.br\/agazeta\/#website"},"primaryImageOfPage":{"@id":"https:\/\/nk7-testes.com.br\/agazeta\/70-dos-empresarios-acrianos-esperam-dificuldades\/#primaryimage"},"image":{"@id":"https:\/\/nk7-testes.com.br\/agazeta\/70-dos-empresarios-acrianos-esperam-dificuldades\/#primaryimage"},"thumbnailUrl":"https:\/\/nk7-testes.com.br\/agazeta\/wp-content\/uploads\/2016\/01\/170915-cotidiano-comercio-tvgazeta.jpg","datePublished":"2016-01-19T15:06:18+00:00","author":{"@id":"https:\/\/nk7-testes.com.br\/agazeta\/#\/schema\/person\/6d6e25cb0435eb4a02fd44d30b4e3020"},"breadcrumb":{"@id":"https:\/\/nk7-testes.com.br\/agazeta\/70-dos-empresarios-acrianos-esperam-dificuldades\/#breadcrumb"},"inLanguage":"pt-BR","potentialAction":[{"@type":"ReadAction","target":["https:\/\/nk7-testes.com.br\/agazeta\/70-dos-empresarios-acrianos-esperam-dificuldades\/"]}]},{"@type":"ImageObject","inLanguage":"pt-BR","@id":"https:\/\/nk7-testes.com.br\/agazeta\/70-dos-empresarios-acrianos-esperam-dificuldades\/#primaryimage","url":"https:\/\/nk7-testes.com.br\/agazeta\/wp-content\/uploads\/2016\/01\/170915-cotidiano-comercio-tvgazeta.jpg","contentUrl":"https:\/\/nk7-testes.com.br\/agazeta\/wp-content\/uploads\/2016\/01\/170915-cotidiano-comercio-tvgazeta.jpg","width":458,"height":340,"caption":"170915-cotidiano-comercio-tvgazeta"},{"@type":"BreadcrumbList","@id":"https:\/\/nk7-testes.com.br\/agazeta\/70-dos-empresarios-acrianos-esperam-dificuldades\/#breadcrumb","itemListElement":[{"@type":"ListItem","position":1,"name":"In\u00edcio","item":"https:\/\/nk7-testes.com.br\/agazeta\/"},{"@type":"ListItem","position":2,"name":"70% dos empres\u00e1rios acrianos esperam dificuldades"}]},{"@type":"WebSite","@id":"https:\/\/nk7-testes.com.br\/agazeta\/#website","url":"https:\/\/nk7-testes.com.br\/agazeta\/","name":"Agazeta.net","description":"Agazeta.net - Not\u00edcias de Rio Branco\/AC","potentialAction":[{"@type":"SearchAction","target":{"@type":"EntryPoint","urlTemplate":"https:\/\/nk7-testes.com.br\/agazeta\/?s={search_term_string}"},"query-input":{"@type":"PropertyValueSpecification","valueRequired":true,"valueName":"search_term_string"}}],"inLanguage":"pt-BR"},{"@type":"Person","@id":"https:\/\/nk7-testes.com.br\/agazeta\/#\/schema\/person\/6d6e25cb0435eb4a02fd44d30b4e3020","name":"Agazeta.Net","url":"https:\/\/nk7-testes.com.br\/agazeta\/author\/agazeta\/"}]}},"_links":{"self":[{"href":"https:\/\/nk7-testes.com.br\/agazeta\/wp-json\/wp\/v2\/posts\/20632","targetHints":{"allow":["GET"]}}],"collection":[{"href":"https:\/\/nk7-testes.com.br\/agazeta\/wp-json\/wp\/v2\/posts"}],"about":[{"href":"https:\/\/nk7-testes.com.br\/agazeta\/wp-json\/wp\/v2\/types\/post"}],"author":[{"embeddable":true,"href":"https:\/\/nk7-testes.com.br\/agazeta\/wp-json\/wp\/v2\/users\/4"}],"replies":[{"embeddable":true,"href":"https:\/\/nk7-testes.com.br\/agazeta\/wp-json\/wp\/v2\/comments?post=20632"}],"version-history":[{"count":0,"href":"https:\/\/nk7-testes.com.br\/agazeta\/wp-json\/wp\/v2\/posts\/20632\/revisions"}],"wp:featuredmedia":[{"embeddable":true,"href":"https:\/\/nk7-testes.com.br\/agazeta\/wp-json\/wp\/v2\/media\/20631"}],"wp:attachment":[{"href":"https:\/\/nk7-testes.com.br\/agazeta\/wp-json\/wp\/v2\/media?parent=20632"}],"wp:term":[{"taxonomy":"category","embeddable":true,"href":"https:\/\/nk7-testes.com.br\/agazeta\/wp-json\/wp\/v2\/categories?post=20632"},{"taxonomy":"post_tag","embeddable":true,"href":"https:\/\/nk7-testes.com.br\/agazeta\/wp-json\/wp\/v2\/tags?post=20632"}],"curies":[{"name":"wp","href":"https:\/\/api.w.org\/{rel}","templated":true}]}}