{"id":20627,"date":"2016-01-19T13:38:34","date_gmt":"2016-01-19T13:38:34","guid":{"rendered":"https:\/\/abarevegan.com.br\/index.php\/2016\/01\/19\/faculdade-indeniza-ex-aluna-por-atraso-no-diploma\/"},"modified":"2016-01-19T13:38:34","modified_gmt":"2016-01-19T13:38:34","slug":"faculdade-indeniza-ex-aluna-por-atraso-no-diploma","status":"publish","type":"post","link":"https:\/\/nk7-testes.com.br\/agazeta\/faculdade-indeniza-ex-aluna-por-atraso-no-diploma\/","title":{"rendered":"Faculdade indeniza ex-aluna por atraso no diploma"},"content":{"rendered":"<p style=\"text-align: justify;\">Decis\u00e3o foi formalizada pela comarca de M\u00e2ncio Lima<\/p>\n<p style=\"text-align: justify;\">O Juizado Especial C\u00edvel da Comarca de M\u00e2ncio Lima julgou parcialmente procedente os pedidos apresentados por Maria Aurineide da Silva, inscritos no processo n\u00b0 0000251-81.2014.8.01.0015, condenando a Funda\u00e7\u00e3o Universidade do Tocantins (Unitins) a pagar R$ 6 mil de indeniza\u00e7\u00e3o, a t\u00edtulo de danos morais, por ter demorado tr\u00eas anos para entregar o diploma de conclus\u00e3o do curso de Servi\u00e7o Social da reclamante.<\/p>\n<p style=\"text-align: justify;\">De acordo com a decis\u00e3o, de autoria do juiz de Direito Marcos Rafael, publicada na edi\u00e7\u00e3o n\u00b05.562 do Di\u00e1rio da Justi\u00e7a Eletr\u00f4nico, houve falha na presta\u00e7\u00e3o do servi\u00e7o que \u201cocasionou, tamb\u00e9m, danos \u00e0 carreira profissional da parte autora, tais como obten\u00e7\u00e3o de emprego ou posse em cargos p\u00fablicos\u201d.<\/p>\n<p style=\"text-align: justify;\">Entenda o Caso<\/p>\n<p style=\"text-align: justify;\">Maria Aurineide procurou \u00e0 Justi\u00e7a pleiteando que a Unitins fosse obrigada a enviar as notas do est\u00e1gio que estiverem pendentes, o diploma de conclus\u00e3o, al\u00e9m de requerer indeniza\u00e7\u00e3o pelos danos morais e pelas perdas salariais devido ao atraso de tr\u00eas anos para que lhe fosse fornecido o diploma.<\/p>\n<p style=\"text-align: justify;\">A autora contou que cursou pela institui\u00e7\u00e3o reclamada, durante os anos de 2007 a 2010, o curso de Servi\u00e7o Social, \u201cacontece que ap\u00f3s a realiza\u00e7\u00e3o dos est\u00e1gios finais, a reclamada n\u00e3o mais manteve sua representa\u00e7\u00e3o na cidade de Cruzeiro do Sul, e nem sequer atrav\u00e9s do portal de comunica\u00e7\u00e3o, dificultando assim a resolu\u00e7\u00e3o de problemas burocr\u00e1ticos, tais como: Emiss\u00e3o de Declara\u00e7\u00f5es, Hist\u00f3ricos e Diploma\u201d.<\/p>\n<p style=\"text-align: justify;\">Em sua defesa o r\u00e9u arguiu, preliminarmente, \u201cincompet\u00eancia dos Juizados Especiais por se tratar de pessoa jur\u00eddica de direito p\u00fablico\u201d e tamb\u00e9m pediu para que n\u00e3o fosse invertido o \u00f4nus da prova, e os pedidos apresentados pela consumidora fossem julgados improcedentes.<\/p>\n<p style=\"text-align: justify;\">Senten\u00e7a<\/p>\n<p style=\"text-align: justify;\">Ao analisar o caso, o juiz de Direito, Marcos Rafael, titular da Comarca de M\u00e2ncio Lima, rejeitou a preliminar arguida pela Unitins, considerando que o estatuto da institui\u00e7\u00e3o \u201cdescreve, expressamente, se tratar de pessoa jur\u00eddica de direito privado. Assim, embora funda\u00e7\u00e3o p\u00fablica, esta tem natureza de pessoa jur\u00eddica de direito privado. Tanto que cobra pelo ensino que presta, fato imposs\u00edvel de ocorrer com as pessoas jur\u00eddicas de direito p\u00fablico\u201d.<\/p>\n<p style=\"text-align: justify;\">Como a reclamada enviou o diploma de conclus\u00e3o do curso, ap\u00f3s quatro meses de realiza\u00e7\u00e3o audi\u00eancia de instru\u00e7\u00e3o e julgamento, o juiz analisou, ent\u00e3o, os pedidos de indeniza\u00e7\u00e3o pelos danos morais e materiais apresentados pela autora.<\/p>\n<p style=\"text-align: justify;\">O magistrado destacou a atitude negligente da Unitins \u201cpois n\u00e3o \u00e9 razo\u00e1vel que decorra mais de um ano do cumprimento de todos os cr\u00e9ditos para que haja a disponibiliza\u00e7\u00e3o do diploma do aluno\u201d. Assim, atendendo o princ\u00edpio da proporcionalidade, o juiz Marcos Rafael fixou em R$ 6 mil o valor da indeniza\u00e7\u00e3o por danos morais.<\/p>\n<p style=\"text-align: justify;\">J\u00e1 o pedido de indeniza\u00e7\u00e3o por danos materiais foi julgado improcedente, pois o juiz sentenciante verificou que \u201cn\u00e3o houve pedido espec\u00edfico de valores, devendo o pedido ser julgado improcedente nesse aspecto\u201d.<\/p>\n","protected":false},"excerpt":{"rendered":"<p style=\"text-align: justify;\">Decis\u00e3o foi formalizada pela comarca de M\u00e2ncio Lima<\/p>\n","protected":false},"author":4,"featured_media":20626,"comment_status":"open","ping_status":"open","sticky":false,"template":"","format":"standard","meta":{"jnews-multi-image_gallery":[],"jnews_single_post":[],"jnews_primary_category":[],"jnews_social_meta":[],"jnews_review":[],"enable_review":"","type":"","name":"","summary":"","brand":"","sku":"","good":[],"bad":[],"score_override":"","override_value":"","rating":[],"price":[],"footnotes":""},"categories":[54],"tags":[],"class_list":["post-20627","post","type-post","status-publish","format-standard","has-post-thumbnail","hentry","category-cotidiano"],"yoast_head":"<!-- This site is optimized with the Yoast SEO plugin v26.5 - https:\/\/yoast.com\/wordpress\/plugins\/seo\/ -->\n<title>Faculdade indeniza ex-aluna por atraso no diploma - Agazeta.net<\/title>\n<meta name=\"robots\" content=\"index, follow, max-snippet:-1, max-image-preview:large, max-video-preview:-1\" \/>\n<link rel=\"canonical\" href=\"https:\/\/nk7-testes.com.br\/agazeta\/faculdade-indeniza-ex-aluna-por-atraso-no-diploma\/\" \/>\n<meta property=\"og:locale\" content=\"pt_BR\" \/>\n<meta property=\"og:type\" content=\"article\" \/>\n<meta property=\"og:title\" content=\"Faculdade indeniza ex-aluna por atraso no diploma - Agazeta.net\" \/>\n<meta property=\"og:description\" content=\"Decis\u00e3o foi formalizada pela comarca de M\u00e2ncio Lima\" \/>\n<meta property=\"og:url\" content=\"https:\/\/nk7-testes.com.br\/agazeta\/faculdade-indeniza-ex-aluna-por-atraso-no-diploma\/\" \/>\n<meta property=\"og:site_name\" content=\"Agazeta.net\" \/>\n<meta property=\"article:published_time\" content=\"2016-01-19T13:38:34+00:00\" \/>\n<meta property=\"og:image\" content=\"https:\/\/nk7-testes.com.br\/agazeta\/wp-content\/uploads\/2016\/01\/190116-cotidiano-camaracivel-agenciatj.jpg\" \/>\n\t<meta property=\"og:image:width\" content=\"458\" \/>\n\t<meta property=\"og:image:height\" content=\"340\" \/>\n\t<meta property=\"og:image:type\" content=\"image\/jpeg\" \/>\n<meta name=\"author\" content=\"Agazeta.Net\" \/>\n<meta name=\"twitter:card\" content=\"summary_large_image\" \/>\n<meta name=\"twitter:label1\" content=\"Escrito por\" \/>\n\t<meta name=\"twitter:data1\" content=\"Agazeta.Net\" \/>\n\t<meta name=\"twitter:label2\" content=\"Est. tempo de leitura\" \/>\n\t<meta name=\"twitter:data2\" content=\"3 minutos\" \/>\n<script type=\"application\/ld+json\" class=\"yoast-schema-graph\">{\"@context\":\"https:\/\/schema.org\",\"@graph\":[{\"@type\":\"WebPage\",\"@id\":\"https:\/\/nk7-testes.com.br\/agazeta\/faculdade-indeniza-ex-aluna-por-atraso-no-diploma\/\",\"url\":\"https:\/\/nk7-testes.com.br\/agazeta\/faculdade-indeniza-ex-aluna-por-atraso-no-diploma\/\",\"name\":\"Faculdade indeniza ex-aluna por atraso no diploma - Agazeta.net\",\"isPartOf\":{\"@id\":\"https:\/\/nk7-testes.com.br\/agazeta\/#website\"},\"primaryImageOfPage\":{\"@id\":\"https:\/\/nk7-testes.com.br\/agazeta\/faculdade-indeniza-ex-aluna-por-atraso-no-diploma\/#primaryimage\"},\"image\":{\"@id\":\"https:\/\/nk7-testes.com.br\/agazeta\/faculdade-indeniza-ex-aluna-por-atraso-no-diploma\/#primaryimage\"},\"thumbnailUrl\":\"https:\/\/nk7-testes.com.br\/agazeta\/wp-content\/uploads\/2016\/01\/190116-cotidiano-camaracivel-agenciatj.jpg\",\"datePublished\":\"2016-01-19T13:38:34+00:00\",\"author\":{\"@id\":\"https:\/\/nk7-testes.com.br\/agazeta\/#\/schema\/person\/6d6e25cb0435eb4a02fd44d30b4e3020\"},\"breadcrumb\":{\"@id\":\"https:\/\/nk7-testes.com.br\/agazeta\/faculdade-indeniza-ex-aluna-por-atraso-no-diploma\/#breadcrumb\"},\"inLanguage\":\"pt-BR\",\"potentialAction\":[{\"@type\":\"ReadAction\",\"target\":[\"https:\/\/nk7-testes.com.br\/agazeta\/faculdade-indeniza-ex-aluna-por-atraso-no-diploma\/\"]}]},{\"@type\":\"ImageObject\",\"inLanguage\":\"pt-BR\",\"@id\":\"https:\/\/nk7-testes.com.br\/agazeta\/faculdade-indeniza-ex-aluna-por-atraso-no-diploma\/#primaryimage\",\"url\":\"https:\/\/nk7-testes.com.br\/agazeta\/wp-content\/uploads\/2016\/01\/190116-cotidiano-camaracivel-agenciatj.jpg\",\"contentUrl\":\"https:\/\/nk7-testes.com.br\/agazeta\/wp-content\/uploads\/2016\/01\/190116-cotidiano-camaracivel-agenciatj.jpg\",\"width\":458,\"height\":340,\"caption\":\"190116-cotidiano-camaracivel-agenciatj\"},{\"@type\":\"BreadcrumbList\",\"@id\":\"https:\/\/nk7-testes.com.br\/agazeta\/faculdade-indeniza-ex-aluna-por-atraso-no-diploma\/#breadcrumb\",\"itemListElement\":[{\"@type\":\"ListItem\",\"position\":1,\"name\":\"In\u00edcio\",\"item\":\"https:\/\/nk7-testes.com.br\/agazeta\/\"},{\"@type\":\"ListItem\",\"position\":2,\"name\":\"Faculdade indeniza ex-aluna por atraso no diploma\"}]},{\"@type\":\"WebSite\",\"@id\":\"https:\/\/nk7-testes.com.br\/agazeta\/#website\",\"url\":\"https:\/\/nk7-testes.com.br\/agazeta\/\",\"name\":\"Agazeta.net\",\"description\":\"Agazeta.net - Not\u00edcias de Rio Branco\/AC\",\"potentialAction\":[{\"@type\":\"SearchAction\",\"target\":{\"@type\":\"EntryPoint\",\"urlTemplate\":\"https:\/\/nk7-testes.com.br\/agazeta\/?s={search_term_string}\"},\"query-input\":{\"@type\":\"PropertyValueSpecification\",\"valueRequired\":true,\"valueName\":\"search_term_string\"}}],\"inLanguage\":\"pt-BR\"},{\"@type\":\"Person\",\"@id\":\"https:\/\/nk7-testes.com.br\/agazeta\/#\/schema\/person\/6d6e25cb0435eb4a02fd44d30b4e3020\",\"name\":\"Agazeta.Net\",\"url\":\"https:\/\/nk7-testes.com.br\/agazeta\/author\/agazeta\/\"}]}<\/script>\n<!-- \/ Yoast SEO plugin. -->","yoast_head_json":{"title":"Faculdade indeniza ex-aluna por atraso no diploma - Agazeta.net","robots":{"index":"index","follow":"follow","max-snippet":"max-snippet:-1","max-image-preview":"max-image-preview:large","max-video-preview":"max-video-preview:-1"},"canonical":"https:\/\/nk7-testes.com.br\/agazeta\/faculdade-indeniza-ex-aluna-por-atraso-no-diploma\/","og_locale":"pt_BR","og_type":"article","og_title":"Faculdade indeniza ex-aluna por atraso no diploma - Agazeta.net","og_description":"Decis\u00e3o foi formalizada pela comarca de M\u00e2ncio Lima","og_url":"https:\/\/nk7-testes.com.br\/agazeta\/faculdade-indeniza-ex-aluna-por-atraso-no-diploma\/","og_site_name":"Agazeta.net","article_published_time":"2016-01-19T13:38:34+00:00","og_image":[{"width":458,"height":340,"url":"https:\/\/nk7-testes.com.br\/agazeta\/wp-content\/uploads\/2016\/01\/190116-cotidiano-camaracivel-agenciatj.jpg","type":"image\/jpeg"}],"author":"Agazeta.Net","twitter_card":"summary_large_image","twitter_misc":{"Escrito por":"Agazeta.Net","Est. tempo de leitura":"3 minutos"},"schema":{"@context":"https:\/\/schema.org","@graph":[{"@type":"WebPage","@id":"https:\/\/nk7-testes.com.br\/agazeta\/faculdade-indeniza-ex-aluna-por-atraso-no-diploma\/","url":"https:\/\/nk7-testes.com.br\/agazeta\/faculdade-indeniza-ex-aluna-por-atraso-no-diploma\/","name":"Faculdade indeniza ex-aluna por atraso no diploma - Agazeta.net","isPartOf":{"@id":"https:\/\/nk7-testes.com.br\/agazeta\/#website"},"primaryImageOfPage":{"@id":"https:\/\/nk7-testes.com.br\/agazeta\/faculdade-indeniza-ex-aluna-por-atraso-no-diploma\/#primaryimage"},"image":{"@id":"https:\/\/nk7-testes.com.br\/agazeta\/faculdade-indeniza-ex-aluna-por-atraso-no-diploma\/#primaryimage"},"thumbnailUrl":"https:\/\/nk7-testes.com.br\/agazeta\/wp-content\/uploads\/2016\/01\/190116-cotidiano-camaracivel-agenciatj.jpg","datePublished":"2016-01-19T13:38:34+00:00","author":{"@id":"https:\/\/nk7-testes.com.br\/agazeta\/#\/schema\/person\/6d6e25cb0435eb4a02fd44d30b4e3020"},"breadcrumb":{"@id":"https:\/\/nk7-testes.com.br\/agazeta\/faculdade-indeniza-ex-aluna-por-atraso-no-diploma\/#breadcrumb"},"inLanguage":"pt-BR","potentialAction":[{"@type":"ReadAction","target":["https:\/\/nk7-testes.com.br\/agazeta\/faculdade-indeniza-ex-aluna-por-atraso-no-diploma\/"]}]},{"@type":"ImageObject","inLanguage":"pt-BR","@id":"https:\/\/nk7-testes.com.br\/agazeta\/faculdade-indeniza-ex-aluna-por-atraso-no-diploma\/#primaryimage","url":"https:\/\/nk7-testes.com.br\/agazeta\/wp-content\/uploads\/2016\/01\/190116-cotidiano-camaracivel-agenciatj.jpg","contentUrl":"https:\/\/nk7-testes.com.br\/agazeta\/wp-content\/uploads\/2016\/01\/190116-cotidiano-camaracivel-agenciatj.jpg","width":458,"height":340,"caption":"190116-cotidiano-camaracivel-agenciatj"},{"@type":"BreadcrumbList","@id":"https:\/\/nk7-testes.com.br\/agazeta\/faculdade-indeniza-ex-aluna-por-atraso-no-diploma\/#breadcrumb","itemListElement":[{"@type":"ListItem","position":1,"name":"In\u00edcio","item":"https:\/\/nk7-testes.com.br\/agazeta\/"},{"@type":"ListItem","position":2,"name":"Faculdade indeniza ex-aluna por atraso no diploma"}]},{"@type":"WebSite","@id":"https:\/\/nk7-testes.com.br\/agazeta\/#website","url":"https:\/\/nk7-testes.com.br\/agazeta\/","name":"Agazeta.net","description":"Agazeta.net - Not\u00edcias de Rio Branco\/AC","potentialAction":[{"@type":"SearchAction","target":{"@type":"EntryPoint","urlTemplate":"https:\/\/nk7-testes.com.br\/agazeta\/?s={search_term_string}"},"query-input":{"@type":"PropertyValueSpecification","valueRequired":true,"valueName":"search_term_string"}}],"inLanguage":"pt-BR"},{"@type":"Person","@id":"https:\/\/nk7-testes.com.br\/agazeta\/#\/schema\/person\/6d6e25cb0435eb4a02fd44d30b4e3020","name":"Agazeta.Net","url":"https:\/\/nk7-testes.com.br\/agazeta\/author\/agazeta\/"}]}},"_links":{"self":[{"href":"https:\/\/nk7-testes.com.br\/agazeta\/wp-json\/wp\/v2\/posts\/20627","targetHints":{"allow":["GET"]}}],"collection":[{"href":"https:\/\/nk7-testes.com.br\/agazeta\/wp-json\/wp\/v2\/posts"}],"about":[{"href":"https:\/\/nk7-testes.com.br\/agazeta\/wp-json\/wp\/v2\/types\/post"}],"author":[{"embeddable":true,"href":"https:\/\/nk7-testes.com.br\/agazeta\/wp-json\/wp\/v2\/users\/4"}],"replies":[{"embeddable":true,"href":"https:\/\/nk7-testes.com.br\/agazeta\/wp-json\/wp\/v2\/comments?post=20627"}],"version-history":[{"count":0,"href":"https:\/\/nk7-testes.com.br\/agazeta\/wp-json\/wp\/v2\/posts\/20627\/revisions"}],"wp:featuredmedia":[{"embeddable":true,"href":"https:\/\/nk7-testes.com.br\/agazeta\/wp-json\/wp\/v2\/media\/20626"}],"wp:attachment":[{"href":"https:\/\/nk7-testes.com.br\/agazeta\/wp-json\/wp\/v2\/media?parent=20627"}],"wp:term":[{"taxonomy":"category","embeddable":true,"href":"https:\/\/nk7-testes.com.br\/agazeta\/wp-json\/wp\/v2\/categories?post=20627"},{"taxonomy":"post_tag","embeddable":true,"href":"https:\/\/nk7-testes.com.br\/agazeta\/wp-json\/wp\/v2\/tags?post=20627"}],"curies":[{"name":"wp","href":"https:\/\/api.w.org\/{rel}","templated":true}]}}