{"id":20625,"date":"2016-01-18T22:32:37","date_gmt":"2016-01-18T22:32:37","guid":{"rendered":"https:\/\/abarevegan.com.br\/index.php\/2016\/01\/18\/tjac-convoca-estagiarios-aprovados-em-selecao\/"},"modified":"2016-01-18T22:32:37","modified_gmt":"2016-01-18T22:32:37","slug":"tjac-convoca-estagiarios-aprovados-em-selecao","status":"publish","type":"post","link":"https:\/\/nk7-testes.com.br\/agazeta\/tjac-convoca-estagiarios-aprovados-em-selecao\/","title":{"rendered":"TJAC convoca estagi\u00e1rios aprovados em sele\u00e7\u00e3o"},"content":{"rendered":"<p style=\"text-align: justify;\">Candidatos t\u00eam cinco dias \u00fateis para se apresentar<\/p>\n<p style=\"text-align: justify;\">A Presid\u00eancia do Tribunal de Justi\u00e7a do Acre (TJAC) publicou na edi\u00e7\u00e3o n\u00b05.563 do Di\u00e1rio da Justi\u00e7a Eletr\u00f4nico, desta segunda-feira (18), o Edital n\u00ba 26\/2016 convocando 74 acad\u00eamicos aprovados no processo seletivo para est\u00e1gio de estudantes de n\u00edvel superior para atuar na Comarca de Rio Branco. A chamada segue a ordem de classifica\u00e7\u00e3o constante no Edital n\u00b0 04, de 23 de janeiro de 2014.<\/p>\n<p style=\"text-align: justify;\">Os candidatos t\u00eam cinco dias \u00fateis, at\u00e9 a pr\u00f3xima sexta-feira (22), para se apresentar na Ger\u00eancia de Desenvolvimento de Pessoas (Gedep) do TJAC, no hor\u00e1rio compreendido das 9h \u00e0s 13h e das 15h \u00e0s 17h, com a documenta\u00e7\u00e3o exigida no Anexo \u00danico do Edital de convoca\u00e7\u00e3o (n\u00b026\/2016). A Gedep fica localizada na sede administrativa do TJAC, na Rodovia BR-364, Km 2, Via Verde.<\/p>\n<p style=\"text-align: justify;\">Todos que comparecerem dentro do prazo legal e com a documenta\u00e7\u00e3o exigida ir\u00e3o assumir as vagas gradativamente, conforme interesse da Administra\u00e7\u00e3o. Segundo a Gedep, a convoca\u00e7\u00e3o \u00e9 para suprir as vagas dos estagi\u00e1rios que finalizar\u00e3o seus contratos at\u00e9 o m\u00eas de mar\u00e7o do ano corrente.<\/p>\n<p style=\"text-align: justify;\">Dos 74 estagi\u00e1rios convocados, 49 s\u00e3o acad\u00eamicos do curso de Direito, tr\u00eas do curso de Hist\u00f3ria, dois do curso de Log\u00edstica, dois de Pedagogia e 18 do curso de Sistemas de Informa\u00e7\u00e3o.<\/p>\n<p style=\"text-align: justify;\">O est\u00e1gio tem dura\u00e7\u00e3o de um ano, podendo ser estendido por mais um, ou at\u00e9 que o estagi\u00e1rio conclua seu curso superior. A jornada de trabalho \u00e9 de quatro horas di\u00e1rias. O Poder Judici\u00e1rio disponibiliza aos estagi\u00e1rios uma bolsa-aux\u00edlio correspondente ao valor de um sal\u00e1rio m\u00ednimo vigente.<\/p>\n<p style=\"text-align: justify;\">Vale lembrar que, de acordo com o item 1.5 do Edital de Abertura do Certame, \u201cn\u00e3o ser\u00e3o aceitas inscri\u00e7\u00f5es de candidatos que estejam cursando o \u00faltimo ano da faculdade e n\u00e3o possam cumprir, no ato da convoca\u00e7\u00e3o, um ano de est\u00e1gio, bem como daqueles que estejam cursando apenas mat\u00e9rias isoladas\u201d.<\/p>\n<p style=\"text-align: justify;\">Documentos exigidos<\/p>\n<p style=\"text-align: justify;\">CPF e RG (originais)<\/p>\n<p style=\"text-align: justify;\">Declara\u00e7\u00e3o ou Atestado de Frequ\u00eancia da Institui\u00e7\u00e3o de Ensino Superior (atualizada);<\/p>\n<p style=\"text-align: justify;\">Certid\u00e3o Negativa de Antecedentes Criminais, disponibilizada no site www.tjac.jus.br;<\/p>\n<p style=\"text-align: justify;\">Comprovante de resid\u00eancia que tenha CEP da rua (original);<\/p>\n<p style=\"text-align: justify;\">Duas fotos 3X4<\/p>\n<p style=\"text-align: justify;\">N\u00famero da conta e ag\u00eancia banc\u00e1ria;<\/p>\n<p style=\"text-align: justify;\">Aos portadores de necessidades especiais ser\u00e1 necess\u00e1ria a apresenta\u00e7\u00e3o do atestado m\u00e9dico;<\/p>\n<p style=\"text-align: justify;\">Declara\u00e7\u00e3o Pessoal de que n\u00e3o possui outro v\u00ednculo de est\u00e1gio e que disp\u00f5e de hor\u00e1rio compat\u00edvel com o expediente forense.<\/p>\n","protected":false},"excerpt":{"rendered":"<p style=\"text-align: justify;\">Candidatos t\u00eam cinco dias \u00fateis para se apresentar<\/p>\n","protected":false},"author":4,"featured_media":9913,"comment_status":"open","ping_status":"open","sticky":false,"template":"","format":"standard","meta":{"jnews-multi-image_gallery":[],"jnews_single_post":[],"jnews_primary_category":[],"jnews_social_meta":[],"jnews_review":[],"enable_review":"","type":"","name":"","summary":"","brand":"","sku":"","good":[],"bad":[],"score_override":"","override_value":"","rating":[],"price":[],"footnotes":""},"categories":[54],"tags":[],"class_list":["post-20625","post","type-post","status-publish","format-standard","has-post-thumbnail","hentry","category-cotidiano"],"yoast_head":"<!-- This site is optimized with the Yoast SEO plugin v26.5 - https:\/\/yoast.com\/wordpress\/plugins\/seo\/ -->\n<title>TJAC convoca estagi\u00e1rios aprovados em sele\u00e7\u00e3o - Agazeta.net<\/title>\n<meta name=\"robots\" content=\"index, follow, max-snippet:-1, max-image-preview:large, max-video-preview:-1\" \/>\n<link rel=\"canonical\" href=\"https:\/\/nk7-testes.com.br\/agazeta\/tjac-convoca-estagiarios-aprovados-em-selecao\/\" \/>\n<meta property=\"og:locale\" content=\"pt_BR\" \/>\n<meta property=\"og:type\" content=\"article\" \/>\n<meta property=\"og:title\" content=\"TJAC convoca estagi\u00e1rios aprovados em sele\u00e7\u00e3o - Agazeta.net\" \/>\n<meta property=\"og:description\" content=\"Candidatos t\u00eam cinco dias \u00fateis para se apresentar\" \/>\n<meta property=\"og:url\" content=\"https:\/\/nk7-testes.com.br\/agazeta\/tjac-convoca-estagiarios-aprovados-em-selecao\/\" \/>\n<meta property=\"og:site_name\" content=\"Agazeta.net\" \/>\n<meta property=\"article:published_time\" content=\"2016-01-18T22:32:37+00:00\" \/>\n<meta property=\"og:image\" content=\"https:\/\/nk7-testes.com.br\/agazeta\/wp-content\/uploads\/2014\/09\/1209-politica-tj.jpg\" \/>\n\t<meta property=\"og:image:width\" content=\"458\" \/>\n\t<meta property=\"og:image:height\" content=\"340\" \/>\n\t<meta property=\"og:image:type\" content=\"image\/jpeg\" \/>\n<meta name=\"author\" content=\"Agazeta.Net\" \/>\n<meta name=\"twitter:card\" content=\"summary_large_image\" \/>\n<meta name=\"twitter:label1\" content=\"Escrito por\" \/>\n\t<meta name=\"twitter:data1\" content=\"Agazeta.Net\" \/>\n\t<meta name=\"twitter:label2\" content=\"Est. tempo de leitura\" \/>\n\t<meta name=\"twitter:data2\" content=\"2 minutos\" \/>\n<script type=\"application\/ld+json\" class=\"yoast-schema-graph\">{\"@context\":\"https:\/\/schema.org\",\"@graph\":[{\"@type\":\"WebPage\",\"@id\":\"https:\/\/nk7-testes.com.br\/agazeta\/tjac-convoca-estagiarios-aprovados-em-selecao\/\",\"url\":\"https:\/\/nk7-testes.com.br\/agazeta\/tjac-convoca-estagiarios-aprovados-em-selecao\/\",\"name\":\"TJAC convoca estagi\u00e1rios aprovados em sele\u00e7\u00e3o - Agazeta.net\",\"isPartOf\":{\"@id\":\"https:\/\/nk7-testes.com.br\/agazeta\/#website\"},\"primaryImageOfPage\":{\"@id\":\"https:\/\/nk7-testes.com.br\/agazeta\/tjac-convoca-estagiarios-aprovados-em-selecao\/#primaryimage\"},\"image\":{\"@id\":\"https:\/\/nk7-testes.com.br\/agazeta\/tjac-convoca-estagiarios-aprovados-em-selecao\/#primaryimage\"},\"thumbnailUrl\":\"https:\/\/nk7-testes.com.br\/agazeta\/wp-content\/uploads\/2014\/09\/1209-politica-tj.jpg\",\"datePublished\":\"2016-01-18T22:32:37+00:00\",\"author\":{\"@id\":\"https:\/\/nk7-testes.com.br\/agazeta\/#\/schema\/person\/6d6e25cb0435eb4a02fd44d30b4e3020\"},\"breadcrumb\":{\"@id\":\"https:\/\/nk7-testes.com.br\/agazeta\/tjac-convoca-estagiarios-aprovados-em-selecao\/#breadcrumb\"},\"inLanguage\":\"pt-BR\",\"potentialAction\":[{\"@type\":\"ReadAction\",\"target\":[\"https:\/\/nk7-testes.com.br\/agazeta\/tjac-convoca-estagiarios-aprovados-em-selecao\/\"]}]},{\"@type\":\"ImageObject\",\"inLanguage\":\"pt-BR\",\"@id\":\"https:\/\/nk7-testes.com.br\/agazeta\/tjac-convoca-estagiarios-aprovados-em-selecao\/#primaryimage\",\"url\":\"https:\/\/nk7-testes.com.br\/agazeta\/wp-content\/uploads\/2014\/09\/1209-politica-tj.jpg\",\"contentUrl\":\"https:\/\/nk7-testes.com.br\/agazeta\/wp-content\/uploads\/2014\/09\/1209-politica-tj.jpg\",\"width\":458,\"height\":340,\"caption\":\"1209-politica-tj\"},{\"@type\":\"BreadcrumbList\",\"@id\":\"https:\/\/nk7-testes.com.br\/agazeta\/tjac-convoca-estagiarios-aprovados-em-selecao\/#breadcrumb\",\"itemListElement\":[{\"@type\":\"ListItem\",\"position\":1,\"name\":\"In\u00edcio\",\"item\":\"https:\/\/nk7-testes.com.br\/agazeta\/\"},{\"@type\":\"ListItem\",\"position\":2,\"name\":\"TJAC convoca estagi\u00e1rios aprovados em sele\u00e7\u00e3o\"}]},{\"@type\":\"WebSite\",\"@id\":\"https:\/\/nk7-testes.com.br\/agazeta\/#website\",\"url\":\"https:\/\/nk7-testes.com.br\/agazeta\/\",\"name\":\"Agazeta.net\",\"description\":\"Agazeta.net - Not\u00edcias de Rio Branco\/AC\",\"potentialAction\":[{\"@type\":\"SearchAction\",\"target\":{\"@type\":\"EntryPoint\",\"urlTemplate\":\"https:\/\/nk7-testes.com.br\/agazeta\/?s={search_term_string}\"},\"query-input\":{\"@type\":\"PropertyValueSpecification\",\"valueRequired\":true,\"valueName\":\"search_term_string\"}}],\"inLanguage\":\"pt-BR\"},{\"@type\":\"Person\",\"@id\":\"https:\/\/nk7-testes.com.br\/agazeta\/#\/schema\/person\/6d6e25cb0435eb4a02fd44d30b4e3020\",\"name\":\"Agazeta.Net\",\"url\":\"https:\/\/nk7-testes.com.br\/agazeta\/author\/agazeta\/\"}]}<\/script>\n<!-- \/ Yoast SEO plugin. -->","yoast_head_json":{"title":"TJAC convoca estagi\u00e1rios aprovados em sele\u00e7\u00e3o - Agazeta.net","robots":{"index":"index","follow":"follow","max-snippet":"max-snippet:-1","max-image-preview":"max-image-preview:large","max-video-preview":"max-video-preview:-1"},"canonical":"https:\/\/nk7-testes.com.br\/agazeta\/tjac-convoca-estagiarios-aprovados-em-selecao\/","og_locale":"pt_BR","og_type":"article","og_title":"TJAC convoca estagi\u00e1rios aprovados em sele\u00e7\u00e3o - Agazeta.net","og_description":"Candidatos t\u00eam cinco dias \u00fateis para se apresentar","og_url":"https:\/\/nk7-testes.com.br\/agazeta\/tjac-convoca-estagiarios-aprovados-em-selecao\/","og_site_name":"Agazeta.net","article_published_time":"2016-01-18T22:32:37+00:00","og_image":[{"width":458,"height":340,"url":"https:\/\/nk7-testes.com.br\/agazeta\/wp-content\/uploads\/2014\/09\/1209-politica-tj.jpg","type":"image\/jpeg"}],"author":"Agazeta.Net","twitter_card":"summary_large_image","twitter_misc":{"Escrito por":"Agazeta.Net","Est. tempo de leitura":"2 minutos"},"schema":{"@context":"https:\/\/schema.org","@graph":[{"@type":"WebPage","@id":"https:\/\/nk7-testes.com.br\/agazeta\/tjac-convoca-estagiarios-aprovados-em-selecao\/","url":"https:\/\/nk7-testes.com.br\/agazeta\/tjac-convoca-estagiarios-aprovados-em-selecao\/","name":"TJAC convoca estagi\u00e1rios aprovados em sele\u00e7\u00e3o - Agazeta.net","isPartOf":{"@id":"https:\/\/nk7-testes.com.br\/agazeta\/#website"},"primaryImageOfPage":{"@id":"https:\/\/nk7-testes.com.br\/agazeta\/tjac-convoca-estagiarios-aprovados-em-selecao\/#primaryimage"},"image":{"@id":"https:\/\/nk7-testes.com.br\/agazeta\/tjac-convoca-estagiarios-aprovados-em-selecao\/#primaryimage"},"thumbnailUrl":"https:\/\/nk7-testes.com.br\/agazeta\/wp-content\/uploads\/2014\/09\/1209-politica-tj.jpg","datePublished":"2016-01-18T22:32:37+00:00","author":{"@id":"https:\/\/nk7-testes.com.br\/agazeta\/#\/schema\/person\/6d6e25cb0435eb4a02fd44d30b4e3020"},"breadcrumb":{"@id":"https:\/\/nk7-testes.com.br\/agazeta\/tjac-convoca-estagiarios-aprovados-em-selecao\/#breadcrumb"},"inLanguage":"pt-BR","potentialAction":[{"@type":"ReadAction","target":["https:\/\/nk7-testes.com.br\/agazeta\/tjac-convoca-estagiarios-aprovados-em-selecao\/"]}]},{"@type":"ImageObject","inLanguage":"pt-BR","@id":"https:\/\/nk7-testes.com.br\/agazeta\/tjac-convoca-estagiarios-aprovados-em-selecao\/#primaryimage","url":"https:\/\/nk7-testes.com.br\/agazeta\/wp-content\/uploads\/2014\/09\/1209-politica-tj.jpg","contentUrl":"https:\/\/nk7-testes.com.br\/agazeta\/wp-content\/uploads\/2014\/09\/1209-politica-tj.jpg","width":458,"height":340,"caption":"1209-politica-tj"},{"@type":"BreadcrumbList","@id":"https:\/\/nk7-testes.com.br\/agazeta\/tjac-convoca-estagiarios-aprovados-em-selecao\/#breadcrumb","itemListElement":[{"@type":"ListItem","position":1,"name":"In\u00edcio","item":"https:\/\/nk7-testes.com.br\/agazeta\/"},{"@type":"ListItem","position":2,"name":"TJAC convoca estagi\u00e1rios aprovados em sele\u00e7\u00e3o"}]},{"@type":"WebSite","@id":"https:\/\/nk7-testes.com.br\/agazeta\/#website","url":"https:\/\/nk7-testes.com.br\/agazeta\/","name":"Agazeta.net","description":"Agazeta.net - Not\u00edcias de Rio Branco\/AC","potentialAction":[{"@type":"SearchAction","target":{"@type":"EntryPoint","urlTemplate":"https:\/\/nk7-testes.com.br\/agazeta\/?s={search_term_string}"},"query-input":{"@type":"PropertyValueSpecification","valueRequired":true,"valueName":"search_term_string"}}],"inLanguage":"pt-BR"},{"@type":"Person","@id":"https:\/\/nk7-testes.com.br\/agazeta\/#\/schema\/person\/6d6e25cb0435eb4a02fd44d30b4e3020","name":"Agazeta.Net","url":"https:\/\/nk7-testes.com.br\/agazeta\/author\/agazeta\/"}]}},"_links":{"self":[{"href":"https:\/\/nk7-testes.com.br\/agazeta\/wp-json\/wp\/v2\/posts\/20625","targetHints":{"allow":["GET"]}}],"collection":[{"href":"https:\/\/nk7-testes.com.br\/agazeta\/wp-json\/wp\/v2\/posts"}],"about":[{"href":"https:\/\/nk7-testes.com.br\/agazeta\/wp-json\/wp\/v2\/types\/post"}],"author":[{"embeddable":true,"href":"https:\/\/nk7-testes.com.br\/agazeta\/wp-json\/wp\/v2\/users\/4"}],"replies":[{"embeddable":true,"href":"https:\/\/nk7-testes.com.br\/agazeta\/wp-json\/wp\/v2\/comments?post=20625"}],"version-history":[{"count":0,"href":"https:\/\/nk7-testes.com.br\/agazeta\/wp-json\/wp\/v2\/posts\/20625\/revisions"}],"wp:featuredmedia":[{"embeddable":true,"href":"https:\/\/nk7-testes.com.br\/agazeta\/wp-json\/wp\/v2\/media\/9913"}],"wp:attachment":[{"href":"https:\/\/nk7-testes.com.br\/agazeta\/wp-json\/wp\/v2\/media?parent=20625"}],"wp:term":[{"taxonomy":"category","embeddable":true,"href":"https:\/\/nk7-testes.com.br\/agazeta\/wp-json\/wp\/v2\/categories?post=20625"},{"taxonomy":"post_tag","embeddable":true,"href":"https:\/\/nk7-testes.com.br\/agazeta\/wp-json\/wp\/v2\/tags?post=20625"}],"curies":[{"name":"wp","href":"https:\/\/api.w.org\/{rel}","templated":true}]}}