{"id":20556,"date":"2016-01-13T18:47:28","date_gmt":"2016-01-13T18:47:28","guid":{"rendered":"https:\/\/abarevegan.com.br\/index.php\/2016\/01\/13\/record-conhece-seu-jose-ha-3-anos\/"},"modified":"2016-01-13T18:47:28","modified_gmt":"2016-01-13T18:47:28","slug":"record-conhece-seu-jose-ha-3-anos","status":"publish","type":"post","link":"https:\/\/nk7-testes.com.br\/agazeta\/record-conhece-seu-jose-ha-3-anos\/","title":{"rendered":"Record conhece \u201cSeu Jos\u00e9\u201d h\u00e1 3 anos"},"content":{"rendered":"<p style=\"text-align: justify;\">Reportagem da Record descobriu personagem<\/p>\n<p style=\"text-align: justify;\">H\u00e1 tr\u00eas anos o C\u00e2mera Record esteve no Acre para conhecer a hist\u00f3ria do homem mais velho do mudo. O cearense Jos\u00e9 Coelho da Silva, hoje com 131 anos, veio para o estado com apenas 11 anos e mora em Sena Madureira no interior do Estado.<\/p>\n<p style=\"text-align: justify;\">A equipe da Record ficou sabendo da hist\u00f3ria do \u201cSeu Jos\u00e9\u201d, por meio da TV Gazeta, afiliada da Rede Record. Na ocasi\u00e3o, ele estava l\u00facido e conversou com a rep\u00f3rter Let\u00edcia Gil.<\/p>\n<p style=\"text-align: justify;\">Jos\u00e9 Coelho da Silva \u00e9 casado com uma mulher quase 70 anos mais nova. Ao saber que \u201cSeu Jos\u00e9\u201d tinha uma filha com 27 anos, na ocasi\u00e3o, ele refor\u00e7ou, brincando. \u201cEu namoro muito\u201d.<\/p>\n<p style=\"text-align: justify;\">A equipe da Record trouxe um perito para comprovar a autenticidade da documenta\u00e7\u00e3o de Jos\u00e9. Ap\u00f3s tr\u00eas anos, o rep\u00f3rter Jardel Angelim vai retornar ao munic\u00edpio e vai nos mostrar como o senhor Jos\u00e9 est\u00e1 atualmente.<\/p>\n<p style=\"text-align: justify;\">Acesse o link da mat\u00e9ria do C\u00e2mera Record:<\/p>\n<p style=\"text-align: justify;\"><a href=\"https:\/\/www.youtube.com\/watch?v=6i_Cfyzv0us\">https:\/\/www.youtube.com\/watch?v=6i_Cfyzv0us<\/a><\/p>\n","protected":false},"excerpt":{"rendered":"<p style=\"text-align: justify;\">Reportagem da Record descobriu personagem<\/p>\n","protected":false},"author":4,"featured_media":20555,"comment_status":"open","ping_status":"open","sticky":false,"template":"","format":"standard","meta":{"jnews-multi-image_gallery":[],"jnews_single_post":[],"jnews_primary_category":[],"jnews_social_meta":[],"jnews_review":[],"enable_review":"","type":"","name":"","summary":"","brand":"","sku":"","good":[],"bad":[],"score_override":"","override_value":"","rating":[],"price":[],"footnotes":""},"categories":[54],"tags":[],"class_list":["post-20556","post","type-post","status-publish","format-standard","has-post-thumbnail","hentry","category-cotidiano"],"yoast_head":"<!-- This site is optimized with the Yoast SEO plugin v26.5 - https:\/\/yoast.com\/wordpress\/plugins\/seo\/ -->\n<title>Record conhece \u201cSeu Jos\u00e9\u201d h\u00e1 3 anos - Agazeta.net<\/title>\n<meta name=\"robots\" content=\"index, follow, max-snippet:-1, max-image-preview:large, max-video-preview:-1\" \/>\n<link rel=\"canonical\" href=\"https:\/\/nk7-testes.com.br\/agazeta\/record-conhece-seu-jose-ha-3-anos\/\" \/>\n<meta property=\"og:locale\" content=\"pt_BR\" \/>\n<meta property=\"og:type\" content=\"article\" \/>\n<meta property=\"og:title\" content=\"Record conhece \u201cSeu Jos\u00e9\u201d h\u00e1 3 anos - Agazeta.net\" \/>\n<meta property=\"og:description\" content=\"Reportagem da Record descobriu personagem\" \/>\n<meta property=\"og:url\" content=\"https:\/\/nk7-testes.com.br\/agazeta\/record-conhece-seu-jose-ha-3-anos\/\" \/>\n<meta property=\"og:site_name\" content=\"Agazeta.net\" \/>\n<meta property=\"article:published_time\" content=\"2016-01-13T18:47:28+00:00\" \/>\n<meta property=\"og:image\" content=\"https:\/\/nk7-testes.com.br\/agazeta\/wp-content\/uploads\/2016\/01\/130116-cotidiano-seujose-camerarecord.jpg\" \/>\n\t<meta property=\"og:image:width\" content=\"458\" \/>\n\t<meta property=\"og:image:height\" content=\"340\" \/>\n\t<meta property=\"og:image:type\" content=\"image\/jpeg\" \/>\n<meta name=\"author\" content=\"Agazeta.Net\" \/>\n<meta name=\"twitter:card\" content=\"summary_large_image\" \/>\n<meta name=\"twitter:label1\" content=\"Escrito por\" \/>\n\t<meta name=\"twitter:data1\" content=\"Agazeta.Net\" \/>\n\t<meta name=\"twitter:label2\" content=\"Est. tempo de leitura\" \/>\n\t<meta name=\"twitter:data2\" content=\"1 minuto\" \/>\n<script type=\"application\/ld+json\" class=\"yoast-schema-graph\">{\"@context\":\"https:\/\/schema.org\",\"@graph\":[{\"@type\":\"WebPage\",\"@id\":\"https:\/\/nk7-testes.com.br\/agazeta\/record-conhece-seu-jose-ha-3-anos\/\",\"url\":\"https:\/\/nk7-testes.com.br\/agazeta\/record-conhece-seu-jose-ha-3-anos\/\",\"name\":\"Record conhece \u201cSeu Jos\u00e9\u201d h\u00e1 3 anos - Agazeta.net\",\"isPartOf\":{\"@id\":\"https:\/\/nk7-testes.com.br\/agazeta\/#website\"},\"primaryImageOfPage\":{\"@id\":\"https:\/\/nk7-testes.com.br\/agazeta\/record-conhece-seu-jose-ha-3-anos\/#primaryimage\"},\"image\":{\"@id\":\"https:\/\/nk7-testes.com.br\/agazeta\/record-conhece-seu-jose-ha-3-anos\/#primaryimage\"},\"thumbnailUrl\":\"https:\/\/nk7-testes.com.br\/agazeta\/wp-content\/uploads\/2016\/01\/130116-cotidiano-seujose-camerarecord.jpg\",\"datePublished\":\"2016-01-13T18:47:28+00:00\",\"author\":{\"@id\":\"https:\/\/nk7-testes.com.br\/agazeta\/#\/schema\/person\/6d6e25cb0435eb4a02fd44d30b4e3020\"},\"breadcrumb\":{\"@id\":\"https:\/\/nk7-testes.com.br\/agazeta\/record-conhece-seu-jose-ha-3-anos\/#breadcrumb\"},\"inLanguage\":\"pt-BR\",\"potentialAction\":[{\"@type\":\"ReadAction\",\"target\":[\"https:\/\/nk7-testes.com.br\/agazeta\/record-conhece-seu-jose-ha-3-anos\/\"]}]},{\"@type\":\"ImageObject\",\"inLanguage\":\"pt-BR\",\"@id\":\"https:\/\/nk7-testes.com.br\/agazeta\/record-conhece-seu-jose-ha-3-anos\/#primaryimage\",\"url\":\"https:\/\/nk7-testes.com.br\/agazeta\/wp-content\/uploads\/2016\/01\/130116-cotidiano-seujose-camerarecord.jpg\",\"contentUrl\":\"https:\/\/nk7-testes.com.br\/agazeta\/wp-content\/uploads\/2016\/01\/130116-cotidiano-seujose-camerarecord.jpg\",\"width\":458,\"height\":340,\"caption\":\"130116-cotidiano-seujose-camerarecord\"},{\"@type\":\"BreadcrumbList\",\"@id\":\"https:\/\/nk7-testes.com.br\/agazeta\/record-conhece-seu-jose-ha-3-anos\/#breadcrumb\",\"itemListElement\":[{\"@type\":\"ListItem\",\"position\":1,\"name\":\"In\u00edcio\",\"item\":\"https:\/\/nk7-testes.com.br\/agazeta\/\"},{\"@type\":\"ListItem\",\"position\":2,\"name\":\"Record conhece \u201cSeu Jos\u00e9\u201d h\u00e1 3 anos\"}]},{\"@type\":\"WebSite\",\"@id\":\"https:\/\/nk7-testes.com.br\/agazeta\/#website\",\"url\":\"https:\/\/nk7-testes.com.br\/agazeta\/\",\"name\":\"Agazeta.net\",\"description\":\"Agazeta.net - Not\u00edcias de Rio Branco\/AC\",\"potentialAction\":[{\"@type\":\"SearchAction\",\"target\":{\"@type\":\"EntryPoint\",\"urlTemplate\":\"https:\/\/nk7-testes.com.br\/agazeta\/?s={search_term_string}\"},\"query-input\":{\"@type\":\"PropertyValueSpecification\",\"valueRequired\":true,\"valueName\":\"search_term_string\"}}],\"inLanguage\":\"pt-BR\"},{\"@type\":\"Person\",\"@id\":\"https:\/\/nk7-testes.com.br\/agazeta\/#\/schema\/person\/6d6e25cb0435eb4a02fd44d30b4e3020\",\"name\":\"Agazeta.Net\",\"url\":\"https:\/\/nk7-testes.com.br\/agazeta\/author\/agazeta\/\"}]}<\/script>\n<!-- \/ Yoast SEO plugin. -->","yoast_head_json":{"title":"Record conhece \u201cSeu Jos\u00e9\u201d h\u00e1 3 anos - Agazeta.net","robots":{"index":"index","follow":"follow","max-snippet":"max-snippet:-1","max-image-preview":"max-image-preview:large","max-video-preview":"max-video-preview:-1"},"canonical":"https:\/\/nk7-testes.com.br\/agazeta\/record-conhece-seu-jose-ha-3-anos\/","og_locale":"pt_BR","og_type":"article","og_title":"Record conhece \u201cSeu Jos\u00e9\u201d h\u00e1 3 anos - Agazeta.net","og_description":"Reportagem da Record descobriu personagem","og_url":"https:\/\/nk7-testes.com.br\/agazeta\/record-conhece-seu-jose-ha-3-anos\/","og_site_name":"Agazeta.net","article_published_time":"2016-01-13T18:47:28+00:00","og_image":[{"width":458,"height":340,"url":"https:\/\/nk7-testes.com.br\/agazeta\/wp-content\/uploads\/2016\/01\/130116-cotidiano-seujose-camerarecord.jpg","type":"image\/jpeg"}],"author":"Agazeta.Net","twitter_card":"summary_large_image","twitter_misc":{"Escrito por":"Agazeta.Net","Est. tempo de leitura":"1 minuto"},"schema":{"@context":"https:\/\/schema.org","@graph":[{"@type":"WebPage","@id":"https:\/\/nk7-testes.com.br\/agazeta\/record-conhece-seu-jose-ha-3-anos\/","url":"https:\/\/nk7-testes.com.br\/agazeta\/record-conhece-seu-jose-ha-3-anos\/","name":"Record conhece \u201cSeu Jos\u00e9\u201d h\u00e1 3 anos - Agazeta.net","isPartOf":{"@id":"https:\/\/nk7-testes.com.br\/agazeta\/#website"},"primaryImageOfPage":{"@id":"https:\/\/nk7-testes.com.br\/agazeta\/record-conhece-seu-jose-ha-3-anos\/#primaryimage"},"image":{"@id":"https:\/\/nk7-testes.com.br\/agazeta\/record-conhece-seu-jose-ha-3-anos\/#primaryimage"},"thumbnailUrl":"https:\/\/nk7-testes.com.br\/agazeta\/wp-content\/uploads\/2016\/01\/130116-cotidiano-seujose-camerarecord.jpg","datePublished":"2016-01-13T18:47:28+00:00","author":{"@id":"https:\/\/nk7-testes.com.br\/agazeta\/#\/schema\/person\/6d6e25cb0435eb4a02fd44d30b4e3020"},"breadcrumb":{"@id":"https:\/\/nk7-testes.com.br\/agazeta\/record-conhece-seu-jose-ha-3-anos\/#breadcrumb"},"inLanguage":"pt-BR","potentialAction":[{"@type":"ReadAction","target":["https:\/\/nk7-testes.com.br\/agazeta\/record-conhece-seu-jose-ha-3-anos\/"]}]},{"@type":"ImageObject","inLanguage":"pt-BR","@id":"https:\/\/nk7-testes.com.br\/agazeta\/record-conhece-seu-jose-ha-3-anos\/#primaryimage","url":"https:\/\/nk7-testes.com.br\/agazeta\/wp-content\/uploads\/2016\/01\/130116-cotidiano-seujose-camerarecord.jpg","contentUrl":"https:\/\/nk7-testes.com.br\/agazeta\/wp-content\/uploads\/2016\/01\/130116-cotidiano-seujose-camerarecord.jpg","width":458,"height":340,"caption":"130116-cotidiano-seujose-camerarecord"},{"@type":"BreadcrumbList","@id":"https:\/\/nk7-testes.com.br\/agazeta\/record-conhece-seu-jose-ha-3-anos\/#breadcrumb","itemListElement":[{"@type":"ListItem","position":1,"name":"In\u00edcio","item":"https:\/\/nk7-testes.com.br\/agazeta\/"},{"@type":"ListItem","position":2,"name":"Record conhece \u201cSeu Jos\u00e9\u201d h\u00e1 3 anos"}]},{"@type":"WebSite","@id":"https:\/\/nk7-testes.com.br\/agazeta\/#website","url":"https:\/\/nk7-testes.com.br\/agazeta\/","name":"Agazeta.net","description":"Agazeta.net - Not\u00edcias de Rio Branco\/AC","potentialAction":[{"@type":"SearchAction","target":{"@type":"EntryPoint","urlTemplate":"https:\/\/nk7-testes.com.br\/agazeta\/?s={search_term_string}"},"query-input":{"@type":"PropertyValueSpecification","valueRequired":true,"valueName":"search_term_string"}}],"inLanguage":"pt-BR"},{"@type":"Person","@id":"https:\/\/nk7-testes.com.br\/agazeta\/#\/schema\/person\/6d6e25cb0435eb4a02fd44d30b4e3020","name":"Agazeta.Net","url":"https:\/\/nk7-testes.com.br\/agazeta\/author\/agazeta\/"}]}},"_links":{"self":[{"href":"https:\/\/nk7-testes.com.br\/agazeta\/wp-json\/wp\/v2\/posts\/20556","targetHints":{"allow":["GET"]}}],"collection":[{"href":"https:\/\/nk7-testes.com.br\/agazeta\/wp-json\/wp\/v2\/posts"}],"about":[{"href":"https:\/\/nk7-testes.com.br\/agazeta\/wp-json\/wp\/v2\/types\/post"}],"author":[{"embeddable":true,"href":"https:\/\/nk7-testes.com.br\/agazeta\/wp-json\/wp\/v2\/users\/4"}],"replies":[{"embeddable":true,"href":"https:\/\/nk7-testes.com.br\/agazeta\/wp-json\/wp\/v2\/comments?post=20556"}],"version-history":[{"count":0,"href":"https:\/\/nk7-testes.com.br\/agazeta\/wp-json\/wp\/v2\/posts\/20556\/revisions"}],"wp:featuredmedia":[{"embeddable":true,"href":"https:\/\/nk7-testes.com.br\/agazeta\/wp-json\/wp\/v2\/media\/20555"}],"wp:attachment":[{"href":"https:\/\/nk7-testes.com.br\/agazeta\/wp-json\/wp\/v2\/media?parent=20556"}],"wp:term":[{"taxonomy":"category","embeddable":true,"href":"https:\/\/nk7-testes.com.br\/agazeta\/wp-json\/wp\/v2\/categories?post=20556"},{"taxonomy":"post_tag","embeddable":true,"href":"https:\/\/nk7-testes.com.br\/agazeta\/wp-json\/wp\/v2\/tags?post=20556"}],"curies":[{"name":"wp","href":"https:\/\/api.w.org\/{rel}","templated":true}]}}