{"id":20529,"date":"2016-01-12T00:15:11","date_gmt":"2016-01-12T00:15:11","guid":{"rendered":"https:\/\/abarevegan.com.br\/index.php\/2016\/01\/12\/familia-denuncia-descaso-na-maternidade\/"},"modified":"2016-01-12T00:15:11","modified_gmt":"2016-01-12T00:15:11","slug":"familia-denuncia-descaso-na-maternidade","status":"publish","type":"post","link":"https:\/\/nk7-testes.com.br\/agazeta\/familia-denuncia-descaso-na-maternidade\/","title":{"rendered":"Fam\u00edlia denuncia descaso na Maternidade"},"content":{"rendered":"<p style=\"text-align: justify;\">Dire\u00e7\u00e3o explica problemas com incubadoras<\/p>\n<p style=\"text-align: justify;\">A senhora Maria Socorro Almeida, m\u00e3e de Maria Ant\u00f4nia (22), que est\u00e1 gr\u00e1vida de 7 meses de g\u00eameos, reclama que a filha, internada na Maternidade Barbara Heliodora, n\u00e3o tem recebido o atendimento adequado.<\/p>\n<p style=\"text-align: justify;\">H\u00e1 pouco mais de uma semana na maternidade, Maria conta que a sa\u00fade da filha tem piorado. Ela tem sentido muita dor e a press\u00e3o est\u00e1 elevada. \u201cA situa\u00e7\u00e3o dela \u00e9 muito complicada, a gente j\u00e1 veio de Brasileia porque a m\u00e9dica disse que ela estava com pr\u00e9-ecl\u00e2mpsia e deveria fazer a cirurgia urgente\u201d.<\/p>\n<p style=\"text-align: justify;\">Apesar das fortes dores sentidas por Maria Ant\u00f4nia, Maria Socorro contou a nossa equipe que os m\u00e9dicos alegaram falta de vaga na UTI para realizar o parto. \u201cEla n\u00e3o consegue nem se levantar pra ir ao banheiro tomar banho, reclama de muita dor. E a cada dia um m\u00e9dico diz uma coisa, que n\u00e3o vai fazer a cirurgia porque n\u00e3o tem vaga na UTI, nem a incubadora. E eu estou vendo a hora minha filha morrer\u201d.<\/p>\n<p style=\"text-align: justify;\">Em conversa com o Diretor T\u00e9cnico da Maternidade, Everton Santiago, negou que faltassem vagas na UTI e explicou a motiva\u00e7\u00e3o para adiar a cirurgia de Maria Ant\u00f4nia. \u201cNo caso da paciente, ela est\u00e1 internada e est\u00e1 em tratamento. Ela tem uma gesta\u00e7\u00e3o gemelar [de g\u00eameos] e s\u00e3o fetos prematuros e ainda n\u00e3o est\u00e3o preparados para nascer. Ela est\u00e1 sendo medicada e sendo bem conduzida\u201d.<\/p>\n<p style=\"text-align: justify;\">Santiago disse ainda que caso as crian\u00e7as sejam retiradas, ou seja, a cirurgia seja realizada, os beb\u00eas podem n\u00e3o resistir. \u201cO \u00fanico problema \u00e9 que estamos frente a duas crian\u00e7as prematuras, que sendo retiradas nesse momento elas provavelmente precisariam de um suporte de UTI. \u00c9 arriscado e eles podem ir a \u00f3bito. Como a m\u00e3e est\u00e1 com quadro est\u00e1vel, optamos por deixar os beb\u00eas no \u00fatero da m\u00e3e para as crian\u00e7as ganharem peso e ter uma melhor maturidade pulmonar\u201d.<\/p>\n","protected":false},"excerpt":{"rendered":"<p style=\"text-align: justify;\">Dire\u00e7\u00e3o explica problemas com incubadoras<\/p>\n","protected":false},"author":4,"featured_media":20528,"comment_status":"open","ping_status":"open","sticky":false,"template":"","format":"standard","meta":{"jnews-multi-image_gallery":[],"jnews_single_post":[],"jnews_primary_category":[],"jnews_social_meta":[],"jnews_review":[],"enable_review":"","type":"","name":"","summary":"","brand":"","sku":"","good":[],"bad":[],"score_override":"","override_value":"","rating":[],"price":[],"footnotes":""},"categories":[54],"tags":[],"class_list":["post-20529","post","type-post","status-publish","format-standard","has-post-thumbnail","hentry","category-cotidiano"],"yoast_head":"<!-- This site is optimized with the Yoast SEO plugin v26.5 - https:\/\/yoast.com\/wordpress\/plugins\/seo\/ -->\n<title>Fam\u00edlia denuncia descaso na Maternidade - Agazeta.net<\/title>\n<meta name=\"robots\" content=\"index, follow, max-snippet:-1, max-image-preview:large, max-video-preview:-1\" \/>\n<link rel=\"canonical\" href=\"https:\/\/nk7-testes.com.br\/agazeta\/familia-denuncia-descaso-na-maternidade\/\" \/>\n<meta property=\"og:locale\" content=\"pt_BR\" \/>\n<meta property=\"og:type\" content=\"article\" \/>\n<meta property=\"og:title\" content=\"Fam\u00edlia denuncia descaso na Maternidade - Agazeta.net\" \/>\n<meta property=\"og:description\" content=\"Dire\u00e7\u00e3o explica problemas com incubadoras\" \/>\n<meta property=\"og:url\" content=\"https:\/\/nk7-testes.com.br\/agazeta\/familia-denuncia-descaso-na-maternidade\/\" \/>\n<meta property=\"og:site_name\" content=\"Agazeta.net\" \/>\n<meta property=\"article:published_time\" content=\"2016-01-12T00:15:11+00:00\" \/>\n<meta property=\"og:image\" content=\"https:\/\/nk7-testes.com.br\/agazeta\/wp-content\/uploads\/2016\/01\/110116-cotidiano-maternidade-tvgazeta.jpg\" \/>\n\t<meta property=\"og:image:width\" content=\"454\" \/>\n\t<meta property=\"og:image:height\" content=\"340\" \/>\n\t<meta property=\"og:image:type\" content=\"image\/jpeg\" \/>\n<meta name=\"author\" content=\"Agazeta.Net\" \/>\n<meta name=\"twitter:card\" content=\"summary_large_image\" \/>\n<meta name=\"twitter:label1\" content=\"Escrito por\" \/>\n\t<meta name=\"twitter:data1\" content=\"Agazeta.Net\" \/>\n\t<meta name=\"twitter:label2\" content=\"Est. tempo de leitura\" \/>\n\t<meta name=\"twitter:data2\" content=\"2 minutos\" \/>\n<script type=\"application\/ld+json\" class=\"yoast-schema-graph\">{\"@context\":\"https:\/\/schema.org\",\"@graph\":[{\"@type\":\"WebPage\",\"@id\":\"https:\/\/nk7-testes.com.br\/agazeta\/familia-denuncia-descaso-na-maternidade\/\",\"url\":\"https:\/\/nk7-testes.com.br\/agazeta\/familia-denuncia-descaso-na-maternidade\/\",\"name\":\"Fam\u00edlia denuncia descaso na Maternidade - Agazeta.net\",\"isPartOf\":{\"@id\":\"https:\/\/nk7-testes.com.br\/agazeta\/#website\"},\"primaryImageOfPage\":{\"@id\":\"https:\/\/nk7-testes.com.br\/agazeta\/familia-denuncia-descaso-na-maternidade\/#primaryimage\"},\"image\":{\"@id\":\"https:\/\/nk7-testes.com.br\/agazeta\/familia-denuncia-descaso-na-maternidade\/#primaryimage\"},\"thumbnailUrl\":\"https:\/\/nk7-testes.com.br\/agazeta\/wp-content\/uploads\/2016\/01\/110116-cotidiano-maternidade-tvgazeta.jpg\",\"datePublished\":\"2016-01-12T00:15:11+00:00\",\"author\":{\"@id\":\"https:\/\/nk7-testes.com.br\/agazeta\/#\/schema\/person\/ff6b39d54d6973bfc57f4140f659b23f\"},\"breadcrumb\":{\"@id\":\"https:\/\/nk7-testes.com.br\/agazeta\/familia-denuncia-descaso-na-maternidade\/#breadcrumb\"},\"inLanguage\":\"pt-BR\",\"potentialAction\":[{\"@type\":\"ReadAction\",\"target\":[\"https:\/\/nk7-testes.com.br\/agazeta\/familia-denuncia-descaso-na-maternidade\/\"]}]},{\"@type\":\"ImageObject\",\"inLanguage\":\"pt-BR\",\"@id\":\"https:\/\/nk7-testes.com.br\/agazeta\/familia-denuncia-descaso-na-maternidade\/#primaryimage\",\"url\":\"https:\/\/nk7-testes.com.br\/agazeta\/wp-content\/uploads\/2016\/01\/110116-cotidiano-maternidade-tvgazeta.jpg\",\"contentUrl\":\"https:\/\/nk7-testes.com.br\/agazeta\/wp-content\/uploads\/2016\/01\/110116-cotidiano-maternidade-tvgazeta.jpg\",\"width\":454,\"height\":340,\"caption\":\"110116-cotidiano-maternidade-tvgazeta\"},{\"@type\":\"BreadcrumbList\",\"@id\":\"https:\/\/nk7-testes.com.br\/agazeta\/familia-denuncia-descaso-na-maternidade\/#breadcrumb\",\"itemListElement\":[{\"@type\":\"ListItem\",\"position\":1,\"name\":\"In\u00edcio\",\"item\":\"https:\/\/nk7-testes.com.br\/agazeta\/\"},{\"@type\":\"ListItem\",\"position\":2,\"name\":\"Fam\u00edlia denuncia descaso na Maternidade\"}]},{\"@type\":\"WebSite\",\"@id\":\"https:\/\/nk7-testes.com.br\/agazeta\/#website\",\"url\":\"https:\/\/nk7-testes.com.br\/agazeta\/\",\"name\":\"Agazeta.net\",\"description\":\"Agazeta.net - Not\u00edcias de Rio Branco\/AC\",\"potentialAction\":[{\"@type\":\"SearchAction\",\"target\":{\"@type\":\"EntryPoint\",\"urlTemplate\":\"https:\/\/nk7-testes.com.br\/agazeta\/?s={search_term_string}\"},\"query-input\":{\"@type\":\"PropertyValueSpecification\",\"valueRequired\":true,\"valueName\":\"search_term_string\"}}],\"inLanguage\":\"pt-BR\"},{\"@type\":\"Person\",\"@id\":\"https:\/\/nk7-testes.com.br\/agazeta\/#\/schema\/person\/ff6b39d54d6973bfc57f4140f659b23f\",\"name\":\"Agazeta.Net\",\"url\":\"https:\/\/nk7-testes.com.br\/agazeta\/author\/agazeta\/\"}]}<\/script>\n<!-- \/ Yoast SEO plugin. -->","yoast_head_json":{"title":"Fam\u00edlia denuncia descaso na Maternidade - Agazeta.net","robots":{"index":"index","follow":"follow","max-snippet":"max-snippet:-1","max-image-preview":"max-image-preview:large","max-video-preview":"max-video-preview:-1"},"canonical":"https:\/\/nk7-testes.com.br\/agazeta\/familia-denuncia-descaso-na-maternidade\/","og_locale":"pt_BR","og_type":"article","og_title":"Fam\u00edlia denuncia descaso na Maternidade - Agazeta.net","og_description":"Dire\u00e7\u00e3o explica problemas com incubadoras","og_url":"https:\/\/nk7-testes.com.br\/agazeta\/familia-denuncia-descaso-na-maternidade\/","og_site_name":"Agazeta.net","article_published_time":"2016-01-12T00:15:11+00:00","og_image":[{"width":454,"height":340,"url":"https:\/\/nk7-testes.com.br\/agazeta\/wp-content\/uploads\/2016\/01\/110116-cotidiano-maternidade-tvgazeta.jpg","type":"image\/jpeg"}],"author":"Agazeta.Net","twitter_card":"summary_large_image","twitter_misc":{"Escrito por":"Agazeta.Net","Est. tempo de leitura":"2 minutos"},"schema":{"@context":"https:\/\/schema.org","@graph":[{"@type":"WebPage","@id":"https:\/\/nk7-testes.com.br\/agazeta\/familia-denuncia-descaso-na-maternidade\/","url":"https:\/\/nk7-testes.com.br\/agazeta\/familia-denuncia-descaso-na-maternidade\/","name":"Fam\u00edlia denuncia descaso na Maternidade - Agazeta.net","isPartOf":{"@id":"https:\/\/nk7-testes.com.br\/agazeta\/#website"},"primaryImageOfPage":{"@id":"https:\/\/nk7-testes.com.br\/agazeta\/familia-denuncia-descaso-na-maternidade\/#primaryimage"},"image":{"@id":"https:\/\/nk7-testes.com.br\/agazeta\/familia-denuncia-descaso-na-maternidade\/#primaryimage"},"thumbnailUrl":"https:\/\/nk7-testes.com.br\/agazeta\/wp-content\/uploads\/2016\/01\/110116-cotidiano-maternidade-tvgazeta.jpg","datePublished":"2016-01-12T00:15:11+00:00","author":{"@id":"https:\/\/nk7-testes.com.br\/agazeta\/#\/schema\/person\/ff6b39d54d6973bfc57f4140f659b23f"},"breadcrumb":{"@id":"https:\/\/nk7-testes.com.br\/agazeta\/familia-denuncia-descaso-na-maternidade\/#breadcrumb"},"inLanguage":"pt-BR","potentialAction":[{"@type":"ReadAction","target":["https:\/\/nk7-testes.com.br\/agazeta\/familia-denuncia-descaso-na-maternidade\/"]}]},{"@type":"ImageObject","inLanguage":"pt-BR","@id":"https:\/\/nk7-testes.com.br\/agazeta\/familia-denuncia-descaso-na-maternidade\/#primaryimage","url":"https:\/\/nk7-testes.com.br\/agazeta\/wp-content\/uploads\/2016\/01\/110116-cotidiano-maternidade-tvgazeta.jpg","contentUrl":"https:\/\/nk7-testes.com.br\/agazeta\/wp-content\/uploads\/2016\/01\/110116-cotidiano-maternidade-tvgazeta.jpg","width":454,"height":340,"caption":"110116-cotidiano-maternidade-tvgazeta"},{"@type":"BreadcrumbList","@id":"https:\/\/nk7-testes.com.br\/agazeta\/familia-denuncia-descaso-na-maternidade\/#breadcrumb","itemListElement":[{"@type":"ListItem","position":1,"name":"In\u00edcio","item":"https:\/\/nk7-testes.com.br\/agazeta\/"},{"@type":"ListItem","position":2,"name":"Fam\u00edlia denuncia descaso na Maternidade"}]},{"@type":"WebSite","@id":"https:\/\/nk7-testes.com.br\/agazeta\/#website","url":"https:\/\/nk7-testes.com.br\/agazeta\/","name":"Agazeta.net","description":"Agazeta.net - Not\u00edcias de Rio Branco\/AC","potentialAction":[{"@type":"SearchAction","target":{"@type":"EntryPoint","urlTemplate":"https:\/\/nk7-testes.com.br\/agazeta\/?s={search_term_string}"},"query-input":{"@type":"PropertyValueSpecification","valueRequired":true,"valueName":"search_term_string"}}],"inLanguage":"pt-BR"},{"@type":"Person","@id":"https:\/\/nk7-testes.com.br\/agazeta\/#\/schema\/person\/ff6b39d54d6973bfc57f4140f659b23f","name":"Agazeta.Net","url":"https:\/\/nk7-testes.com.br\/agazeta\/author\/agazeta\/"}]}},"_links":{"self":[{"href":"https:\/\/nk7-testes.com.br\/agazeta\/wp-json\/wp\/v2\/posts\/20529","targetHints":{"allow":["GET"]}}],"collection":[{"href":"https:\/\/nk7-testes.com.br\/agazeta\/wp-json\/wp\/v2\/posts"}],"about":[{"href":"https:\/\/nk7-testes.com.br\/agazeta\/wp-json\/wp\/v2\/types\/post"}],"author":[{"embeddable":true,"href":"https:\/\/nk7-testes.com.br\/agazeta\/wp-json\/wp\/v2\/users\/4"}],"replies":[{"embeddable":true,"href":"https:\/\/nk7-testes.com.br\/agazeta\/wp-json\/wp\/v2\/comments?post=20529"}],"version-history":[{"count":0,"href":"https:\/\/nk7-testes.com.br\/agazeta\/wp-json\/wp\/v2\/posts\/20529\/revisions"}],"wp:featuredmedia":[{"embeddable":true,"href":"https:\/\/nk7-testes.com.br\/agazeta\/wp-json\/wp\/v2\/media\/20528"}],"wp:attachment":[{"href":"https:\/\/nk7-testes.com.br\/agazeta\/wp-json\/wp\/v2\/media?parent=20529"}],"wp:term":[{"taxonomy":"category","embeddable":true,"href":"https:\/\/nk7-testes.com.br\/agazeta\/wp-json\/wp\/v2\/categories?post=20529"},{"taxonomy":"post_tag","embeddable":true,"href":"https:\/\/nk7-testes.com.br\/agazeta\/wp-json\/wp\/v2\/tags?post=20529"}],"curies":[{"name":"wp","href":"https:\/\/api.w.org\/{rel}","templated":true}]}}