{"id":20527,"date":"2016-01-11T23:08:45","date_gmt":"2016-01-11T23:08:45","guid":{"rendered":"https:\/\/abarevegan.com.br\/index.php\/2016\/01\/11\/governo-nao-confirma-interdicao-da-br-364\/"},"modified":"2016-01-11T23:08:45","modified_gmt":"2016-01-11T23:08:45","slug":"governo-nao-confirma-interdicao-da-br-364","status":"publish","type":"post","link":"https:\/\/nk7-testes.com.br\/agazeta\/governo-nao-confirma-interdicao-da-br-364\/","title":{"rendered":"Governo n\u00e3o confirma interdi\u00e7\u00e3o da BR-364"},"content":{"rendered":"<p style=\"text-align: justify;\">Escorregamento de aterro ocorreu pela manh\u00e3<\/p>\n<p style=\"text-align: justify;\">Fontes ligadas ao Deracre garantem que a empresa Castilhos, respons\u00e1vel pela manuten\u00e7\u00e3o da BR-364 no trecho entre Sena Madureira e Manoel Urbano, deve fazer interven\u00e7\u00e3o para evitar a interdi\u00e7\u00e3o da rodovia.<\/p>\n<p style=\"text-align: justify;\">Na manh\u00e3 desta segunda-feira (11), houve um desbarrancamento de aterro na altura do quil\u00f4metro 7 da estrada. A Pol\u00edcia Militar foi acionada emergencialmente enquanto a Pol\u00edcia rodovi\u00e1ria Federal enviava uma equipe ao local.<\/p>\n<p style=\"text-align: justify;\">N\u00e3o foi registrado ainda nenhum acidente de tr\u00e2nsito naquele trecho em fun\u00e7\u00e3o do escorregamento de aterro. As imagens feitas pelo rep\u00f3rter Aldejane Pinto, de Sena Madureira, denunciam que n\u00e3o h\u00e1 seguran\u00e7a em trafegar na regi\u00e3o.<\/p>\n<p style=\"text-align: justify;\">As autoridades policiais orientam que \u201cse for poss\u00edvel, \u00e9 mais seguro adiar a viagem\u201d.<\/p>\n","protected":false},"excerpt":{"rendered":"<p style=\"text-align: justify;\">Escorregamento de aterro ocorreu pela manh\u00e3<\/p>\n","protected":false},"author":4,"featured_media":20526,"comment_status":"open","ping_status":"open","sticky":false,"template":"","format":"standard","meta":{"jnews-multi-image_gallery":[],"jnews_single_post":[],"jnews_primary_category":[],"jnews_social_meta":[],"jnews_review":[],"enable_review":"","type":"","name":"","summary":"","brand":"","sku":"","good":[],"bad":[],"score_override":"","override_value":"","rating":[],"price":[],"footnotes":""},"categories":[54],"tags":[],"class_list":["post-20527","post","type-post","status-publish","format-standard","has-post-thumbnail","hentry","category-cotidiano"],"yoast_head":"<!-- This site is optimized with the Yoast SEO plugin v26.5 - https:\/\/yoast.com\/wordpress\/plugins\/seo\/ -->\n<title>Governo n\u00e3o confirma interdi\u00e7\u00e3o da BR-364 - Agazeta.net<\/title>\n<meta name=\"robots\" content=\"index, follow, max-snippet:-1, max-image-preview:large, max-video-preview:-1\" \/>\n<link rel=\"canonical\" href=\"https:\/\/nk7-testes.com.br\/agazeta\/governo-nao-confirma-interdicao-da-br-364\/\" \/>\n<meta property=\"og:locale\" content=\"pt_BR\" \/>\n<meta property=\"og:type\" content=\"article\" \/>\n<meta property=\"og:title\" content=\"Governo n\u00e3o confirma interdi\u00e7\u00e3o da BR-364 - Agazeta.net\" \/>\n<meta property=\"og:description\" content=\"Escorregamento de aterro ocorreu pela manh\u00e3\" \/>\n<meta property=\"og:url\" content=\"https:\/\/nk7-testes.com.br\/agazeta\/governo-nao-confirma-interdicao-da-br-364\/\" \/>\n<meta property=\"og:site_name\" content=\"Agazeta.net\" \/>\n<meta property=\"article:published_time\" content=\"2016-01-11T23:08:45+00:00\" \/>\n<meta property=\"og:image\" content=\"https:\/\/nk7-testes.com.br\/agazeta\/wp-content\/uploads\/2016\/01\/110116-cotidiano-estradainterditada-cedida.jpg\" \/>\n\t<meta property=\"og:image:width\" content=\"458\" \/>\n\t<meta property=\"og:image:height\" content=\"340\" \/>\n\t<meta property=\"og:image:type\" content=\"image\/jpeg\" \/>\n<meta name=\"author\" content=\"Agazeta.Net\" \/>\n<meta name=\"twitter:card\" content=\"summary_large_image\" \/>\n<meta name=\"twitter:label1\" content=\"Escrito por\" \/>\n\t<meta name=\"twitter:data1\" content=\"Agazeta.Net\" \/>\n\t<meta name=\"twitter:label2\" content=\"Est. tempo de leitura\" \/>\n\t<meta name=\"twitter:data2\" content=\"1 minuto\" \/>\n<script type=\"application\/ld+json\" class=\"yoast-schema-graph\">{\"@context\":\"https:\/\/schema.org\",\"@graph\":[{\"@type\":\"WebPage\",\"@id\":\"https:\/\/nk7-testes.com.br\/agazeta\/governo-nao-confirma-interdicao-da-br-364\/\",\"url\":\"https:\/\/nk7-testes.com.br\/agazeta\/governo-nao-confirma-interdicao-da-br-364\/\",\"name\":\"Governo n\u00e3o confirma interdi\u00e7\u00e3o da BR-364 - Agazeta.net\",\"isPartOf\":{\"@id\":\"https:\/\/nk7-testes.com.br\/agazeta\/#website\"},\"primaryImageOfPage\":{\"@id\":\"https:\/\/nk7-testes.com.br\/agazeta\/governo-nao-confirma-interdicao-da-br-364\/#primaryimage\"},\"image\":{\"@id\":\"https:\/\/nk7-testes.com.br\/agazeta\/governo-nao-confirma-interdicao-da-br-364\/#primaryimage\"},\"thumbnailUrl\":\"https:\/\/nk7-testes.com.br\/agazeta\/wp-content\/uploads\/2016\/01\/110116-cotidiano-estradainterditada-cedida.jpg\",\"datePublished\":\"2016-01-11T23:08:45+00:00\",\"author\":{\"@id\":\"https:\/\/nk7-testes.com.br\/agazeta\/#\/schema\/person\/6d6e25cb0435eb4a02fd44d30b4e3020\"},\"breadcrumb\":{\"@id\":\"https:\/\/nk7-testes.com.br\/agazeta\/governo-nao-confirma-interdicao-da-br-364\/#breadcrumb\"},\"inLanguage\":\"pt-BR\",\"potentialAction\":[{\"@type\":\"ReadAction\",\"target\":[\"https:\/\/nk7-testes.com.br\/agazeta\/governo-nao-confirma-interdicao-da-br-364\/\"]}]},{\"@type\":\"ImageObject\",\"inLanguage\":\"pt-BR\",\"@id\":\"https:\/\/nk7-testes.com.br\/agazeta\/governo-nao-confirma-interdicao-da-br-364\/#primaryimage\",\"url\":\"https:\/\/nk7-testes.com.br\/agazeta\/wp-content\/uploads\/2016\/01\/110116-cotidiano-estradainterditada-cedida.jpg\",\"contentUrl\":\"https:\/\/nk7-testes.com.br\/agazeta\/wp-content\/uploads\/2016\/01\/110116-cotidiano-estradainterditada-cedida.jpg\",\"width\":458,\"height\":340,\"caption\":\"110116-cotidiano-estradainterditada-cedida\"},{\"@type\":\"BreadcrumbList\",\"@id\":\"https:\/\/nk7-testes.com.br\/agazeta\/governo-nao-confirma-interdicao-da-br-364\/#breadcrumb\",\"itemListElement\":[{\"@type\":\"ListItem\",\"position\":1,\"name\":\"In\u00edcio\",\"item\":\"https:\/\/nk7-testes.com.br\/agazeta\/\"},{\"@type\":\"ListItem\",\"position\":2,\"name\":\"Governo n\u00e3o confirma interdi\u00e7\u00e3o da BR-364\"}]},{\"@type\":\"WebSite\",\"@id\":\"https:\/\/nk7-testes.com.br\/agazeta\/#website\",\"url\":\"https:\/\/nk7-testes.com.br\/agazeta\/\",\"name\":\"Agazeta.net\",\"description\":\"Agazeta.net - Not\u00edcias de Rio Branco\/AC\",\"potentialAction\":[{\"@type\":\"SearchAction\",\"target\":{\"@type\":\"EntryPoint\",\"urlTemplate\":\"https:\/\/nk7-testes.com.br\/agazeta\/?s={search_term_string}\"},\"query-input\":{\"@type\":\"PropertyValueSpecification\",\"valueRequired\":true,\"valueName\":\"search_term_string\"}}],\"inLanguage\":\"pt-BR\"},{\"@type\":\"Person\",\"@id\":\"https:\/\/nk7-testes.com.br\/agazeta\/#\/schema\/person\/6d6e25cb0435eb4a02fd44d30b4e3020\",\"name\":\"Agazeta.Net\",\"url\":\"https:\/\/nk7-testes.com.br\/agazeta\/author\/agazeta\/\"}]}<\/script>\n<!-- \/ Yoast SEO plugin. -->","yoast_head_json":{"title":"Governo n\u00e3o confirma interdi\u00e7\u00e3o da BR-364 - Agazeta.net","robots":{"index":"index","follow":"follow","max-snippet":"max-snippet:-1","max-image-preview":"max-image-preview:large","max-video-preview":"max-video-preview:-1"},"canonical":"https:\/\/nk7-testes.com.br\/agazeta\/governo-nao-confirma-interdicao-da-br-364\/","og_locale":"pt_BR","og_type":"article","og_title":"Governo n\u00e3o confirma interdi\u00e7\u00e3o da BR-364 - Agazeta.net","og_description":"Escorregamento de aterro ocorreu pela manh\u00e3","og_url":"https:\/\/nk7-testes.com.br\/agazeta\/governo-nao-confirma-interdicao-da-br-364\/","og_site_name":"Agazeta.net","article_published_time":"2016-01-11T23:08:45+00:00","og_image":[{"width":458,"height":340,"url":"https:\/\/nk7-testes.com.br\/agazeta\/wp-content\/uploads\/2016\/01\/110116-cotidiano-estradainterditada-cedida.jpg","type":"image\/jpeg"}],"author":"Agazeta.Net","twitter_card":"summary_large_image","twitter_misc":{"Escrito por":"Agazeta.Net","Est. tempo de leitura":"1 minuto"},"schema":{"@context":"https:\/\/schema.org","@graph":[{"@type":"WebPage","@id":"https:\/\/nk7-testes.com.br\/agazeta\/governo-nao-confirma-interdicao-da-br-364\/","url":"https:\/\/nk7-testes.com.br\/agazeta\/governo-nao-confirma-interdicao-da-br-364\/","name":"Governo n\u00e3o confirma interdi\u00e7\u00e3o da BR-364 - Agazeta.net","isPartOf":{"@id":"https:\/\/nk7-testes.com.br\/agazeta\/#website"},"primaryImageOfPage":{"@id":"https:\/\/nk7-testes.com.br\/agazeta\/governo-nao-confirma-interdicao-da-br-364\/#primaryimage"},"image":{"@id":"https:\/\/nk7-testes.com.br\/agazeta\/governo-nao-confirma-interdicao-da-br-364\/#primaryimage"},"thumbnailUrl":"https:\/\/nk7-testes.com.br\/agazeta\/wp-content\/uploads\/2016\/01\/110116-cotidiano-estradainterditada-cedida.jpg","datePublished":"2016-01-11T23:08:45+00:00","author":{"@id":"https:\/\/nk7-testes.com.br\/agazeta\/#\/schema\/person\/6d6e25cb0435eb4a02fd44d30b4e3020"},"breadcrumb":{"@id":"https:\/\/nk7-testes.com.br\/agazeta\/governo-nao-confirma-interdicao-da-br-364\/#breadcrumb"},"inLanguage":"pt-BR","potentialAction":[{"@type":"ReadAction","target":["https:\/\/nk7-testes.com.br\/agazeta\/governo-nao-confirma-interdicao-da-br-364\/"]}]},{"@type":"ImageObject","inLanguage":"pt-BR","@id":"https:\/\/nk7-testes.com.br\/agazeta\/governo-nao-confirma-interdicao-da-br-364\/#primaryimage","url":"https:\/\/nk7-testes.com.br\/agazeta\/wp-content\/uploads\/2016\/01\/110116-cotidiano-estradainterditada-cedida.jpg","contentUrl":"https:\/\/nk7-testes.com.br\/agazeta\/wp-content\/uploads\/2016\/01\/110116-cotidiano-estradainterditada-cedida.jpg","width":458,"height":340,"caption":"110116-cotidiano-estradainterditada-cedida"},{"@type":"BreadcrumbList","@id":"https:\/\/nk7-testes.com.br\/agazeta\/governo-nao-confirma-interdicao-da-br-364\/#breadcrumb","itemListElement":[{"@type":"ListItem","position":1,"name":"In\u00edcio","item":"https:\/\/nk7-testes.com.br\/agazeta\/"},{"@type":"ListItem","position":2,"name":"Governo n\u00e3o confirma interdi\u00e7\u00e3o da BR-364"}]},{"@type":"WebSite","@id":"https:\/\/nk7-testes.com.br\/agazeta\/#website","url":"https:\/\/nk7-testes.com.br\/agazeta\/","name":"Agazeta.net","description":"Agazeta.net - Not\u00edcias de Rio Branco\/AC","potentialAction":[{"@type":"SearchAction","target":{"@type":"EntryPoint","urlTemplate":"https:\/\/nk7-testes.com.br\/agazeta\/?s={search_term_string}"},"query-input":{"@type":"PropertyValueSpecification","valueRequired":true,"valueName":"search_term_string"}}],"inLanguage":"pt-BR"},{"@type":"Person","@id":"https:\/\/nk7-testes.com.br\/agazeta\/#\/schema\/person\/6d6e25cb0435eb4a02fd44d30b4e3020","name":"Agazeta.Net","url":"https:\/\/nk7-testes.com.br\/agazeta\/author\/agazeta\/"}]}},"_links":{"self":[{"href":"https:\/\/nk7-testes.com.br\/agazeta\/wp-json\/wp\/v2\/posts\/20527","targetHints":{"allow":["GET"]}}],"collection":[{"href":"https:\/\/nk7-testes.com.br\/agazeta\/wp-json\/wp\/v2\/posts"}],"about":[{"href":"https:\/\/nk7-testes.com.br\/agazeta\/wp-json\/wp\/v2\/types\/post"}],"author":[{"embeddable":true,"href":"https:\/\/nk7-testes.com.br\/agazeta\/wp-json\/wp\/v2\/users\/4"}],"replies":[{"embeddable":true,"href":"https:\/\/nk7-testes.com.br\/agazeta\/wp-json\/wp\/v2\/comments?post=20527"}],"version-history":[{"count":0,"href":"https:\/\/nk7-testes.com.br\/agazeta\/wp-json\/wp\/v2\/posts\/20527\/revisions"}],"wp:featuredmedia":[{"embeddable":true,"href":"https:\/\/nk7-testes.com.br\/agazeta\/wp-json\/wp\/v2\/media\/20526"}],"wp:attachment":[{"href":"https:\/\/nk7-testes.com.br\/agazeta\/wp-json\/wp\/v2\/media?parent=20527"}],"wp:term":[{"taxonomy":"category","embeddable":true,"href":"https:\/\/nk7-testes.com.br\/agazeta\/wp-json\/wp\/v2\/categories?post=20527"},{"taxonomy":"post_tag","embeddable":true,"href":"https:\/\/nk7-testes.com.br\/agazeta\/wp-json\/wp\/v2\/tags?post=20527"}],"curies":[{"name":"wp","href":"https:\/\/api.w.org\/{rel}","templated":true}]}}