{"id":20481,"date":"2016-01-07T22:54:59","date_gmt":"2016-01-07T22:54:59","guid":{"rendered":"https:\/\/abarevegan.com.br\/index.php\/2016\/01\/07\/predios-abandonados-viram-criadouro-de-mosquito-da-dengue\/"},"modified":"2016-01-07T22:54:59","modified_gmt":"2016-01-07T22:54:59","slug":"predios-abandonados-viram-criadouro-de-mosquito-da-dengue","status":"publish","type":"post","link":"https:\/\/nk7-testes.com.br\/agazeta\/predios-abandonados-viram-criadouro-de-mosquito-da-dengue\/","title":{"rendered":"Pr\u00e9dios abandonados viram criadouro de mosquito da dengue"},"content":{"rendered":"<p style=\"text-align: justify;\"><span style=\"font-size: 13.2px; line-height: 21.12px;\">72% do foco de infesta\u00e7\u00e3o predial est\u00e1 dentro das resid\u00eancias<\/span><\/p>\n<p style=\"text-align: justify;\">Um im\u00f3vel abandonado no Centro de Rio Branco est\u00e1 infestado de focos do mosquito Aedes Aegypti, transmissor de v\u00e1rias doen\u00e7as. Al\u00e9m disso, o local serve de abrigo para usu\u00e1rios de drogas.<\/p>\n<p style=\"text-align: justify;\">O pr\u00e9dio fica na Avenida Cear\u00e1, mesmo local onde funcionou por muitos anos um restaurante de comida chinesa. O port\u00e3o foi arrombado e pra chegar &nbsp;ao ponto que originou a reportagem, \u00e9 preciso passar por um corredor estreito.&nbsp;<\/p>\n<p style=\"text-align: justify;\">Nos fundos, encontramos um lugar abandonado, que mesmo em situa\u00e7\u00e3o deplor\u00e1vel, \u00e9 abrigo para usu\u00e1rios de drogas e moradores de rua. Inclusive, no final do ano passado, uma pessoa foi encontrada morta no local. A v\u00edtima, um mendigo foi esfaqueado.<\/p>\n<p style=\"text-align: justify;\">Mesmo assim, o im\u00f3vel est\u00e1 aberto a quem queira entrar. Quem tamb\u00e9m encontrou guarida no espa\u00e7o foram mosquitos da dengue. O Aedes Aegypti, transmissor tamb\u00e9m da febre Chikungunya e Zica V\u00edrus, tem todas as condi\u00e7\u00f5es poss\u00edveis de procria\u00e7\u00e3o. Piscina abandonada, po\u00e7o aberto, algumas caixas d&#8217;\u00e1gua sem tampa e muito lixo formam o cen\u00e1rio do descaso.<\/p>\n<p style=\"text-align: justify;\">Um detalhe \u00e9 que o im\u00f3vel fica h\u00e1 poucos metros da maternidade B\u00e1rbara Heliodora. Tendo em vista a preocupa\u00e7\u00e3o das gestantes com o cont\u00e1gio do Zica v\u00edrus, a proximidade com tantos focos do mosquito Aedes Aegipty torna o problema ainda mais grave.<\/p>\n<p style=\"text-align: justify;\">O problema n\u00e3o \u00e9 exclusividade do im\u00f3vel abandonado. O vizinho da direita est\u00e1 com a caixa d&#8217;\u00e1gua sem tampa. Do outro lado, o im\u00f3vel tamb\u00e9m tem uma piscina. Sabe-se que est\u00e1 abandonada pela colora\u00e7\u00e3o verde da \u00e1gua e pelo lixo espalhado.<\/p>\n<p style=\"text-align: justify;\">Al\u00e9m da proximidade com a maternidade, os im\u00f3veis que oferecem condi\u00e7\u00f5es para prolifera\u00e7\u00e3o do mosquito da dengue tamb\u00e9m ficam h\u00e1 poucos metros de um ponto de \u00f4nibus, que em hor\u00e1rios de pico vive lotado de passageiros. Quem trabalha na localidade tem motivos de sobra pra se preocupar.<\/p>\n<p style=\"text-align: justify;\">Poder P\u00fablico<\/p>\n<p style=\"text-align: justify;\">A Secretaria Municipal de Sa\u00fade tomou conhecimento da den\u00fancia atrav\u00e9s da reportagem da TV Gazeta. Nesses casos, segundo a secret\u00e1ria adjunta, Jesu\u00edta Arruda, quando o im\u00f3vel \u00e9 particular, o Minist\u00e9rio P\u00fablico e a Vigil\u00e2ncia Epidemiol\u00f3gica s\u00e3o chamados para que as provid\u00eancias sejam tomadas. \u201cSe n\u00e3o conseguimos encontrar o dono, o Minist\u00e9rio P\u00fablico nos auxilia a ingressar para fazer a vistoria necess\u00e1ria\u201d, explicou.<\/p>\n<p style=\"text-align: justify;\">A secret\u00e1ria informou que est\u00e1 trabalhando em parceria com nove imobili\u00e1rias da capital, para garantir o acesso e a fiscaliza\u00e7\u00e3o da limpeza dos pr\u00e9dios particulares que est\u00e3o para alugar.<\/p>\n<p style=\"text-align: justify;\">O \u00edndice de infesta\u00e7\u00e3o predial de Rio Branco que equivale \u00e0 rela\u00e7\u00e3o entre o n\u00famero de im\u00f3veis onde foram encontradas larvas do mosquito e o montante de resid\u00eancias pesquisadas \u00e9 de 3,18%. Isso coloca a capital em situa\u00e7\u00e3o de alerta. \u201cA gente detectou que 72% do foco de infesta\u00e7\u00e3o predial est\u00e1 dentro das resid\u00eancias &nbsp;n\u00e3o s\u00f3 de quem mora mas acima de tudo esses que est\u00e3o sem moradores temporariamente\u201d, afirmou.<\/p>\n<p style=\"text-align: justify;\">At\u00e9 o final de semana, ser\u00e1 divulgado um novo \u00edndice, que calcula a situa\u00e7\u00e3o dos \u00faltimos tr\u00eas meses. A dengue especificamente, que mais acomete a popula\u00e7\u00e3o, est\u00e1 com 13% de confirma\u00e7\u00f5es. Ou seja, de cada 100 pessoas que procuraram as unidades com suspeita da doen\u00e7a, 13 tiveram a confirma\u00e7\u00e3o.<\/p>\n<p>&nbsp;<\/p>\n<p>&nbsp;<\/p>\n<p>&nbsp;<\/p>\n<div id=\"_mcePaste\" class=\"mcePaste\" data-mce-bogus=\"1\" style=\"position: absolute; left: 0px; top: -25px; width: 1px; height: 1px; overflow: hidden;\">\n<p class=\"MsoNormal\" style=\"margin-bottom: 0.0001pt; text-align: justify; line-height: normal; background-image: initial; background-attachment: initial; background-size: initial; background-origin: initial; background-clip: initial; background-position: initial; background-repeat: initial;\"><span style=\"font-size: 12.0pt; font-family: 'Arial','sans-serif'; mso-fareast-font-family: 'Times New Roman'; color: #222222; mso-fareast-language: PT-BR;\">Um im\u00f3vel abandonado no Centro de Rio Branco est\u00e1 infestado de focos do mosquito Aedes Aegypti, transmissor de v\u00e1rias doen\u00e7as. Al\u00e9m disso, o local serve de abrigo para usu\u00e1rios de drogas.<o:p><\/o:p><\/span><\/p>\n<p class=\"MsoNormal\" style=\"margin-bottom: 0.0001pt; text-align: justify; line-height: normal; background-image: initial; background-attachment: initial; background-size: initial; background-origin: initial; background-clip: initial; background-position: initial; background-repeat: initial;\"><span style=\"font-size: 12.0pt; font-family: 'Arial','sans-serif'; mso-fareast-font-family: 'Times New Roman'; color: #222222; mso-fareast-language: PT-BR;\">&nbsp;<\/span><\/p>\n<p class=\"MsoNormal\" style=\"margin-bottom: 0.0001pt; text-align: justify; line-height: normal; background-image: initial; background-attachment: initial; background-size: initial; background-origin: initial; background-clip: initial; background-position: initial; background-repeat: initial;\"><span style=\"font-size: 12.0pt; font-family: 'Arial','sans-serif'; mso-fareast-font-family: 'Times New Roman'; color: #222222; mso-fareast-language: PT-BR;\">O pr\u00e9dio fica na Avenida Cear\u00e1, mesmo local onde funcionou por muitos anos um restaurante de comida chinesa. O port\u00e3o foi arrombado e pra chegar&nbsp; ao ponto que originou a reportagem, \u00e9 preciso passar por um corredor estreito. <o:p><\/o:p><\/span><\/p>\n<p class=\"MsoNormal\" style=\"margin-bottom: 0.0001pt; text-align: justify; line-height: normal; background-image: initial; background-attachment: initial; background-size: initial; background-origin: initial; background-clip: initial; background-position: initial; background-repeat: initial;\"><span style=\"font-size: 12.0pt; font-family: 'Arial','sans-serif'; mso-fareast-font-family: 'Times New Roman'; color: #222222; mso-fareast-language: PT-BR;\">&nbsp;<\/span><\/p>\n<p class=\"MsoNormal\" style=\"margin-bottom: 0.0001pt; text-align: justify; line-height: normal; background-image: initial; background-attachment: initial; background-size: initial; background-origin: initial; background-clip: initial; background-position: initial; background-repeat: initial;\"><span style=\"font-size: 12.0pt; font-family: 'Arial','sans-serif'; mso-fareast-font-family: 'Times New Roman'; color: #222222; mso-fareast-language: PT-BR;\">Nos fundos, encontramos um lugar abandonado, que mesmo em situa\u00e7\u00e3o deplor\u00e1vel, \u00e9 abrigo para usu\u00e1rios de drogas e moradores de rua. Inclusive, no final do ano passado, uma pessoa foi encontrada morta no local. A v\u00edtima, um mendigo foi esfaqueado.<o:p><\/o:p><\/span><\/p>\n<p class=\"MsoNormal\" style=\"margin-bottom: 0.0001pt; text-align: justify; line-height: normal; background-image: initial; background-attachment: initial; background-size: initial; background-origin: initial; background-clip: initial; background-position: initial; background-repeat: initial;\"><span style=\"font-size: 12.0pt; font-family: 'Arial','sans-serif'; mso-fareast-font-family: 'Times New Roman'; color: #222222; mso-fareast-language: PT-BR;\">&nbsp;<\/span><\/p>\n<p class=\"MsoNormal\" style=\"margin-bottom: 0.0001pt; text-align: justify; line-height: normal; background-image: initial; background-attachment: initial; background-size: initial; background-origin: initial; background-clip: initial; background-position: initial; background-repeat: initial;\"><span style=\"font-size: 12.0pt; font-family: 'Arial','sans-serif'; mso-fareast-font-family: 'Times New Roman'; color: #222222; mso-fareast-language: PT-BR;\">Mesmo assim, o im\u00f3vel est\u00e1 aberto a quem queira entrar. Quem tamb\u00e9m encontrou guarida no espa\u00e7o foram mosquitos da dengue. O Aedes Aegypti, transmissor tamb\u00e9m da febre Chikungunya e Zica V\u00edrus, tem todas as condi\u00e7\u00f5es poss\u00edveis de procria\u00e7\u00e3o. Piscina abandonada, po\u00e7o aberto, algumas caixas d&#8217;\u00e1gua sem tampa e muito lixo formam o cen\u00e1rio do descaso.<o:p><\/o:p><\/span><\/p>\n<p class=\"MsoNormal\" style=\"margin-bottom: 0.0001pt; text-align: justify; line-height: normal; background-image: initial; background-attachment: initial; background-size: initial; background-origin: initial; background-clip: initial; background-position: initial; background-repeat: initial;\"><span style=\"font-size: 12.0pt; font-family: 'Arial','sans-serif'; mso-fareast-font-family: 'Times New Roman'; color: #222222; mso-fareast-language: PT-BR;\">&nbsp;<o:p><\/o:p><\/span><\/p>\n<p class=\"MsoNormal\" style=\"margin-bottom: 0.0001pt; text-align: justify; line-height: normal; background-image: initial; background-attachment: initial; background-size: initial; background-origin: initial; background-clip: initial; background-position: initial; background-repeat: initial;\"><span style=\"font-size: 12.0pt; font-family: 'Arial','sans-serif'; mso-fareast-font-family: 'Times New Roman'; color: #222222; mso-fareast-language: PT-BR;\">&nbsp;<o:p><\/o:p><\/span><\/p>\n<p class=\"MsoNormal\" style=\"margin-bottom: 0.0001pt; text-align: justify; line-height: normal; background-image: initial; background-attachment: initial; background-size: initial; background-origin: initial; background-clip: initial; background-position: initial; background-repeat: initial;\"><span style=\"font-size: 12.0pt; font-family: 'Arial','sans-serif'; mso-fareast-font-family: 'Times New Roman'; color: #222222; mso-fareast-language: PT-BR;\">Um detalhe \u00e9 que o im\u00f3vel fica h\u00e1 poucos metros da maternidade B\u00e1rbara Heliodora. Tendo em vista a preocupa\u00e7\u00e3o das gestantes com o cont\u00e1gio do Zica v\u00edrus, a proximidade com tantos focos do mosquito Aedes Aegipty torna o problema ainda mais grave.<o:p><\/o:p><\/span><\/p>\n<p class=\"MsoNormal\" style=\"margin-bottom: 0.0001pt; text-align: justify; line-height: normal; background-image: initial; background-attachment: initial; background-size: initial; background-origin: initial; background-clip: initial; background-position: initial; background-repeat: initial;\"><span style=\"font-size: 12.0pt; font-family: 'Arial','sans-serif'; mso-fareast-font-family: 'Times New Roman'; color: #222222; mso-fareast-language: PT-BR;\">&nbsp;<\/span><\/p>\n<p class=\"MsoNormal\" style=\"margin-bottom: 0.0001pt; text-align: justify; line-height: normal; background-image: initial; background-attachment: initial; background-size: initial; background-origin: initial; background-clip: initial; background-position: initial; background-repeat: initial;\"><span style=\"font-size: 12.0pt; font-family: 'Arial','sans-serif'; mso-fareast-font-family: 'Times New Roman'; color: #222222; mso-fareast-language: PT-BR;\">O problema n\u00e3o \u00e9 exclusividade do im\u00f3vel abandonado. O vizinho da direita est\u00e1 com a caixa d&#8217;\u00e1gua sem tampa. Do outro lado, o im\u00f3vel tamb\u00e9m tem uma piscina. Sabe-se que est\u00e1 abandonada pela colora\u00e7\u00e3o verde da \u00e1gua e pelo lixo espalhado.<o:p><\/o:p><\/span><\/p>\n<p class=\"MsoNormal\" style=\"margin-bottom: 0.0001pt; text-align: justify; line-height: normal; background-image: initial; background-attachment: initial; background-size: initial; background-origin: initial; background-clip: initial; background-position: initial; background-repeat: initial;\"><span style=\"font-size: 12.0pt; font-family: 'Arial','sans-serif'; mso-fareast-font-family: 'Times New Roman'; color: #222222; mso-fareast-language: PT-BR;\">&nbsp;<\/span><\/p>\n<p class=\"MsoNormal\" style=\"margin-bottom: 0.0001pt; text-align: justify; line-height: normal; background-image: initial; background-attachment: initial; background-size: initial; background-origin: initial; background-clip: initial; background-position: initial; background-repeat: initial;\"><span style=\"font-size: 12.0pt; font-family: 'Arial','sans-serif'; mso-fareast-font-family: 'Times New Roman'; color: #222222; mso-fareast-language: PT-BR;\">Al\u00e9m da proximidade com a maternidade, os im\u00f3veis que oferecem condi\u00e7\u00f5es para prolifera\u00e7\u00e3o do mosquito da dengue tamb\u00e9m ficam h\u00e1 poucos metros de um ponto de \u00f4nibus, que em hor\u00e1rios de pico vive lotado de passageiros. Quem trabalha na localidade tem motivos de sobra pra se preocupar.<o:p><\/o:p><\/span><\/p>\n<p class=\"MsoNormal\" style=\"margin-bottom: 0.0001pt; text-align: justify; line-height: normal; background-image: initial; background-attachment: initial; background-size: initial; background-origin: initial; background-clip: initial; background-position: initial; background-repeat: initial;\"><span style=\"font-size: 12.0pt; font-family: 'Arial','sans-serif'; mso-fareast-font-family: 'Times New Roman'; color: #222222; mso-fareast-language: PT-BR;\">&nbsp;<\/span><\/p>\n<p class=\"MsoNormal\" style=\"margin-bottom: 0.0001pt; text-align: justify; line-height: normal; background-image: initial; background-attachment: initial; background-size: initial; background-origin: initial; background-clip: initial; background-position: initial; background-repeat: initial;\"><span style=\"font-size: 12.0pt; font-family: 'Arial','sans-serif'; mso-fareast-font-family: 'Times New Roman'; color: #222222; mso-fareast-language: PT-BR;\">Poder P\u00fablico<o:p><\/o:p><\/span><\/p>\n<p class=\"MsoNormal\" style=\"margin-bottom: 0.0001pt; text-align: justify; line-height: normal; background-image: initial; background-attachment: initial; background-size: initial; background-origin: initial; background-clip: initial; background-position: initial; background-repeat: initial;\"><span style=\"font-size: 12.0pt; font-family: 'Arial','sans-serif'; mso-fareast-font-family: 'Times New Roman'; color: #222222; mso-fareast-language: PT-BR;\">&nbsp;<\/span><\/p>\n<p class=\"MsoNormal\" style=\"margin-bottom: 0.0001pt; text-align: justify; line-height: normal; background-image: initial; background-attachment: initial; background-size: initial; background-origin: initial; background-clip: initial; background-position: initial; background-repeat: initial;\"><span style=\"font-size: 12.0pt; font-family: 'Arial','sans-serif'; mso-fareast-font-family: 'Times New Roman'; color: #222222; mso-fareast-language: PT-BR;\">A Secretaria Municipal de Sa\u00fade tomou conhecimento da den\u00fancia atrav\u00e9s da reportagem da TV Gazeta. Nesses casos, segundo a secret\u00e1ria adjunta, Jesu\u00edta Arruda, quando o im\u00f3vel \u00e9 particular, o Minist\u00e9rio P\u00fablico e a Vigil\u00e2ncia Epidemiol\u00f3gica s\u00e3o chamados para que as provid\u00eancias sejam tomadas. \u201cSe n\u00e3o conseguimos encontrar o dono, o Minist\u00e9rio P\u00fablico nos auxilia a ingressar para fazer a vistoria necess\u00e1ria\u201d, explicou.<o:p><\/o:p><\/span><\/p>\n<p class=\"MsoNormal\" style=\"margin-bottom: 0.0001pt; text-align: justify; line-height: normal; background-image: initial; background-attachment: initial; background-size: initial; background-origin: initial; background-clip: initial; background-position: initial; background-repeat: initial;\"><span style=\"font-size: 12.0pt; font-family: 'Arial','sans-serif'; mso-fareast-font-family: 'Times New Roman'; color: #222222; mso-fareast-language: PT-BR;\">&nbsp;<\/span><\/p>\n<p class=\"MsoNormal\" style=\"margin-bottom: 0.0001pt; text-align: justify; line-height: normal; background-image: initial; background-attachment: initial; background-size: initial; background-origin: initial; background-clip: initial; background-position: initial; background-repeat: initial;\"><span style=\"font-size: 12.0pt; font-family: 'Arial','sans-serif'; mso-fareast-font-family: 'Times New Roman'; color: #222222; mso-fareast-language: PT-BR;\">A secret\u00e1ria informou que est\u00e1 trabalhando em parceria com nove imobili\u00e1rias da capital, para garantir o acesso e a fiscaliza\u00e7\u00e3o da limpeza dos pr\u00e9dios particulares que est\u00e3o para alugar.<o:p><\/o:p><\/span><\/p>\n<p class=\"MsoNormal\" style=\"margin-bottom: 0.0001pt; text-align: justify; line-height: normal; background-image: initial; background-attachment: initial; background-size: initial; background-origin: initial; background-clip: initial; background-position: initial; background-repeat: initial;\"><span style=\"font-size: 12.0pt; font-family: 'Arial','sans-serif'; mso-fareast-font-family: 'Times New Roman'; color: #222222; mso-fareast-language: PT-BR;\">&nbsp;<\/span><\/p>\n<p class=\"MsoNormal\" style=\"margin-bottom: 0.0001pt; text-align: justify; line-height: normal; background-image: initial; background-attachment: initial; background-size: initial; background-origin: initial; background-clip: initial; background-position: initial; background-repeat: initial;\"><span style=\"font-size: 12.0pt; font-family: 'Arial','sans-serif'; mso-fareast-font-family: 'Times New Roman'; color: #222222; mso-fareast-language: PT-BR;\">O \u00edndice de infesta\u00e7\u00e3o predial de Rio Branco que equivale \u00e0 rela\u00e7\u00e3o entre o n\u00famero de im\u00f3veis onde foram encontradas larvas do mosquito e o montante de resid\u00eancias pesquisadas \u00e9 de 3,18%. Isso coloca a capital em situa\u00e7\u00e3o de alerta. \u201cA gente detectou que 72% do foco de infesta\u00e7\u00e3o predial est\u00e1 dentro das resid\u00eancias&nbsp; n\u00e3o s\u00f3 de quem mora mas acima de tudo esses que est\u00e3o sem moradores temporariamente\u201d, afirmou.<o:p><\/o:p><\/span><\/p>\n<p class=\"MsoNormal\" style=\"margin-bottom: 0.0001pt; text-align: justify; line-height: normal; background-image: initial; background-attachment: initial; background-size: initial; background-origin: initial; background-clip: initial; background-position: initial; background-repeat: initial;\"><span style=\"font-size: 12.0pt; font-family: 'Arial','sans-serif'; mso-fareast-font-family: 'Times New Roman'; color: #222222; mso-fareast-language: PT-BR;\">&nbsp;<\/span><\/p>\n<p class=\"MsoNormal\" style=\"margin-bottom: 0.0001pt; text-align: justify; line-height: normal; background-image: initial; background-attachment: initial; background-size: initial; background-origin: initial; background-clip: initial; background-position: initial; background-repeat: initial;\"><span style=\"font-size: 12.0pt; font-family: 'Arial','sans-serif'; mso-fareast-font-family: 'Times New Roman'; color: #222222; mso-fareast-language: PT-BR;\">At\u00e9 o final de semana, ser\u00e1 divulgado um novo \u00edndice, que calcula a situa\u00e7\u00e3o dos \u00faltimos tr\u00eas meses. A dengue especificamente, que mais acomete a popula\u00e7\u00e3o, est\u00e1 com 13% de confirma\u00e7\u00f5es. Ou seja, de cada 100 pessoas que procuraram as unidades com suspeita da doen\u00e7a, 13 tiveram a confirma\u00e7\u00e3o.<o:p><\/o:p><\/span><\/p>\n<p class=\"MsoNormal\" style=\"margin-bottom: 0.0001pt; text-align: justify; line-height: normal; background-image: initial; background-attachment: initial; background-size: initial; background-origin: initial; background-clip: initial; background-position: initial; background-repeat: initial;\"><span style=\"font-size: 12.0pt; font-family: 'Arial','sans-serif'; mso-fareast-font-family: 'Times New Roman'; color: #222222; mso-fareast-language: PT-BR;\">&nbsp;<\/span><\/p>\n<p class=\"MsoNormal\" style=\"margin-bottom: 0.0001pt; text-align: justify; line-height: normal; background-image: initial; background-attachment: initial; background-size: initial; background-origin: initial; background-clip: initial; background-position: initial; background-repeat: initial;\"><span style=\"font-size: 12.0pt; font-family: 'Arial','sans-serif'; mso-fareast-font-family: 'Times New Roman'; color: #222222; mso-fareast-language: PT-BR;\">&nbsp;<\/span><\/p>\n<\/p><\/div>\n","protected":false},"excerpt":{"rendered":"<p style=\"text-align: justify;\"><span style=\"font-size: 13.2px; line-height: 21.12px;\">72% do foco de infesta\u00e7\u00e3o predial est\u00e1 dentro das resid\u00eancias<\/span><\/p>\n","protected":false},"author":4,"featured_media":20480,"comment_status":"open","ping_status":"open","sticky":false,"template":"","format":"standard","meta":{"jnews-multi-image_gallery":[],"jnews_single_post":[],"jnews_primary_category":[],"jnews_social_meta":[],"jnews_review":[],"enable_review":"","type":"","name":"","summary":"","brand":"","sku":"","good":[],"bad":[],"score_override":"","override_value":"","rating":[],"price":[],"footnotes":""},"categories":[54],"tags":[],"class_list":["post-20481","post","type-post","status-publish","format-standard","has-post-thumbnail","hentry","category-cotidiano"],"yoast_head":"<!-- This site is optimized with the Yoast SEO plugin v26.5 - https:\/\/yoast.com\/wordpress\/plugins\/seo\/ -->\n<title>Pr\u00e9dios abandonados viram criadouro de mosquito da dengue - Agazeta.net<\/title>\n<meta name=\"robots\" content=\"index, follow, max-snippet:-1, max-image-preview:large, max-video-preview:-1\" \/>\n<link rel=\"canonical\" href=\"https:\/\/nk7-testes.com.br\/agazeta\/predios-abandonados-viram-criadouro-de-mosquito-da-dengue\/\" \/>\n<meta property=\"og:locale\" content=\"pt_BR\" \/>\n<meta property=\"og:type\" content=\"article\" \/>\n<meta property=\"og:title\" content=\"Pr\u00e9dios abandonados viram criadouro de mosquito da dengue - Agazeta.net\" \/>\n<meta property=\"og:description\" content=\"72% do foco de infesta\u00e7\u00e3o predial est\u00e1 dentro das resid\u00eancias\" \/>\n<meta property=\"og:url\" content=\"https:\/\/nk7-testes.com.br\/agazeta\/predios-abandonados-viram-criadouro-de-mosquito-da-dengue\/\" \/>\n<meta property=\"og:site_name\" content=\"Agazeta.net\" \/>\n<meta property=\"article:published_time\" content=\"2016-01-07T22:54:59+00:00\" \/>\n<meta property=\"og:image\" content=\"https:\/\/nk7-testes.com.br\/agazeta\/wp-content\/uploads\/2016\/01\/070116-cotidiano-focosdengue.jpg\" \/>\n\t<meta property=\"og:image:width\" content=\"459\" \/>\n\t<meta property=\"og:image:height\" content=\"340\" \/>\n\t<meta property=\"og:image:type\" content=\"image\/jpeg\" \/>\n<meta name=\"author\" content=\"Agazeta.Net\" \/>\n<meta name=\"twitter:card\" content=\"summary_large_image\" \/>\n<meta name=\"twitter:label1\" content=\"Escrito por\" \/>\n\t<meta name=\"twitter:data1\" content=\"Agazeta.Net\" \/>\n\t<meta name=\"twitter:label2\" content=\"Est. tempo de leitura\" \/>\n\t<meta name=\"twitter:data2\" content=\"6 minutos\" \/>\n<script type=\"application\/ld+json\" class=\"yoast-schema-graph\">{\"@context\":\"https:\/\/schema.org\",\"@graph\":[{\"@type\":\"WebPage\",\"@id\":\"https:\/\/nk7-testes.com.br\/agazeta\/predios-abandonados-viram-criadouro-de-mosquito-da-dengue\/\",\"url\":\"https:\/\/nk7-testes.com.br\/agazeta\/predios-abandonados-viram-criadouro-de-mosquito-da-dengue\/\",\"name\":\"Pr\u00e9dios abandonados viram criadouro de mosquito da dengue - Agazeta.net\",\"isPartOf\":{\"@id\":\"https:\/\/nk7-testes.com.br\/agazeta\/#website\"},\"primaryImageOfPage\":{\"@id\":\"https:\/\/nk7-testes.com.br\/agazeta\/predios-abandonados-viram-criadouro-de-mosquito-da-dengue\/#primaryimage\"},\"image\":{\"@id\":\"https:\/\/nk7-testes.com.br\/agazeta\/predios-abandonados-viram-criadouro-de-mosquito-da-dengue\/#primaryimage\"},\"thumbnailUrl\":\"https:\/\/nk7-testes.com.br\/agazeta\/wp-content\/uploads\/2016\/01\/070116-cotidiano-focosdengue.jpg\",\"datePublished\":\"2016-01-07T22:54:59+00:00\",\"author\":{\"@id\":\"https:\/\/nk7-testes.com.br\/agazeta\/#\/schema\/person\/ff6b39d54d6973bfc57f4140f659b23f\"},\"breadcrumb\":{\"@id\":\"https:\/\/nk7-testes.com.br\/agazeta\/predios-abandonados-viram-criadouro-de-mosquito-da-dengue\/#breadcrumb\"},\"inLanguage\":\"pt-BR\",\"potentialAction\":[{\"@type\":\"ReadAction\",\"target\":[\"https:\/\/nk7-testes.com.br\/agazeta\/predios-abandonados-viram-criadouro-de-mosquito-da-dengue\/\"]}]},{\"@type\":\"ImageObject\",\"inLanguage\":\"pt-BR\",\"@id\":\"https:\/\/nk7-testes.com.br\/agazeta\/predios-abandonados-viram-criadouro-de-mosquito-da-dengue\/#primaryimage\",\"url\":\"https:\/\/nk7-testes.com.br\/agazeta\/wp-content\/uploads\/2016\/01\/070116-cotidiano-focosdengue.jpg\",\"contentUrl\":\"https:\/\/nk7-testes.com.br\/agazeta\/wp-content\/uploads\/2016\/01\/070116-cotidiano-focosdengue.jpg\",\"width\":459,\"height\":340,\"caption\":\"070116-cotidiano-focosdengue\"},{\"@type\":\"BreadcrumbList\",\"@id\":\"https:\/\/nk7-testes.com.br\/agazeta\/predios-abandonados-viram-criadouro-de-mosquito-da-dengue\/#breadcrumb\",\"itemListElement\":[{\"@type\":\"ListItem\",\"position\":1,\"name\":\"In\u00edcio\",\"item\":\"https:\/\/nk7-testes.com.br\/agazeta\/\"},{\"@type\":\"ListItem\",\"position\":2,\"name\":\"Pr\u00e9dios abandonados viram criadouro de mosquito da dengue\"}]},{\"@type\":\"WebSite\",\"@id\":\"https:\/\/nk7-testes.com.br\/agazeta\/#website\",\"url\":\"https:\/\/nk7-testes.com.br\/agazeta\/\",\"name\":\"Agazeta.net\",\"description\":\"Agazeta.net - Not\u00edcias de Rio Branco\/AC\",\"potentialAction\":[{\"@type\":\"SearchAction\",\"target\":{\"@type\":\"EntryPoint\",\"urlTemplate\":\"https:\/\/nk7-testes.com.br\/agazeta\/?s={search_term_string}\"},\"query-input\":{\"@type\":\"PropertyValueSpecification\",\"valueRequired\":true,\"valueName\":\"search_term_string\"}}],\"inLanguage\":\"pt-BR\"},{\"@type\":\"Person\",\"@id\":\"https:\/\/nk7-testes.com.br\/agazeta\/#\/schema\/person\/ff6b39d54d6973bfc57f4140f659b23f\",\"name\":\"Agazeta.Net\",\"url\":\"https:\/\/nk7-testes.com.br\/agazeta\/author\/agazeta\/\"}]}<\/script>\n<!-- \/ Yoast SEO plugin. -->","yoast_head_json":{"title":"Pr\u00e9dios abandonados viram criadouro de mosquito da dengue - Agazeta.net","robots":{"index":"index","follow":"follow","max-snippet":"max-snippet:-1","max-image-preview":"max-image-preview:large","max-video-preview":"max-video-preview:-1"},"canonical":"https:\/\/nk7-testes.com.br\/agazeta\/predios-abandonados-viram-criadouro-de-mosquito-da-dengue\/","og_locale":"pt_BR","og_type":"article","og_title":"Pr\u00e9dios abandonados viram criadouro de mosquito da dengue - Agazeta.net","og_description":"72% do foco de infesta\u00e7\u00e3o predial est\u00e1 dentro das resid\u00eancias","og_url":"https:\/\/nk7-testes.com.br\/agazeta\/predios-abandonados-viram-criadouro-de-mosquito-da-dengue\/","og_site_name":"Agazeta.net","article_published_time":"2016-01-07T22:54:59+00:00","og_image":[{"width":459,"height":340,"url":"https:\/\/nk7-testes.com.br\/agazeta\/wp-content\/uploads\/2016\/01\/070116-cotidiano-focosdengue.jpg","type":"image\/jpeg"}],"author":"Agazeta.Net","twitter_card":"summary_large_image","twitter_misc":{"Escrito por":"Agazeta.Net","Est. tempo de leitura":"6 minutos"},"schema":{"@context":"https:\/\/schema.org","@graph":[{"@type":"WebPage","@id":"https:\/\/nk7-testes.com.br\/agazeta\/predios-abandonados-viram-criadouro-de-mosquito-da-dengue\/","url":"https:\/\/nk7-testes.com.br\/agazeta\/predios-abandonados-viram-criadouro-de-mosquito-da-dengue\/","name":"Pr\u00e9dios abandonados viram criadouro de mosquito da dengue - Agazeta.net","isPartOf":{"@id":"https:\/\/nk7-testes.com.br\/agazeta\/#website"},"primaryImageOfPage":{"@id":"https:\/\/nk7-testes.com.br\/agazeta\/predios-abandonados-viram-criadouro-de-mosquito-da-dengue\/#primaryimage"},"image":{"@id":"https:\/\/nk7-testes.com.br\/agazeta\/predios-abandonados-viram-criadouro-de-mosquito-da-dengue\/#primaryimage"},"thumbnailUrl":"https:\/\/nk7-testes.com.br\/agazeta\/wp-content\/uploads\/2016\/01\/070116-cotidiano-focosdengue.jpg","datePublished":"2016-01-07T22:54:59+00:00","author":{"@id":"https:\/\/nk7-testes.com.br\/agazeta\/#\/schema\/person\/ff6b39d54d6973bfc57f4140f659b23f"},"breadcrumb":{"@id":"https:\/\/nk7-testes.com.br\/agazeta\/predios-abandonados-viram-criadouro-de-mosquito-da-dengue\/#breadcrumb"},"inLanguage":"pt-BR","potentialAction":[{"@type":"ReadAction","target":["https:\/\/nk7-testes.com.br\/agazeta\/predios-abandonados-viram-criadouro-de-mosquito-da-dengue\/"]}]},{"@type":"ImageObject","inLanguage":"pt-BR","@id":"https:\/\/nk7-testes.com.br\/agazeta\/predios-abandonados-viram-criadouro-de-mosquito-da-dengue\/#primaryimage","url":"https:\/\/nk7-testes.com.br\/agazeta\/wp-content\/uploads\/2016\/01\/070116-cotidiano-focosdengue.jpg","contentUrl":"https:\/\/nk7-testes.com.br\/agazeta\/wp-content\/uploads\/2016\/01\/070116-cotidiano-focosdengue.jpg","width":459,"height":340,"caption":"070116-cotidiano-focosdengue"},{"@type":"BreadcrumbList","@id":"https:\/\/nk7-testes.com.br\/agazeta\/predios-abandonados-viram-criadouro-de-mosquito-da-dengue\/#breadcrumb","itemListElement":[{"@type":"ListItem","position":1,"name":"In\u00edcio","item":"https:\/\/nk7-testes.com.br\/agazeta\/"},{"@type":"ListItem","position":2,"name":"Pr\u00e9dios abandonados viram criadouro de mosquito da dengue"}]},{"@type":"WebSite","@id":"https:\/\/nk7-testes.com.br\/agazeta\/#website","url":"https:\/\/nk7-testes.com.br\/agazeta\/","name":"Agazeta.net","description":"Agazeta.net - Not\u00edcias de Rio Branco\/AC","potentialAction":[{"@type":"SearchAction","target":{"@type":"EntryPoint","urlTemplate":"https:\/\/nk7-testes.com.br\/agazeta\/?s={search_term_string}"},"query-input":{"@type":"PropertyValueSpecification","valueRequired":true,"valueName":"search_term_string"}}],"inLanguage":"pt-BR"},{"@type":"Person","@id":"https:\/\/nk7-testes.com.br\/agazeta\/#\/schema\/person\/ff6b39d54d6973bfc57f4140f659b23f","name":"Agazeta.Net","url":"https:\/\/nk7-testes.com.br\/agazeta\/author\/agazeta\/"}]}},"_links":{"self":[{"href":"https:\/\/nk7-testes.com.br\/agazeta\/wp-json\/wp\/v2\/posts\/20481","targetHints":{"allow":["GET"]}}],"collection":[{"href":"https:\/\/nk7-testes.com.br\/agazeta\/wp-json\/wp\/v2\/posts"}],"about":[{"href":"https:\/\/nk7-testes.com.br\/agazeta\/wp-json\/wp\/v2\/types\/post"}],"author":[{"embeddable":true,"href":"https:\/\/nk7-testes.com.br\/agazeta\/wp-json\/wp\/v2\/users\/4"}],"replies":[{"embeddable":true,"href":"https:\/\/nk7-testes.com.br\/agazeta\/wp-json\/wp\/v2\/comments?post=20481"}],"version-history":[{"count":0,"href":"https:\/\/nk7-testes.com.br\/agazeta\/wp-json\/wp\/v2\/posts\/20481\/revisions"}],"wp:featuredmedia":[{"embeddable":true,"href":"https:\/\/nk7-testes.com.br\/agazeta\/wp-json\/wp\/v2\/media\/20480"}],"wp:attachment":[{"href":"https:\/\/nk7-testes.com.br\/agazeta\/wp-json\/wp\/v2\/media?parent=20481"}],"wp:term":[{"taxonomy":"category","embeddable":true,"href":"https:\/\/nk7-testes.com.br\/agazeta\/wp-json\/wp\/v2\/categories?post=20481"},{"taxonomy":"post_tag","embeddable":true,"href":"https:\/\/nk7-testes.com.br\/agazeta\/wp-json\/wp\/v2\/tags?post=20481"}],"curies":[{"name":"wp","href":"https:\/\/api.w.org\/{rel}","templated":true}]}}