{"id":20478,"date":"2016-01-07T22:48:54","date_gmt":"2016-01-07T22:48:54","guid":{"rendered":"https:\/\/abarevegan.com.br\/index.php\/2016\/01\/07\/venda-de-veiculos-em-rio-branco-cai-11-3-em-2015\/"},"modified":"2016-01-07T22:48:54","modified_gmt":"2016-01-07T22:48:54","slug":"venda-de-veiculos-em-rio-branco-cai-11-3-em-2015","status":"publish","type":"post","link":"https:\/\/nk7-testes.com.br\/agazeta\/venda-de-veiculos-em-rio-branco-cai-11-3-em-2015\/","title":{"rendered":"Venda de ve\u00edculos em Rio Branco cai 11,3% em 2015"},"content":{"rendered":"<p style=\"text-align: justify;\">Empresas querem superar crise no j\u00e1 dif\u00edcil 2016<\/p>\n<p style=\"text-align: justify;\">Segundo a Federa\u00e7\u00e3o dos Concession\u00e1rios (Fenabrave), em 2015 foram emplacados pouco mais de 2,5 milh\u00f5es de ve\u00edculos zero quil\u00f4metro. O levantamento leva em conta carros, caminh\u00f5es e \u00f4nibus. Isso quer dizer que o pa\u00eds deixou de vender quase um milh\u00e3o de ve\u00edculos. A conclus\u00e3o \u00e9 um comparativo com o ano anterior, totalizando uma queda de 25,6% nas vendas. \u00c9 a primeira vez que o pa\u00eds n\u00e3o vende mais de 3 milh\u00f5es de unidades e o pior resultado desde 2007.<\/p>\n<p style=\"text-align: justify;\">Em Rio Branco, o Sindicato do Com\u00e9rcio Varejista de Ve\u00edculos (Sinvvea) j\u00e1 fez um levantamento das vendas dos autom\u00f3veis e caminhonetes. A queda em 2015 foi de 11,38%. O preju\u00edzo foi menor que no \u00e2mbito nacional, mas n\u00e3o deixa de preocupar os empres\u00e1rios do setor. \u201cA tend\u00eancia estat\u00edstica \u00e9 que continue caindo porque est\u00e1 acontecendo uma queda no volume de ve\u00edculos vendidos. Pra se ter ideia em janeiro de 2015, foi 150% superior ao volume vendido em dezembro e isso \u00e9 um fator muito preocupante\u201d, disse o presidente do Sinvvea, Leandro Domingos.<\/p>\n<p style=\"text-align: justify;\">A queda nas vendas na capital se acentuou no segundo semestre do ano passado. Em rela\u00e7\u00e3o ao ano anterior, o faturamento das concession\u00e1rias caiu 31%. Para os empres\u00e1rios, o desenrolar da pol\u00edtica dar\u00e1 o tom do cen\u00e1rio econ\u00f4mico deste ano. \u201cPara as montadoras, enquanto n\u00e3o se resolver a crise pol\u00edtica n\u00e3o se resolve a crise econ\u00f4mica. Ent\u00e3o esperamos uma defini\u00e7\u00e3o ainda no primeiro trimestre\u201d, concluiu Domingos.<\/p>\n<p style=\"text-align: justify;\">A expectativa para 2016 n\u00e3o \u00e9 otimista. O setor espera ao menos manter os n\u00fameros de 2015.<\/p>\n","protected":false},"excerpt":{"rendered":"<p style=\"text-align: justify;\">Empresas querem superar crise no j\u00e1 dif\u00edcil 2016<\/p>\n","protected":false},"author":4,"featured_media":20477,"comment_status":"open","ping_status":"open","sticky":false,"template":"","format":"standard","meta":{"jnews-multi-image_gallery":[],"jnews_single_post":[],"jnews_primary_category":[],"jnews_social_meta":[],"jnews_review":[],"enable_review":"","type":"","name":"","summary":"","brand":"","sku":"","good":[],"bad":[],"score_override":"","override_value":"","rating":[],"price":[],"footnotes":""},"categories":[54],"tags":[],"class_list":["post-20478","post","type-post","status-publish","format-standard","has-post-thumbnail","hentry","category-cotidiano"],"yoast_head":"<!-- This site is optimized with the Yoast SEO plugin v26.5 - https:\/\/yoast.com\/wordpress\/plugins\/seo\/ -->\n<title>Venda de ve\u00edculos em Rio Branco cai 11,3% em 2015 - Agazeta.net<\/title>\n<meta name=\"robots\" content=\"index, follow, max-snippet:-1, max-image-preview:large, max-video-preview:-1\" \/>\n<link rel=\"canonical\" href=\"https:\/\/nk7-testes.com.br\/agazeta\/venda-de-veiculos-em-rio-branco-cai-11-3-em-2015\/\" \/>\n<meta property=\"og:locale\" content=\"pt_BR\" \/>\n<meta property=\"og:type\" content=\"article\" \/>\n<meta property=\"og:title\" content=\"Venda de ve\u00edculos em Rio Branco cai 11,3% em 2015 - Agazeta.net\" \/>\n<meta property=\"og:description\" content=\"Empresas querem superar crise no j\u00e1 dif\u00edcil 2016\" \/>\n<meta property=\"og:url\" content=\"https:\/\/nk7-testes.com.br\/agazeta\/venda-de-veiculos-em-rio-branco-cai-11-3-em-2015\/\" \/>\n<meta property=\"og:site_name\" content=\"Agazeta.net\" \/>\n<meta property=\"article:published_time\" content=\"2016-01-07T22:48:54+00:00\" \/>\n<meta property=\"og:image\" content=\"https:\/\/nk7-testes.com.br\/agazeta\/wp-content\/uploads\/2016\/01\/070116-cotidiano-carros-tvgazeta.jpg\" \/>\n\t<meta property=\"og:image:width\" content=\"458\" \/>\n\t<meta property=\"og:image:height\" content=\"340\" \/>\n\t<meta property=\"og:image:type\" content=\"image\/jpeg\" \/>\n<meta name=\"author\" content=\"Agazeta.Net\" \/>\n<meta name=\"twitter:card\" content=\"summary_large_image\" \/>\n<meta name=\"twitter:label1\" content=\"Escrito por\" \/>\n\t<meta name=\"twitter:data1\" content=\"Agazeta.Net\" \/>\n\t<meta name=\"twitter:label2\" content=\"Est. tempo de leitura\" \/>\n\t<meta name=\"twitter:data2\" content=\"1 minuto\" \/>\n<script type=\"application\/ld+json\" class=\"yoast-schema-graph\">{\"@context\":\"https:\/\/schema.org\",\"@graph\":[{\"@type\":\"WebPage\",\"@id\":\"https:\/\/nk7-testes.com.br\/agazeta\/venda-de-veiculos-em-rio-branco-cai-11-3-em-2015\/\",\"url\":\"https:\/\/nk7-testes.com.br\/agazeta\/venda-de-veiculos-em-rio-branco-cai-11-3-em-2015\/\",\"name\":\"Venda de ve\u00edculos em Rio Branco cai 11,3% em 2015 - Agazeta.net\",\"isPartOf\":{\"@id\":\"https:\/\/nk7-testes.com.br\/agazeta\/#website\"},\"primaryImageOfPage\":{\"@id\":\"https:\/\/nk7-testes.com.br\/agazeta\/venda-de-veiculos-em-rio-branco-cai-11-3-em-2015\/#primaryimage\"},\"image\":{\"@id\":\"https:\/\/nk7-testes.com.br\/agazeta\/venda-de-veiculos-em-rio-branco-cai-11-3-em-2015\/#primaryimage\"},\"thumbnailUrl\":\"https:\/\/nk7-testes.com.br\/agazeta\/wp-content\/uploads\/2016\/01\/070116-cotidiano-carros-tvgazeta.jpg\",\"datePublished\":\"2016-01-07T22:48:54+00:00\",\"author\":{\"@id\":\"https:\/\/nk7-testes.com.br\/agazeta\/#\/schema\/person\/6d6e25cb0435eb4a02fd44d30b4e3020\"},\"breadcrumb\":{\"@id\":\"https:\/\/nk7-testes.com.br\/agazeta\/venda-de-veiculos-em-rio-branco-cai-11-3-em-2015\/#breadcrumb\"},\"inLanguage\":\"pt-BR\",\"potentialAction\":[{\"@type\":\"ReadAction\",\"target\":[\"https:\/\/nk7-testes.com.br\/agazeta\/venda-de-veiculos-em-rio-branco-cai-11-3-em-2015\/\"]}]},{\"@type\":\"ImageObject\",\"inLanguage\":\"pt-BR\",\"@id\":\"https:\/\/nk7-testes.com.br\/agazeta\/venda-de-veiculos-em-rio-branco-cai-11-3-em-2015\/#primaryimage\",\"url\":\"https:\/\/nk7-testes.com.br\/agazeta\/wp-content\/uploads\/2016\/01\/070116-cotidiano-carros-tvgazeta.jpg\",\"contentUrl\":\"https:\/\/nk7-testes.com.br\/agazeta\/wp-content\/uploads\/2016\/01\/070116-cotidiano-carros-tvgazeta.jpg\",\"width\":458,\"height\":340,\"caption\":\"070116-cotidiano-carros-tvgazeta\"},{\"@type\":\"BreadcrumbList\",\"@id\":\"https:\/\/nk7-testes.com.br\/agazeta\/venda-de-veiculos-em-rio-branco-cai-11-3-em-2015\/#breadcrumb\",\"itemListElement\":[{\"@type\":\"ListItem\",\"position\":1,\"name\":\"In\u00edcio\",\"item\":\"https:\/\/nk7-testes.com.br\/agazeta\/\"},{\"@type\":\"ListItem\",\"position\":2,\"name\":\"Venda de ve\u00edculos em Rio Branco cai 11,3% em 2015\"}]},{\"@type\":\"WebSite\",\"@id\":\"https:\/\/nk7-testes.com.br\/agazeta\/#website\",\"url\":\"https:\/\/nk7-testes.com.br\/agazeta\/\",\"name\":\"Agazeta.net\",\"description\":\"Agazeta.net - Not\u00edcias de Rio Branco\/AC\",\"potentialAction\":[{\"@type\":\"SearchAction\",\"target\":{\"@type\":\"EntryPoint\",\"urlTemplate\":\"https:\/\/nk7-testes.com.br\/agazeta\/?s={search_term_string}\"},\"query-input\":{\"@type\":\"PropertyValueSpecification\",\"valueRequired\":true,\"valueName\":\"search_term_string\"}}],\"inLanguage\":\"pt-BR\"},{\"@type\":\"Person\",\"@id\":\"https:\/\/nk7-testes.com.br\/agazeta\/#\/schema\/person\/6d6e25cb0435eb4a02fd44d30b4e3020\",\"name\":\"Agazeta.Net\",\"url\":\"https:\/\/nk7-testes.com.br\/agazeta\/author\/agazeta\/\"}]}<\/script>\n<!-- \/ Yoast SEO plugin. -->","yoast_head_json":{"title":"Venda de ve\u00edculos em Rio Branco cai 11,3% em 2015 - Agazeta.net","robots":{"index":"index","follow":"follow","max-snippet":"max-snippet:-1","max-image-preview":"max-image-preview:large","max-video-preview":"max-video-preview:-1"},"canonical":"https:\/\/nk7-testes.com.br\/agazeta\/venda-de-veiculos-em-rio-branco-cai-11-3-em-2015\/","og_locale":"pt_BR","og_type":"article","og_title":"Venda de ve\u00edculos em Rio Branco cai 11,3% em 2015 - Agazeta.net","og_description":"Empresas querem superar crise no j\u00e1 dif\u00edcil 2016","og_url":"https:\/\/nk7-testes.com.br\/agazeta\/venda-de-veiculos-em-rio-branco-cai-11-3-em-2015\/","og_site_name":"Agazeta.net","article_published_time":"2016-01-07T22:48:54+00:00","og_image":[{"width":458,"height":340,"url":"https:\/\/nk7-testes.com.br\/agazeta\/wp-content\/uploads\/2016\/01\/070116-cotidiano-carros-tvgazeta.jpg","type":"image\/jpeg"}],"author":"Agazeta.Net","twitter_card":"summary_large_image","twitter_misc":{"Escrito por":"Agazeta.Net","Est. tempo de leitura":"1 minuto"},"schema":{"@context":"https:\/\/schema.org","@graph":[{"@type":"WebPage","@id":"https:\/\/nk7-testes.com.br\/agazeta\/venda-de-veiculos-em-rio-branco-cai-11-3-em-2015\/","url":"https:\/\/nk7-testes.com.br\/agazeta\/venda-de-veiculos-em-rio-branco-cai-11-3-em-2015\/","name":"Venda de ve\u00edculos em Rio Branco cai 11,3% em 2015 - Agazeta.net","isPartOf":{"@id":"https:\/\/nk7-testes.com.br\/agazeta\/#website"},"primaryImageOfPage":{"@id":"https:\/\/nk7-testes.com.br\/agazeta\/venda-de-veiculos-em-rio-branco-cai-11-3-em-2015\/#primaryimage"},"image":{"@id":"https:\/\/nk7-testes.com.br\/agazeta\/venda-de-veiculos-em-rio-branco-cai-11-3-em-2015\/#primaryimage"},"thumbnailUrl":"https:\/\/nk7-testes.com.br\/agazeta\/wp-content\/uploads\/2016\/01\/070116-cotidiano-carros-tvgazeta.jpg","datePublished":"2016-01-07T22:48:54+00:00","author":{"@id":"https:\/\/nk7-testes.com.br\/agazeta\/#\/schema\/person\/6d6e25cb0435eb4a02fd44d30b4e3020"},"breadcrumb":{"@id":"https:\/\/nk7-testes.com.br\/agazeta\/venda-de-veiculos-em-rio-branco-cai-11-3-em-2015\/#breadcrumb"},"inLanguage":"pt-BR","potentialAction":[{"@type":"ReadAction","target":["https:\/\/nk7-testes.com.br\/agazeta\/venda-de-veiculos-em-rio-branco-cai-11-3-em-2015\/"]}]},{"@type":"ImageObject","inLanguage":"pt-BR","@id":"https:\/\/nk7-testes.com.br\/agazeta\/venda-de-veiculos-em-rio-branco-cai-11-3-em-2015\/#primaryimage","url":"https:\/\/nk7-testes.com.br\/agazeta\/wp-content\/uploads\/2016\/01\/070116-cotidiano-carros-tvgazeta.jpg","contentUrl":"https:\/\/nk7-testes.com.br\/agazeta\/wp-content\/uploads\/2016\/01\/070116-cotidiano-carros-tvgazeta.jpg","width":458,"height":340,"caption":"070116-cotidiano-carros-tvgazeta"},{"@type":"BreadcrumbList","@id":"https:\/\/nk7-testes.com.br\/agazeta\/venda-de-veiculos-em-rio-branco-cai-11-3-em-2015\/#breadcrumb","itemListElement":[{"@type":"ListItem","position":1,"name":"In\u00edcio","item":"https:\/\/nk7-testes.com.br\/agazeta\/"},{"@type":"ListItem","position":2,"name":"Venda de ve\u00edculos em Rio Branco cai 11,3% em 2015"}]},{"@type":"WebSite","@id":"https:\/\/nk7-testes.com.br\/agazeta\/#website","url":"https:\/\/nk7-testes.com.br\/agazeta\/","name":"Agazeta.net","description":"Agazeta.net - Not\u00edcias de Rio Branco\/AC","potentialAction":[{"@type":"SearchAction","target":{"@type":"EntryPoint","urlTemplate":"https:\/\/nk7-testes.com.br\/agazeta\/?s={search_term_string}"},"query-input":{"@type":"PropertyValueSpecification","valueRequired":true,"valueName":"search_term_string"}}],"inLanguage":"pt-BR"},{"@type":"Person","@id":"https:\/\/nk7-testes.com.br\/agazeta\/#\/schema\/person\/6d6e25cb0435eb4a02fd44d30b4e3020","name":"Agazeta.Net","url":"https:\/\/nk7-testes.com.br\/agazeta\/author\/agazeta\/"}]}},"_links":{"self":[{"href":"https:\/\/nk7-testes.com.br\/agazeta\/wp-json\/wp\/v2\/posts\/20478","targetHints":{"allow":["GET"]}}],"collection":[{"href":"https:\/\/nk7-testes.com.br\/agazeta\/wp-json\/wp\/v2\/posts"}],"about":[{"href":"https:\/\/nk7-testes.com.br\/agazeta\/wp-json\/wp\/v2\/types\/post"}],"author":[{"embeddable":true,"href":"https:\/\/nk7-testes.com.br\/agazeta\/wp-json\/wp\/v2\/users\/4"}],"replies":[{"embeddable":true,"href":"https:\/\/nk7-testes.com.br\/agazeta\/wp-json\/wp\/v2\/comments?post=20478"}],"version-history":[{"count":0,"href":"https:\/\/nk7-testes.com.br\/agazeta\/wp-json\/wp\/v2\/posts\/20478\/revisions"}],"wp:featuredmedia":[{"embeddable":true,"href":"https:\/\/nk7-testes.com.br\/agazeta\/wp-json\/wp\/v2\/media\/20477"}],"wp:attachment":[{"href":"https:\/\/nk7-testes.com.br\/agazeta\/wp-json\/wp\/v2\/media?parent=20478"}],"wp:term":[{"taxonomy":"category","embeddable":true,"href":"https:\/\/nk7-testes.com.br\/agazeta\/wp-json\/wp\/v2\/categories?post=20478"},{"taxonomy":"post_tag","embeddable":true,"href":"https:\/\/nk7-testes.com.br\/agazeta\/wp-json\/wp\/v2\/tags?post=20478"}],"curies":[{"name":"wp","href":"https:\/\/api.w.org\/{rel}","templated":true}]}}