{"id":20473,"date":"2016-01-06T23:39:23","date_gmt":"2016-01-06T23:39:23","guid":{"rendered":"https:\/\/abarevegan.com.br\/index.php\/2016\/01\/06\/acre-aumenta-em-60-numero-de-focos-de-calor\/"},"modified":"2016-01-06T23:39:23","modified_gmt":"2016-01-06T23:39:23","slug":"acre-aumenta-em-60-numero-de-focos-de-calor","status":"publish","type":"post","link":"https:\/\/nk7-testes.com.br\/agazeta\/acre-aumenta-em-60-numero-de-focos-de-calor\/","title":{"rendered":"Acre aumenta em 60% n\u00famero de focos de calor"},"content":{"rendered":"<p style=\"text-align: justify;\">Dados do Inpe s\u00e3o referentes a 2015<\/p>\n<p style=\"text-align: justify;\">Segundo pesquisa do Instituto Nacional de Pesquisas Espaciais o Inpe, o Brasil teve aumento de 27,5% no n\u00famero de queimadas. O Acre tamb\u00e9m registrou aumento de 60% no n\u00famero de focos de queimadas em 2015.<\/p>\n<p style=\"text-align: justify;\">Desde que a pesquisa iniciou em 1999, o Brasil teve o segundo pior ano da s\u00e9rie hist\u00f3rica no n\u00famero de queimadas. O levantamento feito pelo Inpe revelou que foram detectados 235 mil pontos de calor no pa\u00eds em 2015, contra 184 mil registrados em 2014. O aumento foi de 27,5%.<\/p>\n<p style=\"text-align: justify;\">Para pesquisadores do instituto, fatores como tempo seco, falta de fiscaliza\u00e7\u00e3o e aumento do desmatamento contribu\u00edram para esse resultado. O Estado do Par\u00e1 foi o campe\u00e3o de focos de inc\u00eandio, logo atr\u00e1s est\u00e3o os Estados do Mato Grosso e Maranh\u00e3o.<\/p>\n<p style=\"text-align: justify;\">Em 2015, no Acre, o n\u00famero de focos de queimadas aumentou 60% em rela\u00e7\u00e3o ao ano anterior. Em 2014 foram registrados 3900 focos de calor em 2015, foram 5400. Para a Secretaria de Meio Ambiente, o aumento est\u00e1 relacionado a estiagem prolongada provocado pelo fen\u00f4meno El Ninho.<\/p>\n<p style=\"text-align: justify;\">Segundo o Secret\u00e1rio Edgard de Deus, o ano de 2015 foi at\u00edpico, mas mesmo assim, os resultados do levantamento do Inpe, deixam, o Acre em uma situa\u00e7\u00e3o mais confort\u00e1vel que os demais estados da Amaz\u00f4nia legal. A sustenta\u00e7\u00e3o leva em conta que dos 9 estados, o Acre ficou em 7\u00ba lugar no ranking dos focos de queimadas.<\/p>\n<p style=\"text-align: justify;\">\u201cN\u00f3s s\u00f3 produzimos 3,3% de toda queimada que aconteceu na Amaz\u00f4nia. Os outros 94% est\u00e3o concentrados em seis estados, principalmente Par\u00e1, Maranh\u00e3o, Mato Grosso e Rond\u00f4nia, ent\u00e3o \u00e9 uma situa\u00e7\u00e3o bastante confort\u00e1vel\u201d, disse.<\/p>\n<p style=\"text-align: justify;\">A alta taxa de desmatamento da Amaz\u00f4nia \u00e9 apontada pelo Inpe, como um dos fatores fundamentais para o aumento dos focos. A esse respeito, o secret\u00e1rio explica que o Acre reduziu de 309 Km 2 para 279 Km 2 a \u00e1rea desmatada, totalizando 10% de redu\u00e7\u00e3o.<\/p>\n<p style=\"text-align: justify;\">Segundo ele, a meta \u00e9 zerar o desmatamento, para isso, alternativas sustent\u00e1veis ser\u00e3o garantidas principalmente aos pequenos produtores rurais, respons\u00e1veis por 90% das \u00e1reas desmatadas. \u201cN\u00f3s temos o compromisso com o Brasil de reduzir o desmatamento ilegal a zero at\u00e9 2020\u201d, concluiu.<\/p>\n","protected":false},"excerpt":{"rendered":"<p style=\"text-align: justify;\">Dados do Inpe s\u00e3o referentes a 2015<\/p>\n","protected":false},"author":4,"featured_media":20472,"comment_status":"open","ping_status":"open","sticky":false,"template":"","format":"standard","meta":{"jnews-multi-image_gallery":[],"jnews_single_post":[],"jnews_primary_category":[],"jnews_social_meta":[],"jnews_review":[],"enable_review":"","type":"","name":"","summary":"","brand":"","sku":"","good":[],"bad":[],"score_override":"","override_value":"","rating":[],"price":[],"footnotes":""},"categories":[54],"tags":[],"class_list":["post-20473","post","type-post","status-publish","format-standard","has-post-thumbnail","hentry","category-cotidiano"],"yoast_head":"<!-- This site is optimized with the Yoast SEO plugin v26.5 - https:\/\/yoast.com\/wordpress\/plugins\/seo\/ -->\n<title>Acre aumenta em 60% n\u00famero de focos de calor - Agazeta.net<\/title>\n<meta name=\"robots\" content=\"index, follow, max-snippet:-1, max-image-preview:large, max-video-preview:-1\" \/>\n<link rel=\"canonical\" href=\"https:\/\/nk7-testes.com.br\/agazeta\/acre-aumenta-em-60-numero-de-focos-de-calor\/\" \/>\n<meta property=\"og:locale\" content=\"pt_BR\" \/>\n<meta property=\"og:type\" content=\"article\" \/>\n<meta property=\"og:title\" content=\"Acre aumenta em 60% n\u00famero de focos de calor - Agazeta.net\" \/>\n<meta property=\"og:description\" content=\"Dados do Inpe s\u00e3o referentes a 2015\" \/>\n<meta property=\"og:url\" content=\"https:\/\/nk7-testes.com.br\/agazeta\/acre-aumenta-em-60-numero-de-focos-de-calor\/\" \/>\n<meta property=\"og:site_name\" content=\"Agazeta.net\" \/>\n<meta property=\"article:published_time\" content=\"2016-01-06T23:39:23+00:00\" \/>\n<meta property=\"og:image\" content=\"https:\/\/nk7-testes.com.br\/agazeta\/wp-content\/uploads\/2016\/01\/100815-cotidiano-queimadas-tvgazeta2.jpg\" \/>\n\t<meta property=\"og:image:width\" content=\"458\" \/>\n\t<meta property=\"og:image:height\" content=\"340\" \/>\n\t<meta property=\"og:image:type\" content=\"image\/jpeg\" \/>\n<meta name=\"author\" content=\"Agazeta.Net\" \/>\n<meta name=\"twitter:card\" content=\"summary_large_image\" \/>\n<meta name=\"twitter:label1\" content=\"Escrito por\" \/>\n\t<meta name=\"twitter:data1\" content=\"Agazeta.Net\" \/>\n\t<meta name=\"twitter:label2\" content=\"Est. tempo de leitura\" \/>\n\t<meta name=\"twitter:data2\" content=\"2 minutos\" \/>\n<script type=\"application\/ld+json\" class=\"yoast-schema-graph\">{\"@context\":\"https:\/\/schema.org\",\"@graph\":[{\"@type\":\"WebPage\",\"@id\":\"https:\/\/nk7-testes.com.br\/agazeta\/acre-aumenta-em-60-numero-de-focos-de-calor\/\",\"url\":\"https:\/\/nk7-testes.com.br\/agazeta\/acre-aumenta-em-60-numero-de-focos-de-calor\/\",\"name\":\"Acre aumenta em 60% n\u00famero de focos de calor - Agazeta.net\",\"isPartOf\":{\"@id\":\"https:\/\/nk7-testes.com.br\/agazeta\/#website\"},\"primaryImageOfPage\":{\"@id\":\"https:\/\/nk7-testes.com.br\/agazeta\/acre-aumenta-em-60-numero-de-focos-de-calor\/#primaryimage\"},\"image\":{\"@id\":\"https:\/\/nk7-testes.com.br\/agazeta\/acre-aumenta-em-60-numero-de-focos-de-calor\/#primaryimage\"},\"thumbnailUrl\":\"https:\/\/nk7-testes.com.br\/agazeta\/wp-content\/uploads\/2016\/01\/100815-cotidiano-queimadas-tvgazeta2.jpg\",\"datePublished\":\"2016-01-06T23:39:23+00:00\",\"author\":{\"@id\":\"https:\/\/nk7-testes.com.br\/agazeta\/#\/schema\/person\/6d6e25cb0435eb4a02fd44d30b4e3020\"},\"breadcrumb\":{\"@id\":\"https:\/\/nk7-testes.com.br\/agazeta\/acre-aumenta-em-60-numero-de-focos-de-calor\/#breadcrumb\"},\"inLanguage\":\"pt-BR\",\"potentialAction\":[{\"@type\":\"ReadAction\",\"target\":[\"https:\/\/nk7-testes.com.br\/agazeta\/acre-aumenta-em-60-numero-de-focos-de-calor\/\"]}]},{\"@type\":\"ImageObject\",\"inLanguage\":\"pt-BR\",\"@id\":\"https:\/\/nk7-testes.com.br\/agazeta\/acre-aumenta-em-60-numero-de-focos-de-calor\/#primaryimage\",\"url\":\"https:\/\/nk7-testes.com.br\/agazeta\/wp-content\/uploads\/2016\/01\/100815-cotidiano-queimadas-tvgazeta2.jpg\",\"contentUrl\":\"https:\/\/nk7-testes.com.br\/agazeta\/wp-content\/uploads\/2016\/01\/100815-cotidiano-queimadas-tvgazeta2.jpg\",\"width\":458,\"height\":340,\"caption\":\"100815-cotidiano-queimadas-tvgazeta2\"},{\"@type\":\"BreadcrumbList\",\"@id\":\"https:\/\/nk7-testes.com.br\/agazeta\/acre-aumenta-em-60-numero-de-focos-de-calor\/#breadcrumb\",\"itemListElement\":[{\"@type\":\"ListItem\",\"position\":1,\"name\":\"In\u00edcio\",\"item\":\"https:\/\/nk7-testes.com.br\/agazeta\/\"},{\"@type\":\"ListItem\",\"position\":2,\"name\":\"Acre aumenta em 60% n\u00famero de focos de calor\"}]},{\"@type\":\"WebSite\",\"@id\":\"https:\/\/nk7-testes.com.br\/agazeta\/#website\",\"url\":\"https:\/\/nk7-testes.com.br\/agazeta\/\",\"name\":\"Agazeta.net\",\"description\":\"Agazeta.net - Not\u00edcias de Rio Branco\/AC\",\"potentialAction\":[{\"@type\":\"SearchAction\",\"target\":{\"@type\":\"EntryPoint\",\"urlTemplate\":\"https:\/\/nk7-testes.com.br\/agazeta\/?s={search_term_string}\"},\"query-input\":{\"@type\":\"PropertyValueSpecification\",\"valueRequired\":true,\"valueName\":\"search_term_string\"}}],\"inLanguage\":\"pt-BR\"},{\"@type\":\"Person\",\"@id\":\"https:\/\/nk7-testes.com.br\/agazeta\/#\/schema\/person\/6d6e25cb0435eb4a02fd44d30b4e3020\",\"name\":\"Agazeta.Net\",\"url\":\"https:\/\/nk7-testes.com.br\/agazeta\/author\/agazeta\/\"}]}<\/script>\n<!-- \/ Yoast SEO plugin. -->","yoast_head_json":{"title":"Acre aumenta em 60% n\u00famero de focos de calor - Agazeta.net","robots":{"index":"index","follow":"follow","max-snippet":"max-snippet:-1","max-image-preview":"max-image-preview:large","max-video-preview":"max-video-preview:-1"},"canonical":"https:\/\/nk7-testes.com.br\/agazeta\/acre-aumenta-em-60-numero-de-focos-de-calor\/","og_locale":"pt_BR","og_type":"article","og_title":"Acre aumenta em 60% n\u00famero de focos de calor - Agazeta.net","og_description":"Dados do Inpe s\u00e3o referentes a 2015","og_url":"https:\/\/nk7-testes.com.br\/agazeta\/acre-aumenta-em-60-numero-de-focos-de-calor\/","og_site_name":"Agazeta.net","article_published_time":"2016-01-06T23:39:23+00:00","og_image":[{"width":458,"height":340,"url":"https:\/\/nk7-testes.com.br\/agazeta\/wp-content\/uploads\/2016\/01\/100815-cotidiano-queimadas-tvgazeta2.jpg","type":"image\/jpeg"}],"author":"Agazeta.Net","twitter_card":"summary_large_image","twitter_misc":{"Escrito por":"Agazeta.Net","Est. tempo de leitura":"2 minutos"},"schema":{"@context":"https:\/\/schema.org","@graph":[{"@type":"WebPage","@id":"https:\/\/nk7-testes.com.br\/agazeta\/acre-aumenta-em-60-numero-de-focos-de-calor\/","url":"https:\/\/nk7-testes.com.br\/agazeta\/acre-aumenta-em-60-numero-de-focos-de-calor\/","name":"Acre aumenta em 60% n\u00famero de focos de calor - Agazeta.net","isPartOf":{"@id":"https:\/\/nk7-testes.com.br\/agazeta\/#website"},"primaryImageOfPage":{"@id":"https:\/\/nk7-testes.com.br\/agazeta\/acre-aumenta-em-60-numero-de-focos-de-calor\/#primaryimage"},"image":{"@id":"https:\/\/nk7-testes.com.br\/agazeta\/acre-aumenta-em-60-numero-de-focos-de-calor\/#primaryimage"},"thumbnailUrl":"https:\/\/nk7-testes.com.br\/agazeta\/wp-content\/uploads\/2016\/01\/100815-cotidiano-queimadas-tvgazeta2.jpg","datePublished":"2016-01-06T23:39:23+00:00","author":{"@id":"https:\/\/nk7-testes.com.br\/agazeta\/#\/schema\/person\/6d6e25cb0435eb4a02fd44d30b4e3020"},"breadcrumb":{"@id":"https:\/\/nk7-testes.com.br\/agazeta\/acre-aumenta-em-60-numero-de-focos-de-calor\/#breadcrumb"},"inLanguage":"pt-BR","potentialAction":[{"@type":"ReadAction","target":["https:\/\/nk7-testes.com.br\/agazeta\/acre-aumenta-em-60-numero-de-focos-de-calor\/"]}]},{"@type":"ImageObject","inLanguage":"pt-BR","@id":"https:\/\/nk7-testes.com.br\/agazeta\/acre-aumenta-em-60-numero-de-focos-de-calor\/#primaryimage","url":"https:\/\/nk7-testes.com.br\/agazeta\/wp-content\/uploads\/2016\/01\/100815-cotidiano-queimadas-tvgazeta2.jpg","contentUrl":"https:\/\/nk7-testes.com.br\/agazeta\/wp-content\/uploads\/2016\/01\/100815-cotidiano-queimadas-tvgazeta2.jpg","width":458,"height":340,"caption":"100815-cotidiano-queimadas-tvgazeta2"},{"@type":"BreadcrumbList","@id":"https:\/\/nk7-testes.com.br\/agazeta\/acre-aumenta-em-60-numero-de-focos-de-calor\/#breadcrumb","itemListElement":[{"@type":"ListItem","position":1,"name":"In\u00edcio","item":"https:\/\/nk7-testes.com.br\/agazeta\/"},{"@type":"ListItem","position":2,"name":"Acre aumenta em 60% n\u00famero de focos de calor"}]},{"@type":"WebSite","@id":"https:\/\/nk7-testes.com.br\/agazeta\/#website","url":"https:\/\/nk7-testes.com.br\/agazeta\/","name":"Agazeta.net","description":"Agazeta.net - Not\u00edcias de Rio Branco\/AC","potentialAction":[{"@type":"SearchAction","target":{"@type":"EntryPoint","urlTemplate":"https:\/\/nk7-testes.com.br\/agazeta\/?s={search_term_string}"},"query-input":{"@type":"PropertyValueSpecification","valueRequired":true,"valueName":"search_term_string"}}],"inLanguage":"pt-BR"},{"@type":"Person","@id":"https:\/\/nk7-testes.com.br\/agazeta\/#\/schema\/person\/6d6e25cb0435eb4a02fd44d30b4e3020","name":"Agazeta.Net","url":"https:\/\/nk7-testes.com.br\/agazeta\/author\/agazeta\/"}]}},"_links":{"self":[{"href":"https:\/\/nk7-testes.com.br\/agazeta\/wp-json\/wp\/v2\/posts\/20473","targetHints":{"allow":["GET"]}}],"collection":[{"href":"https:\/\/nk7-testes.com.br\/agazeta\/wp-json\/wp\/v2\/posts"}],"about":[{"href":"https:\/\/nk7-testes.com.br\/agazeta\/wp-json\/wp\/v2\/types\/post"}],"author":[{"embeddable":true,"href":"https:\/\/nk7-testes.com.br\/agazeta\/wp-json\/wp\/v2\/users\/4"}],"replies":[{"embeddable":true,"href":"https:\/\/nk7-testes.com.br\/agazeta\/wp-json\/wp\/v2\/comments?post=20473"}],"version-history":[{"count":0,"href":"https:\/\/nk7-testes.com.br\/agazeta\/wp-json\/wp\/v2\/posts\/20473\/revisions"}],"wp:featuredmedia":[{"embeddable":true,"href":"https:\/\/nk7-testes.com.br\/agazeta\/wp-json\/wp\/v2\/media\/20472"}],"wp:attachment":[{"href":"https:\/\/nk7-testes.com.br\/agazeta\/wp-json\/wp\/v2\/media?parent=20473"}],"wp:term":[{"taxonomy":"category","embeddable":true,"href":"https:\/\/nk7-testes.com.br\/agazeta\/wp-json\/wp\/v2\/categories?post=20473"},{"taxonomy":"post_tag","embeddable":true,"href":"https:\/\/nk7-testes.com.br\/agazeta\/wp-json\/wp\/v2\/tags?post=20473"}],"curies":[{"name":"wp","href":"https:\/\/api.w.org\/{rel}","templated":true}]}}