{"id":20471,"date":"2016-01-06T23:34:01","date_gmt":"2016-01-06T23:34:01","guid":{"rendered":"https:\/\/abarevegan.com.br\/index.php\/2016\/01\/06\/perdas-dramaticas-diz-fecomercio-sobre-feriados\/"},"modified":"2016-01-06T23:34:01","modified_gmt":"2016-01-06T23:34:01","slug":"perdas-dramaticas-diz-fecomercio-sobre-feriados","status":"publish","type":"post","link":"https:\/\/nk7-testes.com.br\/agazeta\/perdas-dramaticas-diz-fecomercio-sobre-feriados\/","title":{"rendered":"\u201cPerdas dram\u00e1ticas\u201d, diz Fecomercio sobre feriados"},"content":{"rendered":"<p>Em todo pa\u00eds, as perdas alcan\u00e7am R$ 55 bi<\/p>\n<p>O primeiro dia do ano foi feriado nacional. Al\u00e9m dele, os brasileiros ter\u00e3o mais 8 dias para n\u00e3o fazer nada. Por ironia, o 1\u00ba de maio, dia do trabalhador vai cair num domingo. O natal, 25 de dezembro, tamb\u00e9m n\u00e3o ser\u00e1 comemorado em dia de semana. Mas n\u00e3o p\u00e1ra por a\u00ed. Cada cidade e estado tamb\u00e9m t\u00eam seus feriados.<\/p>\n<p>No Acre, o primeiro feriado estadual acontece em 23 de janeiro, dia do evang\u00e9lico, e este ano ser\u00e1 comemorado num s\u00e1bado. Outra data sem expediente \u00e9 dia do anivers\u00e1rio do Estado, 15 de junho, que vai cair&nbsp; numa quarta-feira.<\/p>\n<p>Para a felicidade de muitos, em 5 de setembro, o dia da Amaz\u00f4nia,&nbsp; tamb\u00e9m feriado estadual, ser\u00e1 comemorado numa segunda-feira. Oportunidade para esticar o descanso.<\/p>\n<p>For esses, existem os feriados da Assinatura do tratado de Petr\u00f3polis, que em 2016 ser\u00e1 celebrado na quinta-feira do dia 17 de novembro e o in\u00edcio da Revolu\u00e7\u00e3o Acriana, de 6 de agosto, que ser\u00e1 lembrado num s\u00e1bado.<\/p>\n<p>Para a ind\u00fastria e o com\u00e9rcio, que precisam produzir e vender para obter lucro, essas datas representam preju\u00edzo.<\/p>\n<p>A Federa\u00e7\u00e3o do com\u00e9rcio n\u00e3o tem estimativa de quanto os feriados estaduais e nacionais impactam a economia do setor, o certo \u00e9 que o volume \u00e9 significativo.<\/p>\n<p>&nbsp;\u201cS\u00e3o dias que o setor produtivo deixa de faturar. Esse faturamento vai representar para as empresas redu\u00e7\u00e3o nas receitas totais e eleva\u00e7\u00e3o dos custos. Muitas empresas que precisam trabalhar no feriado tem que pagar dobrado aos seus servidores. A avalia\u00e7\u00e3o que fazemos \u00e9 dram\u00e1tica e de perdas dr\u00e1sticas\u201d, opinou o presidente da Fecomercio, Leandro Domingos.<\/p>\n<p>&nbsp;A ind\u00fastria brasileira j\u00e1 calculou o preju\u00edzo com os feriados nacionais que v\u00e3o cair em dias \u00fateis. As perdas podem chegar a ordem de R$ 55 bilh\u00f5es, o equivalente a 3,7% do Produto Interno Bruto (PIB).<\/p>\n<p>Diante da instabilidade e crise econ\u00f4mica, os setores que geram a riqueza do pa\u00eds lamentam. Enquanto as homenagens tomam o calend\u00e1rio, o pa\u00eds para.<\/p>\n","protected":false},"excerpt":{"rendered":"<p>Em todo pa\u00eds, as perdas alcan\u00e7am R$ 55 bi<\/p>\n","protected":false},"author":4,"featured_media":20470,"comment_status":"open","ping_status":"open","sticky":false,"template":"","format":"standard","meta":{"jnews-multi-image_gallery":[],"jnews_single_post":[],"jnews_primary_category":[],"jnews_social_meta":[],"jnews_review":[],"enable_review":"","type":"","name":"","summary":"","brand":"","sku":"","good":[],"bad":[],"score_override":"","override_value":"","rating":[],"price":[],"footnotes":""},"categories":[54],"tags":[],"class_list":["post-20471","post","type-post","status-publish","format-standard","has-post-thumbnail","hentry","category-cotidiano"],"yoast_head":"<!-- This site is optimized with the Yoast SEO plugin v26.5 - https:\/\/yoast.com\/wordpress\/plugins\/seo\/ -->\n<title>\u201cPerdas dram\u00e1ticas\u201d, diz Fecomercio sobre feriados - Agazeta.net<\/title>\n<meta name=\"robots\" content=\"index, follow, max-snippet:-1, max-image-preview:large, max-video-preview:-1\" \/>\n<link rel=\"canonical\" href=\"https:\/\/nk7-testes.com.br\/agazeta\/perdas-dramaticas-diz-fecomercio-sobre-feriados\/\" \/>\n<meta property=\"og:locale\" content=\"pt_BR\" \/>\n<meta property=\"og:type\" content=\"article\" \/>\n<meta property=\"og:title\" content=\"\u201cPerdas dram\u00e1ticas\u201d, diz Fecomercio sobre feriados - Agazeta.net\" \/>\n<meta property=\"og:description\" content=\"Em todo pa\u00eds, as perdas alcan\u00e7am R$ 55 bi\" \/>\n<meta property=\"og:url\" content=\"https:\/\/nk7-testes.com.br\/agazeta\/perdas-dramaticas-diz-fecomercio-sobre-feriados\/\" \/>\n<meta property=\"og:site_name\" content=\"Agazeta.net\" \/>\n<meta property=\"article:published_time\" content=\"2016-01-06T23:34:01+00:00\" \/>\n<meta property=\"og:image\" content=\"https:\/\/nk7-testes.com.br\/agazeta\/wp-content\/uploads\/2016\/01\/080915-cotidiano-comercio-tvgazeta2.jpg\" \/>\n\t<meta property=\"og:image:width\" content=\"458\" \/>\n\t<meta property=\"og:image:height\" content=\"340\" \/>\n\t<meta property=\"og:image:type\" content=\"image\/jpeg\" \/>\n<meta name=\"author\" content=\"Agazeta.Net\" \/>\n<meta name=\"twitter:card\" content=\"summary_large_image\" \/>\n<meta name=\"twitter:label1\" content=\"Escrito por\" \/>\n\t<meta name=\"twitter:data1\" content=\"Agazeta.Net\" \/>\n\t<meta name=\"twitter:label2\" content=\"Est. tempo de leitura\" \/>\n\t<meta name=\"twitter:data2\" content=\"2 minutos\" \/>\n<script type=\"application\/ld+json\" class=\"yoast-schema-graph\">{\"@context\":\"https:\/\/schema.org\",\"@graph\":[{\"@type\":\"WebPage\",\"@id\":\"https:\/\/nk7-testes.com.br\/agazeta\/perdas-dramaticas-diz-fecomercio-sobre-feriados\/\",\"url\":\"https:\/\/nk7-testes.com.br\/agazeta\/perdas-dramaticas-diz-fecomercio-sobre-feriados\/\",\"name\":\"\u201cPerdas dram\u00e1ticas\u201d, diz Fecomercio sobre feriados - Agazeta.net\",\"isPartOf\":{\"@id\":\"https:\/\/nk7-testes.com.br\/agazeta\/#website\"},\"primaryImageOfPage\":{\"@id\":\"https:\/\/nk7-testes.com.br\/agazeta\/perdas-dramaticas-diz-fecomercio-sobre-feriados\/#primaryimage\"},\"image\":{\"@id\":\"https:\/\/nk7-testes.com.br\/agazeta\/perdas-dramaticas-diz-fecomercio-sobre-feriados\/#primaryimage\"},\"thumbnailUrl\":\"https:\/\/nk7-testes.com.br\/agazeta\/wp-content\/uploads\/2016\/01\/080915-cotidiano-comercio-tvgazeta2.jpg\",\"datePublished\":\"2016-01-06T23:34:01+00:00\",\"author\":{\"@id\":\"https:\/\/nk7-testes.com.br\/agazeta\/#\/schema\/person\/6d6e25cb0435eb4a02fd44d30b4e3020\"},\"breadcrumb\":{\"@id\":\"https:\/\/nk7-testes.com.br\/agazeta\/perdas-dramaticas-diz-fecomercio-sobre-feriados\/#breadcrumb\"},\"inLanguage\":\"pt-BR\",\"potentialAction\":[{\"@type\":\"ReadAction\",\"target\":[\"https:\/\/nk7-testes.com.br\/agazeta\/perdas-dramaticas-diz-fecomercio-sobre-feriados\/\"]}]},{\"@type\":\"ImageObject\",\"inLanguage\":\"pt-BR\",\"@id\":\"https:\/\/nk7-testes.com.br\/agazeta\/perdas-dramaticas-diz-fecomercio-sobre-feriados\/#primaryimage\",\"url\":\"https:\/\/nk7-testes.com.br\/agazeta\/wp-content\/uploads\/2016\/01\/080915-cotidiano-comercio-tvgazeta2.jpg\",\"contentUrl\":\"https:\/\/nk7-testes.com.br\/agazeta\/wp-content\/uploads\/2016\/01\/080915-cotidiano-comercio-tvgazeta2.jpg\",\"width\":458,\"height\":340,\"caption\":\"080915-cotidiano-comercio-tvgazeta2\"},{\"@type\":\"BreadcrumbList\",\"@id\":\"https:\/\/nk7-testes.com.br\/agazeta\/perdas-dramaticas-diz-fecomercio-sobre-feriados\/#breadcrumb\",\"itemListElement\":[{\"@type\":\"ListItem\",\"position\":1,\"name\":\"In\u00edcio\",\"item\":\"https:\/\/nk7-testes.com.br\/agazeta\/\"},{\"@type\":\"ListItem\",\"position\":2,\"name\":\"\u201cPerdas dram\u00e1ticas\u201d, diz Fecomercio sobre feriados\"}]},{\"@type\":\"WebSite\",\"@id\":\"https:\/\/nk7-testes.com.br\/agazeta\/#website\",\"url\":\"https:\/\/nk7-testes.com.br\/agazeta\/\",\"name\":\"Agazeta.net\",\"description\":\"Agazeta.net - Not\u00edcias de Rio Branco\/AC\",\"potentialAction\":[{\"@type\":\"SearchAction\",\"target\":{\"@type\":\"EntryPoint\",\"urlTemplate\":\"https:\/\/nk7-testes.com.br\/agazeta\/?s={search_term_string}\"},\"query-input\":{\"@type\":\"PropertyValueSpecification\",\"valueRequired\":true,\"valueName\":\"search_term_string\"}}],\"inLanguage\":\"pt-BR\"},{\"@type\":\"Person\",\"@id\":\"https:\/\/nk7-testes.com.br\/agazeta\/#\/schema\/person\/6d6e25cb0435eb4a02fd44d30b4e3020\",\"name\":\"Agazeta.Net\",\"url\":\"https:\/\/nk7-testes.com.br\/agazeta\/author\/agazeta\/\"}]}<\/script>\n<!-- \/ Yoast SEO plugin. -->","yoast_head_json":{"title":"\u201cPerdas dram\u00e1ticas\u201d, diz Fecomercio sobre feriados - Agazeta.net","robots":{"index":"index","follow":"follow","max-snippet":"max-snippet:-1","max-image-preview":"max-image-preview:large","max-video-preview":"max-video-preview:-1"},"canonical":"https:\/\/nk7-testes.com.br\/agazeta\/perdas-dramaticas-diz-fecomercio-sobre-feriados\/","og_locale":"pt_BR","og_type":"article","og_title":"\u201cPerdas dram\u00e1ticas\u201d, diz Fecomercio sobre feriados - Agazeta.net","og_description":"Em todo pa\u00eds, as perdas alcan\u00e7am R$ 55 bi","og_url":"https:\/\/nk7-testes.com.br\/agazeta\/perdas-dramaticas-diz-fecomercio-sobre-feriados\/","og_site_name":"Agazeta.net","article_published_time":"2016-01-06T23:34:01+00:00","og_image":[{"width":458,"height":340,"url":"https:\/\/nk7-testes.com.br\/agazeta\/wp-content\/uploads\/2016\/01\/080915-cotidiano-comercio-tvgazeta2.jpg","type":"image\/jpeg"}],"author":"Agazeta.Net","twitter_card":"summary_large_image","twitter_misc":{"Escrito por":"Agazeta.Net","Est. tempo de leitura":"2 minutos"},"schema":{"@context":"https:\/\/schema.org","@graph":[{"@type":"WebPage","@id":"https:\/\/nk7-testes.com.br\/agazeta\/perdas-dramaticas-diz-fecomercio-sobre-feriados\/","url":"https:\/\/nk7-testes.com.br\/agazeta\/perdas-dramaticas-diz-fecomercio-sobre-feriados\/","name":"\u201cPerdas dram\u00e1ticas\u201d, diz Fecomercio sobre feriados - Agazeta.net","isPartOf":{"@id":"https:\/\/nk7-testes.com.br\/agazeta\/#website"},"primaryImageOfPage":{"@id":"https:\/\/nk7-testes.com.br\/agazeta\/perdas-dramaticas-diz-fecomercio-sobre-feriados\/#primaryimage"},"image":{"@id":"https:\/\/nk7-testes.com.br\/agazeta\/perdas-dramaticas-diz-fecomercio-sobre-feriados\/#primaryimage"},"thumbnailUrl":"https:\/\/nk7-testes.com.br\/agazeta\/wp-content\/uploads\/2016\/01\/080915-cotidiano-comercio-tvgazeta2.jpg","datePublished":"2016-01-06T23:34:01+00:00","author":{"@id":"https:\/\/nk7-testes.com.br\/agazeta\/#\/schema\/person\/6d6e25cb0435eb4a02fd44d30b4e3020"},"breadcrumb":{"@id":"https:\/\/nk7-testes.com.br\/agazeta\/perdas-dramaticas-diz-fecomercio-sobre-feriados\/#breadcrumb"},"inLanguage":"pt-BR","potentialAction":[{"@type":"ReadAction","target":["https:\/\/nk7-testes.com.br\/agazeta\/perdas-dramaticas-diz-fecomercio-sobre-feriados\/"]}]},{"@type":"ImageObject","inLanguage":"pt-BR","@id":"https:\/\/nk7-testes.com.br\/agazeta\/perdas-dramaticas-diz-fecomercio-sobre-feriados\/#primaryimage","url":"https:\/\/nk7-testes.com.br\/agazeta\/wp-content\/uploads\/2016\/01\/080915-cotidiano-comercio-tvgazeta2.jpg","contentUrl":"https:\/\/nk7-testes.com.br\/agazeta\/wp-content\/uploads\/2016\/01\/080915-cotidiano-comercio-tvgazeta2.jpg","width":458,"height":340,"caption":"080915-cotidiano-comercio-tvgazeta2"},{"@type":"BreadcrumbList","@id":"https:\/\/nk7-testes.com.br\/agazeta\/perdas-dramaticas-diz-fecomercio-sobre-feriados\/#breadcrumb","itemListElement":[{"@type":"ListItem","position":1,"name":"In\u00edcio","item":"https:\/\/nk7-testes.com.br\/agazeta\/"},{"@type":"ListItem","position":2,"name":"\u201cPerdas dram\u00e1ticas\u201d, diz Fecomercio sobre feriados"}]},{"@type":"WebSite","@id":"https:\/\/nk7-testes.com.br\/agazeta\/#website","url":"https:\/\/nk7-testes.com.br\/agazeta\/","name":"Agazeta.net","description":"Agazeta.net - Not\u00edcias de Rio Branco\/AC","potentialAction":[{"@type":"SearchAction","target":{"@type":"EntryPoint","urlTemplate":"https:\/\/nk7-testes.com.br\/agazeta\/?s={search_term_string}"},"query-input":{"@type":"PropertyValueSpecification","valueRequired":true,"valueName":"search_term_string"}}],"inLanguage":"pt-BR"},{"@type":"Person","@id":"https:\/\/nk7-testes.com.br\/agazeta\/#\/schema\/person\/6d6e25cb0435eb4a02fd44d30b4e3020","name":"Agazeta.Net","url":"https:\/\/nk7-testes.com.br\/agazeta\/author\/agazeta\/"}]}},"_links":{"self":[{"href":"https:\/\/nk7-testes.com.br\/agazeta\/wp-json\/wp\/v2\/posts\/20471","targetHints":{"allow":["GET"]}}],"collection":[{"href":"https:\/\/nk7-testes.com.br\/agazeta\/wp-json\/wp\/v2\/posts"}],"about":[{"href":"https:\/\/nk7-testes.com.br\/agazeta\/wp-json\/wp\/v2\/types\/post"}],"author":[{"embeddable":true,"href":"https:\/\/nk7-testes.com.br\/agazeta\/wp-json\/wp\/v2\/users\/4"}],"replies":[{"embeddable":true,"href":"https:\/\/nk7-testes.com.br\/agazeta\/wp-json\/wp\/v2\/comments?post=20471"}],"version-history":[{"count":0,"href":"https:\/\/nk7-testes.com.br\/agazeta\/wp-json\/wp\/v2\/posts\/20471\/revisions"}],"wp:featuredmedia":[{"embeddable":true,"href":"https:\/\/nk7-testes.com.br\/agazeta\/wp-json\/wp\/v2\/media\/20470"}],"wp:attachment":[{"href":"https:\/\/nk7-testes.com.br\/agazeta\/wp-json\/wp\/v2\/media?parent=20471"}],"wp:term":[{"taxonomy":"category","embeddable":true,"href":"https:\/\/nk7-testes.com.br\/agazeta\/wp-json\/wp\/v2\/categories?post=20471"},{"taxonomy":"post_tag","embeddable":true,"href":"https:\/\/nk7-testes.com.br\/agazeta\/wp-json\/wp\/v2\/tags?post=20471"}],"curies":[{"name":"wp","href":"https:\/\/api.w.org\/{rel}","templated":true}]}}