{"id":20434,"date":"2016-01-04T19:15:39","date_gmt":"2016-01-04T19:15:39","guid":{"rendered":"https:\/\/abarevegan.com.br\/index.php\/2016\/01\/04\/celestino-oliveira-e-nosso-presidente-da-acisa\/"},"modified":"2016-01-04T19:15:39","modified_gmt":"2016-01-04T19:15:39","slug":"celestino-oliveira-e-nosso-presidente-da-acisa","status":"publish","type":"post","link":"https:\/\/nk7-testes.com.br\/agazeta\/celestino-oliveira-e-nosso-presidente-da-acisa\/","title":{"rendered":"Celestino Oliveira \u00e9 nosso presidente da Acisa"},"content":{"rendered":"<p style=\"text-align: justify;\">Posse ser\u00e1 no pr\u00f3ximo dia 12 de janeiro<\/p>\n<p style=\"text-align: justify;\">O empres\u00e1rio Celestino Oliveira foi eleito por aclama\u00e7\u00e3o no dia 12 de dezembro, como presidente da Associa\u00e7\u00e3o Comercial e Industrial do Acre (Acisa). Ele sucede a Jurilande Arag\u00e3o, que estava \u00e0 frente da entidade, desde 2012.<\/p>\n<p style=\"text-align: justify;\">Natural de Guiratinga, estado do Mato Grosso, Celestino come\u00e7ou a trabalhar cedo e com 16 anos de idade iniciou no ramo que seria seu of\u00edcio atual. Ele foi borracheiro e poucos anos depois entrou em uma sociedade para a abertura da primeira empresa, de recapagem de pneus em Rio Branco.<\/p>\n<p style=\"text-align: justify;\">O neg\u00f3cio cresceu, a sociedade se dissolveu e desde 2009, o empres\u00e1rio administra sozinho o empreendimento.<\/p>\n<p style=\"text-align: justify;\">Celestino se considera um otimista \u00e9 ser\u00e1 essa a mensagem que pretende transmitir aos associados. Ele afirma que vai apostar em capacita\u00e7\u00e3o e treinamentos, como forma de ajudar o setor a crescer.<\/p>\n<p style=\"text-align: justify;\">\u201cO nosso foco vai ser o empresariado. \u00c9 fazer com que o setor acredite que o setor acredite e volte a acreditar na nossa associa\u00e7\u00e3o. N\u00f3s n\u00e3o temos partido. N\u00e3o somos partid\u00e1rios. Somos empres\u00e1rios e estamos aqui para trabalhar pelo empresariado\u201d, enfatizou.<\/p>\n<p style=\"text-align: justify;\">O novo presidente da Acisa assume o posto em um momento onde o pessimismo \u00e9 claro entre os empreendedores. Segundo pesquisa nacional realizada pelo Servi\u00e7o de Prote\u00e7\u00e3o ao Cr\u00e9dito, SPC Brasil, para 60% dos pequenos e micro empres\u00e1rios, o desempenho de seus neg\u00f3cios piorou nos \u00faltimos seis meses e 40% deles n\u00e3o acreditam em uma recupera\u00e7\u00e3o r\u00e1pida da economia.<\/p>\n<p style=\"text-align: justify;\">Para Celestino, ao contr\u00e1rio do que muitos pensam, essa \u00e9 a hora de investir e os empreendedores que apostam nisso, crescem em meio a crise. \u201cEsse \u00e9 o momento de fazer circular as nossas economias, circulando gera riquezas. Se todo mundo pensar em reter, s\u00f3 vai travando a economia. Ent\u00e3o \u00e9 o momento de investir, de acreditar, por que isso \u00e9 passageiro\u201d, disse.<\/p>\n<p style=\"text-align: justify;\">Celestino Oliveira foi toma posse no pr\u00f3ximo dia 12. Antes de ser eleito presidente, o empres\u00e1rio j\u00e1 atuava na Acisa em outros cargos. Na \u00faltima diretoria, participava como membro do conselho fiscal.<\/p>\n","protected":false},"excerpt":{"rendered":"<p style=\"text-align: justify;\">Posse ser\u00e1 no pr\u00f3ximo dia 12 de janeiro<\/p>\n","protected":false},"author":4,"featured_media":20433,"comment_status":"open","ping_status":"open","sticky":false,"template":"","format":"standard","meta":{"jnews-multi-image_gallery":[],"jnews_single_post":[],"jnews_primary_category":[],"jnews_social_meta":[],"jnews_review":[],"enable_review":"","type":"","name":"","summary":"","brand":"","sku":"","good":[],"bad":[],"score_override":"","override_value":"","rating":[],"price":[],"footnotes":""},"categories":[54],"tags":[],"class_list":["post-20434","post","type-post","status-publish","format-standard","has-post-thumbnail","hentry","category-cotidiano"],"yoast_head":"<!-- This site is optimized with the Yoast SEO plugin v26.5 - https:\/\/yoast.com\/wordpress\/plugins\/seo\/ -->\n<title>Celestino Oliveira \u00e9 nosso presidente da Acisa - Agazeta.net<\/title>\n<meta name=\"robots\" content=\"index, follow, max-snippet:-1, max-image-preview:large, max-video-preview:-1\" \/>\n<link rel=\"canonical\" href=\"https:\/\/nk7-testes.com.br\/agazeta\/celestino-oliveira-e-nosso-presidente-da-acisa\/\" \/>\n<meta property=\"og:locale\" content=\"pt_BR\" \/>\n<meta property=\"og:type\" content=\"article\" \/>\n<meta property=\"og:title\" content=\"Celestino Oliveira \u00e9 nosso presidente da Acisa - Agazeta.net\" \/>\n<meta property=\"og:description\" content=\"Posse ser\u00e1 no pr\u00f3ximo dia 12 de janeiro\" \/>\n<meta property=\"og:url\" content=\"https:\/\/nk7-testes.com.br\/agazeta\/celestino-oliveira-e-nosso-presidente-da-acisa\/\" \/>\n<meta property=\"og:site_name\" content=\"Agazeta.net\" \/>\n<meta property=\"article:published_time\" content=\"2016-01-04T19:15:39+00:00\" \/>\n<meta property=\"og:image\" content=\"https:\/\/nk7-testes.com.br\/agazeta\/wp-content\/uploads\/2016\/01\/040116-cotidiano-acisa-tvgazeta.jpg\" \/>\n\t<meta property=\"og:image:width\" content=\"458\" \/>\n\t<meta property=\"og:image:height\" content=\"340\" \/>\n\t<meta property=\"og:image:type\" content=\"image\/jpeg\" \/>\n<meta name=\"author\" content=\"Agazeta.Net\" \/>\n<meta name=\"twitter:card\" content=\"summary_large_image\" \/>\n<meta name=\"twitter:label1\" content=\"Escrito por\" \/>\n\t<meta name=\"twitter:data1\" content=\"Agazeta.Net\" \/>\n\t<meta name=\"twitter:label2\" content=\"Est. tempo de leitura\" \/>\n\t<meta name=\"twitter:data2\" content=\"2 minutos\" \/>\n<script type=\"application\/ld+json\" class=\"yoast-schema-graph\">{\"@context\":\"https:\/\/schema.org\",\"@graph\":[{\"@type\":\"WebPage\",\"@id\":\"https:\/\/nk7-testes.com.br\/agazeta\/celestino-oliveira-e-nosso-presidente-da-acisa\/\",\"url\":\"https:\/\/nk7-testes.com.br\/agazeta\/celestino-oliveira-e-nosso-presidente-da-acisa\/\",\"name\":\"Celestino Oliveira \u00e9 nosso presidente da Acisa - Agazeta.net\",\"isPartOf\":{\"@id\":\"https:\/\/nk7-testes.com.br\/agazeta\/#website\"},\"primaryImageOfPage\":{\"@id\":\"https:\/\/nk7-testes.com.br\/agazeta\/celestino-oliveira-e-nosso-presidente-da-acisa\/#primaryimage\"},\"image\":{\"@id\":\"https:\/\/nk7-testes.com.br\/agazeta\/celestino-oliveira-e-nosso-presidente-da-acisa\/#primaryimage\"},\"thumbnailUrl\":\"https:\/\/nk7-testes.com.br\/agazeta\/wp-content\/uploads\/2016\/01\/040116-cotidiano-acisa-tvgazeta.jpg\",\"datePublished\":\"2016-01-04T19:15:39+00:00\",\"author\":{\"@id\":\"https:\/\/nk7-testes.com.br\/agazeta\/#\/schema\/person\/6d6e25cb0435eb4a02fd44d30b4e3020\"},\"breadcrumb\":{\"@id\":\"https:\/\/nk7-testes.com.br\/agazeta\/celestino-oliveira-e-nosso-presidente-da-acisa\/#breadcrumb\"},\"inLanguage\":\"pt-BR\",\"potentialAction\":[{\"@type\":\"ReadAction\",\"target\":[\"https:\/\/nk7-testes.com.br\/agazeta\/celestino-oliveira-e-nosso-presidente-da-acisa\/\"]}]},{\"@type\":\"ImageObject\",\"inLanguage\":\"pt-BR\",\"@id\":\"https:\/\/nk7-testes.com.br\/agazeta\/celestino-oliveira-e-nosso-presidente-da-acisa\/#primaryimage\",\"url\":\"https:\/\/nk7-testes.com.br\/agazeta\/wp-content\/uploads\/2016\/01\/040116-cotidiano-acisa-tvgazeta.jpg\",\"contentUrl\":\"https:\/\/nk7-testes.com.br\/agazeta\/wp-content\/uploads\/2016\/01\/040116-cotidiano-acisa-tvgazeta.jpg\",\"width\":458,\"height\":340,\"caption\":\"040116-cotidiano-acisa-tvgazeta\"},{\"@type\":\"BreadcrumbList\",\"@id\":\"https:\/\/nk7-testes.com.br\/agazeta\/celestino-oliveira-e-nosso-presidente-da-acisa\/#breadcrumb\",\"itemListElement\":[{\"@type\":\"ListItem\",\"position\":1,\"name\":\"In\u00edcio\",\"item\":\"https:\/\/nk7-testes.com.br\/agazeta\/\"},{\"@type\":\"ListItem\",\"position\":2,\"name\":\"Celestino Oliveira \u00e9 nosso presidente da Acisa\"}]},{\"@type\":\"WebSite\",\"@id\":\"https:\/\/nk7-testes.com.br\/agazeta\/#website\",\"url\":\"https:\/\/nk7-testes.com.br\/agazeta\/\",\"name\":\"Agazeta.net\",\"description\":\"Agazeta.net - Not\u00edcias de Rio Branco\/AC\",\"potentialAction\":[{\"@type\":\"SearchAction\",\"target\":{\"@type\":\"EntryPoint\",\"urlTemplate\":\"https:\/\/nk7-testes.com.br\/agazeta\/?s={search_term_string}\"},\"query-input\":{\"@type\":\"PropertyValueSpecification\",\"valueRequired\":true,\"valueName\":\"search_term_string\"}}],\"inLanguage\":\"pt-BR\"},{\"@type\":\"Person\",\"@id\":\"https:\/\/nk7-testes.com.br\/agazeta\/#\/schema\/person\/6d6e25cb0435eb4a02fd44d30b4e3020\",\"name\":\"Agazeta.Net\",\"url\":\"https:\/\/nk7-testes.com.br\/agazeta\/author\/agazeta\/\"}]}<\/script>\n<!-- \/ Yoast SEO plugin. -->","yoast_head_json":{"title":"Celestino Oliveira \u00e9 nosso presidente da Acisa - Agazeta.net","robots":{"index":"index","follow":"follow","max-snippet":"max-snippet:-1","max-image-preview":"max-image-preview:large","max-video-preview":"max-video-preview:-1"},"canonical":"https:\/\/nk7-testes.com.br\/agazeta\/celestino-oliveira-e-nosso-presidente-da-acisa\/","og_locale":"pt_BR","og_type":"article","og_title":"Celestino Oliveira \u00e9 nosso presidente da Acisa - Agazeta.net","og_description":"Posse ser\u00e1 no pr\u00f3ximo dia 12 de janeiro","og_url":"https:\/\/nk7-testes.com.br\/agazeta\/celestino-oliveira-e-nosso-presidente-da-acisa\/","og_site_name":"Agazeta.net","article_published_time":"2016-01-04T19:15:39+00:00","og_image":[{"width":458,"height":340,"url":"https:\/\/nk7-testes.com.br\/agazeta\/wp-content\/uploads\/2016\/01\/040116-cotidiano-acisa-tvgazeta.jpg","type":"image\/jpeg"}],"author":"Agazeta.Net","twitter_card":"summary_large_image","twitter_misc":{"Escrito por":"Agazeta.Net","Est. tempo de leitura":"2 minutos"},"schema":{"@context":"https:\/\/schema.org","@graph":[{"@type":"WebPage","@id":"https:\/\/nk7-testes.com.br\/agazeta\/celestino-oliveira-e-nosso-presidente-da-acisa\/","url":"https:\/\/nk7-testes.com.br\/agazeta\/celestino-oliveira-e-nosso-presidente-da-acisa\/","name":"Celestino Oliveira \u00e9 nosso presidente da Acisa - Agazeta.net","isPartOf":{"@id":"https:\/\/nk7-testes.com.br\/agazeta\/#website"},"primaryImageOfPage":{"@id":"https:\/\/nk7-testes.com.br\/agazeta\/celestino-oliveira-e-nosso-presidente-da-acisa\/#primaryimage"},"image":{"@id":"https:\/\/nk7-testes.com.br\/agazeta\/celestino-oliveira-e-nosso-presidente-da-acisa\/#primaryimage"},"thumbnailUrl":"https:\/\/nk7-testes.com.br\/agazeta\/wp-content\/uploads\/2016\/01\/040116-cotidiano-acisa-tvgazeta.jpg","datePublished":"2016-01-04T19:15:39+00:00","author":{"@id":"https:\/\/nk7-testes.com.br\/agazeta\/#\/schema\/person\/6d6e25cb0435eb4a02fd44d30b4e3020"},"breadcrumb":{"@id":"https:\/\/nk7-testes.com.br\/agazeta\/celestino-oliveira-e-nosso-presidente-da-acisa\/#breadcrumb"},"inLanguage":"pt-BR","potentialAction":[{"@type":"ReadAction","target":["https:\/\/nk7-testes.com.br\/agazeta\/celestino-oliveira-e-nosso-presidente-da-acisa\/"]}]},{"@type":"ImageObject","inLanguage":"pt-BR","@id":"https:\/\/nk7-testes.com.br\/agazeta\/celestino-oliveira-e-nosso-presidente-da-acisa\/#primaryimage","url":"https:\/\/nk7-testes.com.br\/agazeta\/wp-content\/uploads\/2016\/01\/040116-cotidiano-acisa-tvgazeta.jpg","contentUrl":"https:\/\/nk7-testes.com.br\/agazeta\/wp-content\/uploads\/2016\/01\/040116-cotidiano-acisa-tvgazeta.jpg","width":458,"height":340,"caption":"040116-cotidiano-acisa-tvgazeta"},{"@type":"BreadcrumbList","@id":"https:\/\/nk7-testes.com.br\/agazeta\/celestino-oliveira-e-nosso-presidente-da-acisa\/#breadcrumb","itemListElement":[{"@type":"ListItem","position":1,"name":"In\u00edcio","item":"https:\/\/nk7-testes.com.br\/agazeta\/"},{"@type":"ListItem","position":2,"name":"Celestino Oliveira \u00e9 nosso presidente da Acisa"}]},{"@type":"WebSite","@id":"https:\/\/nk7-testes.com.br\/agazeta\/#website","url":"https:\/\/nk7-testes.com.br\/agazeta\/","name":"Agazeta.net","description":"Agazeta.net - Not\u00edcias de Rio Branco\/AC","potentialAction":[{"@type":"SearchAction","target":{"@type":"EntryPoint","urlTemplate":"https:\/\/nk7-testes.com.br\/agazeta\/?s={search_term_string}"},"query-input":{"@type":"PropertyValueSpecification","valueRequired":true,"valueName":"search_term_string"}}],"inLanguage":"pt-BR"},{"@type":"Person","@id":"https:\/\/nk7-testes.com.br\/agazeta\/#\/schema\/person\/6d6e25cb0435eb4a02fd44d30b4e3020","name":"Agazeta.Net","url":"https:\/\/nk7-testes.com.br\/agazeta\/author\/agazeta\/"}]}},"_links":{"self":[{"href":"https:\/\/nk7-testes.com.br\/agazeta\/wp-json\/wp\/v2\/posts\/20434","targetHints":{"allow":["GET"]}}],"collection":[{"href":"https:\/\/nk7-testes.com.br\/agazeta\/wp-json\/wp\/v2\/posts"}],"about":[{"href":"https:\/\/nk7-testes.com.br\/agazeta\/wp-json\/wp\/v2\/types\/post"}],"author":[{"embeddable":true,"href":"https:\/\/nk7-testes.com.br\/agazeta\/wp-json\/wp\/v2\/users\/4"}],"replies":[{"embeddable":true,"href":"https:\/\/nk7-testes.com.br\/agazeta\/wp-json\/wp\/v2\/comments?post=20434"}],"version-history":[{"count":0,"href":"https:\/\/nk7-testes.com.br\/agazeta\/wp-json\/wp\/v2\/posts\/20434\/revisions"}],"wp:featuredmedia":[{"embeddable":true,"href":"https:\/\/nk7-testes.com.br\/agazeta\/wp-json\/wp\/v2\/media\/20433"}],"wp:attachment":[{"href":"https:\/\/nk7-testes.com.br\/agazeta\/wp-json\/wp\/v2\/media?parent=20434"}],"wp:term":[{"taxonomy":"category","embeddable":true,"href":"https:\/\/nk7-testes.com.br\/agazeta\/wp-json\/wp\/v2\/categories?post=20434"},{"taxonomy":"post_tag","embeddable":true,"href":"https:\/\/nk7-testes.com.br\/agazeta\/wp-json\/wp\/v2\/tags?post=20434"}],"curies":[{"name":"wp","href":"https:\/\/api.w.org\/{rel}","templated":true}]}}