{"id":20428,"date":"2016-01-04T02:21:28","date_gmt":"2016-01-04T02:21:28","guid":{"rendered":"https:\/\/abarevegan.com.br\/index.php\/2016\/01\/04\/alan-kardec-vem-ao-acre-para-inaugurar-clinica\/"},"modified":"2016-01-04T02:21:28","modified_gmt":"2016-01-04T02:21:28","slug":"alan-kardec-vem-ao-acre-para-inaugurar-clinica","status":"publish","type":"post","link":"https:\/\/nk7-testes.com.br\/agazeta\/alan-kardec-vem-ao-acre-para-inaugurar-clinica\/","title":{"rendered":"Alan Kardec vem ao Acre para inaugurar cl\u00ednica"},"content":{"rendered":"<p style=\"text-align: justify;\">Jogador recebeu f\u00e3s acrianos que torcem para tricolor<\/p>\n<p style=\"text-align: justify;\">Neste fim de semana, o atacante do S\u00e3o Paulo Futebol Clube, Alan Kardec, esteve em Rio Branco para inaugura\u00e7\u00e3o da cl\u00ednica odontol\u00f3gica Dentista a Mais. Ele falou sobre as expectativas para o ano novo e tamb\u00e9m recebeu torcedores que foram ao local.<\/p>\n<p style=\"text-align: justify;\">Kardec avalia que 2015 foi um ano dif\u00edcil. \u201cFoi uma temporada dif\u00edcil. Temporada com bastante altos e baixos e n\u00f3s passamos por alguns problemas at\u00e9 fora do campo, o que acabou atrapalhando tamb\u00e9m. Mas, o ano passou. Agora \u00e9 vida nova\u201d.<\/p>\n<p style=\"text-align: justify;\">Alan Kardec tamb\u00e9m falou das expectativas para a nova temporada e o que espera do ano novo. Dar alegria aos torcedores est\u00e1 entre as realiza\u00e7\u00f5es do jogador para 2016. \u201cA expectativa \u00e9 de bons resultados, de conquistas. A responsabilidade aumenta cada vez mais, n\u00e3o tem como fugir. Uma responsabilidade boa de assumir porque \u00e9 uma das maiores camisas do Brasil e do mundo\u201d, entusiasmou-se.<\/p>\n<p style=\"text-align: justify;\">Os torcedores do time aproveitaram a oportunidade para abra\u00e7ar e tirar fotos com o \u00eddolo. O servidor p\u00fablico Aldiberto Carvalho, que \u00e9 torcedor do time desde crian\u00e7a, disse que n\u00e3o poderia perder a chance, j\u00e1 que n\u00e3o \u00e9 algo comum ver jogadores como Kardec no Estado.<\/p>\n<p style=\"text-align: justify;\">\u201cMe encontrar com um jogador do S\u00e3o Paulo, \u00e9 uma grande oportunidade para n\u00f3s que moramos t\u00e3o longe, de revenciarmos um jogador, o futuro craque do nosso tricolor\u201d.<\/p>\n<p>&nbsp;<\/p>\n","protected":false},"excerpt":{"rendered":"<p style=\"text-align: justify;\">Jogador recebeu f\u00e3s acrianos que torcem para tricolor<\/p>\n","protected":false},"author":4,"featured_media":20427,"comment_status":"open","ping_status":"open","sticky":false,"template":"","format":"standard","meta":{"jnews-multi-image_gallery":[],"jnews_single_post":[],"jnews_primary_category":[],"jnews_social_meta":[],"jnews_review":[],"enable_review":"","type":"","name":"","summary":"","brand":"","sku":"","good":[],"bad":[],"score_override":"","override_value":"","rating":[],"price":[],"footnotes":""},"categories":[54],"tags":[],"class_list":["post-20428","post","type-post","status-publish","format-standard","has-post-thumbnail","hentry","category-cotidiano"],"yoast_head":"<!-- This site is optimized with the Yoast SEO plugin v26.5 - https:\/\/yoast.com\/wordpress\/plugins\/seo\/ -->\n<title>Alan Kardec vem ao Acre para inaugurar cl\u00ednica - Agazeta.net<\/title>\n<meta name=\"robots\" content=\"index, follow, max-snippet:-1, max-image-preview:large, max-video-preview:-1\" \/>\n<link rel=\"canonical\" href=\"https:\/\/nk7-testes.com.br\/agazeta\/alan-kardec-vem-ao-acre-para-inaugurar-clinica\/\" \/>\n<meta property=\"og:locale\" content=\"pt_BR\" \/>\n<meta property=\"og:type\" content=\"article\" \/>\n<meta property=\"og:title\" content=\"Alan Kardec vem ao Acre para inaugurar cl\u00ednica - Agazeta.net\" \/>\n<meta property=\"og:description\" content=\"Jogador recebeu f\u00e3s acrianos que torcem para tricolor\" \/>\n<meta property=\"og:url\" content=\"https:\/\/nk7-testes.com.br\/agazeta\/alan-kardec-vem-ao-acre-para-inaugurar-clinica\/\" \/>\n<meta property=\"og:site_name\" content=\"Agazeta.net\" \/>\n<meta property=\"article:published_time\" content=\"2016-01-04T02:21:28+00:00\" \/>\n<meta property=\"og:image\" content=\"https:\/\/nk7-testes.com.br\/agazeta\/wp-content\/uploads\/2016\/01\/030116-cotidiano-alankardek-tvgazeta.jpg\" \/>\n\t<meta property=\"og:image:width\" content=\"458\" \/>\n\t<meta property=\"og:image:height\" content=\"340\" \/>\n\t<meta property=\"og:image:type\" content=\"image\/jpeg\" \/>\n<meta name=\"author\" content=\"Agazeta.Net\" \/>\n<meta name=\"twitter:card\" content=\"summary_large_image\" \/>\n<meta name=\"twitter:label1\" content=\"Escrito por\" \/>\n\t<meta name=\"twitter:data1\" content=\"Agazeta.Net\" \/>\n\t<meta name=\"twitter:label2\" content=\"Est. tempo de leitura\" \/>\n\t<meta name=\"twitter:data2\" content=\"1 minuto\" \/>\n<script type=\"application\/ld+json\" class=\"yoast-schema-graph\">{\"@context\":\"https:\/\/schema.org\",\"@graph\":[{\"@type\":\"WebPage\",\"@id\":\"https:\/\/nk7-testes.com.br\/agazeta\/alan-kardec-vem-ao-acre-para-inaugurar-clinica\/\",\"url\":\"https:\/\/nk7-testes.com.br\/agazeta\/alan-kardec-vem-ao-acre-para-inaugurar-clinica\/\",\"name\":\"Alan Kardec vem ao Acre para inaugurar cl\u00ednica - Agazeta.net\",\"isPartOf\":{\"@id\":\"https:\/\/nk7-testes.com.br\/agazeta\/#website\"},\"primaryImageOfPage\":{\"@id\":\"https:\/\/nk7-testes.com.br\/agazeta\/alan-kardec-vem-ao-acre-para-inaugurar-clinica\/#primaryimage\"},\"image\":{\"@id\":\"https:\/\/nk7-testes.com.br\/agazeta\/alan-kardec-vem-ao-acre-para-inaugurar-clinica\/#primaryimage\"},\"thumbnailUrl\":\"https:\/\/nk7-testes.com.br\/agazeta\/wp-content\/uploads\/2016\/01\/030116-cotidiano-alankardek-tvgazeta.jpg\",\"datePublished\":\"2016-01-04T02:21:28+00:00\",\"author\":{\"@id\":\"https:\/\/nk7-testes.com.br\/agazeta\/#\/schema\/person\/6d6e25cb0435eb4a02fd44d30b4e3020\"},\"breadcrumb\":{\"@id\":\"https:\/\/nk7-testes.com.br\/agazeta\/alan-kardec-vem-ao-acre-para-inaugurar-clinica\/#breadcrumb\"},\"inLanguage\":\"pt-BR\",\"potentialAction\":[{\"@type\":\"ReadAction\",\"target\":[\"https:\/\/nk7-testes.com.br\/agazeta\/alan-kardec-vem-ao-acre-para-inaugurar-clinica\/\"]}]},{\"@type\":\"ImageObject\",\"inLanguage\":\"pt-BR\",\"@id\":\"https:\/\/nk7-testes.com.br\/agazeta\/alan-kardec-vem-ao-acre-para-inaugurar-clinica\/#primaryimage\",\"url\":\"https:\/\/nk7-testes.com.br\/agazeta\/wp-content\/uploads\/2016\/01\/030116-cotidiano-alankardek-tvgazeta.jpg\",\"contentUrl\":\"https:\/\/nk7-testes.com.br\/agazeta\/wp-content\/uploads\/2016\/01\/030116-cotidiano-alankardek-tvgazeta.jpg\",\"width\":458,\"height\":340,\"caption\":\"030116-cotidiano-alankardek-tvgazeta\"},{\"@type\":\"BreadcrumbList\",\"@id\":\"https:\/\/nk7-testes.com.br\/agazeta\/alan-kardec-vem-ao-acre-para-inaugurar-clinica\/#breadcrumb\",\"itemListElement\":[{\"@type\":\"ListItem\",\"position\":1,\"name\":\"In\u00edcio\",\"item\":\"https:\/\/nk7-testes.com.br\/agazeta\/\"},{\"@type\":\"ListItem\",\"position\":2,\"name\":\"Alan Kardec vem ao Acre para inaugurar cl\u00ednica\"}]},{\"@type\":\"WebSite\",\"@id\":\"https:\/\/nk7-testes.com.br\/agazeta\/#website\",\"url\":\"https:\/\/nk7-testes.com.br\/agazeta\/\",\"name\":\"Agazeta.net\",\"description\":\"Agazeta.net - Not\u00edcias de Rio Branco\/AC\",\"potentialAction\":[{\"@type\":\"SearchAction\",\"target\":{\"@type\":\"EntryPoint\",\"urlTemplate\":\"https:\/\/nk7-testes.com.br\/agazeta\/?s={search_term_string}\"},\"query-input\":{\"@type\":\"PropertyValueSpecification\",\"valueRequired\":true,\"valueName\":\"search_term_string\"}}],\"inLanguage\":\"pt-BR\"},{\"@type\":\"Person\",\"@id\":\"https:\/\/nk7-testes.com.br\/agazeta\/#\/schema\/person\/6d6e25cb0435eb4a02fd44d30b4e3020\",\"name\":\"Agazeta.Net\",\"url\":\"https:\/\/nk7-testes.com.br\/agazeta\/author\/agazeta\/\"}]}<\/script>\n<!-- \/ Yoast SEO plugin. -->","yoast_head_json":{"title":"Alan Kardec vem ao Acre para inaugurar cl\u00ednica - Agazeta.net","robots":{"index":"index","follow":"follow","max-snippet":"max-snippet:-1","max-image-preview":"max-image-preview:large","max-video-preview":"max-video-preview:-1"},"canonical":"https:\/\/nk7-testes.com.br\/agazeta\/alan-kardec-vem-ao-acre-para-inaugurar-clinica\/","og_locale":"pt_BR","og_type":"article","og_title":"Alan Kardec vem ao Acre para inaugurar cl\u00ednica - Agazeta.net","og_description":"Jogador recebeu f\u00e3s acrianos que torcem para tricolor","og_url":"https:\/\/nk7-testes.com.br\/agazeta\/alan-kardec-vem-ao-acre-para-inaugurar-clinica\/","og_site_name":"Agazeta.net","article_published_time":"2016-01-04T02:21:28+00:00","og_image":[{"width":458,"height":340,"url":"https:\/\/nk7-testes.com.br\/agazeta\/wp-content\/uploads\/2016\/01\/030116-cotidiano-alankardek-tvgazeta.jpg","type":"image\/jpeg"}],"author":"Agazeta.Net","twitter_card":"summary_large_image","twitter_misc":{"Escrito por":"Agazeta.Net","Est. tempo de leitura":"1 minuto"},"schema":{"@context":"https:\/\/schema.org","@graph":[{"@type":"WebPage","@id":"https:\/\/nk7-testes.com.br\/agazeta\/alan-kardec-vem-ao-acre-para-inaugurar-clinica\/","url":"https:\/\/nk7-testes.com.br\/agazeta\/alan-kardec-vem-ao-acre-para-inaugurar-clinica\/","name":"Alan Kardec vem ao Acre para inaugurar cl\u00ednica - Agazeta.net","isPartOf":{"@id":"https:\/\/nk7-testes.com.br\/agazeta\/#website"},"primaryImageOfPage":{"@id":"https:\/\/nk7-testes.com.br\/agazeta\/alan-kardec-vem-ao-acre-para-inaugurar-clinica\/#primaryimage"},"image":{"@id":"https:\/\/nk7-testes.com.br\/agazeta\/alan-kardec-vem-ao-acre-para-inaugurar-clinica\/#primaryimage"},"thumbnailUrl":"https:\/\/nk7-testes.com.br\/agazeta\/wp-content\/uploads\/2016\/01\/030116-cotidiano-alankardek-tvgazeta.jpg","datePublished":"2016-01-04T02:21:28+00:00","author":{"@id":"https:\/\/nk7-testes.com.br\/agazeta\/#\/schema\/person\/6d6e25cb0435eb4a02fd44d30b4e3020"},"breadcrumb":{"@id":"https:\/\/nk7-testes.com.br\/agazeta\/alan-kardec-vem-ao-acre-para-inaugurar-clinica\/#breadcrumb"},"inLanguage":"pt-BR","potentialAction":[{"@type":"ReadAction","target":["https:\/\/nk7-testes.com.br\/agazeta\/alan-kardec-vem-ao-acre-para-inaugurar-clinica\/"]}]},{"@type":"ImageObject","inLanguage":"pt-BR","@id":"https:\/\/nk7-testes.com.br\/agazeta\/alan-kardec-vem-ao-acre-para-inaugurar-clinica\/#primaryimage","url":"https:\/\/nk7-testes.com.br\/agazeta\/wp-content\/uploads\/2016\/01\/030116-cotidiano-alankardek-tvgazeta.jpg","contentUrl":"https:\/\/nk7-testes.com.br\/agazeta\/wp-content\/uploads\/2016\/01\/030116-cotidiano-alankardek-tvgazeta.jpg","width":458,"height":340,"caption":"030116-cotidiano-alankardek-tvgazeta"},{"@type":"BreadcrumbList","@id":"https:\/\/nk7-testes.com.br\/agazeta\/alan-kardec-vem-ao-acre-para-inaugurar-clinica\/#breadcrumb","itemListElement":[{"@type":"ListItem","position":1,"name":"In\u00edcio","item":"https:\/\/nk7-testes.com.br\/agazeta\/"},{"@type":"ListItem","position":2,"name":"Alan Kardec vem ao Acre para inaugurar cl\u00ednica"}]},{"@type":"WebSite","@id":"https:\/\/nk7-testes.com.br\/agazeta\/#website","url":"https:\/\/nk7-testes.com.br\/agazeta\/","name":"Agazeta.net","description":"Agazeta.net - Not\u00edcias de Rio Branco\/AC","potentialAction":[{"@type":"SearchAction","target":{"@type":"EntryPoint","urlTemplate":"https:\/\/nk7-testes.com.br\/agazeta\/?s={search_term_string}"},"query-input":{"@type":"PropertyValueSpecification","valueRequired":true,"valueName":"search_term_string"}}],"inLanguage":"pt-BR"},{"@type":"Person","@id":"https:\/\/nk7-testes.com.br\/agazeta\/#\/schema\/person\/6d6e25cb0435eb4a02fd44d30b4e3020","name":"Agazeta.Net","url":"https:\/\/nk7-testes.com.br\/agazeta\/author\/agazeta\/"}]}},"_links":{"self":[{"href":"https:\/\/nk7-testes.com.br\/agazeta\/wp-json\/wp\/v2\/posts\/20428","targetHints":{"allow":["GET"]}}],"collection":[{"href":"https:\/\/nk7-testes.com.br\/agazeta\/wp-json\/wp\/v2\/posts"}],"about":[{"href":"https:\/\/nk7-testes.com.br\/agazeta\/wp-json\/wp\/v2\/types\/post"}],"author":[{"embeddable":true,"href":"https:\/\/nk7-testes.com.br\/agazeta\/wp-json\/wp\/v2\/users\/4"}],"replies":[{"embeddable":true,"href":"https:\/\/nk7-testes.com.br\/agazeta\/wp-json\/wp\/v2\/comments?post=20428"}],"version-history":[{"count":0,"href":"https:\/\/nk7-testes.com.br\/agazeta\/wp-json\/wp\/v2\/posts\/20428\/revisions"}],"wp:featuredmedia":[{"embeddable":true,"href":"https:\/\/nk7-testes.com.br\/agazeta\/wp-json\/wp\/v2\/media\/20427"}],"wp:attachment":[{"href":"https:\/\/nk7-testes.com.br\/agazeta\/wp-json\/wp\/v2\/media?parent=20428"}],"wp:term":[{"taxonomy":"category","embeddable":true,"href":"https:\/\/nk7-testes.com.br\/agazeta\/wp-json\/wp\/v2\/categories?post=20428"},{"taxonomy":"post_tag","embeddable":true,"href":"https:\/\/nk7-testes.com.br\/agazeta\/wp-json\/wp\/v2\/tags?post=20428"}],"curies":[{"name":"wp","href":"https:\/\/api.w.org\/{rel}","templated":true}]}}