{"id":20381,"date":"2015-12-30T13:58:04","date_gmt":"2015-12-30T13:58:04","guid":{"rendered":"https:\/\/abarevegan.com.br\/index.php\/2015\/12\/30\/lixo-do-conquista-esta-na-calcada-desde-fevereiro\/"},"modified":"2015-12-30T13:58:04","modified_gmt":"2015-12-30T13:58:04","slug":"lixo-do-conquista-esta-na-calcada-desde-fevereiro","status":"publish","type":"post","link":"https:\/\/nk7-testes.com.br\/agazeta\/lixo-do-conquista-esta-na-calcada-desde-fevereiro\/","title":{"rendered":"Lixo do Conquista est\u00e1 na cal\u00e7ada desde fevereiro"},"content":{"rendered":"<p style=\"text-align: justify;\">Moradores dizem que atenderam ao pedido da prefeitura<\/p>\n<p style=\"text-align: justify;\">Os moradores da Travessa Suma\u00fama, localizada no Bairro Conquista (perto do Horto Florestal) est\u00e3o reclamando de muito lixo no local. Segundo eles, o lixo est\u00e1 acumulado desde fevereiro.<\/p>\n<p style=\"text-align: justify;\">Segundo um morador, a prefeitura passou no come\u00e7o do ano no bairro pedindo que a comunidade colocasse o lixo de suas casas na beira da rua e logo em seguida seria retirado. A comunidade atendeu ao pedido da prefeitura.<\/p>\n<p style=\"text-align: justify;\">Mas, logo em seguida, os moradores do local come\u00e7aram a colocar novamente o lixo na calcada e agora o mau cheiro est\u00e1 grande. Eles pedem que a prefeitura compare\u00e7a at\u00e9 a travessa para pode retirar o lixo.<\/p>\n<p>A Sensur informou atrav\u00e9s de nota que no m\u00eas de janeiro o \u00f3rg\u00e3o entrar\u00e1 no bairro para fazer toda a limpeza necess\u00e1ria de lixos e entulhos.<\/p>\n<p>&nbsp;<\/p>\n","protected":false},"excerpt":{"rendered":"<p style=\"text-align: justify;\">Moradores dizem que atenderam ao pedido da prefeitura<\/p>\n","protected":false},"author":4,"featured_media":20380,"comment_status":"open","ping_status":"open","sticky":false,"template":"","format":"standard","meta":{"jnews-multi-image_gallery":[],"jnews_single_post":[],"jnews_primary_category":[],"jnews_social_meta":[],"jnews_review":[],"enable_review":"","type":"","name":"","summary":"","brand":"","sku":"","good":[],"bad":[],"score_override":"","override_value":"","rating":[],"price":[],"footnotes":""},"categories":[54],"tags":[],"class_list":["post-20381","post","type-post","status-publish","format-standard","has-post-thumbnail","hentry","category-cotidiano"],"yoast_head":"<!-- This site is optimized with the Yoast SEO plugin v26.5 - https:\/\/yoast.com\/wordpress\/plugins\/seo\/ -->\n<title>Lixo do Conquista est\u00e1 na cal\u00e7ada desde fevereiro - Agazeta.net<\/title>\n<meta name=\"robots\" content=\"index, follow, max-snippet:-1, max-image-preview:large, max-video-preview:-1\" \/>\n<link rel=\"canonical\" href=\"https:\/\/nk7-testes.com.br\/agazeta\/lixo-do-conquista-esta-na-calcada-desde-fevereiro\/\" \/>\n<meta property=\"og:locale\" content=\"pt_BR\" \/>\n<meta property=\"og:type\" content=\"article\" \/>\n<meta property=\"og:title\" content=\"Lixo do Conquista est\u00e1 na cal\u00e7ada desde fevereiro - Agazeta.net\" \/>\n<meta property=\"og:description\" content=\"Moradores dizem que atenderam ao pedido da prefeitura\" \/>\n<meta property=\"og:url\" content=\"https:\/\/nk7-testes.com.br\/agazeta\/lixo-do-conquista-esta-na-calcada-desde-fevereiro\/\" \/>\n<meta property=\"og:site_name\" content=\"Agazeta.net\" \/>\n<meta property=\"article:published_time\" content=\"2015-12-30T13:58:04+00:00\" \/>\n<meta property=\"og:image\" content=\"https:\/\/nk7-testes.com.br\/agazeta\/wp-content\/uploads\/2015\/12\/301215-cotidiano-lixonarua-cleriston.jpg\" \/>\n\t<meta property=\"og:image:width\" content=\"458\" \/>\n\t<meta property=\"og:image:height\" content=\"340\" \/>\n\t<meta property=\"og:image:type\" content=\"image\/jpeg\" \/>\n<meta name=\"author\" content=\"Agazeta.Net\" \/>\n<meta name=\"twitter:card\" content=\"summary_large_image\" \/>\n<meta name=\"twitter:label1\" content=\"Escrito por\" \/>\n\t<meta name=\"twitter:data1\" content=\"Agazeta.Net\" \/>\n\t<meta name=\"twitter:label2\" content=\"Est. tempo de leitura\" \/>\n\t<meta name=\"twitter:data2\" content=\"1 minuto\" \/>\n<script type=\"application\/ld+json\" class=\"yoast-schema-graph\">{\"@context\":\"https:\/\/schema.org\",\"@graph\":[{\"@type\":\"WebPage\",\"@id\":\"https:\/\/nk7-testes.com.br\/agazeta\/lixo-do-conquista-esta-na-calcada-desde-fevereiro\/\",\"url\":\"https:\/\/nk7-testes.com.br\/agazeta\/lixo-do-conquista-esta-na-calcada-desde-fevereiro\/\",\"name\":\"Lixo do Conquista est\u00e1 na cal\u00e7ada desde fevereiro - Agazeta.net\",\"isPartOf\":{\"@id\":\"https:\/\/nk7-testes.com.br\/agazeta\/#website\"},\"primaryImageOfPage\":{\"@id\":\"https:\/\/nk7-testes.com.br\/agazeta\/lixo-do-conquista-esta-na-calcada-desde-fevereiro\/#primaryimage\"},\"image\":{\"@id\":\"https:\/\/nk7-testes.com.br\/agazeta\/lixo-do-conquista-esta-na-calcada-desde-fevereiro\/#primaryimage\"},\"thumbnailUrl\":\"https:\/\/nk7-testes.com.br\/agazeta\/wp-content\/uploads\/2015\/12\/301215-cotidiano-lixonarua-cleriston.jpg\",\"datePublished\":\"2015-12-30T13:58:04+00:00\",\"author\":{\"@id\":\"https:\/\/nk7-testes.com.br\/agazeta\/#\/schema\/person\/6d6e25cb0435eb4a02fd44d30b4e3020\"},\"breadcrumb\":{\"@id\":\"https:\/\/nk7-testes.com.br\/agazeta\/lixo-do-conquista-esta-na-calcada-desde-fevereiro\/#breadcrumb\"},\"inLanguage\":\"pt-BR\",\"potentialAction\":[{\"@type\":\"ReadAction\",\"target\":[\"https:\/\/nk7-testes.com.br\/agazeta\/lixo-do-conquista-esta-na-calcada-desde-fevereiro\/\"]}]},{\"@type\":\"ImageObject\",\"inLanguage\":\"pt-BR\",\"@id\":\"https:\/\/nk7-testes.com.br\/agazeta\/lixo-do-conquista-esta-na-calcada-desde-fevereiro\/#primaryimage\",\"url\":\"https:\/\/nk7-testes.com.br\/agazeta\/wp-content\/uploads\/2015\/12\/301215-cotidiano-lixonarua-cleriston.jpg\",\"contentUrl\":\"https:\/\/nk7-testes.com.br\/agazeta\/wp-content\/uploads\/2015\/12\/301215-cotidiano-lixonarua-cleriston.jpg\",\"width\":458,\"height\":340,\"caption\":\"301215-cotidiano-lixonarua-cleriston\"},{\"@type\":\"BreadcrumbList\",\"@id\":\"https:\/\/nk7-testes.com.br\/agazeta\/lixo-do-conquista-esta-na-calcada-desde-fevereiro\/#breadcrumb\",\"itemListElement\":[{\"@type\":\"ListItem\",\"position\":1,\"name\":\"In\u00edcio\",\"item\":\"https:\/\/nk7-testes.com.br\/agazeta\/\"},{\"@type\":\"ListItem\",\"position\":2,\"name\":\"Lixo do Conquista est\u00e1 na cal\u00e7ada desde fevereiro\"}]},{\"@type\":\"WebSite\",\"@id\":\"https:\/\/nk7-testes.com.br\/agazeta\/#website\",\"url\":\"https:\/\/nk7-testes.com.br\/agazeta\/\",\"name\":\"Agazeta.net\",\"description\":\"Agazeta.net - Not\u00edcias de Rio Branco\/AC\",\"potentialAction\":[{\"@type\":\"SearchAction\",\"target\":{\"@type\":\"EntryPoint\",\"urlTemplate\":\"https:\/\/nk7-testes.com.br\/agazeta\/?s={search_term_string}\"},\"query-input\":{\"@type\":\"PropertyValueSpecification\",\"valueRequired\":true,\"valueName\":\"search_term_string\"}}],\"inLanguage\":\"pt-BR\"},{\"@type\":\"Person\",\"@id\":\"https:\/\/nk7-testes.com.br\/agazeta\/#\/schema\/person\/6d6e25cb0435eb4a02fd44d30b4e3020\",\"name\":\"Agazeta.Net\",\"url\":\"https:\/\/nk7-testes.com.br\/agazeta\/author\/agazeta\/\"}]}<\/script>\n<!-- \/ Yoast SEO plugin. -->","yoast_head_json":{"title":"Lixo do Conquista est\u00e1 na cal\u00e7ada desde fevereiro - Agazeta.net","robots":{"index":"index","follow":"follow","max-snippet":"max-snippet:-1","max-image-preview":"max-image-preview:large","max-video-preview":"max-video-preview:-1"},"canonical":"https:\/\/nk7-testes.com.br\/agazeta\/lixo-do-conquista-esta-na-calcada-desde-fevereiro\/","og_locale":"pt_BR","og_type":"article","og_title":"Lixo do Conquista est\u00e1 na cal\u00e7ada desde fevereiro - Agazeta.net","og_description":"Moradores dizem que atenderam ao pedido da prefeitura","og_url":"https:\/\/nk7-testes.com.br\/agazeta\/lixo-do-conquista-esta-na-calcada-desde-fevereiro\/","og_site_name":"Agazeta.net","article_published_time":"2015-12-30T13:58:04+00:00","og_image":[{"width":458,"height":340,"url":"https:\/\/nk7-testes.com.br\/agazeta\/wp-content\/uploads\/2015\/12\/301215-cotidiano-lixonarua-cleriston.jpg","type":"image\/jpeg"}],"author":"Agazeta.Net","twitter_card":"summary_large_image","twitter_misc":{"Escrito por":"Agazeta.Net","Est. tempo de leitura":"1 minuto"},"schema":{"@context":"https:\/\/schema.org","@graph":[{"@type":"WebPage","@id":"https:\/\/nk7-testes.com.br\/agazeta\/lixo-do-conquista-esta-na-calcada-desde-fevereiro\/","url":"https:\/\/nk7-testes.com.br\/agazeta\/lixo-do-conquista-esta-na-calcada-desde-fevereiro\/","name":"Lixo do Conquista est\u00e1 na cal\u00e7ada desde fevereiro - Agazeta.net","isPartOf":{"@id":"https:\/\/nk7-testes.com.br\/agazeta\/#website"},"primaryImageOfPage":{"@id":"https:\/\/nk7-testes.com.br\/agazeta\/lixo-do-conquista-esta-na-calcada-desde-fevereiro\/#primaryimage"},"image":{"@id":"https:\/\/nk7-testes.com.br\/agazeta\/lixo-do-conquista-esta-na-calcada-desde-fevereiro\/#primaryimage"},"thumbnailUrl":"https:\/\/nk7-testes.com.br\/agazeta\/wp-content\/uploads\/2015\/12\/301215-cotidiano-lixonarua-cleriston.jpg","datePublished":"2015-12-30T13:58:04+00:00","author":{"@id":"https:\/\/nk7-testes.com.br\/agazeta\/#\/schema\/person\/6d6e25cb0435eb4a02fd44d30b4e3020"},"breadcrumb":{"@id":"https:\/\/nk7-testes.com.br\/agazeta\/lixo-do-conquista-esta-na-calcada-desde-fevereiro\/#breadcrumb"},"inLanguage":"pt-BR","potentialAction":[{"@type":"ReadAction","target":["https:\/\/nk7-testes.com.br\/agazeta\/lixo-do-conquista-esta-na-calcada-desde-fevereiro\/"]}]},{"@type":"ImageObject","inLanguage":"pt-BR","@id":"https:\/\/nk7-testes.com.br\/agazeta\/lixo-do-conquista-esta-na-calcada-desde-fevereiro\/#primaryimage","url":"https:\/\/nk7-testes.com.br\/agazeta\/wp-content\/uploads\/2015\/12\/301215-cotidiano-lixonarua-cleriston.jpg","contentUrl":"https:\/\/nk7-testes.com.br\/agazeta\/wp-content\/uploads\/2015\/12\/301215-cotidiano-lixonarua-cleriston.jpg","width":458,"height":340,"caption":"301215-cotidiano-lixonarua-cleriston"},{"@type":"BreadcrumbList","@id":"https:\/\/nk7-testes.com.br\/agazeta\/lixo-do-conquista-esta-na-calcada-desde-fevereiro\/#breadcrumb","itemListElement":[{"@type":"ListItem","position":1,"name":"In\u00edcio","item":"https:\/\/nk7-testes.com.br\/agazeta\/"},{"@type":"ListItem","position":2,"name":"Lixo do Conquista est\u00e1 na cal\u00e7ada desde fevereiro"}]},{"@type":"WebSite","@id":"https:\/\/nk7-testes.com.br\/agazeta\/#website","url":"https:\/\/nk7-testes.com.br\/agazeta\/","name":"Agazeta.net","description":"Agazeta.net - Not\u00edcias de Rio Branco\/AC","potentialAction":[{"@type":"SearchAction","target":{"@type":"EntryPoint","urlTemplate":"https:\/\/nk7-testes.com.br\/agazeta\/?s={search_term_string}"},"query-input":{"@type":"PropertyValueSpecification","valueRequired":true,"valueName":"search_term_string"}}],"inLanguage":"pt-BR"},{"@type":"Person","@id":"https:\/\/nk7-testes.com.br\/agazeta\/#\/schema\/person\/6d6e25cb0435eb4a02fd44d30b4e3020","name":"Agazeta.Net","url":"https:\/\/nk7-testes.com.br\/agazeta\/author\/agazeta\/"}]}},"_links":{"self":[{"href":"https:\/\/nk7-testes.com.br\/agazeta\/wp-json\/wp\/v2\/posts\/20381","targetHints":{"allow":["GET"]}}],"collection":[{"href":"https:\/\/nk7-testes.com.br\/agazeta\/wp-json\/wp\/v2\/posts"}],"about":[{"href":"https:\/\/nk7-testes.com.br\/agazeta\/wp-json\/wp\/v2\/types\/post"}],"author":[{"embeddable":true,"href":"https:\/\/nk7-testes.com.br\/agazeta\/wp-json\/wp\/v2\/users\/4"}],"replies":[{"embeddable":true,"href":"https:\/\/nk7-testes.com.br\/agazeta\/wp-json\/wp\/v2\/comments?post=20381"}],"version-history":[{"count":0,"href":"https:\/\/nk7-testes.com.br\/agazeta\/wp-json\/wp\/v2\/posts\/20381\/revisions"}],"wp:featuredmedia":[{"embeddable":true,"href":"https:\/\/nk7-testes.com.br\/agazeta\/wp-json\/wp\/v2\/media\/20380"}],"wp:attachment":[{"href":"https:\/\/nk7-testes.com.br\/agazeta\/wp-json\/wp\/v2\/media?parent=20381"}],"wp:term":[{"taxonomy":"category","embeddable":true,"href":"https:\/\/nk7-testes.com.br\/agazeta\/wp-json\/wp\/v2\/categories?post=20381"},{"taxonomy":"post_tag","embeddable":true,"href":"https:\/\/nk7-testes.com.br\/agazeta\/wp-json\/wp\/v2\/tags?post=20381"}],"curies":[{"name":"wp","href":"https:\/\/api.w.org\/{rel}","templated":true}]}}