{"id":20377,"date":"2015-12-29T20:43:45","date_gmt":"2015-12-29T20:43:45","guid":{"rendered":"https:\/\/abarevegan.com.br\/index.php\/2015\/12\/29\/governo-afirma-que-nao-vai-fechar-abrigo-de-imigrantes\/"},"modified":"2015-12-29T20:43:45","modified_gmt":"2015-12-29T20:43:45","slug":"governo-afirma-que-nao-vai-fechar-abrigo-de-imigrantes","status":"publish","type":"post","link":"https:\/\/nk7-testes.com.br\/agazeta\/governo-afirma-que-nao-vai-fechar-abrigo-de-imigrantes\/","title":{"rendered":"Governo afirma que n\u00e3o vai fechar abrigo para imigrantes"},"content":{"rendered":"<p style=\"text-align: justify;\">R$20 mil em aluguel para abrigar apenas 6 pessoas<\/p>\n<p style=\"text-align: justify;\">O abrigo humanit\u00e1rio de Rio Branco atende hoje apenas seis imigrantes. Mesmo com o fluxo migrat\u00f3rio dando sinais de que est\u00e1 no fim, o governo afirma que vai manter a estrutura que recebe os estrangeiros. O aluguel da Ch\u00e1cara onde funciona o abrigo custa R$ 22 mil e o contrato que encerra no dia 31 de dezembro ser\u00e1 renovado.<\/p>\n<p style=\"text-align: justify;\">O comerciante senegal\u00eas Abdu Lahat Lo chegou ao Brasil atrav\u00e9s da fronteira do Acre no in\u00edcio do fluxo migrat\u00f3rio de haitianos, senegaleses e dominicanos. O processo iniciou em 2010, e permanece at\u00e9 hoje, mas parece que j\u00e1 perdeu o f\u00f4lego.<\/p>\n<p style=\"text-align: justify;\">Abdu, como um dos primeiros, conseguiu se consolidar no pa\u00eds, abrindo um pequeno com\u00e9rcio de eletr\u00f4nicos no bairro Tancredo Neves. Hoje, j\u00e1 tem o pr\u00f3prio carro e desfruta de uma vida mais confort\u00e1vel. Ele frequentemente visita o abrigo humanit\u00e1rio de Rio Branco.<\/p>\n<p style=\"text-align: justify;\">Na ch\u00e1cara, est\u00e1 um amigo dele, El Hadiy que chegou em 24 de setembro, mas at\u00e9 agora n\u00e3o conseguiu engrenar no com\u00e9rcio. Por sinal o of\u00edcio de vender eletr\u00f4nicos e bijuterias \u00e9 a principal escolha de subsist\u00eancia da maioria das fam\u00edlias do Senegal.<\/p>\n<p style=\"text-align: justify;\">Abdu j\u00e1 se familiarizou com o portugu\u00eas, tanto que ajudou nossa equipe na entrevista com o amigo El Hadiy.<\/p>\n<p style=\"text-align: justify;\">O jovem de 27 anos sabe que n\u00e3o ser\u00e1 f\u00e1cil, afinal chegou num per\u00edodo em que o pa\u00eds est\u00e1 em crise. \u201cEstou aguardando pra ver pra que cidade eu vou. Tenho que esperar para n\u00e3o passar por dificuldades\u201d, disse El Hadiy.<\/p>\n<p style=\"text-align: justify;\">Abdu tamb\u00e9m sente a crise econ\u00f4mica que o pa\u00eds atravessa, mas mesmo assim, n\u00e3o vai retornar ao Senegal. \u201cAntes os senegaleses, haitianos chegavam e j\u00e1 arrumavam trabalho. Agora tem senegaleses que est\u00e3o h\u00e1 cinco, seis, sete meses esperando trabalho. Todo Senegal est\u00e1 sabendo disso\u201d, explica.<\/p>\n<p style=\"text-align: justify;\">El Hadiy \u00e9 um dos seis imigrantes que est\u00e3o abrigados na Ch\u00e1cara Alian\u00e7a. \u00c9 o \u00fanico senegal\u00eas do grupo. Os outros cinco s\u00e3o haitianos, sendo tr\u00eas homens e duas mulheres.<\/p>\n<p style=\"text-align: justify;\">N\u00e3o vai fechar!<\/p>\n<p style=\"text-align: justify;\">Na \u00e9poca de maior pico no alojamento dormiram 1500 imigrantes, agora o espa\u00e7o \u00e9 utilizado para a realiza\u00e7\u00e3o de cultos religiosos daqueles que ficam. As seis pessoas atendidas pelo abrigo est\u00e3o em situa\u00e7\u00e3o mais confort\u00e1vel, podem dormir em quartos separados. Mas semana que vem a movimenta\u00e7\u00e3o deve aumentar um pouco, por que est\u00e1 prevista a chegada de mais 50 imigrantes.<\/p>\n<p style=\"text-align: justify;\">Mesmo com o n\u00famero reduzido de estrangeiros o governo n\u00e3o pretende desativar o abrigo. O aluguel da ch\u00e1cara \u00e9 de R$ 22 mil reais por m\u00eas. O contrato que vence no dia 31 de dezembro ser\u00e1 reajustado e renovado por mais seis meses. \u201cO abrigo vai ser mantido para que em qualquer eventualidade possamos dar o apoio necess\u00e1rio\u201d, respondeu o Secret\u00e1rio de Justi\u00e7a e Direitos Humanos, Nilson Mour\u00e3o.<\/p>\n<p style=\"text-align: justify;\">Segundo o secret\u00e1rio, ainda \u00e9 cedo para alugar um espa\u00e7o menor por que \u00e9 preciso avaliar como o fluxo migrat\u00f3rio deve se comportar nos pr\u00f3ximos meses.<br \/>\u201cSe permanecer uma estimativa que n\u00e3o ultrapasse cinquenta imigrantes por m\u00eas, n\u00f3s temos que necessariamente mudar de lugar. Mas isso a gente tem que ter certeza absoluta. Os \u00edndices tem que se manter por oito, nove, dez meses seguidos\u201d, disse.<\/p>\n<p style=\"text-align: justify;\">A Sejudh avalia que foram tr\u00eas acontecimentos que propiciaram a redu\u00e7\u00e3o do fluxo migrat\u00f3rio. Primeiro houve o incentivo ao ingresso legal, com emiss\u00e3o de vistos e outros documentos nos pa\u00edses de origem. No Equador, ponto de encontro dos imigrantes, os crit\u00e9rios de ingresso de outras nacionalidades ficaram mais r\u00edgidos e por fim, o desemprego no Brasil, que desestimulou a vinda de imigrantes.<\/p>\n","protected":false},"excerpt":{"rendered":"<p style=\"text-align: justify;\">R$20 mil em aluguel para abrigar apenas 6 pessoas<\/p>\n","protected":false},"author":4,"featured_media":20376,"comment_status":"open","ping_status":"open","sticky":false,"template":"","format":"standard","meta":{"jnews-multi-image_gallery":[],"jnews_single_post":[],"jnews_primary_category":[],"jnews_social_meta":[],"jnews_review":[],"enable_review":"","type":"","name":"","summary":"","brand":"","sku":"","good":[],"bad":[],"score_override":"","override_value":"","rating":[],"price":[],"footnotes":""},"categories":[54],"tags":[],"class_list":["post-20377","post","type-post","status-publish","format-standard","has-post-thumbnail","hentry","category-cotidiano"],"yoast_head":"<!-- This site is optimized with the Yoast SEO plugin v26.5 - https:\/\/yoast.com\/wordpress\/plugins\/seo\/ -->\n<title>Governo afirma que n\u00e3o vai fechar abrigo para imigrantes - Agazeta.net<\/title>\n<meta name=\"robots\" content=\"index, follow, max-snippet:-1, max-image-preview:large, max-video-preview:-1\" \/>\n<link rel=\"canonical\" href=\"https:\/\/nk7-testes.com.br\/agazeta\/governo-afirma-que-nao-vai-fechar-abrigo-de-imigrantes\/\" \/>\n<meta property=\"og:locale\" content=\"pt_BR\" \/>\n<meta property=\"og:type\" content=\"article\" \/>\n<meta property=\"og:title\" content=\"Governo afirma que n\u00e3o vai fechar abrigo para imigrantes - Agazeta.net\" \/>\n<meta property=\"og:description\" content=\"R$20 mil em aluguel para abrigar apenas 6 pessoas\" \/>\n<meta property=\"og:url\" content=\"https:\/\/nk7-testes.com.br\/agazeta\/governo-afirma-que-nao-vai-fechar-abrigo-de-imigrantes\/\" \/>\n<meta property=\"og:site_name\" content=\"Agazeta.net\" \/>\n<meta property=\"article:published_time\" content=\"2015-12-29T20:43:45+00:00\" \/>\n<meta property=\"og:image\" content=\"https:\/\/nk7-testes.com.br\/agazeta\/wp-content\/uploads\/2015\/12\/291215-cotidiano-abrigo-poucos.jpg\" \/>\n\t<meta property=\"og:image:width\" content=\"458\" \/>\n\t<meta property=\"og:image:height\" content=\"340\" \/>\n\t<meta property=\"og:image:type\" content=\"image\/jpeg\" \/>\n<meta name=\"author\" content=\"Agazeta.Net\" \/>\n<meta name=\"twitter:card\" content=\"summary_large_image\" \/>\n<meta name=\"twitter:label1\" content=\"Escrito por\" \/>\n\t<meta name=\"twitter:data1\" content=\"Agazeta.Net\" \/>\n\t<meta name=\"twitter:label2\" content=\"Est. tempo de leitura\" \/>\n\t<meta name=\"twitter:data2\" content=\"3 minutos\" \/>\n<script type=\"application\/ld+json\" class=\"yoast-schema-graph\">{\"@context\":\"https:\/\/schema.org\",\"@graph\":[{\"@type\":\"WebPage\",\"@id\":\"https:\/\/nk7-testes.com.br\/agazeta\/governo-afirma-que-nao-vai-fechar-abrigo-de-imigrantes\/\",\"url\":\"https:\/\/nk7-testes.com.br\/agazeta\/governo-afirma-que-nao-vai-fechar-abrigo-de-imigrantes\/\",\"name\":\"Governo afirma que n\u00e3o vai fechar abrigo para imigrantes - Agazeta.net\",\"isPartOf\":{\"@id\":\"https:\/\/nk7-testes.com.br\/agazeta\/#website\"},\"primaryImageOfPage\":{\"@id\":\"https:\/\/nk7-testes.com.br\/agazeta\/governo-afirma-que-nao-vai-fechar-abrigo-de-imigrantes\/#primaryimage\"},\"image\":{\"@id\":\"https:\/\/nk7-testes.com.br\/agazeta\/governo-afirma-que-nao-vai-fechar-abrigo-de-imigrantes\/#primaryimage\"},\"thumbnailUrl\":\"https:\/\/nk7-testes.com.br\/agazeta\/wp-content\/uploads\/2015\/12\/291215-cotidiano-abrigo-poucos.jpg\",\"datePublished\":\"2015-12-29T20:43:45+00:00\",\"author\":{\"@id\":\"https:\/\/nk7-testes.com.br\/agazeta\/#\/schema\/person\/6d6e25cb0435eb4a02fd44d30b4e3020\"},\"breadcrumb\":{\"@id\":\"https:\/\/nk7-testes.com.br\/agazeta\/governo-afirma-que-nao-vai-fechar-abrigo-de-imigrantes\/#breadcrumb\"},\"inLanguage\":\"pt-BR\",\"potentialAction\":[{\"@type\":\"ReadAction\",\"target\":[\"https:\/\/nk7-testes.com.br\/agazeta\/governo-afirma-que-nao-vai-fechar-abrigo-de-imigrantes\/\"]}]},{\"@type\":\"ImageObject\",\"inLanguage\":\"pt-BR\",\"@id\":\"https:\/\/nk7-testes.com.br\/agazeta\/governo-afirma-que-nao-vai-fechar-abrigo-de-imigrantes\/#primaryimage\",\"url\":\"https:\/\/nk7-testes.com.br\/agazeta\/wp-content\/uploads\/2015\/12\/291215-cotidiano-abrigo-poucos.jpg\",\"contentUrl\":\"https:\/\/nk7-testes.com.br\/agazeta\/wp-content\/uploads\/2015\/12\/291215-cotidiano-abrigo-poucos.jpg\",\"width\":458,\"height\":340,\"caption\":\"291215-cotidiano-abrigo-poucos\"},{\"@type\":\"BreadcrumbList\",\"@id\":\"https:\/\/nk7-testes.com.br\/agazeta\/governo-afirma-que-nao-vai-fechar-abrigo-de-imigrantes\/#breadcrumb\",\"itemListElement\":[{\"@type\":\"ListItem\",\"position\":1,\"name\":\"In\u00edcio\",\"item\":\"https:\/\/nk7-testes.com.br\/agazeta\/\"},{\"@type\":\"ListItem\",\"position\":2,\"name\":\"Governo afirma que n\u00e3o vai fechar abrigo para imigrantes\"}]},{\"@type\":\"WebSite\",\"@id\":\"https:\/\/nk7-testes.com.br\/agazeta\/#website\",\"url\":\"https:\/\/nk7-testes.com.br\/agazeta\/\",\"name\":\"Agazeta.net\",\"description\":\"Agazeta.net - Not\u00edcias de Rio Branco\/AC\",\"potentialAction\":[{\"@type\":\"SearchAction\",\"target\":{\"@type\":\"EntryPoint\",\"urlTemplate\":\"https:\/\/nk7-testes.com.br\/agazeta\/?s={search_term_string}\"},\"query-input\":{\"@type\":\"PropertyValueSpecification\",\"valueRequired\":true,\"valueName\":\"search_term_string\"}}],\"inLanguage\":\"pt-BR\"},{\"@type\":\"Person\",\"@id\":\"https:\/\/nk7-testes.com.br\/agazeta\/#\/schema\/person\/6d6e25cb0435eb4a02fd44d30b4e3020\",\"name\":\"Agazeta.Net\",\"url\":\"https:\/\/nk7-testes.com.br\/agazeta\/author\/agazeta\/\"}]}<\/script>\n<!-- \/ Yoast SEO plugin. -->","yoast_head_json":{"title":"Governo afirma que n\u00e3o vai fechar abrigo para imigrantes - Agazeta.net","robots":{"index":"index","follow":"follow","max-snippet":"max-snippet:-1","max-image-preview":"max-image-preview:large","max-video-preview":"max-video-preview:-1"},"canonical":"https:\/\/nk7-testes.com.br\/agazeta\/governo-afirma-que-nao-vai-fechar-abrigo-de-imigrantes\/","og_locale":"pt_BR","og_type":"article","og_title":"Governo afirma que n\u00e3o vai fechar abrigo para imigrantes - Agazeta.net","og_description":"R$20 mil em aluguel para abrigar apenas 6 pessoas","og_url":"https:\/\/nk7-testes.com.br\/agazeta\/governo-afirma-que-nao-vai-fechar-abrigo-de-imigrantes\/","og_site_name":"Agazeta.net","article_published_time":"2015-12-29T20:43:45+00:00","og_image":[{"width":458,"height":340,"url":"https:\/\/nk7-testes.com.br\/agazeta\/wp-content\/uploads\/2015\/12\/291215-cotidiano-abrigo-poucos.jpg","type":"image\/jpeg"}],"author":"Agazeta.Net","twitter_card":"summary_large_image","twitter_misc":{"Escrito por":"Agazeta.Net","Est. tempo de leitura":"3 minutos"},"schema":{"@context":"https:\/\/schema.org","@graph":[{"@type":"WebPage","@id":"https:\/\/nk7-testes.com.br\/agazeta\/governo-afirma-que-nao-vai-fechar-abrigo-de-imigrantes\/","url":"https:\/\/nk7-testes.com.br\/agazeta\/governo-afirma-que-nao-vai-fechar-abrigo-de-imigrantes\/","name":"Governo afirma que n\u00e3o vai fechar abrigo para imigrantes - Agazeta.net","isPartOf":{"@id":"https:\/\/nk7-testes.com.br\/agazeta\/#website"},"primaryImageOfPage":{"@id":"https:\/\/nk7-testes.com.br\/agazeta\/governo-afirma-que-nao-vai-fechar-abrigo-de-imigrantes\/#primaryimage"},"image":{"@id":"https:\/\/nk7-testes.com.br\/agazeta\/governo-afirma-que-nao-vai-fechar-abrigo-de-imigrantes\/#primaryimage"},"thumbnailUrl":"https:\/\/nk7-testes.com.br\/agazeta\/wp-content\/uploads\/2015\/12\/291215-cotidiano-abrigo-poucos.jpg","datePublished":"2015-12-29T20:43:45+00:00","author":{"@id":"https:\/\/nk7-testes.com.br\/agazeta\/#\/schema\/person\/6d6e25cb0435eb4a02fd44d30b4e3020"},"breadcrumb":{"@id":"https:\/\/nk7-testes.com.br\/agazeta\/governo-afirma-que-nao-vai-fechar-abrigo-de-imigrantes\/#breadcrumb"},"inLanguage":"pt-BR","potentialAction":[{"@type":"ReadAction","target":["https:\/\/nk7-testes.com.br\/agazeta\/governo-afirma-que-nao-vai-fechar-abrigo-de-imigrantes\/"]}]},{"@type":"ImageObject","inLanguage":"pt-BR","@id":"https:\/\/nk7-testes.com.br\/agazeta\/governo-afirma-que-nao-vai-fechar-abrigo-de-imigrantes\/#primaryimage","url":"https:\/\/nk7-testes.com.br\/agazeta\/wp-content\/uploads\/2015\/12\/291215-cotidiano-abrigo-poucos.jpg","contentUrl":"https:\/\/nk7-testes.com.br\/agazeta\/wp-content\/uploads\/2015\/12\/291215-cotidiano-abrigo-poucos.jpg","width":458,"height":340,"caption":"291215-cotidiano-abrigo-poucos"},{"@type":"BreadcrumbList","@id":"https:\/\/nk7-testes.com.br\/agazeta\/governo-afirma-que-nao-vai-fechar-abrigo-de-imigrantes\/#breadcrumb","itemListElement":[{"@type":"ListItem","position":1,"name":"In\u00edcio","item":"https:\/\/nk7-testes.com.br\/agazeta\/"},{"@type":"ListItem","position":2,"name":"Governo afirma que n\u00e3o vai fechar abrigo para imigrantes"}]},{"@type":"WebSite","@id":"https:\/\/nk7-testes.com.br\/agazeta\/#website","url":"https:\/\/nk7-testes.com.br\/agazeta\/","name":"Agazeta.net","description":"Agazeta.net - Not\u00edcias de Rio Branco\/AC","potentialAction":[{"@type":"SearchAction","target":{"@type":"EntryPoint","urlTemplate":"https:\/\/nk7-testes.com.br\/agazeta\/?s={search_term_string}"},"query-input":{"@type":"PropertyValueSpecification","valueRequired":true,"valueName":"search_term_string"}}],"inLanguage":"pt-BR"},{"@type":"Person","@id":"https:\/\/nk7-testes.com.br\/agazeta\/#\/schema\/person\/6d6e25cb0435eb4a02fd44d30b4e3020","name":"Agazeta.Net","url":"https:\/\/nk7-testes.com.br\/agazeta\/author\/agazeta\/"}]}},"_links":{"self":[{"href":"https:\/\/nk7-testes.com.br\/agazeta\/wp-json\/wp\/v2\/posts\/20377","targetHints":{"allow":["GET"]}}],"collection":[{"href":"https:\/\/nk7-testes.com.br\/agazeta\/wp-json\/wp\/v2\/posts"}],"about":[{"href":"https:\/\/nk7-testes.com.br\/agazeta\/wp-json\/wp\/v2\/types\/post"}],"author":[{"embeddable":true,"href":"https:\/\/nk7-testes.com.br\/agazeta\/wp-json\/wp\/v2\/users\/4"}],"replies":[{"embeddable":true,"href":"https:\/\/nk7-testes.com.br\/agazeta\/wp-json\/wp\/v2\/comments?post=20377"}],"version-history":[{"count":0,"href":"https:\/\/nk7-testes.com.br\/agazeta\/wp-json\/wp\/v2\/posts\/20377\/revisions"}],"wp:featuredmedia":[{"embeddable":true,"href":"https:\/\/nk7-testes.com.br\/agazeta\/wp-json\/wp\/v2\/media\/20376"}],"wp:attachment":[{"href":"https:\/\/nk7-testes.com.br\/agazeta\/wp-json\/wp\/v2\/media?parent=20377"}],"wp:term":[{"taxonomy":"category","embeddable":true,"href":"https:\/\/nk7-testes.com.br\/agazeta\/wp-json\/wp\/v2\/categories?post=20377"},{"taxonomy":"post_tag","embeddable":true,"href":"https:\/\/nk7-testes.com.br\/agazeta\/wp-json\/wp\/v2\/tags?post=20377"}],"curies":[{"name":"wp","href":"https:\/\/api.w.org\/{rel}","templated":true}]}}