{"id":20361,"date":"2015-12-28T20:35:31","date_gmt":"2015-12-28T20:35:31","guid":{"rendered":"https:\/\/abarevegan.com.br\/index.php\/2015\/12\/28\/procura-de-lojas-para-trocar-presentes-ainda-e-baixa\/"},"modified":"2015-12-28T20:35:31","modified_gmt":"2015-12-28T20:35:31","slug":"procura-de-lojas-para-trocar-presentes-ainda-e-baixa","status":"publish","type":"post","link":"https:\/\/nk7-testes.com.br\/agazeta\/procura-de-lojas-para-trocar-presentes-ainda-e-baixa\/","title":{"rendered":"Procura \u00e0s lojas para trocar presentes ainda \u00e9 baixa"},"content":{"rendered":"<p style=\"text-align: justify;\">Lojistas esperam que trocas gerem novas vendas<\/p>\n<p style=\"text-align: justify;\">O per\u00edodo de trocas j\u00e1 come\u00e7ou, mas n\u00e3o surpreendeu os comerciantes. Segundo lojistas do ramo varejista, poucos clientes est\u00e3o retornando para substituir produtos. O Procon alerta, que existem regras nessa fase das compras, que precisam ser observadas.<\/p>\n<p style=\"text-align: justify;\">Os dias que sucedem o natal costumam reaquecer o com\u00e9rcio varejista, por que muita gente retorna para trocar o presente que n\u00e3o deu certo. Mas o movimento ainda \u00e9 fraco na maioria das lojas de Rio Branco. \u201cT\u00e1 bem tranquilo por enquanto. Nada de troca\u201d, explica a vendedora Dayane Barros.<\/p>\n<p style=\"text-align: justify;\">Segundo o gerente comercial J\u00fanior Fontenelle, em rela\u00e7\u00e3o ao que foi vendido, as trocas s\u00e3o poucas. \u201cAcho que o pessoal acertou no presente. Poucas trocas\u201d, disse.<\/p>\n<p style=\"text-align: justify;\">Os vendedores acreditam que ao longo da semana, as trocas intensifiquem, tamb\u00e9m ser\u00e1 uma oportunidade de vender mais. \u201c\u00c0s vezes com a troca voc\u00ea acaba fazendo uma venda\u201d, argumenta a vendedora Suzy Rocha.<\/p>\n<p>\u00c9 lei!<\/p>\n<p style=\"text-align: justify;\">Quem comprou por telefone ou internet, por exemplo, tem o prazo de 7 dias ap\u00f3s o recebimento do produto para desistir, ou n\u00e3o, da compra. \u00c9 o que diz o artigo 49 do C\u00f3digo de defesa do consumidor, sobre o per\u00edodo de arrependimento. No caso das lojas f\u00edsicas, o Procon orienta aos consumidores a n\u00e3o esquecer da nota fiscal para fazer a troca.<\/p>\n<p style=\"text-align: justify;\">Segundo o c\u00f3digo de defesa do consumidor o estabelecimento comercial s\u00f3 \u00e9 obrigado a trocar produtos em caso de defeito. N\u00e3o existe um prazo espec\u00edfico para isso, mas o reparo ou a troca deve acontecer em no m\u00e1ximo 30 dias. Agora, quando o problema \u00e9 insatisfa\u00e7\u00e3o, por exemplo, em rela\u00e7\u00e3o \u00e0 cor, modelo ou tamanho, a substitui\u00e7\u00e3o do produto depende do entendimento entre o consumidor e o fornecedor. \u201cPara o fornecedor a gente sempre orienta dependendo da situa\u00e7\u00e3o do produto, que fa\u00e7a a troca, para n\u00e3o perder o cliente. Para o consumidor, se n\u00e3o for por quest\u00e3o de tamanho, por exemplo, que v\u00e1 o mais r\u00e1pido a loja pra fazer a troca. Tem gente que demora demais e isso dificulta para o fornecedor\u201d, recomenda o fiscal do Procon, Rommel Queiroz.<\/p>\n<p style=\"text-align: justify;\">Na rede de lojas de cal\u00e7ados e materiais esportivos, que J\u00fanior Fontenelle gerencia, a regra \u00e9 fazer a troca, quando o motivo for insatisfa\u00e7\u00e3o.<\/p>\n","protected":false},"excerpt":{"rendered":"<p style=\"text-align: justify;\">Lojistas esperam que trocas gerem novas vendas<\/p>\n","protected":false},"author":4,"featured_media":20360,"comment_status":"open","ping_status":"open","sticky":false,"template":"","format":"standard","meta":{"jnews-multi-image_gallery":[],"jnews_single_post":[],"jnews_primary_category":[],"jnews_social_meta":[],"jnews_review":[],"enable_review":"","type":"","name":"","summary":"","brand":"","sku":"","good":[],"bad":[],"score_override":"","override_value":"","rating":[],"price":[],"footnotes":""},"categories":[54],"tags":[],"class_list":["post-20361","post","type-post","status-publish","format-standard","has-post-thumbnail","hentry","category-cotidiano"],"yoast_head":"<!-- This site is optimized with the Yoast SEO plugin v26.5 - https:\/\/yoast.com\/wordpress\/plugins\/seo\/ -->\n<title>Procura \u00e0s lojas para trocar presentes ainda \u00e9 baixa - Agazeta.net<\/title>\n<meta name=\"robots\" content=\"index, follow, max-snippet:-1, max-image-preview:large, max-video-preview:-1\" \/>\n<link rel=\"canonical\" href=\"https:\/\/nk7-testes.com.br\/agazeta\/procura-de-lojas-para-trocar-presentes-ainda-e-baixa\/\" \/>\n<meta property=\"og:locale\" content=\"pt_BR\" \/>\n<meta property=\"og:type\" content=\"article\" \/>\n<meta property=\"og:title\" content=\"Procura \u00e0s lojas para trocar presentes ainda \u00e9 baixa - Agazeta.net\" \/>\n<meta property=\"og:description\" content=\"Lojistas esperam que trocas gerem novas vendas\" \/>\n<meta property=\"og:url\" content=\"https:\/\/nk7-testes.com.br\/agazeta\/procura-de-lojas-para-trocar-presentes-ainda-e-baixa\/\" \/>\n<meta property=\"og:site_name\" content=\"Agazeta.net\" \/>\n<meta property=\"article:published_time\" content=\"2015-12-28T20:35:31+00:00\" \/>\n<meta property=\"og:image\" content=\"https:\/\/nk7-testes.com.br\/agazeta\/wp-content\/uploads\/2015\/12\/281215-cotidiano-comercio2.jpg\" \/>\n\t<meta property=\"og:image:width\" content=\"458\" \/>\n\t<meta property=\"og:image:height\" content=\"340\" \/>\n\t<meta property=\"og:image:type\" content=\"image\/jpeg\" \/>\n<meta name=\"author\" content=\"Agazeta.Net\" \/>\n<meta name=\"twitter:card\" content=\"summary_large_image\" \/>\n<meta name=\"twitter:label1\" content=\"Escrito por\" \/>\n\t<meta name=\"twitter:data1\" content=\"Agazeta.Net\" \/>\n\t<meta name=\"twitter:label2\" content=\"Est. tempo de leitura\" \/>\n\t<meta name=\"twitter:data2\" content=\"2 minutos\" \/>\n<script type=\"application\/ld+json\" class=\"yoast-schema-graph\">{\"@context\":\"https:\/\/schema.org\",\"@graph\":[{\"@type\":\"WebPage\",\"@id\":\"https:\/\/nk7-testes.com.br\/agazeta\/procura-de-lojas-para-trocar-presentes-ainda-e-baixa\/\",\"url\":\"https:\/\/nk7-testes.com.br\/agazeta\/procura-de-lojas-para-trocar-presentes-ainda-e-baixa\/\",\"name\":\"Procura \u00e0s lojas para trocar presentes ainda \u00e9 baixa - Agazeta.net\",\"isPartOf\":{\"@id\":\"https:\/\/nk7-testes.com.br\/agazeta\/#website\"},\"primaryImageOfPage\":{\"@id\":\"https:\/\/nk7-testes.com.br\/agazeta\/procura-de-lojas-para-trocar-presentes-ainda-e-baixa\/#primaryimage\"},\"image\":{\"@id\":\"https:\/\/nk7-testes.com.br\/agazeta\/procura-de-lojas-para-trocar-presentes-ainda-e-baixa\/#primaryimage\"},\"thumbnailUrl\":\"https:\/\/nk7-testes.com.br\/agazeta\/wp-content\/uploads\/2015\/12\/281215-cotidiano-comercio2.jpg\",\"datePublished\":\"2015-12-28T20:35:31+00:00\",\"author\":{\"@id\":\"https:\/\/nk7-testes.com.br\/agazeta\/#\/schema\/person\/6d6e25cb0435eb4a02fd44d30b4e3020\"},\"breadcrumb\":{\"@id\":\"https:\/\/nk7-testes.com.br\/agazeta\/procura-de-lojas-para-trocar-presentes-ainda-e-baixa\/#breadcrumb\"},\"inLanguage\":\"pt-BR\",\"potentialAction\":[{\"@type\":\"ReadAction\",\"target\":[\"https:\/\/nk7-testes.com.br\/agazeta\/procura-de-lojas-para-trocar-presentes-ainda-e-baixa\/\"]}]},{\"@type\":\"ImageObject\",\"inLanguage\":\"pt-BR\",\"@id\":\"https:\/\/nk7-testes.com.br\/agazeta\/procura-de-lojas-para-trocar-presentes-ainda-e-baixa\/#primaryimage\",\"url\":\"https:\/\/nk7-testes.com.br\/agazeta\/wp-content\/uploads\/2015\/12\/281215-cotidiano-comercio2.jpg\",\"contentUrl\":\"https:\/\/nk7-testes.com.br\/agazeta\/wp-content\/uploads\/2015\/12\/281215-cotidiano-comercio2.jpg\",\"width\":458,\"height\":340,\"caption\":\"281215-cotidiano-comercio2\"},{\"@type\":\"BreadcrumbList\",\"@id\":\"https:\/\/nk7-testes.com.br\/agazeta\/procura-de-lojas-para-trocar-presentes-ainda-e-baixa\/#breadcrumb\",\"itemListElement\":[{\"@type\":\"ListItem\",\"position\":1,\"name\":\"In\u00edcio\",\"item\":\"https:\/\/nk7-testes.com.br\/agazeta\/\"},{\"@type\":\"ListItem\",\"position\":2,\"name\":\"Procura \u00e0s lojas para trocar presentes ainda \u00e9 baixa\"}]},{\"@type\":\"WebSite\",\"@id\":\"https:\/\/nk7-testes.com.br\/agazeta\/#website\",\"url\":\"https:\/\/nk7-testes.com.br\/agazeta\/\",\"name\":\"Agazeta.net\",\"description\":\"Agazeta.net - Not\u00edcias de Rio Branco\/AC\",\"potentialAction\":[{\"@type\":\"SearchAction\",\"target\":{\"@type\":\"EntryPoint\",\"urlTemplate\":\"https:\/\/nk7-testes.com.br\/agazeta\/?s={search_term_string}\"},\"query-input\":{\"@type\":\"PropertyValueSpecification\",\"valueRequired\":true,\"valueName\":\"search_term_string\"}}],\"inLanguage\":\"pt-BR\"},{\"@type\":\"Person\",\"@id\":\"https:\/\/nk7-testes.com.br\/agazeta\/#\/schema\/person\/6d6e25cb0435eb4a02fd44d30b4e3020\",\"name\":\"Agazeta.Net\",\"url\":\"https:\/\/nk7-testes.com.br\/agazeta\/author\/agazeta\/\"}]}<\/script>\n<!-- \/ Yoast SEO plugin. -->","yoast_head_json":{"title":"Procura \u00e0s lojas para trocar presentes ainda \u00e9 baixa - Agazeta.net","robots":{"index":"index","follow":"follow","max-snippet":"max-snippet:-1","max-image-preview":"max-image-preview:large","max-video-preview":"max-video-preview:-1"},"canonical":"https:\/\/nk7-testes.com.br\/agazeta\/procura-de-lojas-para-trocar-presentes-ainda-e-baixa\/","og_locale":"pt_BR","og_type":"article","og_title":"Procura \u00e0s lojas para trocar presentes ainda \u00e9 baixa - Agazeta.net","og_description":"Lojistas esperam que trocas gerem novas vendas","og_url":"https:\/\/nk7-testes.com.br\/agazeta\/procura-de-lojas-para-trocar-presentes-ainda-e-baixa\/","og_site_name":"Agazeta.net","article_published_time":"2015-12-28T20:35:31+00:00","og_image":[{"width":458,"height":340,"url":"https:\/\/nk7-testes.com.br\/agazeta\/wp-content\/uploads\/2015\/12\/281215-cotidiano-comercio2.jpg","type":"image\/jpeg"}],"author":"Agazeta.Net","twitter_card":"summary_large_image","twitter_misc":{"Escrito por":"Agazeta.Net","Est. tempo de leitura":"2 minutos"},"schema":{"@context":"https:\/\/schema.org","@graph":[{"@type":"WebPage","@id":"https:\/\/nk7-testes.com.br\/agazeta\/procura-de-lojas-para-trocar-presentes-ainda-e-baixa\/","url":"https:\/\/nk7-testes.com.br\/agazeta\/procura-de-lojas-para-trocar-presentes-ainda-e-baixa\/","name":"Procura \u00e0s lojas para trocar presentes ainda \u00e9 baixa - Agazeta.net","isPartOf":{"@id":"https:\/\/nk7-testes.com.br\/agazeta\/#website"},"primaryImageOfPage":{"@id":"https:\/\/nk7-testes.com.br\/agazeta\/procura-de-lojas-para-trocar-presentes-ainda-e-baixa\/#primaryimage"},"image":{"@id":"https:\/\/nk7-testes.com.br\/agazeta\/procura-de-lojas-para-trocar-presentes-ainda-e-baixa\/#primaryimage"},"thumbnailUrl":"https:\/\/nk7-testes.com.br\/agazeta\/wp-content\/uploads\/2015\/12\/281215-cotidiano-comercio2.jpg","datePublished":"2015-12-28T20:35:31+00:00","author":{"@id":"https:\/\/nk7-testes.com.br\/agazeta\/#\/schema\/person\/6d6e25cb0435eb4a02fd44d30b4e3020"},"breadcrumb":{"@id":"https:\/\/nk7-testes.com.br\/agazeta\/procura-de-lojas-para-trocar-presentes-ainda-e-baixa\/#breadcrumb"},"inLanguage":"pt-BR","potentialAction":[{"@type":"ReadAction","target":["https:\/\/nk7-testes.com.br\/agazeta\/procura-de-lojas-para-trocar-presentes-ainda-e-baixa\/"]}]},{"@type":"ImageObject","inLanguage":"pt-BR","@id":"https:\/\/nk7-testes.com.br\/agazeta\/procura-de-lojas-para-trocar-presentes-ainda-e-baixa\/#primaryimage","url":"https:\/\/nk7-testes.com.br\/agazeta\/wp-content\/uploads\/2015\/12\/281215-cotidiano-comercio2.jpg","contentUrl":"https:\/\/nk7-testes.com.br\/agazeta\/wp-content\/uploads\/2015\/12\/281215-cotidiano-comercio2.jpg","width":458,"height":340,"caption":"281215-cotidiano-comercio2"},{"@type":"BreadcrumbList","@id":"https:\/\/nk7-testes.com.br\/agazeta\/procura-de-lojas-para-trocar-presentes-ainda-e-baixa\/#breadcrumb","itemListElement":[{"@type":"ListItem","position":1,"name":"In\u00edcio","item":"https:\/\/nk7-testes.com.br\/agazeta\/"},{"@type":"ListItem","position":2,"name":"Procura \u00e0s lojas para trocar presentes ainda \u00e9 baixa"}]},{"@type":"WebSite","@id":"https:\/\/nk7-testes.com.br\/agazeta\/#website","url":"https:\/\/nk7-testes.com.br\/agazeta\/","name":"Agazeta.net","description":"Agazeta.net - Not\u00edcias de Rio Branco\/AC","potentialAction":[{"@type":"SearchAction","target":{"@type":"EntryPoint","urlTemplate":"https:\/\/nk7-testes.com.br\/agazeta\/?s={search_term_string}"},"query-input":{"@type":"PropertyValueSpecification","valueRequired":true,"valueName":"search_term_string"}}],"inLanguage":"pt-BR"},{"@type":"Person","@id":"https:\/\/nk7-testes.com.br\/agazeta\/#\/schema\/person\/6d6e25cb0435eb4a02fd44d30b4e3020","name":"Agazeta.Net","url":"https:\/\/nk7-testes.com.br\/agazeta\/author\/agazeta\/"}]}},"_links":{"self":[{"href":"https:\/\/nk7-testes.com.br\/agazeta\/wp-json\/wp\/v2\/posts\/20361","targetHints":{"allow":["GET"]}}],"collection":[{"href":"https:\/\/nk7-testes.com.br\/agazeta\/wp-json\/wp\/v2\/posts"}],"about":[{"href":"https:\/\/nk7-testes.com.br\/agazeta\/wp-json\/wp\/v2\/types\/post"}],"author":[{"embeddable":true,"href":"https:\/\/nk7-testes.com.br\/agazeta\/wp-json\/wp\/v2\/users\/4"}],"replies":[{"embeddable":true,"href":"https:\/\/nk7-testes.com.br\/agazeta\/wp-json\/wp\/v2\/comments?post=20361"}],"version-history":[{"count":0,"href":"https:\/\/nk7-testes.com.br\/agazeta\/wp-json\/wp\/v2\/posts\/20361\/revisions"}],"wp:featuredmedia":[{"embeddable":true,"href":"https:\/\/nk7-testes.com.br\/agazeta\/wp-json\/wp\/v2\/media\/20360"}],"wp:attachment":[{"href":"https:\/\/nk7-testes.com.br\/agazeta\/wp-json\/wp\/v2\/media?parent=20361"}],"wp:term":[{"taxonomy":"category","embeddable":true,"href":"https:\/\/nk7-testes.com.br\/agazeta\/wp-json\/wp\/v2\/categories?post=20361"},{"taxonomy":"post_tag","embeddable":true,"href":"https:\/\/nk7-testes.com.br\/agazeta\/wp-json\/wp\/v2\/tags?post=20361"}],"curies":[{"name":"wp","href":"https:\/\/api.w.org\/{rel}","templated":true}]}}