{"id":20313,"date":"2015-12-23T20:17:05","date_gmt":"2015-12-23T20:17:05","guid":{"rendered":"https:\/\/abarevegan.com.br\/index.php\/2015\/12\/23\/defesa-civil-rio-tarauaca-nao-atingiu-cota-de-alerta\/"},"modified":"2015-12-23T20:17:05","modified_gmt":"2015-12-23T20:17:05","slug":"defesa-civil-rio-tarauaca-nao-atingiu-cota-de-alerta","status":"publish","type":"post","link":"https:\/\/nk7-testes.com.br\/agazeta\/defesa-civil-rio-tarauaca-nao-atingiu-cota-de-alerta\/","title":{"rendered":"Defesa Civil: Rio Tarauac\u00e1 n\u00e3o atingiu cota de alerta"},"content":{"rendered":"<p style=\"text-align: justify;\">Medi\u00e7\u00e3o registrou 8,26 metros<\/p>\n<p style=\"text-align: justify;\">O Major Falc\u00e3o, do Corpo de Bombeiros, disse que o Rio Tarauac\u00e1 atingiu, na noite desta quarta-feira (23), a 8,26m, e ficou bem pr\u00f3ximo a cota de alerta que \u00e9 de 8,50m. Falc\u00e3o explicou que o fato aconteceu ap\u00f3s intensas chuvas dos \u00faltimos dias e que a subida repentina do rio \u00e9 algo comum no munic\u00edpio.<\/p>\n<p style=\"text-align: justify;\">\u201cO rio, em Tarauac\u00e1, sobe muito r\u00e1pido, assim como desce muito r\u00e1pido\u201d, constatou Falc\u00e3o. \u201c\u00c9 comum\u201d. Ele disse ainda que n\u00e3o houve nenhum transtorno em decorr\u00eancia da eleva\u00e7\u00e3o do n\u00edvel do rio e que j\u00e1 come\u00e7ou a dar vazante.<\/p>\n","protected":false},"excerpt":{"rendered":"<p style=\"text-align: justify;\">Medi\u00e7\u00e3o registrou 8,26 metros<\/p>\n","protected":false},"author":4,"featured_media":20312,"comment_status":"open","ping_status":"open","sticky":false,"template":"","format":"standard","meta":{"jnews-multi-image_gallery":[],"jnews_single_post":[],"jnews_primary_category":[],"jnews_social_meta":[],"jnews_review":[],"enable_review":"","type":"","name":"","summary":"","brand":"","sku":"","good":[],"bad":[],"score_override":"","override_value":"","rating":[],"price":[],"footnotes":""},"categories":[54],"tags":[],"class_list":["post-20313","post","type-post","status-publish","format-standard","has-post-thumbnail","hentry","category-cotidiano"],"yoast_head":"<!-- This site is optimized with the Yoast SEO plugin v26.5 - https:\/\/yoast.com\/wordpress\/plugins\/seo\/ -->\n<title>Defesa Civil: Rio Tarauac\u00e1 n\u00e3o atingiu cota de alerta - Agazeta.net<\/title>\n<meta name=\"robots\" content=\"index, follow, max-snippet:-1, max-image-preview:large, max-video-preview:-1\" \/>\n<link rel=\"canonical\" href=\"https:\/\/nk7-testes.com.br\/agazeta\/defesa-civil-rio-tarauaca-nao-atingiu-cota-de-alerta\/\" \/>\n<meta property=\"og:locale\" content=\"pt_BR\" \/>\n<meta property=\"og:type\" content=\"article\" \/>\n<meta property=\"og:title\" content=\"Defesa Civil: Rio Tarauac\u00e1 n\u00e3o atingiu cota de alerta - Agazeta.net\" \/>\n<meta property=\"og:description\" content=\"Medi\u00e7\u00e3o registrou 8,26 metros\" \/>\n<meta property=\"og:url\" content=\"https:\/\/nk7-testes.com.br\/agazeta\/defesa-civil-rio-tarauaca-nao-atingiu-cota-de-alerta\/\" \/>\n<meta property=\"og:site_name\" content=\"Agazeta.net\" \/>\n<meta property=\"article:published_time\" content=\"2015-12-23T20:17:05+00:00\" \/>\n<meta property=\"og:image\" content=\"https:\/\/nk7-testes.com.br\/agazeta\/wp-content\/uploads\/2015\/12\/231215-cotidiano-tarauacaaerea-divulgacao.jpg\" \/>\n\t<meta property=\"og:image:width\" content=\"458\" \/>\n\t<meta property=\"og:image:height\" content=\"340\" \/>\n\t<meta property=\"og:image:type\" content=\"image\/jpeg\" \/>\n<meta name=\"author\" content=\"Agazeta.Net\" \/>\n<meta name=\"twitter:card\" content=\"summary_large_image\" \/>\n<meta name=\"twitter:label1\" content=\"Escrito por\" \/>\n\t<meta name=\"twitter:data1\" content=\"Agazeta.Net\" \/>\n\t<meta name=\"twitter:label2\" content=\"Est. tempo de leitura\" \/>\n\t<meta name=\"twitter:data2\" content=\"1 minuto\" \/>\n<script type=\"application\/ld+json\" class=\"yoast-schema-graph\">{\"@context\":\"https:\/\/schema.org\",\"@graph\":[{\"@type\":\"WebPage\",\"@id\":\"https:\/\/nk7-testes.com.br\/agazeta\/defesa-civil-rio-tarauaca-nao-atingiu-cota-de-alerta\/\",\"url\":\"https:\/\/nk7-testes.com.br\/agazeta\/defesa-civil-rio-tarauaca-nao-atingiu-cota-de-alerta\/\",\"name\":\"Defesa Civil: Rio Tarauac\u00e1 n\u00e3o atingiu cota de alerta - Agazeta.net\",\"isPartOf\":{\"@id\":\"https:\/\/nk7-testes.com.br\/agazeta\/#website\"},\"primaryImageOfPage\":{\"@id\":\"https:\/\/nk7-testes.com.br\/agazeta\/defesa-civil-rio-tarauaca-nao-atingiu-cota-de-alerta\/#primaryimage\"},\"image\":{\"@id\":\"https:\/\/nk7-testes.com.br\/agazeta\/defesa-civil-rio-tarauaca-nao-atingiu-cota-de-alerta\/#primaryimage\"},\"thumbnailUrl\":\"https:\/\/nk7-testes.com.br\/agazeta\/wp-content\/uploads\/2015\/12\/231215-cotidiano-tarauacaaerea-divulgacao.jpg\",\"datePublished\":\"2015-12-23T20:17:05+00:00\",\"author\":{\"@id\":\"https:\/\/nk7-testes.com.br\/agazeta\/#\/schema\/person\/6d6e25cb0435eb4a02fd44d30b4e3020\"},\"breadcrumb\":{\"@id\":\"https:\/\/nk7-testes.com.br\/agazeta\/defesa-civil-rio-tarauaca-nao-atingiu-cota-de-alerta\/#breadcrumb\"},\"inLanguage\":\"pt-BR\",\"potentialAction\":[{\"@type\":\"ReadAction\",\"target\":[\"https:\/\/nk7-testes.com.br\/agazeta\/defesa-civil-rio-tarauaca-nao-atingiu-cota-de-alerta\/\"]}]},{\"@type\":\"ImageObject\",\"inLanguage\":\"pt-BR\",\"@id\":\"https:\/\/nk7-testes.com.br\/agazeta\/defesa-civil-rio-tarauaca-nao-atingiu-cota-de-alerta\/#primaryimage\",\"url\":\"https:\/\/nk7-testes.com.br\/agazeta\/wp-content\/uploads\/2015\/12\/231215-cotidiano-tarauacaaerea-divulgacao.jpg\",\"contentUrl\":\"https:\/\/nk7-testes.com.br\/agazeta\/wp-content\/uploads\/2015\/12\/231215-cotidiano-tarauacaaerea-divulgacao.jpg\",\"width\":458,\"height\":340,\"caption\":\"231215-cotidiano-tarauacaaerea-divulgacao\"},{\"@type\":\"BreadcrumbList\",\"@id\":\"https:\/\/nk7-testes.com.br\/agazeta\/defesa-civil-rio-tarauaca-nao-atingiu-cota-de-alerta\/#breadcrumb\",\"itemListElement\":[{\"@type\":\"ListItem\",\"position\":1,\"name\":\"In\u00edcio\",\"item\":\"https:\/\/nk7-testes.com.br\/agazeta\/\"},{\"@type\":\"ListItem\",\"position\":2,\"name\":\"Defesa Civil: Rio Tarauac\u00e1 n\u00e3o atingiu cota de alerta\"}]},{\"@type\":\"WebSite\",\"@id\":\"https:\/\/nk7-testes.com.br\/agazeta\/#website\",\"url\":\"https:\/\/nk7-testes.com.br\/agazeta\/\",\"name\":\"Agazeta.net\",\"description\":\"Agazeta.net - Not\u00edcias de Rio Branco\/AC\",\"potentialAction\":[{\"@type\":\"SearchAction\",\"target\":{\"@type\":\"EntryPoint\",\"urlTemplate\":\"https:\/\/nk7-testes.com.br\/agazeta\/?s={search_term_string}\"},\"query-input\":{\"@type\":\"PropertyValueSpecification\",\"valueRequired\":true,\"valueName\":\"search_term_string\"}}],\"inLanguage\":\"pt-BR\"},{\"@type\":\"Person\",\"@id\":\"https:\/\/nk7-testes.com.br\/agazeta\/#\/schema\/person\/6d6e25cb0435eb4a02fd44d30b4e3020\",\"name\":\"Agazeta.Net\",\"url\":\"https:\/\/nk7-testes.com.br\/agazeta\/author\/agazeta\/\"}]}<\/script>\n<!-- \/ Yoast SEO plugin. -->","yoast_head_json":{"title":"Defesa Civil: Rio Tarauac\u00e1 n\u00e3o atingiu cota de alerta - Agazeta.net","robots":{"index":"index","follow":"follow","max-snippet":"max-snippet:-1","max-image-preview":"max-image-preview:large","max-video-preview":"max-video-preview:-1"},"canonical":"https:\/\/nk7-testes.com.br\/agazeta\/defesa-civil-rio-tarauaca-nao-atingiu-cota-de-alerta\/","og_locale":"pt_BR","og_type":"article","og_title":"Defesa Civil: Rio Tarauac\u00e1 n\u00e3o atingiu cota de alerta - Agazeta.net","og_description":"Medi\u00e7\u00e3o registrou 8,26 metros","og_url":"https:\/\/nk7-testes.com.br\/agazeta\/defesa-civil-rio-tarauaca-nao-atingiu-cota-de-alerta\/","og_site_name":"Agazeta.net","article_published_time":"2015-12-23T20:17:05+00:00","og_image":[{"width":458,"height":340,"url":"https:\/\/nk7-testes.com.br\/agazeta\/wp-content\/uploads\/2015\/12\/231215-cotidiano-tarauacaaerea-divulgacao.jpg","type":"image\/jpeg"}],"author":"Agazeta.Net","twitter_card":"summary_large_image","twitter_misc":{"Escrito por":"Agazeta.Net","Est. tempo de leitura":"1 minuto"},"schema":{"@context":"https:\/\/schema.org","@graph":[{"@type":"WebPage","@id":"https:\/\/nk7-testes.com.br\/agazeta\/defesa-civil-rio-tarauaca-nao-atingiu-cota-de-alerta\/","url":"https:\/\/nk7-testes.com.br\/agazeta\/defesa-civil-rio-tarauaca-nao-atingiu-cota-de-alerta\/","name":"Defesa Civil: Rio Tarauac\u00e1 n\u00e3o atingiu cota de alerta - Agazeta.net","isPartOf":{"@id":"https:\/\/nk7-testes.com.br\/agazeta\/#website"},"primaryImageOfPage":{"@id":"https:\/\/nk7-testes.com.br\/agazeta\/defesa-civil-rio-tarauaca-nao-atingiu-cota-de-alerta\/#primaryimage"},"image":{"@id":"https:\/\/nk7-testes.com.br\/agazeta\/defesa-civil-rio-tarauaca-nao-atingiu-cota-de-alerta\/#primaryimage"},"thumbnailUrl":"https:\/\/nk7-testes.com.br\/agazeta\/wp-content\/uploads\/2015\/12\/231215-cotidiano-tarauacaaerea-divulgacao.jpg","datePublished":"2015-12-23T20:17:05+00:00","author":{"@id":"https:\/\/nk7-testes.com.br\/agazeta\/#\/schema\/person\/6d6e25cb0435eb4a02fd44d30b4e3020"},"breadcrumb":{"@id":"https:\/\/nk7-testes.com.br\/agazeta\/defesa-civil-rio-tarauaca-nao-atingiu-cota-de-alerta\/#breadcrumb"},"inLanguage":"pt-BR","potentialAction":[{"@type":"ReadAction","target":["https:\/\/nk7-testes.com.br\/agazeta\/defesa-civil-rio-tarauaca-nao-atingiu-cota-de-alerta\/"]}]},{"@type":"ImageObject","inLanguage":"pt-BR","@id":"https:\/\/nk7-testes.com.br\/agazeta\/defesa-civil-rio-tarauaca-nao-atingiu-cota-de-alerta\/#primaryimage","url":"https:\/\/nk7-testes.com.br\/agazeta\/wp-content\/uploads\/2015\/12\/231215-cotidiano-tarauacaaerea-divulgacao.jpg","contentUrl":"https:\/\/nk7-testes.com.br\/agazeta\/wp-content\/uploads\/2015\/12\/231215-cotidiano-tarauacaaerea-divulgacao.jpg","width":458,"height":340,"caption":"231215-cotidiano-tarauacaaerea-divulgacao"},{"@type":"BreadcrumbList","@id":"https:\/\/nk7-testes.com.br\/agazeta\/defesa-civil-rio-tarauaca-nao-atingiu-cota-de-alerta\/#breadcrumb","itemListElement":[{"@type":"ListItem","position":1,"name":"In\u00edcio","item":"https:\/\/nk7-testes.com.br\/agazeta\/"},{"@type":"ListItem","position":2,"name":"Defesa Civil: Rio Tarauac\u00e1 n\u00e3o atingiu cota de alerta"}]},{"@type":"WebSite","@id":"https:\/\/nk7-testes.com.br\/agazeta\/#website","url":"https:\/\/nk7-testes.com.br\/agazeta\/","name":"Agazeta.net","description":"Agazeta.net - Not\u00edcias de Rio Branco\/AC","potentialAction":[{"@type":"SearchAction","target":{"@type":"EntryPoint","urlTemplate":"https:\/\/nk7-testes.com.br\/agazeta\/?s={search_term_string}"},"query-input":{"@type":"PropertyValueSpecification","valueRequired":true,"valueName":"search_term_string"}}],"inLanguage":"pt-BR"},{"@type":"Person","@id":"https:\/\/nk7-testes.com.br\/agazeta\/#\/schema\/person\/6d6e25cb0435eb4a02fd44d30b4e3020","name":"Agazeta.Net","url":"https:\/\/nk7-testes.com.br\/agazeta\/author\/agazeta\/"}]}},"_links":{"self":[{"href":"https:\/\/nk7-testes.com.br\/agazeta\/wp-json\/wp\/v2\/posts\/20313","targetHints":{"allow":["GET"]}}],"collection":[{"href":"https:\/\/nk7-testes.com.br\/agazeta\/wp-json\/wp\/v2\/posts"}],"about":[{"href":"https:\/\/nk7-testes.com.br\/agazeta\/wp-json\/wp\/v2\/types\/post"}],"author":[{"embeddable":true,"href":"https:\/\/nk7-testes.com.br\/agazeta\/wp-json\/wp\/v2\/users\/4"}],"replies":[{"embeddable":true,"href":"https:\/\/nk7-testes.com.br\/agazeta\/wp-json\/wp\/v2\/comments?post=20313"}],"version-history":[{"count":0,"href":"https:\/\/nk7-testes.com.br\/agazeta\/wp-json\/wp\/v2\/posts\/20313\/revisions"}],"wp:featuredmedia":[{"embeddable":true,"href":"https:\/\/nk7-testes.com.br\/agazeta\/wp-json\/wp\/v2\/media\/20312"}],"wp:attachment":[{"href":"https:\/\/nk7-testes.com.br\/agazeta\/wp-json\/wp\/v2\/media?parent=20313"}],"wp:term":[{"taxonomy":"category","embeddable":true,"href":"https:\/\/nk7-testes.com.br\/agazeta\/wp-json\/wp\/v2\/categories?post=20313"},{"taxonomy":"post_tag","embeddable":true,"href":"https:\/\/nk7-testes.com.br\/agazeta\/wp-json\/wp\/v2\/tags?post=20313"}],"curies":[{"name":"wp","href":"https:\/\/api.w.org\/{rel}","templated":true}]}}