{"id":20311,"date":"2015-12-23T19:26:10","date_gmt":"2015-12-23T19:26:10","guid":{"rendered":"https:\/\/abarevegan.com.br\/index.php\/2015\/12\/23\/ufac-tenta-explicar-medidas-apos-suspensao-de-curso\/"},"modified":"2015-12-23T19:26:10","modified_gmt":"2015-12-23T19:26:10","slug":"ufac-tenta-explicar-medidas-apos-suspensao-de-curso","status":"publish","type":"post","link":"https:\/\/nk7-testes.com.br\/agazeta\/ufac-tenta-explicar-medidas-apos-suspensao-de-curso\/","title":{"rendered":"Ufac tenta explicar medidas ap\u00f3s suspens\u00e3o de curso"},"content":{"rendered":"<p style=\"text-align: justify;\">A\u00e7\u00f5es ser\u00e3o aplicadas ap\u00f3s avalia\u00e7\u00e3o do relat\u00f3rio<\/p>\n<p style=\"text-align: justify;\">O reitor da Universidade Federal do Acre, Minoru Kinpara, afirmou que s\u00f3 ap\u00f3s a avalia\u00e7\u00e3o do relat\u00f3rio do Minist\u00e9rio da Educa\u00e7\u00e3o pode detalhar quais medidas vai adotar em rela\u00e7\u00e3o \u00e0 suspens\u00e3o do curso de F\u00edsica do campus de Rio Branco.<\/p>\n<p style=\"text-align: justify;\">\u201cEstamos avaliando o relat\u00f3rio para verificar os pontos falhos e iniciarmos o processo de saneamento\u201d, disse o reitor da institui\u00e7\u00e3o. Kinpara informou que, ap\u00f3s essa avalia\u00e7\u00e3o coletiva feita pelos pr\u00f3-reitores da \u00e1rea, \u00e9 assinado um \u201ctermo de saneamento\u201d, uma esp\u00e9cie de compromisso da reitoria em modificar as falhas apontadas pelo minist\u00e9rio.<\/p>\n<p style=\"text-align: justify;\">Por enquanto, a Ufac fica impossibilitada de apresentar o curso de F\u00edsica como alternativa ao processo seletivo da institui\u00e7\u00e3o aos candidatos do Enem. Matr\u00edculas s\u00f3 podem ser realizadas pelos alunos que j\u00e1 integram o curso.<\/p>\n<p style=\"text-align: justify;\">O Conceito Preliminar de Curso, informa o reitor, \u00e9 fundamentado em avalia\u00e7\u00f5es feitas com o corpo docente (professores), corpo discente (alunos) e infraestrutura.<\/p>\n<p style=\"text-align: justify;\">NOTA da UFAC (na \u00edntegra, conforme foi enviado pela institui\u00e7\u00e3o)<\/p>\n<p style=\"text-align: justify;\">A pr\u00f3-reitoria de Gradua\u00e7\u00e3o da Ufac, esclarece que estes resultados s\u00e3o de 2014 e que muitas a\u00e7\u00f5es foram implementadas durante todo este ano de 2015, nas \u00e1reas de organiza\u00e7\u00e3o did\u00e1tico-pedag\u00f3gica, na capacita\u00e7\u00e3o do corpo docente e contrata\u00e7\u00e3o de novos professores e na infraestrutura de salas de aula e laborat\u00f3rios.<\/p>\n<p style=\"text-align: justify;\">Dando continuidade ao trabalho de consolida\u00e7\u00e3o dos cursos bem avaliados e melhoria dos que n\u00e3o tiveram resultados satisfat\u00f3rios, j\u00e1 est\u00e3o agendadas reuni\u00f5es para o m\u00eas de janeiro de 2016, tanto no campus sede, como em Cruzeiro do Sul, que tratar\u00e3o, inicialmente, da discuss\u00e3o da nova legisla\u00e7\u00e3o para cursos de licenciatura (aprovada em julho de 2015), da articula\u00e7\u00e3o das a\u00e7\u00f5es de ensino desenvolvidas pelo Pibid, das possibilidades de curriculariza\u00e7\u00e3o da extens\u00e3o e da reorganiza\u00e7\u00e3o das atividades de est\u00e1gio supervisionado. Tal discuss\u00e3o contemplar\u00e1 tamb\u00e9m o documento denominado Base Nacional Comum Curricular.<\/p>\n<p style=\"text-align: justify;\">Estes encontros contar\u00e3o com as presen\u00e7as de coordenadores e vice-coordenadores dos cursos, o presidente do N\u00facleo Docente Estruturante (NDE), um professor que atue com est\u00e1gio e outro professor que seja membro do Colegiado.<\/p>\n<p style=\"text-align: justify;\">Neles, ser\u00e3o definidas as Diretrizes Comuns que nortear\u00e3o a reformula\u00e7\u00e3o dos Projetos Pedag\u00f3gicos Curriculares dos Cursos de Licenciatura, de forma que seja poss\u00edvel, respeitadas as especificidades de cada \u00e1rea, termos pressupostos comuns, pautando a forma\u00e7\u00e3o de professores na Ufac.<\/p>\n","protected":false},"excerpt":{"rendered":"<p style=\"text-align: justify;\">A\u00e7\u00f5es ser\u00e3o aplicadas ap\u00f3s avalia\u00e7\u00e3o do relat\u00f3rio<\/p>\n","protected":false},"author":4,"featured_media":8589,"comment_status":"open","ping_status":"open","sticky":false,"template":"","format":"standard","meta":{"jnews-multi-image_gallery":[],"jnews_single_post":[],"jnews_primary_category":[],"jnews_social_meta":[],"jnews_review":[],"enable_review":"","type":"","name":"","summary":"","brand":"","sku":"","good":[],"bad":[],"score_override":"","override_value":"","rating":[],"price":[],"footnotes":""},"categories":[54],"tags":[],"class_list":["post-20311","post","type-post","status-publish","format-standard","has-post-thumbnail","hentry","category-cotidiano"],"yoast_head":"<!-- This site is optimized with the Yoast SEO plugin v26.5 - https:\/\/yoast.com\/wordpress\/plugins\/seo\/ -->\n<title>Ufac tenta explicar medidas ap\u00f3s suspens\u00e3o de curso - Agazeta.net<\/title>\n<meta name=\"robots\" content=\"index, follow, max-snippet:-1, max-image-preview:large, max-video-preview:-1\" \/>\n<link rel=\"canonical\" href=\"https:\/\/nk7-testes.com.br\/agazeta\/ufac-tenta-explicar-medidas-apos-suspensao-de-curso\/\" \/>\n<meta property=\"og:locale\" content=\"pt_BR\" \/>\n<meta property=\"og:type\" content=\"article\" \/>\n<meta property=\"og:title\" content=\"Ufac tenta explicar medidas ap\u00f3s suspens\u00e3o de curso - Agazeta.net\" \/>\n<meta property=\"og:description\" content=\"A\u00e7\u00f5es ser\u00e3o aplicadas ap\u00f3s avalia\u00e7\u00e3o do relat\u00f3rio\" \/>\n<meta property=\"og:url\" content=\"https:\/\/nk7-testes.com.br\/agazeta\/ufac-tenta-explicar-medidas-apos-suspensao-de-curso\/\" \/>\n<meta property=\"og:site_name\" content=\"Agazeta.net\" \/>\n<meta property=\"article:published_time\" content=\"2015-12-23T19:26:10+00:00\" \/>\n<meta property=\"og:image\" content=\"https:\/\/nk7-testes.com.br\/agazeta\/wp-content\/uploads\/2014\/07\/Banner-minorokimpara.jpg\" \/>\n\t<meta property=\"og:image:width\" content=\"458\" \/>\n\t<meta property=\"og:image:height\" content=\"340\" \/>\n\t<meta property=\"og:image:type\" content=\"image\/jpeg\" \/>\n<meta name=\"author\" content=\"Agazeta.Net\" \/>\n<meta name=\"twitter:card\" content=\"summary_large_image\" \/>\n<meta name=\"twitter:label1\" content=\"Escrito por\" \/>\n\t<meta name=\"twitter:data1\" content=\"Agazeta.Net\" \/>\n\t<meta name=\"twitter:label2\" content=\"Est. tempo de leitura\" \/>\n\t<meta name=\"twitter:data2\" content=\"2 minutos\" \/>\n<script type=\"application\/ld+json\" class=\"yoast-schema-graph\">{\"@context\":\"https:\/\/schema.org\",\"@graph\":[{\"@type\":\"WebPage\",\"@id\":\"https:\/\/nk7-testes.com.br\/agazeta\/ufac-tenta-explicar-medidas-apos-suspensao-de-curso\/\",\"url\":\"https:\/\/nk7-testes.com.br\/agazeta\/ufac-tenta-explicar-medidas-apos-suspensao-de-curso\/\",\"name\":\"Ufac tenta explicar medidas ap\u00f3s suspens\u00e3o de curso - Agazeta.net\",\"isPartOf\":{\"@id\":\"https:\/\/nk7-testes.com.br\/agazeta\/#website\"},\"primaryImageOfPage\":{\"@id\":\"https:\/\/nk7-testes.com.br\/agazeta\/ufac-tenta-explicar-medidas-apos-suspensao-de-curso\/#primaryimage\"},\"image\":{\"@id\":\"https:\/\/nk7-testes.com.br\/agazeta\/ufac-tenta-explicar-medidas-apos-suspensao-de-curso\/#primaryimage\"},\"thumbnailUrl\":\"https:\/\/nk7-testes.com.br\/agazeta\/wp-content\/uploads\/2014\/07\/Banner-minorokimpara.jpg\",\"datePublished\":\"2015-12-23T19:26:10+00:00\",\"author\":{\"@id\":\"https:\/\/nk7-testes.com.br\/agazeta\/#\/schema\/person\/6d6e25cb0435eb4a02fd44d30b4e3020\"},\"breadcrumb\":{\"@id\":\"https:\/\/nk7-testes.com.br\/agazeta\/ufac-tenta-explicar-medidas-apos-suspensao-de-curso\/#breadcrumb\"},\"inLanguage\":\"pt-BR\",\"potentialAction\":[{\"@type\":\"ReadAction\",\"target\":[\"https:\/\/nk7-testes.com.br\/agazeta\/ufac-tenta-explicar-medidas-apos-suspensao-de-curso\/\"]}]},{\"@type\":\"ImageObject\",\"inLanguage\":\"pt-BR\",\"@id\":\"https:\/\/nk7-testes.com.br\/agazeta\/ufac-tenta-explicar-medidas-apos-suspensao-de-curso\/#primaryimage\",\"url\":\"https:\/\/nk7-testes.com.br\/agazeta\/wp-content\/uploads\/2014\/07\/Banner-minorokimpara.jpg\",\"contentUrl\":\"https:\/\/nk7-testes.com.br\/agazeta\/wp-content\/uploads\/2014\/07\/Banner-minorokimpara.jpg\",\"width\":458,\"height\":340,\"caption\":\"Banner-minorokimpara\"},{\"@type\":\"BreadcrumbList\",\"@id\":\"https:\/\/nk7-testes.com.br\/agazeta\/ufac-tenta-explicar-medidas-apos-suspensao-de-curso\/#breadcrumb\",\"itemListElement\":[{\"@type\":\"ListItem\",\"position\":1,\"name\":\"In\u00edcio\",\"item\":\"https:\/\/nk7-testes.com.br\/agazeta\/\"},{\"@type\":\"ListItem\",\"position\":2,\"name\":\"Ufac tenta explicar medidas ap\u00f3s suspens\u00e3o de curso\"}]},{\"@type\":\"WebSite\",\"@id\":\"https:\/\/nk7-testes.com.br\/agazeta\/#website\",\"url\":\"https:\/\/nk7-testes.com.br\/agazeta\/\",\"name\":\"Agazeta.net\",\"description\":\"Agazeta.net - Not\u00edcias de Rio Branco\/AC\",\"potentialAction\":[{\"@type\":\"SearchAction\",\"target\":{\"@type\":\"EntryPoint\",\"urlTemplate\":\"https:\/\/nk7-testes.com.br\/agazeta\/?s={search_term_string}\"},\"query-input\":{\"@type\":\"PropertyValueSpecification\",\"valueRequired\":true,\"valueName\":\"search_term_string\"}}],\"inLanguage\":\"pt-BR\"},{\"@type\":\"Person\",\"@id\":\"https:\/\/nk7-testes.com.br\/agazeta\/#\/schema\/person\/6d6e25cb0435eb4a02fd44d30b4e3020\",\"name\":\"Agazeta.Net\",\"url\":\"https:\/\/nk7-testes.com.br\/agazeta\/author\/agazeta\/\"}]}<\/script>\n<!-- \/ Yoast SEO plugin. -->","yoast_head_json":{"title":"Ufac tenta explicar medidas ap\u00f3s suspens\u00e3o de curso - Agazeta.net","robots":{"index":"index","follow":"follow","max-snippet":"max-snippet:-1","max-image-preview":"max-image-preview:large","max-video-preview":"max-video-preview:-1"},"canonical":"https:\/\/nk7-testes.com.br\/agazeta\/ufac-tenta-explicar-medidas-apos-suspensao-de-curso\/","og_locale":"pt_BR","og_type":"article","og_title":"Ufac tenta explicar medidas ap\u00f3s suspens\u00e3o de curso - Agazeta.net","og_description":"A\u00e7\u00f5es ser\u00e3o aplicadas ap\u00f3s avalia\u00e7\u00e3o do relat\u00f3rio","og_url":"https:\/\/nk7-testes.com.br\/agazeta\/ufac-tenta-explicar-medidas-apos-suspensao-de-curso\/","og_site_name":"Agazeta.net","article_published_time":"2015-12-23T19:26:10+00:00","og_image":[{"width":458,"height":340,"url":"https:\/\/nk7-testes.com.br\/agazeta\/wp-content\/uploads\/2014\/07\/Banner-minorokimpara.jpg","type":"image\/jpeg"}],"author":"Agazeta.Net","twitter_card":"summary_large_image","twitter_misc":{"Escrito por":"Agazeta.Net","Est. tempo de leitura":"2 minutos"},"schema":{"@context":"https:\/\/schema.org","@graph":[{"@type":"WebPage","@id":"https:\/\/nk7-testes.com.br\/agazeta\/ufac-tenta-explicar-medidas-apos-suspensao-de-curso\/","url":"https:\/\/nk7-testes.com.br\/agazeta\/ufac-tenta-explicar-medidas-apos-suspensao-de-curso\/","name":"Ufac tenta explicar medidas ap\u00f3s suspens\u00e3o de curso - Agazeta.net","isPartOf":{"@id":"https:\/\/nk7-testes.com.br\/agazeta\/#website"},"primaryImageOfPage":{"@id":"https:\/\/nk7-testes.com.br\/agazeta\/ufac-tenta-explicar-medidas-apos-suspensao-de-curso\/#primaryimage"},"image":{"@id":"https:\/\/nk7-testes.com.br\/agazeta\/ufac-tenta-explicar-medidas-apos-suspensao-de-curso\/#primaryimage"},"thumbnailUrl":"https:\/\/nk7-testes.com.br\/agazeta\/wp-content\/uploads\/2014\/07\/Banner-minorokimpara.jpg","datePublished":"2015-12-23T19:26:10+00:00","author":{"@id":"https:\/\/nk7-testes.com.br\/agazeta\/#\/schema\/person\/6d6e25cb0435eb4a02fd44d30b4e3020"},"breadcrumb":{"@id":"https:\/\/nk7-testes.com.br\/agazeta\/ufac-tenta-explicar-medidas-apos-suspensao-de-curso\/#breadcrumb"},"inLanguage":"pt-BR","potentialAction":[{"@type":"ReadAction","target":["https:\/\/nk7-testes.com.br\/agazeta\/ufac-tenta-explicar-medidas-apos-suspensao-de-curso\/"]}]},{"@type":"ImageObject","inLanguage":"pt-BR","@id":"https:\/\/nk7-testes.com.br\/agazeta\/ufac-tenta-explicar-medidas-apos-suspensao-de-curso\/#primaryimage","url":"https:\/\/nk7-testes.com.br\/agazeta\/wp-content\/uploads\/2014\/07\/Banner-minorokimpara.jpg","contentUrl":"https:\/\/nk7-testes.com.br\/agazeta\/wp-content\/uploads\/2014\/07\/Banner-minorokimpara.jpg","width":458,"height":340,"caption":"Banner-minorokimpara"},{"@type":"BreadcrumbList","@id":"https:\/\/nk7-testes.com.br\/agazeta\/ufac-tenta-explicar-medidas-apos-suspensao-de-curso\/#breadcrumb","itemListElement":[{"@type":"ListItem","position":1,"name":"In\u00edcio","item":"https:\/\/nk7-testes.com.br\/agazeta\/"},{"@type":"ListItem","position":2,"name":"Ufac tenta explicar medidas ap\u00f3s suspens\u00e3o de curso"}]},{"@type":"WebSite","@id":"https:\/\/nk7-testes.com.br\/agazeta\/#website","url":"https:\/\/nk7-testes.com.br\/agazeta\/","name":"Agazeta.net","description":"Agazeta.net - Not\u00edcias de Rio Branco\/AC","potentialAction":[{"@type":"SearchAction","target":{"@type":"EntryPoint","urlTemplate":"https:\/\/nk7-testes.com.br\/agazeta\/?s={search_term_string}"},"query-input":{"@type":"PropertyValueSpecification","valueRequired":true,"valueName":"search_term_string"}}],"inLanguage":"pt-BR"},{"@type":"Person","@id":"https:\/\/nk7-testes.com.br\/agazeta\/#\/schema\/person\/6d6e25cb0435eb4a02fd44d30b4e3020","name":"Agazeta.Net","url":"https:\/\/nk7-testes.com.br\/agazeta\/author\/agazeta\/"}]}},"_links":{"self":[{"href":"https:\/\/nk7-testes.com.br\/agazeta\/wp-json\/wp\/v2\/posts\/20311","targetHints":{"allow":["GET"]}}],"collection":[{"href":"https:\/\/nk7-testes.com.br\/agazeta\/wp-json\/wp\/v2\/posts"}],"about":[{"href":"https:\/\/nk7-testes.com.br\/agazeta\/wp-json\/wp\/v2\/types\/post"}],"author":[{"embeddable":true,"href":"https:\/\/nk7-testes.com.br\/agazeta\/wp-json\/wp\/v2\/users\/4"}],"replies":[{"embeddable":true,"href":"https:\/\/nk7-testes.com.br\/agazeta\/wp-json\/wp\/v2\/comments?post=20311"}],"version-history":[{"count":0,"href":"https:\/\/nk7-testes.com.br\/agazeta\/wp-json\/wp\/v2\/posts\/20311\/revisions"}],"wp:featuredmedia":[{"embeddable":true,"href":"https:\/\/nk7-testes.com.br\/agazeta\/wp-json\/wp\/v2\/media\/8589"}],"wp:attachment":[{"href":"https:\/\/nk7-testes.com.br\/agazeta\/wp-json\/wp\/v2\/media?parent=20311"}],"wp:term":[{"taxonomy":"category","embeddable":true,"href":"https:\/\/nk7-testes.com.br\/agazeta\/wp-json\/wp\/v2\/categories?post=20311"},{"taxonomy":"post_tag","embeddable":true,"href":"https:\/\/nk7-testes.com.br\/agazeta\/wp-json\/wp\/v2\/tags?post=20311"}],"curies":[{"name":"wp","href":"https:\/\/api.w.org\/{rel}","templated":true}]}}