{"id":20294,"date":"2015-12-22T21:43:50","date_gmt":"2015-12-22T21:43:50","guid":{"rendered":"https:\/\/abarevegan.com.br\/index.php\/2015\/12\/22\/fabrica-do-papai-noel-esta-em-cartaz-no-sesc\/"},"modified":"2015-12-22T21:43:50","modified_gmt":"2015-12-22T21:43:50","slug":"fabrica-do-papai-noel-esta-em-cartaz-no-sesc","status":"publish","type":"post","link":"https:\/\/nk7-testes.com.br\/agazeta\/fabrica-do-papai-noel-esta-em-cartaz-no-sesc\/","title":{"rendered":"F\u00e1brica do Papai Noel est\u00e1 em cartaz no Sesc"},"content":{"rendered":"<p style=\"text-align: justify;\"><span style=\"font-size: 12pt; line-height: 115%; font-family: 'Times New Roman', serif;\"><\/span><\/p>\n<p style=\"text-align: justify;\">Pe\u00e7a refor\u00e7a imagin\u00e1rio do \u201cbom velhinho\u201d<\/p>\n<p style=\"text-align: justify;\"><span style=\"font-size: 12pt; line-height: 115%; font-family: 'Times New Roman', serif;\"><\/span><\/p>\n<p style=\"text-align: justify;\">O Servi\u00e7o Social do Comercio no Acre (Sesc\/AC) e o grupo de teatro Trupe do Banzeiro apresentam, no projeto Encena no Arena, o espet\u00e1culo \u201cA F\u00e1brica do Papai Noel\u201d, realizado nos pr\u00f3ximos dias 25, 26 e 27 de dezembro, \u00e0s 19h, no Teatro de Arena do Sesc Centro. O ingresso inteiro custa R$ 20 e a meia-entrada, R$ 10.<\/p>\n<p style=\"text-align: justify;\"><span style=\"font-size: 12pt; line-height: 115%; font-family: 'Times New Roman', serif;\"><\/span><\/p>\n<p style=\"text-align: justify;\">O projeto \u201cEncena na Arena\u201d envolve linguagens art\u00edsticas como teatro, m\u00fasica e literatura como forma de difundir essas linguagens para sensibilizar a comunidade nos seus segmentos culturais.<\/p>\n<p style=\"text-align: justify;\"><span style=\"font-size: 12pt; line-height: 115%; font-family: 'Times New Roman', serif;\"><\/span><\/p>\n<p style=\"text-align: justify;\">A proposta \u00e9 levar, todos os s\u00e1bados, concertos musicais e, aos domingos, apresenta\u00e7\u00f5es teatrais e conta\u00e7\u00f5es de hist\u00f3rias no Teatro de Arena do Sesc, al\u00e9m de outras atividades envolvendo diversas a arte e amenizando a car\u00eancia e a inacessibilidade da popula\u00e7\u00e3o aos bens culturais.<\/p>\n<p style=\"text-align: justify;\"><span style=\"font-size: 12pt; line-height: 115%; font-family: 'Times New Roman', serif;\"><\/span><\/p>\n<p style=\"text-align: justify;\">Sinopse<\/p>\n<p style=\"text-align: justify;\"><span style=\"font-size: 12pt; line-height: 115%; font-family: 'Times New Roman', serif;\"><\/span><\/p>\n<p style=\"text-align: justify;\">No universo l\u00fadico e m\u00e1gico do Natal, a pe\u00e7a traz de volta a magia do per\u00edodo ao contar a hist\u00f3ria do Papai e da Mam\u00e3e Noel na encantada tarefa de comandar a f\u00e1brica de brinquedos. Nas v\u00e9speras de Natal, a Estrela de Bel\u00e9m resolve d\u00e1 uma escapadinha at\u00e9 a f\u00e1brica, por se sentir sozinha no c\u00e9u.<\/p>\n<p style=\"text-align: justify;\"><span style=\"font-size: 12pt; line-height: 115%; font-family: 'Times New Roman', serif;\"><\/span><\/p>\n<p style=\"text-align: justify;\">A partir da\u00ed, entre dan\u00e7as e muita m\u00fasica e anima\u00e7\u00e3o, o Papai Noel e sua equipe de ajudantes percorrem uma aventura cheia de emo\u00e7\u00e3o, tudo isso para garantir a todas as crian\u00e7as a magia do Natal, relembrando o verdadeiro sentido desta data t\u00e3o especial, que \u00e9 o nascimento do menino Jesus e, assim, refor\u00e7ando as li\u00e7\u00f5es de amor e esperan\u00e7a que Ele nos deixou.<\/p>\n<p style=\"text-align: justify;\"><span style=\"font-size: 12pt; line-height: 115%; font-family: 'Times New Roman', serif;\">&nbsp;<\/span><\/p>\n","protected":false},"excerpt":{"rendered":"<p style=\"text-align: justify;\"><span style=\"font-size: 12pt; line-height: 115%; font-family: 'Times New Roman', serif;\"><\/span><\/p>\n<p style=\"text-align: justify;\">Pe\u00e7a refor\u00e7a imagin\u00e1rio do \u201cbom velhinho\u201d<\/p>\n","protected":false},"author":4,"featured_media":20293,"comment_status":"open","ping_status":"open","sticky":false,"template":"","format":"standard","meta":{"jnews-multi-image_gallery":[],"jnews_single_post":[],"jnews_primary_category":[],"jnews_social_meta":[],"jnews_review":[],"enable_review":"","type":"","name":"","summary":"","brand":"","sku":"","good":[],"bad":[],"score_override":"","override_value":"","rating":[],"price":[],"footnotes":""},"categories":[54],"tags":[],"class_list":["post-20294","post","type-post","status-publish","format-standard","has-post-thumbnail","hentry","category-cotidiano"],"yoast_head":"<!-- This site is optimized with the Yoast SEO plugin v26.5 - https:\/\/yoast.com\/wordpress\/plugins\/seo\/ -->\n<title>F\u00e1brica do Papai Noel est\u00e1 em cartaz no Sesc - Agazeta.net<\/title>\n<meta name=\"robots\" content=\"index, follow, max-snippet:-1, max-image-preview:large, max-video-preview:-1\" \/>\n<link rel=\"canonical\" href=\"https:\/\/nk7-testes.com.br\/agazeta\/fabrica-do-papai-noel-esta-em-cartaz-no-sesc\/\" \/>\n<meta property=\"og:locale\" content=\"pt_BR\" \/>\n<meta property=\"og:type\" content=\"article\" \/>\n<meta property=\"og:title\" content=\"F\u00e1brica do Papai Noel est\u00e1 em cartaz no Sesc - Agazeta.net\" \/>\n<meta property=\"og:description\" content=\"Pe\u00e7a refor\u00e7a imagin\u00e1rio do \u201cbom velhinho\u201d\" \/>\n<meta property=\"og:url\" content=\"https:\/\/nk7-testes.com.br\/agazeta\/fabrica-do-papai-noel-esta-em-cartaz-no-sesc\/\" \/>\n<meta property=\"og:site_name\" content=\"Agazeta.net\" \/>\n<meta property=\"article:published_time\" content=\"2015-12-22T21:43:50+00:00\" \/>\n<meta property=\"og:image\" content=\"https:\/\/nk7-testes.com.br\/agazeta\/wp-content\/uploads\/2015\/12\/221215-cotidiano-fabricadopapainoel-divulgacao.jpg\" \/>\n\t<meta property=\"og:image:width\" content=\"458\" \/>\n\t<meta property=\"og:image:height\" content=\"340\" \/>\n\t<meta property=\"og:image:type\" content=\"image\/jpeg\" \/>\n<meta name=\"author\" content=\"Agazeta.Net\" \/>\n<meta name=\"twitter:card\" content=\"summary_large_image\" \/>\n<meta name=\"twitter:label1\" content=\"Escrito por\" \/>\n\t<meta name=\"twitter:data1\" content=\"Agazeta.Net\" \/>\n\t<meta name=\"twitter:label2\" content=\"Est. tempo de leitura\" \/>\n\t<meta name=\"twitter:data2\" content=\"1 minuto\" \/>\n<script type=\"application\/ld+json\" class=\"yoast-schema-graph\">{\"@context\":\"https:\/\/schema.org\",\"@graph\":[{\"@type\":\"WebPage\",\"@id\":\"https:\/\/nk7-testes.com.br\/agazeta\/fabrica-do-papai-noel-esta-em-cartaz-no-sesc\/\",\"url\":\"https:\/\/nk7-testes.com.br\/agazeta\/fabrica-do-papai-noel-esta-em-cartaz-no-sesc\/\",\"name\":\"F\u00e1brica do Papai Noel est\u00e1 em cartaz no Sesc - Agazeta.net\",\"isPartOf\":{\"@id\":\"https:\/\/nk7-testes.com.br\/agazeta\/#website\"},\"primaryImageOfPage\":{\"@id\":\"https:\/\/nk7-testes.com.br\/agazeta\/fabrica-do-papai-noel-esta-em-cartaz-no-sesc\/#primaryimage\"},\"image\":{\"@id\":\"https:\/\/nk7-testes.com.br\/agazeta\/fabrica-do-papai-noel-esta-em-cartaz-no-sesc\/#primaryimage\"},\"thumbnailUrl\":\"https:\/\/nk7-testes.com.br\/agazeta\/wp-content\/uploads\/2015\/12\/221215-cotidiano-fabricadopapainoel-divulgacao.jpg\",\"datePublished\":\"2015-12-22T21:43:50+00:00\",\"author\":{\"@id\":\"https:\/\/nk7-testes.com.br\/agazeta\/#\/schema\/person\/6d6e25cb0435eb4a02fd44d30b4e3020\"},\"breadcrumb\":{\"@id\":\"https:\/\/nk7-testes.com.br\/agazeta\/fabrica-do-papai-noel-esta-em-cartaz-no-sesc\/#breadcrumb\"},\"inLanguage\":\"pt-BR\",\"potentialAction\":[{\"@type\":\"ReadAction\",\"target\":[\"https:\/\/nk7-testes.com.br\/agazeta\/fabrica-do-papai-noel-esta-em-cartaz-no-sesc\/\"]}]},{\"@type\":\"ImageObject\",\"inLanguage\":\"pt-BR\",\"@id\":\"https:\/\/nk7-testes.com.br\/agazeta\/fabrica-do-papai-noel-esta-em-cartaz-no-sesc\/#primaryimage\",\"url\":\"https:\/\/nk7-testes.com.br\/agazeta\/wp-content\/uploads\/2015\/12\/221215-cotidiano-fabricadopapainoel-divulgacao.jpg\",\"contentUrl\":\"https:\/\/nk7-testes.com.br\/agazeta\/wp-content\/uploads\/2015\/12\/221215-cotidiano-fabricadopapainoel-divulgacao.jpg\",\"width\":458,\"height\":340,\"caption\":\"221215-cotidiano-fabricadopapainoel-divulgacao\"},{\"@type\":\"BreadcrumbList\",\"@id\":\"https:\/\/nk7-testes.com.br\/agazeta\/fabrica-do-papai-noel-esta-em-cartaz-no-sesc\/#breadcrumb\",\"itemListElement\":[{\"@type\":\"ListItem\",\"position\":1,\"name\":\"In\u00edcio\",\"item\":\"https:\/\/nk7-testes.com.br\/agazeta\/\"},{\"@type\":\"ListItem\",\"position\":2,\"name\":\"F\u00e1brica do Papai Noel est\u00e1 em cartaz no Sesc\"}]},{\"@type\":\"WebSite\",\"@id\":\"https:\/\/nk7-testes.com.br\/agazeta\/#website\",\"url\":\"https:\/\/nk7-testes.com.br\/agazeta\/\",\"name\":\"Agazeta.net\",\"description\":\"Agazeta.net - Not\u00edcias de Rio Branco\/AC\",\"potentialAction\":[{\"@type\":\"SearchAction\",\"target\":{\"@type\":\"EntryPoint\",\"urlTemplate\":\"https:\/\/nk7-testes.com.br\/agazeta\/?s={search_term_string}\"},\"query-input\":{\"@type\":\"PropertyValueSpecification\",\"valueRequired\":true,\"valueName\":\"search_term_string\"}}],\"inLanguage\":\"pt-BR\"},{\"@type\":\"Person\",\"@id\":\"https:\/\/nk7-testes.com.br\/agazeta\/#\/schema\/person\/6d6e25cb0435eb4a02fd44d30b4e3020\",\"name\":\"Agazeta.Net\",\"url\":\"https:\/\/nk7-testes.com.br\/agazeta\/author\/agazeta\/\"}]}<\/script>\n<!-- \/ Yoast SEO plugin. -->","yoast_head_json":{"title":"F\u00e1brica do Papai Noel est\u00e1 em cartaz no Sesc - Agazeta.net","robots":{"index":"index","follow":"follow","max-snippet":"max-snippet:-1","max-image-preview":"max-image-preview:large","max-video-preview":"max-video-preview:-1"},"canonical":"https:\/\/nk7-testes.com.br\/agazeta\/fabrica-do-papai-noel-esta-em-cartaz-no-sesc\/","og_locale":"pt_BR","og_type":"article","og_title":"F\u00e1brica do Papai Noel est\u00e1 em cartaz no Sesc - Agazeta.net","og_description":"Pe\u00e7a refor\u00e7a imagin\u00e1rio do \u201cbom velhinho\u201d","og_url":"https:\/\/nk7-testes.com.br\/agazeta\/fabrica-do-papai-noel-esta-em-cartaz-no-sesc\/","og_site_name":"Agazeta.net","article_published_time":"2015-12-22T21:43:50+00:00","og_image":[{"width":458,"height":340,"url":"https:\/\/nk7-testes.com.br\/agazeta\/wp-content\/uploads\/2015\/12\/221215-cotidiano-fabricadopapainoel-divulgacao.jpg","type":"image\/jpeg"}],"author":"Agazeta.Net","twitter_card":"summary_large_image","twitter_misc":{"Escrito por":"Agazeta.Net","Est. tempo de leitura":"1 minuto"},"schema":{"@context":"https:\/\/schema.org","@graph":[{"@type":"WebPage","@id":"https:\/\/nk7-testes.com.br\/agazeta\/fabrica-do-papai-noel-esta-em-cartaz-no-sesc\/","url":"https:\/\/nk7-testes.com.br\/agazeta\/fabrica-do-papai-noel-esta-em-cartaz-no-sesc\/","name":"F\u00e1brica do Papai Noel est\u00e1 em cartaz no Sesc - Agazeta.net","isPartOf":{"@id":"https:\/\/nk7-testes.com.br\/agazeta\/#website"},"primaryImageOfPage":{"@id":"https:\/\/nk7-testes.com.br\/agazeta\/fabrica-do-papai-noel-esta-em-cartaz-no-sesc\/#primaryimage"},"image":{"@id":"https:\/\/nk7-testes.com.br\/agazeta\/fabrica-do-papai-noel-esta-em-cartaz-no-sesc\/#primaryimage"},"thumbnailUrl":"https:\/\/nk7-testes.com.br\/agazeta\/wp-content\/uploads\/2015\/12\/221215-cotidiano-fabricadopapainoel-divulgacao.jpg","datePublished":"2015-12-22T21:43:50+00:00","author":{"@id":"https:\/\/nk7-testes.com.br\/agazeta\/#\/schema\/person\/6d6e25cb0435eb4a02fd44d30b4e3020"},"breadcrumb":{"@id":"https:\/\/nk7-testes.com.br\/agazeta\/fabrica-do-papai-noel-esta-em-cartaz-no-sesc\/#breadcrumb"},"inLanguage":"pt-BR","potentialAction":[{"@type":"ReadAction","target":["https:\/\/nk7-testes.com.br\/agazeta\/fabrica-do-papai-noel-esta-em-cartaz-no-sesc\/"]}]},{"@type":"ImageObject","inLanguage":"pt-BR","@id":"https:\/\/nk7-testes.com.br\/agazeta\/fabrica-do-papai-noel-esta-em-cartaz-no-sesc\/#primaryimage","url":"https:\/\/nk7-testes.com.br\/agazeta\/wp-content\/uploads\/2015\/12\/221215-cotidiano-fabricadopapainoel-divulgacao.jpg","contentUrl":"https:\/\/nk7-testes.com.br\/agazeta\/wp-content\/uploads\/2015\/12\/221215-cotidiano-fabricadopapainoel-divulgacao.jpg","width":458,"height":340,"caption":"221215-cotidiano-fabricadopapainoel-divulgacao"},{"@type":"BreadcrumbList","@id":"https:\/\/nk7-testes.com.br\/agazeta\/fabrica-do-papai-noel-esta-em-cartaz-no-sesc\/#breadcrumb","itemListElement":[{"@type":"ListItem","position":1,"name":"In\u00edcio","item":"https:\/\/nk7-testes.com.br\/agazeta\/"},{"@type":"ListItem","position":2,"name":"F\u00e1brica do Papai Noel est\u00e1 em cartaz no Sesc"}]},{"@type":"WebSite","@id":"https:\/\/nk7-testes.com.br\/agazeta\/#website","url":"https:\/\/nk7-testes.com.br\/agazeta\/","name":"Agazeta.net","description":"Agazeta.net - Not\u00edcias de Rio Branco\/AC","potentialAction":[{"@type":"SearchAction","target":{"@type":"EntryPoint","urlTemplate":"https:\/\/nk7-testes.com.br\/agazeta\/?s={search_term_string}"},"query-input":{"@type":"PropertyValueSpecification","valueRequired":true,"valueName":"search_term_string"}}],"inLanguage":"pt-BR"},{"@type":"Person","@id":"https:\/\/nk7-testes.com.br\/agazeta\/#\/schema\/person\/6d6e25cb0435eb4a02fd44d30b4e3020","name":"Agazeta.Net","url":"https:\/\/nk7-testes.com.br\/agazeta\/author\/agazeta\/"}]}},"_links":{"self":[{"href":"https:\/\/nk7-testes.com.br\/agazeta\/wp-json\/wp\/v2\/posts\/20294","targetHints":{"allow":["GET"]}}],"collection":[{"href":"https:\/\/nk7-testes.com.br\/agazeta\/wp-json\/wp\/v2\/posts"}],"about":[{"href":"https:\/\/nk7-testes.com.br\/agazeta\/wp-json\/wp\/v2\/types\/post"}],"author":[{"embeddable":true,"href":"https:\/\/nk7-testes.com.br\/agazeta\/wp-json\/wp\/v2\/users\/4"}],"replies":[{"embeddable":true,"href":"https:\/\/nk7-testes.com.br\/agazeta\/wp-json\/wp\/v2\/comments?post=20294"}],"version-history":[{"count":0,"href":"https:\/\/nk7-testes.com.br\/agazeta\/wp-json\/wp\/v2\/posts\/20294\/revisions"}],"wp:featuredmedia":[{"embeddable":true,"href":"https:\/\/nk7-testes.com.br\/agazeta\/wp-json\/wp\/v2\/media\/20293"}],"wp:attachment":[{"href":"https:\/\/nk7-testes.com.br\/agazeta\/wp-json\/wp\/v2\/media?parent=20294"}],"wp:term":[{"taxonomy":"category","embeddable":true,"href":"https:\/\/nk7-testes.com.br\/agazeta\/wp-json\/wp\/v2\/categories?post=20294"},{"taxonomy":"post_tag","embeddable":true,"href":"https:\/\/nk7-testes.com.br\/agazeta\/wp-json\/wp\/v2\/tags?post=20294"}],"curies":[{"name":"wp","href":"https:\/\/api.w.org\/{rel}","templated":true}]}}