{"id":20289,"date":"2015-12-22T20:14:03","date_gmt":"2015-12-22T20:14:03","guid":{"rendered":"https:\/\/abarevegan.com.br\/index.php\/2015\/12\/22\/acre-apresenta-aumento-em-casos-suspeitos-de-dengue\/"},"modified":"2015-12-22T20:14:03","modified_gmt":"2015-12-22T20:14:03","slug":"acre-apresenta-aumento-em-casos-suspeitos-de-dengue","status":"publish","type":"post","link":"https:\/\/nk7-testes.com.br\/agazeta\/acre-apresenta-aumento-em-casos-suspeitos-de-dengue\/","title":{"rendered":"Acre apresenta aumento em casos suspeitos de dengue"},"content":{"rendered":"<p style=\"text-align: justify;\">Em uma semana n\u00famero quase dobrou<\/p>\n<p style=\"text-align: justify;\">De acordo com o Minist\u00e9rio da Sa\u00fade, no Acre, 1.593 agentes comunit\u00e1rios de sa\u00fade e 205 equipes entrar\u00e3o em a\u00e7\u00e3o em 22 munic\u00edpios para reduzir a incid\u00eancia do transmissor dentro dos lares.<\/p>\n<p style=\"text-align: justify;\">Os profissionais v\u00e3o ajudar no trabalho de busca de criadouros, j\u00e1 realizado nas comunidades pelos agentes de combate \u00e0s endemias, e dar\u00e3o orienta\u00e7\u00f5es sobre as medidas de preven\u00e7\u00e3o contras as doen\u00e7as.<\/p>\n<p style=\"text-align: justify;\">Os n\u00fameros de casos suspeitos de dengue ainda s\u00e3o preocupantes. De acordo com a Secretaria Municipal de Sa\u00fade, os casos quase que dobraram em apenas uma semana. Na semana de 6 a 12 de dezembro, foram registrados 69 casos suspeitos; de 13 a 19 foram notificados 119 casos.<\/p>\n<p style=\"text-align: justify;\">A Semsa divulgou ainda os bairros com maior \u00edndice de infesta\u00e7\u00e3o predial do mosquito, no topo do rankig est\u00e3o: bairro Jo\u00e3o Carlos (regi\u00e3o do Calafate) com 25%; 6 de Agosto I, 23,08%; Jardim Ipanema (atr\u00e1s do Xavier Maia) 20%; Tancredo Neves 18,18% e Residencial Arueira (tamb\u00e9m regi\u00e3o do Calafate) com 18,18.<\/p>\n<p style=\"text-align: justify;\">Entre os 108 bairros pesquisados, apenas o Belo Jardim atendeu ao limite aceit\u00e1vel pelo MS de 1%, o bairro do Segundo Distrito da cidade apontou 0,53% de \u00edndice de infesta\u00e7\u00e3o predial.<\/p>\n<p style=\"text-align: justify;\">Outros quatro bairros que apresentaram um \u00edndice pr\u00f3ximo ao satisfat\u00f3rio s\u00e3o: Vila Benfica 1,01%; Sanacre 1,08; Taquari 1,13% e Mocinha Magalh\u00e3es 1,41%.<\/p>\n<p style=\"text-align: justify;\">&nbsp;<\/p>\n","protected":false},"excerpt":{"rendered":"<p style=\"text-align: justify;\">Em uma semana n\u00famero quase dobrou<\/p>\n","protected":false},"author":4,"featured_media":18403,"comment_status":"open","ping_status":"open","sticky":false,"template":"","format":"standard","meta":{"jnews-multi-image_gallery":[],"jnews_single_post":[],"jnews_primary_category":[],"jnews_social_meta":[],"jnews_review":[],"enable_review":"","type":"","name":"","summary":"","brand":"","sku":"","good":[],"bad":[],"score_override":"","override_value":"","rating":[],"price":[],"footnotes":""},"categories":[54],"tags":[],"class_list":["post-20289","post","type-post","status-publish","format-standard","has-post-thumbnail","hentry","category-cotidiano"],"yoast_head":"<!-- This site is optimized with the Yoast SEO plugin v26.5 - https:\/\/yoast.com\/wordpress\/plugins\/seo\/ -->\n<title>Acre apresenta aumento em casos suspeitos de dengue - Agazeta.net<\/title>\n<meta name=\"robots\" content=\"index, follow, max-snippet:-1, max-image-preview:large, max-video-preview:-1\" \/>\n<link rel=\"canonical\" href=\"https:\/\/nk7-testes.com.br\/agazeta\/acre-apresenta-aumento-em-casos-suspeitos-de-dengue\/\" \/>\n<meta property=\"og:locale\" content=\"pt_BR\" \/>\n<meta property=\"og:type\" content=\"article\" \/>\n<meta property=\"og:title\" content=\"Acre apresenta aumento em casos suspeitos de dengue - Agazeta.net\" \/>\n<meta property=\"og:description\" content=\"Em uma semana n\u00famero quase dobrou\" \/>\n<meta property=\"og:url\" content=\"https:\/\/nk7-testes.com.br\/agazeta\/acre-apresenta-aumento-em-casos-suspeitos-de-dengue\/\" \/>\n<meta property=\"og:site_name\" content=\"Agazeta.net\" \/>\n<meta property=\"article:published_time\" content=\"2015-12-22T20:14:03+00:00\" \/>\n<meta property=\"og:image\" content=\"https:\/\/nk7-testes.com.br\/agazeta\/wp-content\/uploads\/2015\/09\/170915-cotidiano-dengue-tvgazeta2.jpg\" \/>\n\t<meta property=\"og:image:width\" content=\"458\" \/>\n\t<meta property=\"og:image:height\" content=\"340\" \/>\n\t<meta property=\"og:image:type\" content=\"image\/jpeg\" \/>\n<meta name=\"author\" content=\"Agazeta.Net\" \/>\n<meta name=\"twitter:card\" content=\"summary_large_image\" \/>\n<meta name=\"twitter:label1\" content=\"Escrito por\" \/>\n\t<meta name=\"twitter:data1\" content=\"Agazeta.Net\" \/>\n\t<meta name=\"twitter:label2\" content=\"Est. tempo de leitura\" \/>\n\t<meta name=\"twitter:data2\" content=\"1 minuto\" \/>\n<script type=\"application\/ld+json\" class=\"yoast-schema-graph\">{\"@context\":\"https:\/\/schema.org\",\"@graph\":[{\"@type\":\"WebPage\",\"@id\":\"https:\/\/nk7-testes.com.br\/agazeta\/acre-apresenta-aumento-em-casos-suspeitos-de-dengue\/\",\"url\":\"https:\/\/nk7-testes.com.br\/agazeta\/acre-apresenta-aumento-em-casos-suspeitos-de-dengue\/\",\"name\":\"Acre apresenta aumento em casos suspeitos de dengue - Agazeta.net\",\"isPartOf\":{\"@id\":\"https:\/\/nk7-testes.com.br\/agazeta\/#website\"},\"primaryImageOfPage\":{\"@id\":\"https:\/\/nk7-testes.com.br\/agazeta\/acre-apresenta-aumento-em-casos-suspeitos-de-dengue\/#primaryimage\"},\"image\":{\"@id\":\"https:\/\/nk7-testes.com.br\/agazeta\/acre-apresenta-aumento-em-casos-suspeitos-de-dengue\/#primaryimage\"},\"thumbnailUrl\":\"https:\/\/nk7-testes.com.br\/agazeta\/wp-content\/uploads\/2015\/09\/170915-cotidiano-dengue-tvgazeta2.jpg\",\"datePublished\":\"2015-12-22T20:14:03+00:00\",\"author\":{\"@id\":\"https:\/\/nk7-testes.com.br\/agazeta\/#\/schema\/person\/6d6e25cb0435eb4a02fd44d30b4e3020\"},\"breadcrumb\":{\"@id\":\"https:\/\/nk7-testes.com.br\/agazeta\/acre-apresenta-aumento-em-casos-suspeitos-de-dengue\/#breadcrumb\"},\"inLanguage\":\"pt-BR\",\"potentialAction\":[{\"@type\":\"ReadAction\",\"target\":[\"https:\/\/nk7-testes.com.br\/agazeta\/acre-apresenta-aumento-em-casos-suspeitos-de-dengue\/\"]}]},{\"@type\":\"ImageObject\",\"inLanguage\":\"pt-BR\",\"@id\":\"https:\/\/nk7-testes.com.br\/agazeta\/acre-apresenta-aumento-em-casos-suspeitos-de-dengue\/#primaryimage\",\"url\":\"https:\/\/nk7-testes.com.br\/agazeta\/wp-content\/uploads\/2015\/09\/170915-cotidiano-dengue-tvgazeta2.jpg\",\"contentUrl\":\"https:\/\/nk7-testes.com.br\/agazeta\/wp-content\/uploads\/2015\/09\/170915-cotidiano-dengue-tvgazeta2.jpg\",\"width\":458,\"height\":340,\"caption\":\"170915-cotidiano-dengue-tvgazeta2\"},{\"@type\":\"BreadcrumbList\",\"@id\":\"https:\/\/nk7-testes.com.br\/agazeta\/acre-apresenta-aumento-em-casos-suspeitos-de-dengue\/#breadcrumb\",\"itemListElement\":[{\"@type\":\"ListItem\",\"position\":1,\"name\":\"In\u00edcio\",\"item\":\"https:\/\/nk7-testes.com.br\/agazeta\/\"},{\"@type\":\"ListItem\",\"position\":2,\"name\":\"Acre apresenta aumento em casos suspeitos de dengue\"}]},{\"@type\":\"WebSite\",\"@id\":\"https:\/\/nk7-testes.com.br\/agazeta\/#website\",\"url\":\"https:\/\/nk7-testes.com.br\/agazeta\/\",\"name\":\"Agazeta.net\",\"description\":\"Agazeta.net - Not\u00edcias de Rio Branco\/AC\",\"potentialAction\":[{\"@type\":\"SearchAction\",\"target\":{\"@type\":\"EntryPoint\",\"urlTemplate\":\"https:\/\/nk7-testes.com.br\/agazeta\/?s={search_term_string}\"},\"query-input\":{\"@type\":\"PropertyValueSpecification\",\"valueRequired\":true,\"valueName\":\"search_term_string\"}}],\"inLanguage\":\"pt-BR\"},{\"@type\":\"Person\",\"@id\":\"https:\/\/nk7-testes.com.br\/agazeta\/#\/schema\/person\/6d6e25cb0435eb4a02fd44d30b4e3020\",\"name\":\"Agazeta.Net\",\"url\":\"https:\/\/nk7-testes.com.br\/agazeta\/author\/agazeta\/\"}]}<\/script>\n<!-- \/ Yoast SEO plugin. -->","yoast_head_json":{"title":"Acre apresenta aumento em casos suspeitos de dengue - Agazeta.net","robots":{"index":"index","follow":"follow","max-snippet":"max-snippet:-1","max-image-preview":"max-image-preview:large","max-video-preview":"max-video-preview:-1"},"canonical":"https:\/\/nk7-testes.com.br\/agazeta\/acre-apresenta-aumento-em-casos-suspeitos-de-dengue\/","og_locale":"pt_BR","og_type":"article","og_title":"Acre apresenta aumento em casos suspeitos de dengue - Agazeta.net","og_description":"Em uma semana n\u00famero quase dobrou","og_url":"https:\/\/nk7-testes.com.br\/agazeta\/acre-apresenta-aumento-em-casos-suspeitos-de-dengue\/","og_site_name":"Agazeta.net","article_published_time":"2015-12-22T20:14:03+00:00","og_image":[{"width":458,"height":340,"url":"https:\/\/nk7-testes.com.br\/agazeta\/wp-content\/uploads\/2015\/09\/170915-cotidiano-dengue-tvgazeta2.jpg","type":"image\/jpeg"}],"author":"Agazeta.Net","twitter_card":"summary_large_image","twitter_misc":{"Escrito por":"Agazeta.Net","Est. tempo de leitura":"1 minuto"},"schema":{"@context":"https:\/\/schema.org","@graph":[{"@type":"WebPage","@id":"https:\/\/nk7-testes.com.br\/agazeta\/acre-apresenta-aumento-em-casos-suspeitos-de-dengue\/","url":"https:\/\/nk7-testes.com.br\/agazeta\/acre-apresenta-aumento-em-casos-suspeitos-de-dengue\/","name":"Acre apresenta aumento em casos suspeitos de dengue - Agazeta.net","isPartOf":{"@id":"https:\/\/nk7-testes.com.br\/agazeta\/#website"},"primaryImageOfPage":{"@id":"https:\/\/nk7-testes.com.br\/agazeta\/acre-apresenta-aumento-em-casos-suspeitos-de-dengue\/#primaryimage"},"image":{"@id":"https:\/\/nk7-testes.com.br\/agazeta\/acre-apresenta-aumento-em-casos-suspeitos-de-dengue\/#primaryimage"},"thumbnailUrl":"https:\/\/nk7-testes.com.br\/agazeta\/wp-content\/uploads\/2015\/09\/170915-cotidiano-dengue-tvgazeta2.jpg","datePublished":"2015-12-22T20:14:03+00:00","author":{"@id":"https:\/\/nk7-testes.com.br\/agazeta\/#\/schema\/person\/6d6e25cb0435eb4a02fd44d30b4e3020"},"breadcrumb":{"@id":"https:\/\/nk7-testes.com.br\/agazeta\/acre-apresenta-aumento-em-casos-suspeitos-de-dengue\/#breadcrumb"},"inLanguage":"pt-BR","potentialAction":[{"@type":"ReadAction","target":["https:\/\/nk7-testes.com.br\/agazeta\/acre-apresenta-aumento-em-casos-suspeitos-de-dengue\/"]}]},{"@type":"ImageObject","inLanguage":"pt-BR","@id":"https:\/\/nk7-testes.com.br\/agazeta\/acre-apresenta-aumento-em-casos-suspeitos-de-dengue\/#primaryimage","url":"https:\/\/nk7-testes.com.br\/agazeta\/wp-content\/uploads\/2015\/09\/170915-cotidiano-dengue-tvgazeta2.jpg","contentUrl":"https:\/\/nk7-testes.com.br\/agazeta\/wp-content\/uploads\/2015\/09\/170915-cotidiano-dengue-tvgazeta2.jpg","width":458,"height":340,"caption":"170915-cotidiano-dengue-tvgazeta2"},{"@type":"BreadcrumbList","@id":"https:\/\/nk7-testes.com.br\/agazeta\/acre-apresenta-aumento-em-casos-suspeitos-de-dengue\/#breadcrumb","itemListElement":[{"@type":"ListItem","position":1,"name":"In\u00edcio","item":"https:\/\/nk7-testes.com.br\/agazeta\/"},{"@type":"ListItem","position":2,"name":"Acre apresenta aumento em casos suspeitos de dengue"}]},{"@type":"WebSite","@id":"https:\/\/nk7-testes.com.br\/agazeta\/#website","url":"https:\/\/nk7-testes.com.br\/agazeta\/","name":"Agazeta.net","description":"Agazeta.net - Not\u00edcias de Rio Branco\/AC","potentialAction":[{"@type":"SearchAction","target":{"@type":"EntryPoint","urlTemplate":"https:\/\/nk7-testes.com.br\/agazeta\/?s={search_term_string}"},"query-input":{"@type":"PropertyValueSpecification","valueRequired":true,"valueName":"search_term_string"}}],"inLanguage":"pt-BR"},{"@type":"Person","@id":"https:\/\/nk7-testes.com.br\/agazeta\/#\/schema\/person\/6d6e25cb0435eb4a02fd44d30b4e3020","name":"Agazeta.Net","url":"https:\/\/nk7-testes.com.br\/agazeta\/author\/agazeta\/"}]}},"_links":{"self":[{"href":"https:\/\/nk7-testes.com.br\/agazeta\/wp-json\/wp\/v2\/posts\/20289","targetHints":{"allow":["GET"]}}],"collection":[{"href":"https:\/\/nk7-testes.com.br\/agazeta\/wp-json\/wp\/v2\/posts"}],"about":[{"href":"https:\/\/nk7-testes.com.br\/agazeta\/wp-json\/wp\/v2\/types\/post"}],"author":[{"embeddable":true,"href":"https:\/\/nk7-testes.com.br\/agazeta\/wp-json\/wp\/v2\/users\/4"}],"replies":[{"embeddable":true,"href":"https:\/\/nk7-testes.com.br\/agazeta\/wp-json\/wp\/v2\/comments?post=20289"}],"version-history":[{"count":0,"href":"https:\/\/nk7-testes.com.br\/agazeta\/wp-json\/wp\/v2\/posts\/20289\/revisions"}],"wp:featuredmedia":[{"embeddable":true,"href":"https:\/\/nk7-testes.com.br\/agazeta\/wp-json\/wp\/v2\/media\/18403"}],"wp:attachment":[{"href":"https:\/\/nk7-testes.com.br\/agazeta\/wp-json\/wp\/v2\/media?parent=20289"}],"wp:term":[{"taxonomy":"category","embeddable":true,"href":"https:\/\/nk7-testes.com.br\/agazeta\/wp-json\/wp\/v2\/categories?post=20289"},{"taxonomy":"post_tag","embeddable":true,"href":"https:\/\/nk7-testes.com.br\/agazeta\/wp-json\/wp\/v2\/tags?post=20289"}],"curies":[{"name":"wp","href":"https:\/\/api.w.org\/{rel}","templated":true}]}}