{"id":20268,"date":"2015-12-21T21:20:40","date_gmt":"2015-12-21T21:20:40","guid":{"rendered":"https:\/\/abarevegan.com.br\/index.php\/2015\/12\/21\/tv-gazeta-e-a-mais-lembrada-pelo-acriano\/"},"modified":"2015-12-21T21:20:40","modified_gmt":"2015-12-21T21:20:40","slug":"tv-gazeta-e-a-mais-lembrada-pelo-acriano","status":"publish","type":"post","link":"https:\/\/nk7-testes.com.br\/agazeta\/tv-gazeta-e-a-mais-lembrada-pelo-acriano\/","title":{"rendered":"TV Gazeta \u00e9 a mais lembrada pelo acriano"},"content":{"rendered":"<p style=\"text-align: justify;\">Gazeta Alerta teve 45% de prefer\u00eancia do p\u00fablico<\/p>\n<p style=\"text-align: justify;\">A TV Gazeta foi premiada mais uma vez, pela audi\u00eancia. A emissora foi vencedora na categoria canal de TV local, programa jornal\u00edstico e de variedades, no 1\u00ba Top Of Mind. O pr\u00eamio refere-se \u00e0 marca ou produto mais lembrado espontaneamente.<\/p>\n<p style=\"text-align: justify;\">A entrega do 1\u00ba Top Of Mind aconteceu neste final de semana, com presen\u00e7a de autoridades e comunicadores do Estado. A premia\u00e7\u00e3o \u00e9 resultado de uma pesquisa realizada pelo Instituto Data Control, feita nos munic\u00edpios de Rio Branco, Cruzeiro do Sul, Sena Madureira, Epitaciol\u00e2ndia e Brasileia. Foram ouvidas 1,2 mil pessoas entre os dias 10 e 14 de dezembro.<\/p>\n<p style=\"text-align: justify;\">Segundo a pesquisa, a TV Gazeta ficou em primeiro lugar, na categoria Canal de TV Local, sendo lembrada por 39% dos entrevistados. A emissora B ficou com 29% da prefer\u00eancia e a C com 10%.<\/p>\n<p style=\"text-align: justify;\">\u201cPela seriedade, pelo bom trabalho, informa bem, ouve todos os lados, por isso, gosto da TV Gazeta\u201d, diz o pastor Mois\u00e9s Chavier.<\/p>\n<p style=\"text-align: justify;\">Na categoria programa jornal\u00edstico de TV, o Gazeta Alerta mostrou mais uma vez que \u00e9 l\u00edder disparado em audi\u00eancia, ficando com 45% da prefer\u00eancia do p\u00fablico. Os jornais da emissora B e da emissora C foram lembrados por 5% dos entrevistados.<\/p>\n<p style=\"text-align: justify;\">\u201c\u00c9 o reconhecimento do nosso trabalho. Significa dizer que a TV Gazeta est\u00e1 no caminho certo, e que a TV fala a linguagem do povo\u201d, disse o apresentador Edvaldo Souza.<\/p>\n<p style=\"text-align: justify;\">Nas ruas, o p\u00fablico confirma o prest\u00edgio do programa. \u201cNa casa de qualquer acriano voc\u00ea chega na hora do almo\u00e7o e t\u00e1 l\u00e1 passando o Gazeta Alerta\u201d, disse a acad\u00eamica Caroline Lazari.<\/p>\n<p style=\"text-align: justify;\">O programa Gera\u00e7\u00e3o Gazeta tamb\u00e9m foi premiado no Top Of Mind, como a atra\u00e7\u00e3o de variedades predileta dos entrevistados.<\/p>\n","protected":false},"excerpt":{"rendered":"<p style=\"text-align: justify;\">Gazeta Alerta teve 45% de prefer\u00eancia do p\u00fablico<\/p>\n","protected":false},"author":4,"featured_media":20267,"comment_status":"open","ping_status":"open","sticky":false,"template":"","format":"standard","meta":{"jnews-multi-image_gallery":[],"jnews_single_post":[],"jnews_primary_category":[],"jnews_social_meta":[],"jnews_review":[],"enable_review":"","type":"","name":"","summary":"","brand":"","sku":"","good":[],"bad":[],"score_override":"","override_value":"","rating":[],"price":[],"footnotes":""},"categories":[54],"tags":[],"class_list":["post-20268","post","type-post","status-publish","format-standard","has-post-thumbnail","hentry","category-cotidiano"],"yoast_head":"<!-- This site is optimized with the Yoast SEO plugin v26.5 - https:\/\/yoast.com\/wordpress\/plugins\/seo\/ -->\n<title>TV Gazeta \u00e9 a mais lembrada pelo acriano - Agazeta.net<\/title>\n<meta name=\"robots\" content=\"index, follow, max-snippet:-1, max-image-preview:large, max-video-preview:-1\" \/>\n<link rel=\"canonical\" href=\"https:\/\/nk7-testes.com.br\/agazeta\/tv-gazeta-e-a-mais-lembrada-pelo-acriano\/\" \/>\n<meta property=\"og:locale\" content=\"pt_BR\" \/>\n<meta property=\"og:type\" content=\"article\" \/>\n<meta property=\"og:title\" content=\"TV Gazeta \u00e9 a mais lembrada pelo acriano - Agazeta.net\" \/>\n<meta property=\"og:description\" content=\"Gazeta Alerta teve 45% de prefer\u00eancia do p\u00fablico\" \/>\n<meta property=\"og:url\" content=\"https:\/\/nk7-testes.com.br\/agazeta\/tv-gazeta-e-a-mais-lembrada-pelo-acriano\/\" \/>\n<meta property=\"og:site_name\" content=\"Agazeta.net\" \/>\n<meta property=\"article:published_time\" content=\"2015-12-21T21:20:40+00:00\" \/>\n<meta property=\"og:image\" content=\"https:\/\/nk7-testes.com.br\/agazeta\/wp-content\/uploads\/2015\/12\/211215-cotidiano-premiotopofmind-tvgazeta2.jpg\" \/>\n\t<meta property=\"og:image:width\" content=\"458\" \/>\n\t<meta property=\"og:image:height\" content=\"340\" \/>\n\t<meta property=\"og:image:type\" content=\"image\/jpeg\" \/>\n<meta name=\"author\" content=\"Agazeta.Net\" \/>\n<meta name=\"twitter:card\" content=\"summary_large_image\" \/>\n<meta name=\"twitter:label1\" content=\"Escrito por\" \/>\n\t<meta name=\"twitter:data1\" content=\"Agazeta.Net\" \/>\n\t<meta name=\"twitter:label2\" content=\"Est. tempo de leitura\" \/>\n\t<meta name=\"twitter:data2\" content=\"1 minuto\" \/>\n<script type=\"application\/ld+json\" class=\"yoast-schema-graph\">{\"@context\":\"https:\/\/schema.org\",\"@graph\":[{\"@type\":\"WebPage\",\"@id\":\"https:\/\/nk7-testes.com.br\/agazeta\/tv-gazeta-e-a-mais-lembrada-pelo-acriano\/\",\"url\":\"https:\/\/nk7-testes.com.br\/agazeta\/tv-gazeta-e-a-mais-lembrada-pelo-acriano\/\",\"name\":\"TV Gazeta \u00e9 a mais lembrada pelo acriano - Agazeta.net\",\"isPartOf\":{\"@id\":\"https:\/\/nk7-testes.com.br\/agazeta\/#website\"},\"primaryImageOfPage\":{\"@id\":\"https:\/\/nk7-testes.com.br\/agazeta\/tv-gazeta-e-a-mais-lembrada-pelo-acriano\/#primaryimage\"},\"image\":{\"@id\":\"https:\/\/nk7-testes.com.br\/agazeta\/tv-gazeta-e-a-mais-lembrada-pelo-acriano\/#primaryimage\"},\"thumbnailUrl\":\"https:\/\/nk7-testes.com.br\/agazeta\/wp-content\/uploads\/2015\/12\/211215-cotidiano-premiotopofmind-tvgazeta2.jpg\",\"datePublished\":\"2015-12-21T21:20:40+00:00\",\"author\":{\"@id\":\"https:\/\/nk7-testes.com.br\/agazeta\/#\/schema\/person\/6d6e25cb0435eb4a02fd44d30b4e3020\"},\"breadcrumb\":{\"@id\":\"https:\/\/nk7-testes.com.br\/agazeta\/tv-gazeta-e-a-mais-lembrada-pelo-acriano\/#breadcrumb\"},\"inLanguage\":\"pt-BR\",\"potentialAction\":[{\"@type\":\"ReadAction\",\"target\":[\"https:\/\/nk7-testes.com.br\/agazeta\/tv-gazeta-e-a-mais-lembrada-pelo-acriano\/\"]}]},{\"@type\":\"ImageObject\",\"inLanguage\":\"pt-BR\",\"@id\":\"https:\/\/nk7-testes.com.br\/agazeta\/tv-gazeta-e-a-mais-lembrada-pelo-acriano\/#primaryimage\",\"url\":\"https:\/\/nk7-testes.com.br\/agazeta\/wp-content\/uploads\/2015\/12\/211215-cotidiano-premiotopofmind-tvgazeta2.jpg\",\"contentUrl\":\"https:\/\/nk7-testes.com.br\/agazeta\/wp-content\/uploads\/2015\/12\/211215-cotidiano-premiotopofmind-tvgazeta2.jpg\",\"width\":458,\"height\":340,\"caption\":\"211215-cotidiano-premiotopofmind-tvgazeta2\"},{\"@type\":\"BreadcrumbList\",\"@id\":\"https:\/\/nk7-testes.com.br\/agazeta\/tv-gazeta-e-a-mais-lembrada-pelo-acriano\/#breadcrumb\",\"itemListElement\":[{\"@type\":\"ListItem\",\"position\":1,\"name\":\"In\u00edcio\",\"item\":\"https:\/\/nk7-testes.com.br\/agazeta\/\"},{\"@type\":\"ListItem\",\"position\":2,\"name\":\"TV Gazeta \u00e9 a mais lembrada pelo acriano\"}]},{\"@type\":\"WebSite\",\"@id\":\"https:\/\/nk7-testes.com.br\/agazeta\/#website\",\"url\":\"https:\/\/nk7-testes.com.br\/agazeta\/\",\"name\":\"Agazeta.net\",\"description\":\"Agazeta.net - Not\u00edcias de Rio Branco\/AC\",\"potentialAction\":[{\"@type\":\"SearchAction\",\"target\":{\"@type\":\"EntryPoint\",\"urlTemplate\":\"https:\/\/nk7-testes.com.br\/agazeta\/?s={search_term_string}\"},\"query-input\":{\"@type\":\"PropertyValueSpecification\",\"valueRequired\":true,\"valueName\":\"search_term_string\"}}],\"inLanguage\":\"pt-BR\"},{\"@type\":\"Person\",\"@id\":\"https:\/\/nk7-testes.com.br\/agazeta\/#\/schema\/person\/6d6e25cb0435eb4a02fd44d30b4e3020\",\"name\":\"Agazeta.Net\",\"url\":\"https:\/\/nk7-testes.com.br\/agazeta\/author\/agazeta\/\"}]}<\/script>\n<!-- \/ Yoast SEO plugin. -->","yoast_head_json":{"title":"TV Gazeta \u00e9 a mais lembrada pelo acriano - Agazeta.net","robots":{"index":"index","follow":"follow","max-snippet":"max-snippet:-1","max-image-preview":"max-image-preview:large","max-video-preview":"max-video-preview:-1"},"canonical":"https:\/\/nk7-testes.com.br\/agazeta\/tv-gazeta-e-a-mais-lembrada-pelo-acriano\/","og_locale":"pt_BR","og_type":"article","og_title":"TV Gazeta \u00e9 a mais lembrada pelo acriano - Agazeta.net","og_description":"Gazeta Alerta teve 45% de prefer\u00eancia do p\u00fablico","og_url":"https:\/\/nk7-testes.com.br\/agazeta\/tv-gazeta-e-a-mais-lembrada-pelo-acriano\/","og_site_name":"Agazeta.net","article_published_time":"2015-12-21T21:20:40+00:00","og_image":[{"width":458,"height":340,"url":"https:\/\/nk7-testes.com.br\/agazeta\/wp-content\/uploads\/2015\/12\/211215-cotidiano-premiotopofmind-tvgazeta2.jpg","type":"image\/jpeg"}],"author":"Agazeta.Net","twitter_card":"summary_large_image","twitter_misc":{"Escrito por":"Agazeta.Net","Est. tempo de leitura":"1 minuto"},"schema":{"@context":"https:\/\/schema.org","@graph":[{"@type":"WebPage","@id":"https:\/\/nk7-testes.com.br\/agazeta\/tv-gazeta-e-a-mais-lembrada-pelo-acriano\/","url":"https:\/\/nk7-testes.com.br\/agazeta\/tv-gazeta-e-a-mais-lembrada-pelo-acriano\/","name":"TV Gazeta \u00e9 a mais lembrada pelo acriano - Agazeta.net","isPartOf":{"@id":"https:\/\/nk7-testes.com.br\/agazeta\/#website"},"primaryImageOfPage":{"@id":"https:\/\/nk7-testes.com.br\/agazeta\/tv-gazeta-e-a-mais-lembrada-pelo-acriano\/#primaryimage"},"image":{"@id":"https:\/\/nk7-testes.com.br\/agazeta\/tv-gazeta-e-a-mais-lembrada-pelo-acriano\/#primaryimage"},"thumbnailUrl":"https:\/\/nk7-testes.com.br\/agazeta\/wp-content\/uploads\/2015\/12\/211215-cotidiano-premiotopofmind-tvgazeta2.jpg","datePublished":"2015-12-21T21:20:40+00:00","author":{"@id":"https:\/\/nk7-testes.com.br\/agazeta\/#\/schema\/person\/6d6e25cb0435eb4a02fd44d30b4e3020"},"breadcrumb":{"@id":"https:\/\/nk7-testes.com.br\/agazeta\/tv-gazeta-e-a-mais-lembrada-pelo-acriano\/#breadcrumb"},"inLanguage":"pt-BR","potentialAction":[{"@type":"ReadAction","target":["https:\/\/nk7-testes.com.br\/agazeta\/tv-gazeta-e-a-mais-lembrada-pelo-acriano\/"]}]},{"@type":"ImageObject","inLanguage":"pt-BR","@id":"https:\/\/nk7-testes.com.br\/agazeta\/tv-gazeta-e-a-mais-lembrada-pelo-acriano\/#primaryimage","url":"https:\/\/nk7-testes.com.br\/agazeta\/wp-content\/uploads\/2015\/12\/211215-cotidiano-premiotopofmind-tvgazeta2.jpg","contentUrl":"https:\/\/nk7-testes.com.br\/agazeta\/wp-content\/uploads\/2015\/12\/211215-cotidiano-premiotopofmind-tvgazeta2.jpg","width":458,"height":340,"caption":"211215-cotidiano-premiotopofmind-tvgazeta2"},{"@type":"BreadcrumbList","@id":"https:\/\/nk7-testes.com.br\/agazeta\/tv-gazeta-e-a-mais-lembrada-pelo-acriano\/#breadcrumb","itemListElement":[{"@type":"ListItem","position":1,"name":"In\u00edcio","item":"https:\/\/nk7-testes.com.br\/agazeta\/"},{"@type":"ListItem","position":2,"name":"TV Gazeta \u00e9 a mais lembrada pelo acriano"}]},{"@type":"WebSite","@id":"https:\/\/nk7-testes.com.br\/agazeta\/#website","url":"https:\/\/nk7-testes.com.br\/agazeta\/","name":"Agazeta.net","description":"Agazeta.net - Not\u00edcias de Rio Branco\/AC","potentialAction":[{"@type":"SearchAction","target":{"@type":"EntryPoint","urlTemplate":"https:\/\/nk7-testes.com.br\/agazeta\/?s={search_term_string}"},"query-input":{"@type":"PropertyValueSpecification","valueRequired":true,"valueName":"search_term_string"}}],"inLanguage":"pt-BR"},{"@type":"Person","@id":"https:\/\/nk7-testes.com.br\/agazeta\/#\/schema\/person\/6d6e25cb0435eb4a02fd44d30b4e3020","name":"Agazeta.Net","url":"https:\/\/nk7-testes.com.br\/agazeta\/author\/agazeta\/"}]}},"_links":{"self":[{"href":"https:\/\/nk7-testes.com.br\/agazeta\/wp-json\/wp\/v2\/posts\/20268","targetHints":{"allow":["GET"]}}],"collection":[{"href":"https:\/\/nk7-testes.com.br\/agazeta\/wp-json\/wp\/v2\/posts"}],"about":[{"href":"https:\/\/nk7-testes.com.br\/agazeta\/wp-json\/wp\/v2\/types\/post"}],"author":[{"embeddable":true,"href":"https:\/\/nk7-testes.com.br\/agazeta\/wp-json\/wp\/v2\/users\/4"}],"replies":[{"embeddable":true,"href":"https:\/\/nk7-testes.com.br\/agazeta\/wp-json\/wp\/v2\/comments?post=20268"}],"version-history":[{"count":0,"href":"https:\/\/nk7-testes.com.br\/agazeta\/wp-json\/wp\/v2\/posts\/20268\/revisions"}],"wp:featuredmedia":[{"embeddable":true,"href":"https:\/\/nk7-testes.com.br\/agazeta\/wp-json\/wp\/v2\/media\/20267"}],"wp:attachment":[{"href":"https:\/\/nk7-testes.com.br\/agazeta\/wp-json\/wp\/v2\/media?parent=20268"}],"wp:term":[{"taxonomy":"category","embeddable":true,"href":"https:\/\/nk7-testes.com.br\/agazeta\/wp-json\/wp\/v2\/categories?post=20268"},{"taxonomy":"post_tag","embeddable":true,"href":"https:\/\/nk7-testes.com.br\/agazeta\/wp-json\/wp\/v2\/tags?post=20268"}],"curies":[{"name":"wp","href":"https:\/\/api.w.org\/{rel}","templated":true}]}}