{"id":20266,"date":"2015-12-21T20:38:18","date_gmt":"2015-12-21T20:38:18","guid":{"rendered":"https:\/\/abarevegan.com.br\/index.php\/2015\/12\/21\/mp-cobra-reforco-nas-acoes-de-combate-a-dengue\/"},"modified":"2015-12-21T20:38:18","modified_gmt":"2015-12-21T20:38:18","slug":"mp-cobra-reforco-nas-acoes-de-combate-a-dengue","status":"publish","type":"post","link":"https:\/\/nk7-testes.com.br\/agazeta\/mp-cobra-reforco-nas-acoes-de-combate-a-dengue\/","title":{"rendered":"MP cobra refor\u00e7o nas a\u00e7\u00f5es de combate \u00e0 dengue"},"content":{"rendered":"<p style=\"text-align: justify;\">No Esperan\u00e7a, \u00edndice de infesta\u00e7\u00e3o \u00e9 de 17%<\/p>\n<p style=\"text-align: justify;\">O Minist\u00e9rio P\u00fablico do Estado expediu recomenda\u00e7\u00e3o para refor\u00e7o nas a\u00e7\u00f5es de combate ao mosquito transmissor da dengue. A possibilidade de uma nova epidemia assusta as autoridades e tamb\u00e9m a popula\u00e7\u00e3o, que j\u00e1 tem visto v\u00e1rios casos da doen\u00e7a aparecerem perto de casa.<\/p>\n<p style=\"text-align: justify;\">O prestador de servi\u00e7os Mauro Pereira come\u00e7ou a sentir os sintomas parecidos com a dengue, na \u00faltima quinta-feira. Ele reclama de dores nas articula\u00e7\u00f5es, nos olhos, febre, indisposi\u00e7\u00e3o e apareceram manchas vermelhas pelo corpo.<\/p>\n<p style=\"text-align: justify;\">O m\u00e9dico recomendou que ele retornasse ainda nessa semana para a realiza\u00e7\u00e3o de exames, mas apresentou uma suspeita preocupante. \u201cEle me informou que talvez eu estaria com zika v\u00edrus\u201d, disse.<\/p>\n<p style=\"text-align: justify;\">Mauro mora no bairro Esperan\u00e7a. Regi\u00e3o de Rio Branco que aparece em 6\u00ba lugar no ranking dos mais infestados pelo mosquito aedes aegypti, transmissor da dengue, chikungunya e zika.<\/p>\n<p style=\"text-align: justify;\">O \u00edndice de infesta\u00e7\u00e3o predial, que equivale \u00e0 rela\u00e7\u00e3o entre o n\u00famero de im\u00f3veis onde foram encontradas larvas do mosquito e o montante de resid\u00eancias pesquisadas, no Esperan\u00e7a, est\u00e1 em 17%. O percentual aceit\u00e1vel pelo Minist\u00e9rio da Sa\u00fade \u00e9 menor que 1%.<\/p>\n<p style=\"text-align: justify;\">A moradora do bairro Nazar\u00e9 Oliveira sabe quais provid\u00eancias tem que tomar para afastar o mosquito. Segundo ela, a limpeza no quintal \u00e9 constante, assim como a preocupa\u00e7\u00e3o com o cont\u00e1gio da dengue e outras doen\u00e7as.<\/p>\n<p style=\"text-align: justify;\">\u201cEu j\u00e1 estava com medo porque meu menino apareceu empolado, levei no posto e disseram que podia ser dengue. Ent\u00e3o, t\u00e1 dif\u00edcil a situa\u00e7\u00e3o. \u00c9 preocupante\u201d, afirma.<\/p>\n<p style=\"text-align: justify;\">A dona de casa tamb\u00e9m sabe que sozinha, n\u00e3o vai resolver o problema. \u201cSe eu limpar e os vizinhos n\u00e3o, do que adianta\u201d, lamenta.<\/p>\n<p style=\"text-align: justify;\">Recentemente, o Minist\u00e9rio P\u00fablico do Estado expediu recomenda\u00e7\u00e3o conjunta para que toda popula\u00e7\u00e3o intensifique os cuidados de combate ao aedes aegypti. O documento foi assinado pelos promotores que atuam nas promotorias de defesa da sa\u00fade, meio ambiente e habita\u00e7\u00e3o e urbanismo.<\/p>\n<p style=\"text-align: justify;\">A recomenda\u00e7\u00e3o conjunta pede aos propriet\u00e1rios de im\u00f3veis que mantenham seus quintais limpos e que permitam a entrada de agentes de sa\u00fade nesses ambientes, para que executem os servi\u00e7os necess\u00e1rios de controle ao mosquito Aedes Aegypti. Quem desrespeitar a recomenda\u00e7\u00e3o estar\u00e1 sujeito a responder criminalmente.<\/p>\n<p style=\"text-align: justify;\">Al\u00e9m das complica\u00e7\u00f5es da dengue, o Minist\u00e9rio da Sa\u00fade deixou a popula\u00e7\u00e3o ainda mais preocupada com a associa\u00e7\u00e3o do zika v\u00edrus \u00e0 microcefalia. No Acre, 22 casos suspeitos est\u00e3o sendo investigados.<\/p>\n","protected":false},"excerpt":{"rendered":"<p style=\"text-align: justify;\">No Esperan\u00e7a, \u00edndice de infesta\u00e7\u00e3o \u00e9 de 17%<\/p>\n","protected":false},"author":4,"featured_media":20265,"comment_status":"open","ping_status":"open","sticky":false,"template":"","format":"standard","meta":{"jnews-multi-image_gallery":[],"jnews_single_post":[],"jnews_primary_category":[],"jnews_social_meta":[],"jnews_review":[],"enable_review":"","type":"","name":"","summary":"","brand":"","sku":"","good":[],"bad":[],"score_override":"","override_value":"","rating":[],"price":[],"footnotes":""},"categories":[54],"tags":[],"class_list":["post-20266","post","type-post","status-publish","format-standard","has-post-thumbnail","hentry","category-cotidiano"],"yoast_head":"<!-- This site is optimized with the Yoast SEO plugin v26.5 - https:\/\/yoast.com\/wordpress\/plugins\/seo\/ -->\n<title>MP cobra refor\u00e7o nas a\u00e7\u00f5es de combate \u00e0 dengue - Agazeta.net<\/title>\n<meta name=\"robots\" content=\"index, follow, max-snippet:-1, max-image-preview:large, max-video-preview:-1\" \/>\n<link rel=\"canonical\" href=\"https:\/\/nk7-testes.com.br\/agazeta\/mp-cobra-reforco-nas-acoes-de-combate-a-dengue\/\" \/>\n<meta property=\"og:locale\" content=\"pt_BR\" \/>\n<meta property=\"og:type\" content=\"article\" \/>\n<meta property=\"og:title\" content=\"MP cobra refor\u00e7o nas a\u00e7\u00f5es de combate \u00e0 dengue - Agazeta.net\" \/>\n<meta property=\"og:description\" content=\"No Esperan\u00e7a, \u00edndice de infesta\u00e7\u00e3o \u00e9 de 17%\" \/>\n<meta property=\"og:url\" content=\"https:\/\/nk7-testes.com.br\/agazeta\/mp-cobra-reforco-nas-acoes-de-combate-a-dengue\/\" \/>\n<meta property=\"og:site_name\" content=\"Agazeta.net\" \/>\n<meta property=\"article:published_time\" content=\"2015-12-21T20:38:18+00:00\" \/>\n<meta property=\"og:image\" content=\"https:\/\/nk7-testes.com.br\/agazeta\/wp-content\/uploads\/2015\/12\/1111-cotidiano-dengue-sousagomes.jpg\" \/>\n\t<meta property=\"og:image:width\" content=\"458\" \/>\n\t<meta property=\"og:image:height\" content=\"340\" \/>\n\t<meta property=\"og:image:type\" content=\"image\/jpeg\" \/>\n<meta name=\"author\" content=\"Agazeta.Net\" \/>\n<meta name=\"twitter:card\" content=\"summary_large_image\" \/>\n<meta name=\"twitter:label1\" content=\"Escrito por\" \/>\n\t<meta name=\"twitter:data1\" content=\"Agazeta.Net\" \/>\n\t<meta name=\"twitter:label2\" content=\"Est. tempo de leitura\" \/>\n\t<meta name=\"twitter:data2\" content=\"2 minutos\" \/>\n<script type=\"application\/ld+json\" class=\"yoast-schema-graph\">{\"@context\":\"https:\/\/schema.org\",\"@graph\":[{\"@type\":\"WebPage\",\"@id\":\"https:\/\/nk7-testes.com.br\/agazeta\/mp-cobra-reforco-nas-acoes-de-combate-a-dengue\/\",\"url\":\"https:\/\/nk7-testes.com.br\/agazeta\/mp-cobra-reforco-nas-acoes-de-combate-a-dengue\/\",\"name\":\"MP cobra refor\u00e7o nas a\u00e7\u00f5es de combate \u00e0 dengue - Agazeta.net\",\"isPartOf\":{\"@id\":\"https:\/\/nk7-testes.com.br\/agazeta\/#website\"},\"primaryImageOfPage\":{\"@id\":\"https:\/\/nk7-testes.com.br\/agazeta\/mp-cobra-reforco-nas-acoes-de-combate-a-dengue\/#primaryimage\"},\"image\":{\"@id\":\"https:\/\/nk7-testes.com.br\/agazeta\/mp-cobra-reforco-nas-acoes-de-combate-a-dengue\/#primaryimage\"},\"thumbnailUrl\":\"https:\/\/nk7-testes.com.br\/agazeta\/wp-content\/uploads\/2015\/12\/1111-cotidiano-dengue-sousagomes.jpg\",\"datePublished\":\"2015-12-21T20:38:18+00:00\",\"author\":{\"@id\":\"https:\/\/nk7-testes.com.br\/agazeta\/#\/schema\/person\/6d6e25cb0435eb4a02fd44d30b4e3020\"},\"breadcrumb\":{\"@id\":\"https:\/\/nk7-testes.com.br\/agazeta\/mp-cobra-reforco-nas-acoes-de-combate-a-dengue\/#breadcrumb\"},\"inLanguage\":\"pt-BR\",\"potentialAction\":[{\"@type\":\"ReadAction\",\"target\":[\"https:\/\/nk7-testes.com.br\/agazeta\/mp-cobra-reforco-nas-acoes-de-combate-a-dengue\/\"]}]},{\"@type\":\"ImageObject\",\"inLanguage\":\"pt-BR\",\"@id\":\"https:\/\/nk7-testes.com.br\/agazeta\/mp-cobra-reforco-nas-acoes-de-combate-a-dengue\/#primaryimage\",\"url\":\"https:\/\/nk7-testes.com.br\/agazeta\/wp-content\/uploads\/2015\/12\/1111-cotidiano-dengue-sousagomes.jpg\",\"contentUrl\":\"https:\/\/nk7-testes.com.br\/agazeta\/wp-content\/uploads\/2015\/12\/1111-cotidiano-dengue-sousagomes.jpg\",\"width\":458,\"height\":340,\"caption\":\"1111-cotidiano-dengue-sousagomes\"},{\"@type\":\"BreadcrumbList\",\"@id\":\"https:\/\/nk7-testes.com.br\/agazeta\/mp-cobra-reforco-nas-acoes-de-combate-a-dengue\/#breadcrumb\",\"itemListElement\":[{\"@type\":\"ListItem\",\"position\":1,\"name\":\"In\u00edcio\",\"item\":\"https:\/\/nk7-testes.com.br\/agazeta\/\"},{\"@type\":\"ListItem\",\"position\":2,\"name\":\"MP cobra refor\u00e7o nas a\u00e7\u00f5es de combate \u00e0 dengue\"}]},{\"@type\":\"WebSite\",\"@id\":\"https:\/\/nk7-testes.com.br\/agazeta\/#website\",\"url\":\"https:\/\/nk7-testes.com.br\/agazeta\/\",\"name\":\"Agazeta.net\",\"description\":\"Agazeta.net - Not\u00edcias de Rio Branco\/AC\",\"potentialAction\":[{\"@type\":\"SearchAction\",\"target\":{\"@type\":\"EntryPoint\",\"urlTemplate\":\"https:\/\/nk7-testes.com.br\/agazeta\/?s={search_term_string}\"},\"query-input\":{\"@type\":\"PropertyValueSpecification\",\"valueRequired\":true,\"valueName\":\"search_term_string\"}}],\"inLanguage\":\"pt-BR\"},{\"@type\":\"Person\",\"@id\":\"https:\/\/nk7-testes.com.br\/agazeta\/#\/schema\/person\/6d6e25cb0435eb4a02fd44d30b4e3020\",\"name\":\"Agazeta.Net\",\"url\":\"https:\/\/nk7-testes.com.br\/agazeta\/author\/agazeta\/\"}]}<\/script>\n<!-- \/ Yoast SEO plugin. -->","yoast_head_json":{"title":"MP cobra refor\u00e7o nas a\u00e7\u00f5es de combate \u00e0 dengue - Agazeta.net","robots":{"index":"index","follow":"follow","max-snippet":"max-snippet:-1","max-image-preview":"max-image-preview:large","max-video-preview":"max-video-preview:-1"},"canonical":"https:\/\/nk7-testes.com.br\/agazeta\/mp-cobra-reforco-nas-acoes-de-combate-a-dengue\/","og_locale":"pt_BR","og_type":"article","og_title":"MP cobra refor\u00e7o nas a\u00e7\u00f5es de combate \u00e0 dengue - Agazeta.net","og_description":"No Esperan\u00e7a, \u00edndice de infesta\u00e7\u00e3o \u00e9 de 17%","og_url":"https:\/\/nk7-testes.com.br\/agazeta\/mp-cobra-reforco-nas-acoes-de-combate-a-dengue\/","og_site_name":"Agazeta.net","article_published_time":"2015-12-21T20:38:18+00:00","og_image":[{"width":458,"height":340,"url":"https:\/\/nk7-testes.com.br\/agazeta\/wp-content\/uploads\/2015\/12\/1111-cotidiano-dengue-sousagomes.jpg","type":"image\/jpeg"}],"author":"Agazeta.Net","twitter_card":"summary_large_image","twitter_misc":{"Escrito por":"Agazeta.Net","Est. tempo de leitura":"2 minutos"},"schema":{"@context":"https:\/\/schema.org","@graph":[{"@type":"WebPage","@id":"https:\/\/nk7-testes.com.br\/agazeta\/mp-cobra-reforco-nas-acoes-de-combate-a-dengue\/","url":"https:\/\/nk7-testes.com.br\/agazeta\/mp-cobra-reforco-nas-acoes-de-combate-a-dengue\/","name":"MP cobra refor\u00e7o nas a\u00e7\u00f5es de combate \u00e0 dengue - Agazeta.net","isPartOf":{"@id":"https:\/\/nk7-testes.com.br\/agazeta\/#website"},"primaryImageOfPage":{"@id":"https:\/\/nk7-testes.com.br\/agazeta\/mp-cobra-reforco-nas-acoes-de-combate-a-dengue\/#primaryimage"},"image":{"@id":"https:\/\/nk7-testes.com.br\/agazeta\/mp-cobra-reforco-nas-acoes-de-combate-a-dengue\/#primaryimage"},"thumbnailUrl":"https:\/\/nk7-testes.com.br\/agazeta\/wp-content\/uploads\/2015\/12\/1111-cotidiano-dengue-sousagomes.jpg","datePublished":"2015-12-21T20:38:18+00:00","author":{"@id":"https:\/\/nk7-testes.com.br\/agazeta\/#\/schema\/person\/6d6e25cb0435eb4a02fd44d30b4e3020"},"breadcrumb":{"@id":"https:\/\/nk7-testes.com.br\/agazeta\/mp-cobra-reforco-nas-acoes-de-combate-a-dengue\/#breadcrumb"},"inLanguage":"pt-BR","potentialAction":[{"@type":"ReadAction","target":["https:\/\/nk7-testes.com.br\/agazeta\/mp-cobra-reforco-nas-acoes-de-combate-a-dengue\/"]}]},{"@type":"ImageObject","inLanguage":"pt-BR","@id":"https:\/\/nk7-testes.com.br\/agazeta\/mp-cobra-reforco-nas-acoes-de-combate-a-dengue\/#primaryimage","url":"https:\/\/nk7-testes.com.br\/agazeta\/wp-content\/uploads\/2015\/12\/1111-cotidiano-dengue-sousagomes.jpg","contentUrl":"https:\/\/nk7-testes.com.br\/agazeta\/wp-content\/uploads\/2015\/12\/1111-cotidiano-dengue-sousagomes.jpg","width":458,"height":340,"caption":"1111-cotidiano-dengue-sousagomes"},{"@type":"BreadcrumbList","@id":"https:\/\/nk7-testes.com.br\/agazeta\/mp-cobra-reforco-nas-acoes-de-combate-a-dengue\/#breadcrumb","itemListElement":[{"@type":"ListItem","position":1,"name":"In\u00edcio","item":"https:\/\/nk7-testes.com.br\/agazeta\/"},{"@type":"ListItem","position":2,"name":"MP cobra refor\u00e7o nas a\u00e7\u00f5es de combate \u00e0 dengue"}]},{"@type":"WebSite","@id":"https:\/\/nk7-testes.com.br\/agazeta\/#website","url":"https:\/\/nk7-testes.com.br\/agazeta\/","name":"Agazeta.net","description":"Agazeta.net - Not\u00edcias de Rio Branco\/AC","potentialAction":[{"@type":"SearchAction","target":{"@type":"EntryPoint","urlTemplate":"https:\/\/nk7-testes.com.br\/agazeta\/?s={search_term_string}"},"query-input":{"@type":"PropertyValueSpecification","valueRequired":true,"valueName":"search_term_string"}}],"inLanguage":"pt-BR"},{"@type":"Person","@id":"https:\/\/nk7-testes.com.br\/agazeta\/#\/schema\/person\/6d6e25cb0435eb4a02fd44d30b4e3020","name":"Agazeta.Net","url":"https:\/\/nk7-testes.com.br\/agazeta\/author\/agazeta\/"}]}},"_links":{"self":[{"href":"https:\/\/nk7-testes.com.br\/agazeta\/wp-json\/wp\/v2\/posts\/20266","targetHints":{"allow":["GET"]}}],"collection":[{"href":"https:\/\/nk7-testes.com.br\/agazeta\/wp-json\/wp\/v2\/posts"}],"about":[{"href":"https:\/\/nk7-testes.com.br\/agazeta\/wp-json\/wp\/v2\/types\/post"}],"author":[{"embeddable":true,"href":"https:\/\/nk7-testes.com.br\/agazeta\/wp-json\/wp\/v2\/users\/4"}],"replies":[{"embeddable":true,"href":"https:\/\/nk7-testes.com.br\/agazeta\/wp-json\/wp\/v2\/comments?post=20266"}],"version-history":[{"count":0,"href":"https:\/\/nk7-testes.com.br\/agazeta\/wp-json\/wp\/v2\/posts\/20266\/revisions"}],"wp:featuredmedia":[{"embeddable":true,"href":"https:\/\/nk7-testes.com.br\/agazeta\/wp-json\/wp\/v2\/media\/20265"}],"wp:attachment":[{"href":"https:\/\/nk7-testes.com.br\/agazeta\/wp-json\/wp\/v2\/media?parent=20266"}],"wp:term":[{"taxonomy":"category","embeddable":true,"href":"https:\/\/nk7-testes.com.br\/agazeta\/wp-json\/wp\/v2\/categories?post=20266"},{"taxonomy":"post_tag","embeddable":true,"href":"https:\/\/nk7-testes.com.br\/agazeta\/wp-json\/wp\/v2\/tags?post=20266"}],"curies":[{"name":"wp","href":"https:\/\/api.w.org\/{rel}","templated":true}]}}