{"id":20226,"date":"2015-12-18T13:00:46","date_gmt":"2015-12-18T13:00:46","guid":{"rendered":"https:\/\/abarevegan.com.br\/index.php\/2015\/12\/18\/moradores-do-edison-cadaxo-fecham-estrada-do-sao-francisco\/"},"modified":"2015-12-18T13:00:46","modified_gmt":"2015-12-18T13:00:46","slug":"moradores-do-edison-cadaxo-fecham-estrada-do-sao-francisco","status":"publish","type":"post","link":"https:\/\/nk7-testes.com.br\/agazeta\/moradores-do-edison-cadaxo-fecham-estrada-do-sao-francisco\/","title":{"rendered":"Moradores do Edson Cadaxo fecham estrada do S\u00e3o Francisco"},"content":{"rendered":"<p style=\"text-align: justify;\">Falta d\u2019\u00e1gua mobilizou moradores<\/p>\n<p style=\"text-align: justify;\">Na noite desta quinta feira 17\/12, os moradores do conjunto Edson Cadaxo realizaram um protesto segundo eles por falta de agua no local. Com peda\u00e7os de madeira e pneus, os moradores fecharam a estrada do S\u00e3o Francisco perto da ponte para evita que os carros passassem pelo local eles colocaram fogo nos pneus.<\/p>\n<p style=\"text-align: justify;\">Segundo eles, foi uma forma &#8220;de chamar aten\u00e7\u00e3o para o problema em que o conjunto est\u00e1 passando&#8221;. H\u00e1 mais de 10 dias que n\u00e3o \u00e9 fornecida \u00e1gua para as casas da regi\u00e3o.<\/p>\n<p style=\"text-align: justify;\">Policiais militares e o Corpo de Bombeiros foram acionados para tentar abrir a estrada, mas os moradores disseram que s\u00f3 iriam abrir quando algu\u00e9m do Depasa fosse ao local.<\/p>\n<p style=\"text-align: justify;\">Um representante do Depasa foi acionado. Ficou acordado que o departamento vai fornecer \u00e1gua das 8 \u00e0s 10 da manh\u00e3 desta sexta-feira. Na sequ\u00eancia, t\u00e9cnicos do \u00f3rg\u00e3o p\u00fablico e representantes da comunidade se re\u00fanem \u00e0s 14 horas para definir a\u00e7\u00f5es permanentes no fornecimento de \u00e1gua para a regi\u00e3o.<\/p>\n<p style=\"text-align: justify;\"><strong>Nota do Depasa<\/strong><\/p>\n<p>O Departamento Estadual de Pavimenta\u00e7\u00e3o e Saneamento (Depasa) informa que nos \u00faltimos dias uma s\u00e9rie de transtornos acometeu o sistema de abastecimento de \u00e1gua de Rio Branco, tais como: duas avarias seguidas no registro do Centro de Distribui\u00e7\u00e3o Palheiral; eleva\u00e7\u00e3o alt\u00edssima na turbidez da \u00e1gua do Rio Acre, sendo necess\u00e1rio diminuir o volume de capta\u00e7\u00e3o de \u00e1gua, para garantir a qualidade no tratamento e o desligamento por algumas horas na Esta\u00e7\u00e3o de Tratamento de \u00c1gua (ETA-1), parada necess\u00e1ria e indispens\u00e1vel para manuten\u00e7\u00e3o, a fim de mantermos a qualidade da \u00e1gua distribu\u00edda.<\/p>\n<p>Diante disso, a regi\u00e3o mais alta da cidade, que compreende a regional dos bairros S\u00e3o Francisco e Bem-te-vi, foi atingida com o abastecimento irregular.<\/p>\n<p>O Depasa pede a compreens\u00e3o dos moradores e ratifica o compromisso e o esfor\u00e7o em garantir o fornecimento de \u00e1gua. Tamb\u00e9m se compromete com os moradores da regi\u00e3o atingida, que a partir de amanh\u00e3, sexta-feira, aumentar\u00e1 em tr\u00eas horas o tempo de abastecimento nas localidades afetadas.<\/p>\n<p>Paralelo a isso, trabalha em um projeto para melhorar em definitivo o fornecimento de \u00e1gua em Rio Branco.<\/p>\n","protected":false},"excerpt":{"rendered":"<p style=\"text-align: justify;\">Falta d\u2019\u00e1gua mobilizou moradores<\/p>\n","protected":false},"author":4,"featured_media":20225,"comment_status":"open","ping_status":"open","sticky":false,"template":"","format":"standard","meta":{"jnews-multi-image_gallery":[],"jnews_single_post":[],"jnews_primary_category":[],"jnews_social_meta":[],"jnews_review":[],"enable_review":"","type":"","name":"","summary":"","brand":"","sku":"","good":[],"bad":[],"score_override":"","override_value":"","rating":[],"price":[],"footnotes":""},"categories":[54],"tags":[],"class_list":["post-20226","post","type-post","status-publish","format-standard","has-post-thumbnail","hentry","category-cotidiano"],"yoast_head":"<!-- This site is optimized with the Yoast SEO plugin v26.5 - https:\/\/yoast.com\/wordpress\/plugins\/seo\/ -->\n<title>Moradores do Edson Cadaxo fecham estrada do S\u00e3o Francisco - Agazeta.net<\/title>\n<meta name=\"robots\" content=\"index, follow, max-snippet:-1, max-image-preview:large, max-video-preview:-1\" \/>\n<link rel=\"canonical\" href=\"https:\/\/nk7-testes.com.br\/agazeta\/moradores-do-edison-cadaxo-fecham-estrada-do-sao-francisco\/\" \/>\n<meta property=\"og:locale\" content=\"pt_BR\" \/>\n<meta property=\"og:type\" content=\"article\" \/>\n<meta property=\"og:title\" content=\"Moradores do Edson Cadaxo fecham estrada do S\u00e3o Francisco - Agazeta.net\" \/>\n<meta property=\"og:description\" content=\"Falta d\u2019\u00e1gua mobilizou moradores\" \/>\n<meta property=\"og:url\" content=\"https:\/\/nk7-testes.com.br\/agazeta\/moradores-do-edison-cadaxo-fecham-estrada-do-sao-francisco\/\" \/>\n<meta property=\"og:site_name\" content=\"Agazeta.net\" \/>\n<meta property=\"article:published_time\" content=\"2015-12-18T13:00:46+00:00\" \/>\n<meta property=\"og:image\" content=\"https:\/\/nk7-testes.com.br\/agazeta\/wp-content\/uploads\/2015\/12\/181215-cotidiano-protesto-cleriston.jpg\" \/>\n\t<meta property=\"og:image:width\" content=\"458\" \/>\n\t<meta property=\"og:image:height\" content=\"340\" \/>\n\t<meta property=\"og:image:type\" content=\"image\/jpeg\" \/>\n<meta name=\"author\" content=\"Agazeta.Net\" \/>\n<meta name=\"twitter:card\" content=\"summary_large_image\" \/>\n<meta name=\"twitter:label1\" content=\"Escrito por\" \/>\n\t<meta name=\"twitter:data1\" content=\"Agazeta.Net\" \/>\n\t<meta name=\"twitter:label2\" content=\"Est. tempo de leitura\" \/>\n\t<meta name=\"twitter:data2\" content=\"2 minutos\" \/>\n<script type=\"application\/ld+json\" class=\"yoast-schema-graph\">{\"@context\":\"https:\/\/schema.org\",\"@graph\":[{\"@type\":\"WebPage\",\"@id\":\"https:\/\/nk7-testes.com.br\/agazeta\/moradores-do-edison-cadaxo-fecham-estrada-do-sao-francisco\/\",\"url\":\"https:\/\/nk7-testes.com.br\/agazeta\/moradores-do-edison-cadaxo-fecham-estrada-do-sao-francisco\/\",\"name\":\"Moradores do Edson Cadaxo fecham estrada do S\u00e3o Francisco - Agazeta.net\",\"isPartOf\":{\"@id\":\"https:\/\/nk7-testes.com.br\/agazeta\/#website\"},\"primaryImageOfPage\":{\"@id\":\"https:\/\/nk7-testes.com.br\/agazeta\/moradores-do-edison-cadaxo-fecham-estrada-do-sao-francisco\/#primaryimage\"},\"image\":{\"@id\":\"https:\/\/nk7-testes.com.br\/agazeta\/moradores-do-edison-cadaxo-fecham-estrada-do-sao-francisco\/#primaryimage\"},\"thumbnailUrl\":\"https:\/\/nk7-testes.com.br\/agazeta\/wp-content\/uploads\/2015\/12\/181215-cotidiano-protesto-cleriston.jpg\",\"datePublished\":\"2015-12-18T13:00:46+00:00\",\"author\":{\"@id\":\"https:\/\/nk7-testes.com.br\/agazeta\/#\/schema\/person\/6d6e25cb0435eb4a02fd44d30b4e3020\"},\"breadcrumb\":{\"@id\":\"https:\/\/nk7-testes.com.br\/agazeta\/moradores-do-edison-cadaxo-fecham-estrada-do-sao-francisco\/#breadcrumb\"},\"inLanguage\":\"pt-BR\",\"potentialAction\":[{\"@type\":\"ReadAction\",\"target\":[\"https:\/\/nk7-testes.com.br\/agazeta\/moradores-do-edison-cadaxo-fecham-estrada-do-sao-francisco\/\"]}]},{\"@type\":\"ImageObject\",\"inLanguage\":\"pt-BR\",\"@id\":\"https:\/\/nk7-testes.com.br\/agazeta\/moradores-do-edison-cadaxo-fecham-estrada-do-sao-francisco\/#primaryimage\",\"url\":\"https:\/\/nk7-testes.com.br\/agazeta\/wp-content\/uploads\/2015\/12\/181215-cotidiano-protesto-cleriston.jpg\",\"contentUrl\":\"https:\/\/nk7-testes.com.br\/agazeta\/wp-content\/uploads\/2015\/12\/181215-cotidiano-protesto-cleriston.jpg\",\"width\":458,\"height\":340,\"caption\":\"181215-cotidiano-protesto-cleriston\"},{\"@type\":\"BreadcrumbList\",\"@id\":\"https:\/\/nk7-testes.com.br\/agazeta\/moradores-do-edison-cadaxo-fecham-estrada-do-sao-francisco\/#breadcrumb\",\"itemListElement\":[{\"@type\":\"ListItem\",\"position\":1,\"name\":\"In\u00edcio\",\"item\":\"https:\/\/nk7-testes.com.br\/agazeta\/\"},{\"@type\":\"ListItem\",\"position\":2,\"name\":\"Moradores do Edson Cadaxo fecham estrada do S\u00e3o Francisco\"}]},{\"@type\":\"WebSite\",\"@id\":\"https:\/\/nk7-testes.com.br\/agazeta\/#website\",\"url\":\"https:\/\/nk7-testes.com.br\/agazeta\/\",\"name\":\"Agazeta.net\",\"description\":\"Agazeta.net - Not\u00edcias de Rio Branco\/AC\",\"potentialAction\":[{\"@type\":\"SearchAction\",\"target\":{\"@type\":\"EntryPoint\",\"urlTemplate\":\"https:\/\/nk7-testes.com.br\/agazeta\/?s={search_term_string}\"},\"query-input\":{\"@type\":\"PropertyValueSpecification\",\"valueRequired\":true,\"valueName\":\"search_term_string\"}}],\"inLanguage\":\"pt-BR\"},{\"@type\":\"Person\",\"@id\":\"https:\/\/nk7-testes.com.br\/agazeta\/#\/schema\/person\/6d6e25cb0435eb4a02fd44d30b4e3020\",\"name\":\"Agazeta.Net\",\"url\":\"https:\/\/nk7-testes.com.br\/agazeta\/author\/agazeta\/\"}]}<\/script>\n<!-- \/ Yoast SEO plugin. -->","yoast_head_json":{"title":"Moradores do Edson Cadaxo fecham estrada do S\u00e3o Francisco - Agazeta.net","robots":{"index":"index","follow":"follow","max-snippet":"max-snippet:-1","max-image-preview":"max-image-preview:large","max-video-preview":"max-video-preview:-1"},"canonical":"https:\/\/nk7-testes.com.br\/agazeta\/moradores-do-edison-cadaxo-fecham-estrada-do-sao-francisco\/","og_locale":"pt_BR","og_type":"article","og_title":"Moradores do Edson Cadaxo fecham estrada do S\u00e3o Francisco - Agazeta.net","og_description":"Falta d\u2019\u00e1gua mobilizou moradores","og_url":"https:\/\/nk7-testes.com.br\/agazeta\/moradores-do-edison-cadaxo-fecham-estrada-do-sao-francisco\/","og_site_name":"Agazeta.net","article_published_time":"2015-12-18T13:00:46+00:00","og_image":[{"width":458,"height":340,"url":"https:\/\/nk7-testes.com.br\/agazeta\/wp-content\/uploads\/2015\/12\/181215-cotidiano-protesto-cleriston.jpg","type":"image\/jpeg"}],"author":"Agazeta.Net","twitter_card":"summary_large_image","twitter_misc":{"Escrito por":"Agazeta.Net","Est. tempo de leitura":"2 minutos"},"schema":{"@context":"https:\/\/schema.org","@graph":[{"@type":"WebPage","@id":"https:\/\/nk7-testes.com.br\/agazeta\/moradores-do-edison-cadaxo-fecham-estrada-do-sao-francisco\/","url":"https:\/\/nk7-testes.com.br\/agazeta\/moradores-do-edison-cadaxo-fecham-estrada-do-sao-francisco\/","name":"Moradores do Edson Cadaxo fecham estrada do S\u00e3o Francisco - Agazeta.net","isPartOf":{"@id":"https:\/\/nk7-testes.com.br\/agazeta\/#website"},"primaryImageOfPage":{"@id":"https:\/\/nk7-testes.com.br\/agazeta\/moradores-do-edison-cadaxo-fecham-estrada-do-sao-francisco\/#primaryimage"},"image":{"@id":"https:\/\/nk7-testes.com.br\/agazeta\/moradores-do-edison-cadaxo-fecham-estrada-do-sao-francisco\/#primaryimage"},"thumbnailUrl":"https:\/\/nk7-testes.com.br\/agazeta\/wp-content\/uploads\/2015\/12\/181215-cotidiano-protesto-cleriston.jpg","datePublished":"2015-12-18T13:00:46+00:00","author":{"@id":"https:\/\/nk7-testes.com.br\/agazeta\/#\/schema\/person\/6d6e25cb0435eb4a02fd44d30b4e3020"},"breadcrumb":{"@id":"https:\/\/nk7-testes.com.br\/agazeta\/moradores-do-edison-cadaxo-fecham-estrada-do-sao-francisco\/#breadcrumb"},"inLanguage":"pt-BR","potentialAction":[{"@type":"ReadAction","target":["https:\/\/nk7-testes.com.br\/agazeta\/moradores-do-edison-cadaxo-fecham-estrada-do-sao-francisco\/"]}]},{"@type":"ImageObject","inLanguage":"pt-BR","@id":"https:\/\/nk7-testes.com.br\/agazeta\/moradores-do-edison-cadaxo-fecham-estrada-do-sao-francisco\/#primaryimage","url":"https:\/\/nk7-testes.com.br\/agazeta\/wp-content\/uploads\/2015\/12\/181215-cotidiano-protesto-cleriston.jpg","contentUrl":"https:\/\/nk7-testes.com.br\/agazeta\/wp-content\/uploads\/2015\/12\/181215-cotidiano-protesto-cleriston.jpg","width":458,"height":340,"caption":"181215-cotidiano-protesto-cleriston"},{"@type":"BreadcrumbList","@id":"https:\/\/nk7-testes.com.br\/agazeta\/moradores-do-edison-cadaxo-fecham-estrada-do-sao-francisco\/#breadcrumb","itemListElement":[{"@type":"ListItem","position":1,"name":"In\u00edcio","item":"https:\/\/nk7-testes.com.br\/agazeta\/"},{"@type":"ListItem","position":2,"name":"Moradores do Edson Cadaxo fecham estrada do S\u00e3o Francisco"}]},{"@type":"WebSite","@id":"https:\/\/nk7-testes.com.br\/agazeta\/#website","url":"https:\/\/nk7-testes.com.br\/agazeta\/","name":"Agazeta.net","description":"Agazeta.net - Not\u00edcias de Rio Branco\/AC","potentialAction":[{"@type":"SearchAction","target":{"@type":"EntryPoint","urlTemplate":"https:\/\/nk7-testes.com.br\/agazeta\/?s={search_term_string}"},"query-input":{"@type":"PropertyValueSpecification","valueRequired":true,"valueName":"search_term_string"}}],"inLanguage":"pt-BR"},{"@type":"Person","@id":"https:\/\/nk7-testes.com.br\/agazeta\/#\/schema\/person\/6d6e25cb0435eb4a02fd44d30b4e3020","name":"Agazeta.Net","url":"https:\/\/nk7-testes.com.br\/agazeta\/author\/agazeta\/"}]}},"_links":{"self":[{"href":"https:\/\/nk7-testes.com.br\/agazeta\/wp-json\/wp\/v2\/posts\/20226","targetHints":{"allow":["GET"]}}],"collection":[{"href":"https:\/\/nk7-testes.com.br\/agazeta\/wp-json\/wp\/v2\/posts"}],"about":[{"href":"https:\/\/nk7-testes.com.br\/agazeta\/wp-json\/wp\/v2\/types\/post"}],"author":[{"embeddable":true,"href":"https:\/\/nk7-testes.com.br\/agazeta\/wp-json\/wp\/v2\/users\/4"}],"replies":[{"embeddable":true,"href":"https:\/\/nk7-testes.com.br\/agazeta\/wp-json\/wp\/v2\/comments?post=20226"}],"version-history":[{"count":0,"href":"https:\/\/nk7-testes.com.br\/agazeta\/wp-json\/wp\/v2\/posts\/20226\/revisions"}],"wp:featuredmedia":[{"embeddable":true,"href":"https:\/\/nk7-testes.com.br\/agazeta\/wp-json\/wp\/v2\/media\/20225"}],"wp:attachment":[{"href":"https:\/\/nk7-testes.com.br\/agazeta\/wp-json\/wp\/v2\/media?parent=20226"}],"wp:term":[{"taxonomy":"category","embeddable":true,"href":"https:\/\/nk7-testes.com.br\/agazeta\/wp-json\/wp\/v2\/categories?post=20226"},{"taxonomy":"post_tag","embeddable":true,"href":"https:\/\/nk7-testes.com.br\/agazeta\/wp-json\/wp\/v2\/tags?post=20226"}],"curies":[{"name":"wp","href":"https:\/\/api.w.org\/{rel}","templated":true}]}}