{"id":20216,"date":"2015-12-17T20:18:38","date_gmt":"2015-12-17T20:18:38","guid":{"rendered":"https:\/\/abarevegan.com.br\/index.php\/2015\/12\/17\/usuarios-reclamam-sobre-postura-de-motoristas-em-onibus\/"},"modified":"2015-12-17T20:18:38","modified_gmt":"2015-12-17T20:18:38","slug":"usuarios-reclamam-sobre-postura-de-motoristas-em-onibus","status":"publish","type":"post","link":"https:\/\/nk7-testes.com.br\/agazeta\/usuarios-reclamam-sobre-postura-de-motoristas-em-onibus\/","title":{"rendered":"Usu\u00e1rios reclamam sobre postura de motoristas em \u00f4nibus"},"content":{"rendered":"<p style=\"text-align: justify;\">Forma como motoristas dirigem motiva reclama\u00e7\u00e3o<\/p>\n<p style=\"text-align: justify;\">Usu\u00e1rios do transporte coletivo que circula na comunidade do S\u00e3o Francisco denunciam que os motoristas da linha S\u00e3o Franciso\/Placas dirigem de forma perigosa. A den\u00fancia foi feita por meio digital.<\/p>\n<p style=\"text-align: justify;\">\u201cQuando o \u00f4nibus passa pela ponte do rio, o motorista s\u00f3 falta virar o \u00f4nibus de t\u00e3o r\u00e1pido como passa e faz as curvas\u201d, denuncia a internauta e usu\u00e1ria (que pediu anonimato). \u201cOs \u00f4nibus est\u00e3o com pneus carecas e oferecem risco muito grande\u201d.<\/p>\n<p style=\"text-align: justify;\">A usu\u00e1ria lembra que os pedidos para que o motorista mude a postura s\u00e3o di\u00e1rios tanto por parte dela quanto por parte de outros usu\u00e1rios. \u201cTodos os dias quando pegamos o \u00f4nibus pedimos que ele passe pelas curvas com calma, mas ele faz \u00e9 rir\u201d, indigna-se.<\/p>\n<p style=\"text-align: justify;\">E a usu\u00e1ria revela. \u201cJ\u00e1 entramos em contato com a RBTrans, mas pelo que parece eles n\u00e3o est\u00e3o interessados em resolver nosso problema. A popula\u00e7\u00e3o do Bairro S\u00e3o Francisco pede ajuda\u201d.<\/p>\n<p style=\"text-align: justify;\">A equipe de <strong>AGazeta.Net<\/strong> procurou a RBTrans, autarquia respons\u00e1vel tamb\u00e9m pela fiscaliza\u00e7\u00e3o do transporte coletivo na Capital, para saber como, em casos como esse, o cidad\u00e3o deve proceder e porque n\u00e3o foi tomada nenhuma provid\u00eancia.&nbsp;<span style=\"font-size: 13.1999998092651px; line-height: 21.1199989318848px; text-align: justify;\">&nbsp;A internauta identifica at\u00e9 o n\u00famero do \u00f4nibus: 2251.<\/span><\/p>\n<p style=\"text-align: justify;\">De acordo com o assessor da Diretoria de Transporte da RBTrans, Jeferson Biffat, o usu\u00e1rio que quiser formular uma reclama\u00e7\u00e3o pode ligar nos telefones da superintend\u00eancia do \u00f3rg\u00e3o que s\u00e3o: <strong>3214-331<\/strong> ou <strong>3214-3311<\/strong>, ou atrav\u00e9s do e-mail:<em> <a href=\"mailto:rbtrans@riobranco.ac.gov.br.\">rbtrans@riobranco.ac.gov.br.<\/a><\/em><\/p>\n<p style=\"text-align: justify;\">Ap\u00f3s formular a den\u00fancia, Biffat explica que \u00e9 aberto um processo administrativo para apura\u00e7\u00e3o da ocorr\u00eancia, que tramita na Corregedoria da autarquia. \u201cDependendo da ocorr\u00eancia \u00e9 feito um relat\u00f3rio. \u00c0s vezes chamamos os operadores, motorista ou cobrador, para serem ouvidos. O processo leva em m\u00e9dia 30 dias, sendo que empresa ainda tem o prazo legal para recorrer da decis\u00e3o. Ap\u00f3s divulgada a decis\u00e3o, se a empresa n\u00e3o cumprir as determina\u00e7\u00f5es, \u00e9 aplicada a penalidade\u201d.<\/p>\n","protected":false},"excerpt":{"rendered":"<p style=\"text-align: justify;\">Forma como motoristas dirigem motiva reclama\u00e7\u00e3o<\/p>\n","protected":false},"author":4,"featured_media":19138,"comment_status":"open","ping_status":"open","sticky":false,"template":"","format":"standard","meta":{"jnews-multi-image_gallery":[],"jnews_single_post":[],"jnews_primary_category":[],"jnews_social_meta":[],"jnews_review":[],"enable_review":"","type":"","name":"","summary":"","brand":"","sku":"","good":[],"bad":[],"score_override":"","override_value":"","rating":[],"price":[],"footnotes":""},"categories":[54],"tags":[],"class_list":["post-20216","post","type-post","status-publish","format-standard","has-post-thumbnail","hentry","category-cotidiano"],"yoast_head":"<!-- This site is optimized with the Yoast SEO plugin v26.5 - https:\/\/yoast.com\/wordpress\/plugins\/seo\/ -->\n<title>Usu\u00e1rios reclamam sobre postura de motoristas em \u00f4nibus - Agazeta.net<\/title>\n<meta name=\"robots\" content=\"index, follow, max-snippet:-1, max-image-preview:large, max-video-preview:-1\" \/>\n<link rel=\"canonical\" href=\"https:\/\/nk7-testes.com.br\/agazeta\/usuarios-reclamam-sobre-postura-de-motoristas-em-onibus\/\" \/>\n<meta property=\"og:locale\" content=\"pt_BR\" \/>\n<meta property=\"og:type\" content=\"article\" \/>\n<meta property=\"og:title\" content=\"Usu\u00e1rios reclamam sobre postura de motoristas em \u00f4nibus - Agazeta.net\" \/>\n<meta property=\"og:description\" content=\"Forma como motoristas dirigem motiva reclama\u00e7\u00e3o\" \/>\n<meta property=\"og:url\" content=\"https:\/\/nk7-testes.com.br\/agazeta\/usuarios-reclamam-sobre-postura-de-motoristas-em-onibus\/\" \/>\n<meta property=\"og:site_name\" content=\"Agazeta.net\" \/>\n<meta property=\"article:published_time\" content=\"2015-12-17T20:18:38+00:00\" \/>\n<meta property=\"og:image\" content=\"https:\/\/nk7-testes.com.br\/agazeta\/wp-content\/uploads\/2015\/10\/201015-cotidiano-onibusparaenem-ascomprefeitura.jpg\" \/>\n\t<meta property=\"og:image:width\" content=\"458\" \/>\n\t<meta property=\"og:image:height\" content=\"340\" \/>\n\t<meta property=\"og:image:type\" content=\"image\/jpeg\" \/>\n<meta name=\"author\" content=\"Agazeta.Net\" \/>\n<meta name=\"twitter:card\" content=\"summary_large_image\" \/>\n<meta name=\"twitter:label1\" content=\"Escrito por\" \/>\n\t<meta name=\"twitter:data1\" content=\"Agazeta.Net\" \/>\n\t<meta name=\"twitter:label2\" content=\"Est. tempo de leitura\" \/>\n\t<meta name=\"twitter:data2\" content=\"2 minutos\" \/>\n<script type=\"application\/ld+json\" class=\"yoast-schema-graph\">{\"@context\":\"https:\/\/schema.org\",\"@graph\":[{\"@type\":\"WebPage\",\"@id\":\"https:\/\/nk7-testes.com.br\/agazeta\/usuarios-reclamam-sobre-postura-de-motoristas-em-onibus\/\",\"url\":\"https:\/\/nk7-testes.com.br\/agazeta\/usuarios-reclamam-sobre-postura-de-motoristas-em-onibus\/\",\"name\":\"Usu\u00e1rios reclamam sobre postura de motoristas em \u00f4nibus - Agazeta.net\",\"isPartOf\":{\"@id\":\"https:\/\/nk7-testes.com.br\/agazeta\/#website\"},\"primaryImageOfPage\":{\"@id\":\"https:\/\/nk7-testes.com.br\/agazeta\/usuarios-reclamam-sobre-postura-de-motoristas-em-onibus\/#primaryimage\"},\"image\":{\"@id\":\"https:\/\/nk7-testes.com.br\/agazeta\/usuarios-reclamam-sobre-postura-de-motoristas-em-onibus\/#primaryimage\"},\"thumbnailUrl\":\"https:\/\/nk7-testes.com.br\/agazeta\/wp-content\/uploads\/2015\/10\/201015-cotidiano-onibusparaenem-ascomprefeitura.jpg\",\"datePublished\":\"2015-12-17T20:18:38+00:00\",\"author\":{\"@id\":\"https:\/\/nk7-testes.com.br\/agazeta\/#\/schema\/person\/6d6e25cb0435eb4a02fd44d30b4e3020\"},\"breadcrumb\":{\"@id\":\"https:\/\/nk7-testes.com.br\/agazeta\/usuarios-reclamam-sobre-postura-de-motoristas-em-onibus\/#breadcrumb\"},\"inLanguage\":\"pt-BR\",\"potentialAction\":[{\"@type\":\"ReadAction\",\"target\":[\"https:\/\/nk7-testes.com.br\/agazeta\/usuarios-reclamam-sobre-postura-de-motoristas-em-onibus\/\"]}]},{\"@type\":\"ImageObject\",\"inLanguage\":\"pt-BR\",\"@id\":\"https:\/\/nk7-testes.com.br\/agazeta\/usuarios-reclamam-sobre-postura-de-motoristas-em-onibus\/#primaryimage\",\"url\":\"https:\/\/nk7-testes.com.br\/agazeta\/wp-content\/uploads\/2015\/10\/201015-cotidiano-onibusparaenem-ascomprefeitura.jpg\",\"contentUrl\":\"https:\/\/nk7-testes.com.br\/agazeta\/wp-content\/uploads\/2015\/10\/201015-cotidiano-onibusparaenem-ascomprefeitura.jpg\",\"width\":458,\"height\":340,\"caption\":\"201015-cotidiano-onibusparaenem-ascomprefeitura\"},{\"@type\":\"BreadcrumbList\",\"@id\":\"https:\/\/nk7-testes.com.br\/agazeta\/usuarios-reclamam-sobre-postura-de-motoristas-em-onibus\/#breadcrumb\",\"itemListElement\":[{\"@type\":\"ListItem\",\"position\":1,\"name\":\"In\u00edcio\",\"item\":\"https:\/\/nk7-testes.com.br\/agazeta\/\"},{\"@type\":\"ListItem\",\"position\":2,\"name\":\"Usu\u00e1rios reclamam sobre postura de motoristas em \u00f4nibus\"}]},{\"@type\":\"WebSite\",\"@id\":\"https:\/\/nk7-testes.com.br\/agazeta\/#website\",\"url\":\"https:\/\/nk7-testes.com.br\/agazeta\/\",\"name\":\"Agazeta.net\",\"description\":\"Agazeta.net - Not\u00edcias de Rio Branco\/AC\",\"potentialAction\":[{\"@type\":\"SearchAction\",\"target\":{\"@type\":\"EntryPoint\",\"urlTemplate\":\"https:\/\/nk7-testes.com.br\/agazeta\/?s={search_term_string}\"},\"query-input\":{\"@type\":\"PropertyValueSpecification\",\"valueRequired\":true,\"valueName\":\"search_term_string\"}}],\"inLanguage\":\"pt-BR\"},{\"@type\":\"Person\",\"@id\":\"https:\/\/nk7-testes.com.br\/agazeta\/#\/schema\/person\/6d6e25cb0435eb4a02fd44d30b4e3020\",\"name\":\"Agazeta.Net\",\"url\":\"https:\/\/nk7-testes.com.br\/agazeta\/author\/agazeta\/\"}]}<\/script>\n<!-- \/ Yoast SEO plugin. -->","yoast_head_json":{"title":"Usu\u00e1rios reclamam sobre postura de motoristas em \u00f4nibus - Agazeta.net","robots":{"index":"index","follow":"follow","max-snippet":"max-snippet:-1","max-image-preview":"max-image-preview:large","max-video-preview":"max-video-preview:-1"},"canonical":"https:\/\/nk7-testes.com.br\/agazeta\/usuarios-reclamam-sobre-postura-de-motoristas-em-onibus\/","og_locale":"pt_BR","og_type":"article","og_title":"Usu\u00e1rios reclamam sobre postura de motoristas em \u00f4nibus - Agazeta.net","og_description":"Forma como motoristas dirigem motiva reclama\u00e7\u00e3o","og_url":"https:\/\/nk7-testes.com.br\/agazeta\/usuarios-reclamam-sobre-postura-de-motoristas-em-onibus\/","og_site_name":"Agazeta.net","article_published_time":"2015-12-17T20:18:38+00:00","og_image":[{"width":458,"height":340,"url":"https:\/\/nk7-testes.com.br\/agazeta\/wp-content\/uploads\/2015\/10\/201015-cotidiano-onibusparaenem-ascomprefeitura.jpg","type":"image\/jpeg"}],"author":"Agazeta.Net","twitter_card":"summary_large_image","twitter_misc":{"Escrito por":"Agazeta.Net","Est. tempo de leitura":"2 minutos"},"schema":{"@context":"https:\/\/schema.org","@graph":[{"@type":"WebPage","@id":"https:\/\/nk7-testes.com.br\/agazeta\/usuarios-reclamam-sobre-postura-de-motoristas-em-onibus\/","url":"https:\/\/nk7-testes.com.br\/agazeta\/usuarios-reclamam-sobre-postura-de-motoristas-em-onibus\/","name":"Usu\u00e1rios reclamam sobre postura de motoristas em \u00f4nibus - Agazeta.net","isPartOf":{"@id":"https:\/\/nk7-testes.com.br\/agazeta\/#website"},"primaryImageOfPage":{"@id":"https:\/\/nk7-testes.com.br\/agazeta\/usuarios-reclamam-sobre-postura-de-motoristas-em-onibus\/#primaryimage"},"image":{"@id":"https:\/\/nk7-testes.com.br\/agazeta\/usuarios-reclamam-sobre-postura-de-motoristas-em-onibus\/#primaryimage"},"thumbnailUrl":"https:\/\/nk7-testes.com.br\/agazeta\/wp-content\/uploads\/2015\/10\/201015-cotidiano-onibusparaenem-ascomprefeitura.jpg","datePublished":"2015-12-17T20:18:38+00:00","author":{"@id":"https:\/\/nk7-testes.com.br\/agazeta\/#\/schema\/person\/6d6e25cb0435eb4a02fd44d30b4e3020"},"breadcrumb":{"@id":"https:\/\/nk7-testes.com.br\/agazeta\/usuarios-reclamam-sobre-postura-de-motoristas-em-onibus\/#breadcrumb"},"inLanguage":"pt-BR","potentialAction":[{"@type":"ReadAction","target":["https:\/\/nk7-testes.com.br\/agazeta\/usuarios-reclamam-sobre-postura-de-motoristas-em-onibus\/"]}]},{"@type":"ImageObject","inLanguage":"pt-BR","@id":"https:\/\/nk7-testes.com.br\/agazeta\/usuarios-reclamam-sobre-postura-de-motoristas-em-onibus\/#primaryimage","url":"https:\/\/nk7-testes.com.br\/agazeta\/wp-content\/uploads\/2015\/10\/201015-cotidiano-onibusparaenem-ascomprefeitura.jpg","contentUrl":"https:\/\/nk7-testes.com.br\/agazeta\/wp-content\/uploads\/2015\/10\/201015-cotidiano-onibusparaenem-ascomprefeitura.jpg","width":458,"height":340,"caption":"201015-cotidiano-onibusparaenem-ascomprefeitura"},{"@type":"BreadcrumbList","@id":"https:\/\/nk7-testes.com.br\/agazeta\/usuarios-reclamam-sobre-postura-de-motoristas-em-onibus\/#breadcrumb","itemListElement":[{"@type":"ListItem","position":1,"name":"In\u00edcio","item":"https:\/\/nk7-testes.com.br\/agazeta\/"},{"@type":"ListItem","position":2,"name":"Usu\u00e1rios reclamam sobre postura de motoristas em \u00f4nibus"}]},{"@type":"WebSite","@id":"https:\/\/nk7-testes.com.br\/agazeta\/#website","url":"https:\/\/nk7-testes.com.br\/agazeta\/","name":"Agazeta.net","description":"Agazeta.net - Not\u00edcias de Rio Branco\/AC","potentialAction":[{"@type":"SearchAction","target":{"@type":"EntryPoint","urlTemplate":"https:\/\/nk7-testes.com.br\/agazeta\/?s={search_term_string}"},"query-input":{"@type":"PropertyValueSpecification","valueRequired":true,"valueName":"search_term_string"}}],"inLanguage":"pt-BR"},{"@type":"Person","@id":"https:\/\/nk7-testes.com.br\/agazeta\/#\/schema\/person\/6d6e25cb0435eb4a02fd44d30b4e3020","name":"Agazeta.Net","url":"https:\/\/nk7-testes.com.br\/agazeta\/author\/agazeta\/"}]}},"_links":{"self":[{"href":"https:\/\/nk7-testes.com.br\/agazeta\/wp-json\/wp\/v2\/posts\/20216","targetHints":{"allow":["GET"]}}],"collection":[{"href":"https:\/\/nk7-testes.com.br\/agazeta\/wp-json\/wp\/v2\/posts"}],"about":[{"href":"https:\/\/nk7-testes.com.br\/agazeta\/wp-json\/wp\/v2\/types\/post"}],"author":[{"embeddable":true,"href":"https:\/\/nk7-testes.com.br\/agazeta\/wp-json\/wp\/v2\/users\/4"}],"replies":[{"embeddable":true,"href":"https:\/\/nk7-testes.com.br\/agazeta\/wp-json\/wp\/v2\/comments?post=20216"}],"version-history":[{"count":0,"href":"https:\/\/nk7-testes.com.br\/agazeta\/wp-json\/wp\/v2\/posts\/20216\/revisions"}],"wp:featuredmedia":[{"embeddable":true,"href":"https:\/\/nk7-testes.com.br\/agazeta\/wp-json\/wp\/v2\/media\/19138"}],"wp:attachment":[{"href":"https:\/\/nk7-testes.com.br\/agazeta\/wp-json\/wp\/v2\/media?parent=20216"}],"wp:term":[{"taxonomy":"category","embeddable":true,"href":"https:\/\/nk7-testes.com.br\/agazeta\/wp-json\/wp\/v2\/categories?post=20216"},{"taxonomy":"post_tag","embeddable":true,"href":"https:\/\/nk7-testes.com.br\/agazeta\/wp-json\/wp\/v2\/tags?post=20216"}],"curies":[{"name":"wp","href":"https:\/\/api.w.org\/{rel}","templated":true}]}}