{"id":20187,"date":"2015-12-16T20:59:12","date_gmt":"2015-12-16T20:59:12","guid":{"rendered":"https:\/\/abarevegan.com.br\/index.php\/2015\/12\/16\/piora-situacao-de-funcionarios-de-empresa-terceirizada\/"},"modified":"2015-12-16T20:59:12","modified_gmt":"2015-12-16T20:59:12","slug":"piora-situacao-de-funcionarios-de-empresa-terceirizada","status":"publish","type":"post","link":"https:\/\/nk7-testes.com.br\/agazeta\/piora-situacao-de-funcionarios-de-empresa-terceirizada\/","title":{"rendered":"Piora situa\u00e7\u00e3o de funcion\u00e1rios de empresa terceirizada"},"content":{"rendered":"<p style=\"text-align: justify;\"><span style=\"font-size: 12pt; line-height: 115%; font-family: 'Times New Roman', serif;\"><\/span><\/p>\n<p style=\"text-align: justify;\">Sal\u00e1rio atrasado h\u00e1 dois meses: governo nega atraso<\/p>\n<p style=\"text-align: justify;\"><span style=\"font-size: 12pt; line-height: 115%; font-family: 'Times New Roman', serif;\"><\/span><\/p>\n<p style=\"text-align: justify;\">N\u00e3o \u00e9 a primeira vez que a empresa MM Ativa atrasa os sal\u00e1rios de seus funcion\u00e1rios. A maioria dos trabalhadores atua na \u00e1rea de limpeza das unidades de Sa\u00fade do estado.<\/p>\n<p style=\"text-align: justify;\"><span style=\"font-size: 12pt; line-height: 115%; font-family: 'Times New Roman', serif;\"><\/span><\/p>\n<p style=\"text-align: justify;\">Mesmo sofrendo amea\u00e7as, os trabalhadores decidiram n\u00e3o silenciar mais e pedem que os dois meses de sal\u00e1rio atrasados sejam regularizados. A falta de pagamento causa constrangimentos e traz preocupa\u00e7\u00f5es.<\/p>\n<p style=\"text-align: justify;\"><span style=\"font-size: 12pt; line-height: 115%; font-family: 'Times New Roman', serif;\"><\/span><\/p>\n<p style=\"text-align: justify;\">\u201cO Natal \u00e9 semana que vem. Temos filhos e moramos de aluguel. J\u00e1 est\u00e3o pedindo os apartamentos. N\u00e3o sabemos o que fazer\u201d, disse uma das funcion\u00e1rias que pediu para n\u00e3o revelar o nome.<\/p>\n<p style=\"text-align: justify;\"><span style=\"font-size: 12pt; line-height: 115%; font-family: 'Times New Roman', serif;\"><\/span><\/p>\n<p style=\"text-align: justify;\">A \u00faltima not\u00edcia que receberam \u00e9 que os pagamentos estavam bloqueados, mas a Secretaria de Sa\u00fade teria desmentido essa vers\u00e3o. De acordo com os funcion\u00e1rios da empresa terceirizada, todo dia h\u00e1 uma promessa de pagamento e, com isso, j\u00e1 se passaram dois meses que o dinheiro n\u00e3o cai na conta. \u201cEles falaram que iam pagar ontem, e nada. Chegou hoje e n\u00e3o temos previs\u00e3o de nada\u201d, revela outra trabalhadora.<\/p>\n<p style=\"text-align: justify;\"><span style=\"font-size: 12pt; line-height: 115%; font-family: 'Times New Roman', serif;\"><\/span><\/p>\n<p style=\"text-align: justify;\">Nossa reportagem entrou em contato com uma das supervisoras da empresa MM Ativa e ela n\u00e3o quis comentar o assunto. O telefone para contato comercial n\u00e3o atende.<\/p>\n<p style=\"text-align: justify;\"><span style=\"font-size: 12pt; line-height: 115%; font-family: 'Times New Roman', serif;\">&nbsp;<\/span><\/p>\n","protected":false},"excerpt":{"rendered":"<p style=\"text-align: justify;\"><span style=\"font-size: 12pt; line-height: 115%; font-family: 'Times New Roman', serif;\"><\/span><\/p>\n<p style=\"text-align: justify;\">Sal\u00e1rio atrasado h\u00e1 dois meses: governo nega atraso<\/p>\n","protected":false},"author":4,"featured_media":20186,"comment_status":"open","ping_status":"open","sticky":false,"template":"","format":"standard","meta":{"jnews-multi-image_gallery":[],"jnews_single_post":[],"jnews_primary_category":[],"jnews_social_meta":[],"jnews_review":[],"enable_review":"","type":"","name":"","summary":"","brand":"","sku":"","good":[],"bad":[],"score_override":"","override_value":"","rating":[],"price":[],"footnotes":""},"categories":[54],"tags":[],"class_list":["post-20187","post","type-post","status-publish","format-standard","has-post-thumbnail","hentry","category-cotidiano"],"yoast_head":"<!-- This site is optimized with the Yoast SEO plugin v26.5 - https:\/\/yoast.com\/wordpress\/plugins\/seo\/ -->\n<title>Piora situa\u00e7\u00e3o de funcion\u00e1rios de empresa terceirizada - Agazeta.net<\/title>\n<meta name=\"robots\" content=\"index, follow, max-snippet:-1, max-image-preview:large, max-video-preview:-1\" \/>\n<link rel=\"canonical\" href=\"https:\/\/nk7-testes.com.br\/agazeta\/piora-situacao-de-funcionarios-de-empresa-terceirizada\/\" \/>\n<meta property=\"og:locale\" content=\"pt_BR\" \/>\n<meta property=\"og:type\" content=\"article\" \/>\n<meta property=\"og:title\" content=\"Piora situa\u00e7\u00e3o de funcion\u00e1rios de empresa terceirizada - Agazeta.net\" \/>\n<meta property=\"og:description\" content=\"Sal\u00e1rio atrasado h\u00e1 dois meses: governo nega atraso\" \/>\n<meta property=\"og:url\" content=\"https:\/\/nk7-testes.com.br\/agazeta\/piora-situacao-de-funcionarios-de-empresa-terceirizada\/\" \/>\n<meta property=\"og:site_name\" content=\"Agazeta.net\" \/>\n<meta property=\"article:published_time\" content=\"2015-12-16T20:59:12+00:00\" \/>\n<meta property=\"og:image\" content=\"https:\/\/nk7-testes.com.br\/agazeta\/wp-content\/uploads\/2015\/12\/161215-cotidiano-mmativa-tvgazeta.jpg\" \/>\n\t<meta property=\"og:image:width\" content=\"458\" \/>\n\t<meta property=\"og:image:height\" content=\"340\" \/>\n\t<meta property=\"og:image:type\" content=\"image\/jpeg\" \/>\n<meta name=\"author\" content=\"Agazeta.Net\" \/>\n<meta name=\"twitter:card\" content=\"summary_large_image\" \/>\n<meta name=\"twitter:label1\" content=\"Escrito por\" \/>\n\t<meta name=\"twitter:data1\" content=\"Agazeta.Net\" \/>\n\t<meta name=\"twitter:label2\" content=\"Est. tempo de leitura\" \/>\n\t<meta name=\"twitter:data2\" content=\"1 minuto\" \/>\n<script type=\"application\/ld+json\" class=\"yoast-schema-graph\">{\"@context\":\"https:\/\/schema.org\",\"@graph\":[{\"@type\":\"WebPage\",\"@id\":\"https:\/\/nk7-testes.com.br\/agazeta\/piora-situacao-de-funcionarios-de-empresa-terceirizada\/\",\"url\":\"https:\/\/nk7-testes.com.br\/agazeta\/piora-situacao-de-funcionarios-de-empresa-terceirizada\/\",\"name\":\"Piora situa\u00e7\u00e3o de funcion\u00e1rios de empresa terceirizada - Agazeta.net\",\"isPartOf\":{\"@id\":\"https:\/\/nk7-testes.com.br\/agazeta\/#website\"},\"primaryImageOfPage\":{\"@id\":\"https:\/\/nk7-testes.com.br\/agazeta\/piora-situacao-de-funcionarios-de-empresa-terceirizada\/#primaryimage\"},\"image\":{\"@id\":\"https:\/\/nk7-testes.com.br\/agazeta\/piora-situacao-de-funcionarios-de-empresa-terceirizada\/#primaryimage\"},\"thumbnailUrl\":\"https:\/\/nk7-testes.com.br\/agazeta\/wp-content\/uploads\/2015\/12\/161215-cotidiano-mmativa-tvgazeta.jpg\",\"datePublished\":\"2015-12-16T20:59:12+00:00\",\"author\":{\"@id\":\"https:\/\/nk7-testes.com.br\/agazeta\/#\/schema\/person\/6d6e25cb0435eb4a02fd44d30b4e3020\"},\"breadcrumb\":{\"@id\":\"https:\/\/nk7-testes.com.br\/agazeta\/piora-situacao-de-funcionarios-de-empresa-terceirizada\/#breadcrumb\"},\"inLanguage\":\"pt-BR\",\"potentialAction\":[{\"@type\":\"ReadAction\",\"target\":[\"https:\/\/nk7-testes.com.br\/agazeta\/piora-situacao-de-funcionarios-de-empresa-terceirizada\/\"]}]},{\"@type\":\"ImageObject\",\"inLanguage\":\"pt-BR\",\"@id\":\"https:\/\/nk7-testes.com.br\/agazeta\/piora-situacao-de-funcionarios-de-empresa-terceirizada\/#primaryimage\",\"url\":\"https:\/\/nk7-testes.com.br\/agazeta\/wp-content\/uploads\/2015\/12\/161215-cotidiano-mmativa-tvgazeta.jpg\",\"contentUrl\":\"https:\/\/nk7-testes.com.br\/agazeta\/wp-content\/uploads\/2015\/12\/161215-cotidiano-mmativa-tvgazeta.jpg\",\"width\":458,\"height\":340,\"caption\":\"161215-cotidiano-mmativa-tvgazeta\"},{\"@type\":\"BreadcrumbList\",\"@id\":\"https:\/\/nk7-testes.com.br\/agazeta\/piora-situacao-de-funcionarios-de-empresa-terceirizada\/#breadcrumb\",\"itemListElement\":[{\"@type\":\"ListItem\",\"position\":1,\"name\":\"In\u00edcio\",\"item\":\"https:\/\/nk7-testes.com.br\/agazeta\/\"},{\"@type\":\"ListItem\",\"position\":2,\"name\":\"Piora situa\u00e7\u00e3o de funcion\u00e1rios de empresa terceirizada\"}]},{\"@type\":\"WebSite\",\"@id\":\"https:\/\/nk7-testes.com.br\/agazeta\/#website\",\"url\":\"https:\/\/nk7-testes.com.br\/agazeta\/\",\"name\":\"Agazeta.net\",\"description\":\"Agazeta.net - Not\u00edcias de Rio Branco\/AC\",\"potentialAction\":[{\"@type\":\"SearchAction\",\"target\":{\"@type\":\"EntryPoint\",\"urlTemplate\":\"https:\/\/nk7-testes.com.br\/agazeta\/?s={search_term_string}\"},\"query-input\":{\"@type\":\"PropertyValueSpecification\",\"valueRequired\":true,\"valueName\":\"search_term_string\"}}],\"inLanguage\":\"pt-BR\"},{\"@type\":\"Person\",\"@id\":\"https:\/\/nk7-testes.com.br\/agazeta\/#\/schema\/person\/6d6e25cb0435eb4a02fd44d30b4e3020\",\"name\":\"Agazeta.Net\",\"url\":\"https:\/\/nk7-testes.com.br\/agazeta\/author\/agazeta\/\"}]}<\/script>\n<!-- \/ Yoast SEO plugin. -->","yoast_head_json":{"title":"Piora situa\u00e7\u00e3o de funcion\u00e1rios de empresa terceirizada - Agazeta.net","robots":{"index":"index","follow":"follow","max-snippet":"max-snippet:-1","max-image-preview":"max-image-preview:large","max-video-preview":"max-video-preview:-1"},"canonical":"https:\/\/nk7-testes.com.br\/agazeta\/piora-situacao-de-funcionarios-de-empresa-terceirizada\/","og_locale":"pt_BR","og_type":"article","og_title":"Piora situa\u00e7\u00e3o de funcion\u00e1rios de empresa terceirizada - Agazeta.net","og_description":"Sal\u00e1rio atrasado h\u00e1 dois meses: governo nega atraso","og_url":"https:\/\/nk7-testes.com.br\/agazeta\/piora-situacao-de-funcionarios-de-empresa-terceirizada\/","og_site_name":"Agazeta.net","article_published_time":"2015-12-16T20:59:12+00:00","og_image":[{"width":458,"height":340,"url":"https:\/\/nk7-testes.com.br\/agazeta\/wp-content\/uploads\/2015\/12\/161215-cotidiano-mmativa-tvgazeta.jpg","type":"image\/jpeg"}],"author":"Agazeta.Net","twitter_card":"summary_large_image","twitter_misc":{"Escrito por":"Agazeta.Net","Est. tempo de leitura":"1 minuto"},"schema":{"@context":"https:\/\/schema.org","@graph":[{"@type":"WebPage","@id":"https:\/\/nk7-testes.com.br\/agazeta\/piora-situacao-de-funcionarios-de-empresa-terceirizada\/","url":"https:\/\/nk7-testes.com.br\/agazeta\/piora-situacao-de-funcionarios-de-empresa-terceirizada\/","name":"Piora situa\u00e7\u00e3o de funcion\u00e1rios de empresa terceirizada - Agazeta.net","isPartOf":{"@id":"https:\/\/nk7-testes.com.br\/agazeta\/#website"},"primaryImageOfPage":{"@id":"https:\/\/nk7-testes.com.br\/agazeta\/piora-situacao-de-funcionarios-de-empresa-terceirizada\/#primaryimage"},"image":{"@id":"https:\/\/nk7-testes.com.br\/agazeta\/piora-situacao-de-funcionarios-de-empresa-terceirizada\/#primaryimage"},"thumbnailUrl":"https:\/\/nk7-testes.com.br\/agazeta\/wp-content\/uploads\/2015\/12\/161215-cotidiano-mmativa-tvgazeta.jpg","datePublished":"2015-12-16T20:59:12+00:00","author":{"@id":"https:\/\/nk7-testes.com.br\/agazeta\/#\/schema\/person\/6d6e25cb0435eb4a02fd44d30b4e3020"},"breadcrumb":{"@id":"https:\/\/nk7-testes.com.br\/agazeta\/piora-situacao-de-funcionarios-de-empresa-terceirizada\/#breadcrumb"},"inLanguage":"pt-BR","potentialAction":[{"@type":"ReadAction","target":["https:\/\/nk7-testes.com.br\/agazeta\/piora-situacao-de-funcionarios-de-empresa-terceirizada\/"]}]},{"@type":"ImageObject","inLanguage":"pt-BR","@id":"https:\/\/nk7-testes.com.br\/agazeta\/piora-situacao-de-funcionarios-de-empresa-terceirizada\/#primaryimage","url":"https:\/\/nk7-testes.com.br\/agazeta\/wp-content\/uploads\/2015\/12\/161215-cotidiano-mmativa-tvgazeta.jpg","contentUrl":"https:\/\/nk7-testes.com.br\/agazeta\/wp-content\/uploads\/2015\/12\/161215-cotidiano-mmativa-tvgazeta.jpg","width":458,"height":340,"caption":"161215-cotidiano-mmativa-tvgazeta"},{"@type":"BreadcrumbList","@id":"https:\/\/nk7-testes.com.br\/agazeta\/piora-situacao-de-funcionarios-de-empresa-terceirizada\/#breadcrumb","itemListElement":[{"@type":"ListItem","position":1,"name":"In\u00edcio","item":"https:\/\/nk7-testes.com.br\/agazeta\/"},{"@type":"ListItem","position":2,"name":"Piora situa\u00e7\u00e3o de funcion\u00e1rios de empresa terceirizada"}]},{"@type":"WebSite","@id":"https:\/\/nk7-testes.com.br\/agazeta\/#website","url":"https:\/\/nk7-testes.com.br\/agazeta\/","name":"Agazeta.net","description":"Agazeta.net - Not\u00edcias de Rio Branco\/AC","potentialAction":[{"@type":"SearchAction","target":{"@type":"EntryPoint","urlTemplate":"https:\/\/nk7-testes.com.br\/agazeta\/?s={search_term_string}"},"query-input":{"@type":"PropertyValueSpecification","valueRequired":true,"valueName":"search_term_string"}}],"inLanguage":"pt-BR"},{"@type":"Person","@id":"https:\/\/nk7-testes.com.br\/agazeta\/#\/schema\/person\/6d6e25cb0435eb4a02fd44d30b4e3020","name":"Agazeta.Net","url":"https:\/\/nk7-testes.com.br\/agazeta\/author\/agazeta\/"}]}},"_links":{"self":[{"href":"https:\/\/nk7-testes.com.br\/agazeta\/wp-json\/wp\/v2\/posts\/20187","targetHints":{"allow":["GET"]}}],"collection":[{"href":"https:\/\/nk7-testes.com.br\/agazeta\/wp-json\/wp\/v2\/posts"}],"about":[{"href":"https:\/\/nk7-testes.com.br\/agazeta\/wp-json\/wp\/v2\/types\/post"}],"author":[{"embeddable":true,"href":"https:\/\/nk7-testes.com.br\/agazeta\/wp-json\/wp\/v2\/users\/4"}],"replies":[{"embeddable":true,"href":"https:\/\/nk7-testes.com.br\/agazeta\/wp-json\/wp\/v2\/comments?post=20187"}],"version-history":[{"count":0,"href":"https:\/\/nk7-testes.com.br\/agazeta\/wp-json\/wp\/v2\/posts\/20187\/revisions"}],"wp:featuredmedia":[{"embeddable":true,"href":"https:\/\/nk7-testes.com.br\/agazeta\/wp-json\/wp\/v2\/media\/20186"}],"wp:attachment":[{"href":"https:\/\/nk7-testes.com.br\/agazeta\/wp-json\/wp\/v2\/media?parent=20187"}],"wp:term":[{"taxonomy":"category","embeddable":true,"href":"https:\/\/nk7-testes.com.br\/agazeta\/wp-json\/wp\/v2\/categories?post=20187"},{"taxonomy":"post_tag","embeddable":true,"href":"https:\/\/nk7-testes.com.br\/agazeta\/wp-json\/wp\/v2\/tags?post=20187"}],"curies":[{"name":"wp","href":"https:\/\/api.w.org\/{rel}","templated":true}]}}