{"id":20169,"date":"2015-12-15T22:02:36","date_gmt":"2015-12-15T22:02:36","guid":{"rendered":"https:\/\/abarevegan.com.br\/index.php\/2015\/12\/15\/fa-conhece-marcelo-bimbi-durante-encontro\/"},"modified":"2015-12-15T22:02:36","modified_gmt":"2015-12-15T22:02:36","slug":"fa-conhece-marcelo-bimbi-durante-encontro","status":"publish","type":"post","link":"https:\/\/nk7-testes.com.br\/agazeta\/fa-conhece-marcelo-bimbi-durante-encontro\/","title":{"rendered":"F\u00e3 conhece Marcelo Bimbi durante encontro"},"content":{"rendered":"<p>Jamili estava ansiosa em ver modelo acriano<\/p>\n<p>O modelo e ex-reality de A Fazenda, Marcelo Bimbi, realizou nesta ter\u00e7a-feira (15) o sonho de uma adolescente acriana que queria conhec\u00ea-lo. O encontro da f\u00e3 com o modelo foi marcado por nervosismo e emo\u00e7\u00e3o.<\/p>\n<p>A estudante Jamili Nogueira (16) acordou cedo. Pela manh\u00e3, o compromisso era com o modelo e ex-integrante do reality A Fazenda, Marcelo Bimbi. A m\u00e3e, Patr\u00edcia, acompanhou a filha, contendo o nervosismo dela.<\/p>\n<p>\u201cHoje de manh\u00e3, quando acordei, ela j\u00e1 estava de p\u00e9 e arrumada, mobilizando todo mundo\u201d, disse Patr\u00edcia, Nogueira.<\/p>\n<p>A adolescente acompanha Marcelo muito antes da Fazenda. Durante o reality, ela afirma que pode conhec\u00ea-lo melhor e a admira\u00e7\u00e3o s\u00f3 aumentou. \u201cN\u00f3s pass\u00e1vamos a madrugada inteira votando\u201d, disse a adolescente.<\/p>\n<p>Jamili acompanhou todos os epis\u00f3dios do reality e fez a fam\u00edlia inteira pegar gosto pelo integrante favorito dela, Marcelo Bimbi. Todos tamb\u00e9m se uniram para tirar Mara Maravilha, principal rival do modelo na casa.<\/p>\n<p>O encontro entre a f\u00e3 o modelo foi marcado em uma r\u00e1dio da cidade, onde ele daria entrevista. A espera foi longa. As m\u00e3os suavam e n\u00e3o paravam de tremer, e uma hora depois, ele finalmente chega.<\/p>\n<p>Na hora do nervosismo, a f\u00e3 ficou sem saber o que dizer. Um dos momentos mais marcantes, e que a f\u00e3 lembrou durante o encontro, foi o embate entre Marcelo e Mara. Ele agradeceu o apoio dela e dos f\u00e3s que o fizeram vencedor, durante a ro\u00e7a, mais que pol\u00eamica.<\/p>\n<p>\u201cO pessoal me abra\u00e7a nas ruas, me agradece por ter tirado a Mara, mas eu que agrade\u00e7o. Na verdade, foram voc\u00eas, o povo acriano. Mostramos a for\u00e7a que temos, mostramos quem somos\u201d, disse.<\/p>\n<p>Marcelo agradeceu o carinho de Jamili e n\u00e3o saiu antes de fazer o famoso registro com self. Nesta ter\u00e7a-feira, ele embarca pra S\u00e3o Paulo, onde vai cumprir outra agenda. Marcelo Bimbi ficou entre os seis \u00faltimos participantes do reality A Fazenda.<\/p>\n<p>Segundo a assessoria, o modelo estuda um convite para participar de outro reality, agora em Portugal.<\/p>\n","protected":false},"excerpt":{"rendered":"<p>Jamili estava ansiosa em ver modelo acriano<\/p>\n","protected":false},"author":4,"featured_media":20168,"comment_status":"open","ping_status":"open","sticky":false,"template":"","format":"standard","meta":{"jnews-multi-image_gallery":[],"jnews_single_post":[],"jnews_primary_category":[],"jnews_social_meta":[],"jnews_review":[],"enable_review":"","type":"","name":"","summary":"","brand":"","sku":"","good":[],"bad":[],"score_override":"","override_value":"","rating":[],"price":[],"footnotes":""},"categories":[54],"tags":[],"class_list":["post-20169","post","type-post","status-publish","format-standard","has-post-thumbnail","hentry","category-cotidiano"],"yoast_head":"<!-- This site is optimized with the Yoast SEO plugin v26.5 - https:\/\/yoast.com\/wordpress\/plugins\/seo\/ -->\n<title>F\u00e3 conhece Marcelo Bimbi durante encontro - Agazeta.net<\/title>\n<meta name=\"robots\" content=\"index, follow, max-snippet:-1, max-image-preview:large, max-video-preview:-1\" \/>\n<link rel=\"canonical\" href=\"https:\/\/nk7-testes.com.br\/agazeta\/fa-conhece-marcelo-bimbi-durante-encontro\/\" \/>\n<meta property=\"og:locale\" content=\"pt_BR\" \/>\n<meta property=\"og:type\" content=\"article\" \/>\n<meta property=\"og:title\" content=\"F\u00e3 conhece Marcelo Bimbi durante encontro - Agazeta.net\" \/>\n<meta property=\"og:description\" content=\"Jamili estava ansiosa em ver modelo acriano\" \/>\n<meta property=\"og:url\" content=\"https:\/\/nk7-testes.com.br\/agazeta\/fa-conhece-marcelo-bimbi-durante-encontro\/\" \/>\n<meta property=\"og:site_name\" content=\"Agazeta.net\" \/>\n<meta property=\"article:published_time\" content=\"2015-12-15T22:02:36+00:00\" \/>\n<meta property=\"og:image\" content=\"https:\/\/nk7-testes.com.br\/agazeta\/wp-content\/uploads\/2015\/12\/151215-cotidiano-jamili-tvgazeta.jpg\" \/>\n\t<meta property=\"og:image:width\" content=\"458\" \/>\n\t<meta property=\"og:image:height\" content=\"340\" \/>\n\t<meta property=\"og:image:type\" content=\"image\/jpeg\" \/>\n<meta name=\"author\" content=\"Agazeta.Net\" \/>\n<meta name=\"twitter:card\" content=\"summary_large_image\" \/>\n<meta name=\"twitter:label1\" content=\"Escrito por\" \/>\n\t<meta name=\"twitter:data1\" content=\"Agazeta.Net\" \/>\n\t<meta name=\"twitter:label2\" content=\"Est. tempo de leitura\" \/>\n\t<meta name=\"twitter:data2\" content=\"2 minutos\" \/>\n<script type=\"application\/ld+json\" class=\"yoast-schema-graph\">{\"@context\":\"https:\/\/schema.org\",\"@graph\":[{\"@type\":\"WebPage\",\"@id\":\"https:\/\/nk7-testes.com.br\/agazeta\/fa-conhece-marcelo-bimbi-durante-encontro\/\",\"url\":\"https:\/\/nk7-testes.com.br\/agazeta\/fa-conhece-marcelo-bimbi-durante-encontro\/\",\"name\":\"F\u00e3 conhece Marcelo Bimbi durante encontro - Agazeta.net\",\"isPartOf\":{\"@id\":\"https:\/\/nk7-testes.com.br\/agazeta\/#website\"},\"primaryImageOfPage\":{\"@id\":\"https:\/\/nk7-testes.com.br\/agazeta\/fa-conhece-marcelo-bimbi-durante-encontro\/#primaryimage\"},\"image\":{\"@id\":\"https:\/\/nk7-testes.com.br\/agazeta\/fa-conhece-marcelo-bimbi-durante-encontro\/#primaryimage\"},\"thumbnailUrl\":\"https:\/\/nk7-testes.com.br\/agazeta\/wp-content\/uploads\/2015\/12\/151215-cotidiano-jamili-tvgazeta.jpg\",\"datePublished\":\"2015-12-15T22:02:36+00:00\",\"author\":{\"@id\":\"https:\/\/nk7-testes.com.br\/agazeta\/#\/schema\/person\/6d6e25cb0435eb4a02fd44d30b4e3020\"},\"breadcrumb\":{\"@id\":\"https:\/\/nk7-testes.com.br\/agazeta\/fa-conhece-marcelo-bimbi-durante-encontro\/#breadcrumb\"},\"inLanguage\":\"pt-BR\",\"potentialAction\":[{\"@type\":\"ReadAction\",\"target\":[\"https:\/\/nk7-testes.com.br\/agazeta\/fa-conhece-marcelo-bimbi-durante-encontro\/\"]}]},{\"@type\":\"ImageObject\",\"inLanguage\":\"pt-BR\",\"@id\":\"https:\/\/nk7-testes.com.br\/agazeta\/fa-conhece-marcelo-bimbi-durante-encontro\/#primaryimage\",\"url\":\"https:\/\/nk7-testes.com.br\/agazeta\/wp-content\/uploads\/2015\/12\/151215-cotidiano-jamili-tvgazeta.jpg\",\"contentUrl\":\"https:\/\/nk7-testes.com.br\/agazeta\/wp-content\/uploads\/2015\/12\/151215-cotidiano-jamili-tvgazeta.jpg\",\"width\":458,\"height\":340,\"caption\":\"151215-cotidiano-jamili-tvgazeta\"},{\"@type\":\"BreadcrumbList\",\"@id\":\"https:\/\/nk7-testes.com.br\/agazeta\/fa-conhece-marcelo-bimbi-durante-encontro\/#breadcrumb\",\"itemListElement\":[{\"@type\":\"ListItem\",\"position\":1,\"name\":\"In\u00edcio\",\"item\":\"https:\/\/nk7-testes.com.br\/agazeta\/\"},{\"@type\":\"ListItem\",\"position\":2,\"name\":\"F\u00e3 conhece Marcelo Bimbi durante encontro\"}]},{\"@type\":\"WebSite\",\"@id\":\"https:\/\/nk7-testes.com.br\/agazeta\/#website\",\"url\":\"https:\/\/nk7-testes.com.br\/agazeta\/\",\"name\":\"Agazeta.net\",\"description\":\"Agazeta.net - Not\u00edcias de Rio Branco\/AC\",\"potentialAction\":[{\"@type\":\"SearchAction\",\"target\":{\"@type\":\"EntryPoint\",\"urlTemplate\":\"https:\/\/nk7-testes.com.br\/agazeta\/?s={search_term_string}\"},\"query-input\":{\"@type\":\"PropertyValueSpecification\",\"valueRequired\":true,\"valueName\":\"search_term_string\"}}],\"inLanguage\":\"pt-BR\"},{\"@type\":\"Person\",\"@id\":\"https:\/\/nk7-testes.com.br\/agazeta\/#\/schema\/person\/6d6e25cb0435eb4a02fd44d30b4e3020\",\"name\":\"Agazeta.Net\",\"url\":\"https:\/\/nk7-testes.com.br\/agazeta\/author\/agazeta\/\"}]}<\/script>\n<!-- \/ Yoast SEO plugin. -->","yoast_head_json":{"title":"F\u00e3 conhece Marcelo Bimbi durante encontro - Agazeta.net","robots":{"index":"index","follow":"follow","max-snippet":"max-snippet:-1","max-image-preview":"max-image-preview:large","max-video-preview":"max-video-preview:-1"},"canonical":"https:\/\/nk7-testes.com.br\/agazeta\/fa-conhece-marcelo-bimbi-durante-encontro\/","og_locale":"pt_BR","og_type":"article","og_title":"F\u00e3 conhece Marcelo Bimbi durante encontro - Agazeta.net","og_description":"Jamili estava ansiosa em ver modelo acriano","og_url":"https:\/\/nk7-testes.com.br\/agazeta\/fa-conhece-marcelo-bimbi-durante-encontro\/","og_site_name":"Agazeta.net","article_published_time":"2015-12-15T22:02:36+00:00","og_image":[{"width":458,"height":340,"url":"https:\/\/nk7-testes.com.br\/agazeta\/wp-content\/uploads\/2015\/12\/151215-cotidiano-jamili-tvgazeta.jpg","type":"image\/jpeg"}],"author":"Agazeta.Net","twitter_card":"summary_large_image","twitter_misc":{"Escrito por":"Agazeta.Net","Est. tempo de leitura":"2 minutos"},"schema":{"@context":"https:\/\/schema.org","@graph":[{"@type":"WebPage","@id":"https:\/\/nk7-testes.com.br\/agazeta\/fa-conhece-marcelo-bimbi-durante-encontro\/","url":"https:\/\/nk7-testes.com.br\/agazeta\/fa-conhece-marcelo-bimbi-durante-encontro\/","name":"F\u00e3 conhece Marcelo Bimbi durante encontro - Agazeta.net","isPartOf":{"@id":"https:\/\/nk7-testes.com.br\/agazeta\/#website"},"primaryImageOfPage":{"@id":"https:\/\/nk7-testes.com.br\/agazeta\/fa-conhece-marcelo-bimbi-durante-encontro\/#primaryimage"},"image":{"@id":"https:\/\/nk7-testes.com.br\/agazeta\/fa-conhece-marcelo-bimbi-durante-encontro\/#primaryimage"},"thumbnailUrl":"https:\/\/nk7-testes.com.br\/agazeta\/wp-content\/uploads\/2015\/12\/151215-cotidiano-jamili-tvgazeta.jpg","datePublished":"2015-12-15T22:02:36+00:00","author":{"@id":"https:\/\/nk7-testes.com.br\/agazeta\/#\/schema\/person\/6d6e25cb0435eb4a02fd44d30b4e3020"},"breadcrumb":{"@id":"https:\/\/nk7-testes.com.br\/agazeta\/fa-conhece-marcelo-bimbi-durante-encontro\/#breadcrumb"},"inLanguage":"pt-BR","potentialAction":[{"@type":"ReadAction","target":["https:\/\/nk7-testes.com.br\/agazeta\/fa-conhece-marcelo-bimbi-durante-encontro\/"]}]},{"@type":"ImageObject","inLanguage":"pt-BR","@id":"https:\/\/nk7-testes.com.br\/agazeta\/fa-conhece-marcelo-bimbi-durante-encontro\/#primaryimage","url":"https:\/\/nk7-testes.com.br\/agazeta\/wp-content\/uploads\/2015\/12\/151215-cotidiano-jamili-tvgazeta.jpg","contentUrl":"https:\/\/nk7-testes.com.br\/agazeta\/wp-content\/uploads\/2015\/12\/151215-cotidiano-jamili-tvgazeta.jpg","width":458,"height":340,"caption":"151215-cotidiano-jamili-tvgazeta"},{"@type":"BreadcrumbList","@id":"https:\/\/nk7-testes.com.br\/agazeta\/fa-conhece-marcelo-bimbi-durante-encontro\/#breadcrumb","itemListElement":[{"@type":"ListItem","position":1,"name":"In\u00edcio","item":"https:\/\/nk7-testes.com.br\/agazeta\/"},{"@type":"ListItem","position":2,"name":"F\u00e3 conhece Marcelo Bimbi durante encontro"}]},{"@type":"WebSite","@id":"https:\/\/nk7-testes.com.br\/agazeta\/#website","url":"https:\/\/nk7-testes.com.br\/agazeta\/","name":"Agazeta.net","description":"Agazeta.net - Not\u00edcias de Rio Branco\/AC","potentialAction":[{"@type":"SearchAction","target":{"@type":"EntryPoint","urlTemplate":"https:\/\/nk7-testes.com.br\/agazeta\/?s={search_term_string}"},"query-input":{"@type":"PropertyValueSpecification","valueRequired":true,"valueName":"search_term_string"}}],"inLanguage":"pt-BR"},{"@type":"Person","@id":"https:\/\/nk7-testes.com.br\/agazeta\/#\/schema\/person\/6d6e25cb0435eb4a02fd44d30b4e3020","name":"Agazeta.Net","url":"https:\/\/nk7-testes.com.br\/agazeta\/author\/agazeta\/"}]}},"_links":{"self":[{"href":"https:\/\/nk7-testes.com.br\/agazeta\/wp-json\/wp\/v2\/posts\/20169","targetHints":{"allow":["GET"]}}],"collection":[{"href":"https:\/\/nk7-testes.com.br\/agazeta\/wp-json\/wp\/v2\/posts"}],"about":[{"href":"https:\/\/nk7-testes.com.br\/agazeta\/wp-json\/wp\/v2\/types\/post"}],"author":[{"embeddable":true,"href":"https:\/\/nk7-testes.com.br\/agazeta\/wp-json\/wp\/v2\/users\/4"}],"replies":[{"embeddable":true,"href":"https:\/\/nk7-testes.com.br\/agazeta\/wp-json\/wp\/v2\/comments?post=20169"}],"version-history":[{"count":0,"href":"https:\/\/nk7-testes.com.br\/agazeta\/wp-json\/wp\/v2\/posts\/20169\/revisions"}],"wp:featuredmedia":[{"embeddable":true,"href":"https:\/\/nk7-testes.com.br\/agazeta\/wp-json\/wp\/v2\/media\/20168"}],"wp:attachment":[{"href":"https:\/\/nk7-testes.com.br\/agazeta\/wp-json\/wp\/v2\/media?parent=20169"}],"wp:term":[{"taxonomy":"category","embeddable":true,"href":"https:\/\/nk7-testes.com.br\/agazeta\/wp-json\/wp\/v2\/categories?post=20169"},{"taxonomy":"post_tag","embeddable":true,"href":"https:\/\/nk7-testes.com.br\/agazeta\/wp-json\/wp\/v2\/tags?post=20169"}],"curies":[{"name":"wp","href":"https:\/\/api.w.org\/{rel}","templated":true}]}}