{"id":20143,"date":"2015-12-14T23:03:45","date_gmt":"2015-12-14T23:03:45","guid":{"rendered":"https:\/\/abarevegan.com.br\/index.php\/2015\/12\/14\/profissionais-da-area-da-saude-manifestam-na-capital\/"},"modified":"2015-12-14T23:03:45","modified_gmt":"2015-12-14T23:03:45","slug":"profissionais-da-area-da-saude-manifestam-na-capital","status":"publish","type":"post","link":"https:\/\/nk7-testes.com.br\/agazeta\/profissionais-da-area-da-saude-manifestam-na-capital\/","title":{"rendered":"Nomea\u00e7\u00e3o de gestor gera protestos de profissionais da Sa\u00fade"},"content":{"rendered":"<p style=\"text-align: justify;\">Protestos defendem luta antimanicomial<\/p>\n<p style=\"text-align: justify;\">Um grupo de servidores da \u00e1rea da sa\u00fade do Acre se reuniu na tarde desta segunda-feira (14) em frente \u00e0 Secretaria de Estado de Sa\u00fade (Sesacre) com cartazes, apitos e gritos de ordem. O protesto \u00e9 uma forma de ades\u00e3o \u00e0 mobiliza\u00e7\u00e3o nacional contra a decis\u00e3o do ministro da Sa\u00fade, Marcelo Castro, de nomear para a Ger\u00eancia Nacional de Sa\u00fade Mental o psiquiatra Valencius Wurch Duarte Filho.<\/p>\n<p style=\"text-align: justify;\">Na \u00faltima quinta-feira (10), Valencius Wurch foi nomeado para assumir a Coordena\u00e7\u00e3o Nacional de Sa\u00fade Mental. Tal fato gerou ainda mais revolta por parte dos trabalhadores da \u00e1rea, j\u00e1 que Valencius \u00e9 contra a lei 10.2016 que estabelece crit\u00e9rios mais humanizados no tratamento de pessoas com problemas ps\u00edquicos.<\/p>\n<p style=\"text-align: justify;\">Wurch foi, por dez anos, diretor da Casa de Sa\u00fade Dr. Eiras, o maior manic\u00f4mio da Am\u00e9rica Latina, localizado no Rio de Janeiro e fechado em 2012, ap\u00f3s s\u00e9rie de den\u00fancias sobre as condi\u00e7\u00f5es sub-humanas em que viviam os internos. Durante a gest\u00e3o de Wurch, ele foi acusado in\u00fameras vezes por abandono e maus-tratos.<\/p>\n<p style=\"text-align: justify;\">Em 1995, durante entrevista ao Jornal do Brasil, o psiquiatra afirmou ser contra a Lei Paulo Delgado, que previa a garantia de direitos aos portadores de transtorno ps\u00edquico no pa\u00eds. Segundo ele, tirar as pessoas dos manic\u00f4mios se resumia \u00e0 decis\u00e3o meramente &#8220;ideol\u00f3gica&#8221;.<\/p>\n<p style=\"text-align: justify;\">Para Duclciana Ara\u00fajo, que trabalha na \u00e1rea da Sa\u00fade Mental, a nomea\u00e7\u00e3o de Wurch \u00e9 um retrocesso, al\u00e9m de um \u201catentado contra a democracia\u201d.<\/p>\n","protected":false},"excerpt":{"rendered":"<p style=\"text-align: justify;\">Protestos defendem luta antimanicomial<\/p>\n","protected":false},"author":4,"featured_media":20142,"comment_status":"open","ping_status":"open","sticky":false,"template":"","format":"standard","meta":{"jnews-multi-image_gallery":[],"jnews_single_post":[],"jnews_primary_category":[],"jnews_social_meta":[],"jnews_review":[],"enable_review":"","type":"","name":"","summary":"","brand":"","sku":"","good":[],"bad":[],"score_override":"","override_value":"","rating":[],"price":[],"footnotes":""},"categories":[54],"tags":[],"class_list":["post-20143","post","type-post","status-publish","format-standard","has-post-thumbnail","hentry","category-cotidiano"],"yoast_head":"<!-- This site is optimized with the Yoast SEO plugin v26.5 - https:\/\/yoast.com\/wordpress\/plugins\/seo\/ -->\n<title>Nomea\u00e7\u00e3o de gestor gera protestos de profissionais da Sa\u00fade - Agazeta.net<\/title>\n<meta name=\"robots\" content=\"index, follow, max-snippet:-1, max-image-preview:large, max-video-preview:-1\" \/>\n<link rel=\"canonical\" href=\"https:\/\/nk7-testes.com.br\/agazeta\/profissionais-da-area-da-saude-manifestam-na-capital\/\" \/>\n<meta property=\"og:locale\" content=\"pt_BR\" \/>\n<meta property=\"og:type\" content=\"article\" \/>\n<meta property=\"og:title\" content=\"Nomea\u00e7\u00e3o de gestor gera protestos de profissionais da Sa\u00fade - Agazeta.net\" \/>\n<meta property=\"og:description\" content=\"Protestos defendem luta antimanicomial\" \/>\n<meta property=\"og:url\" content=\"https:\/\/nk7-testes.com.br\/agazeta\/profissionais-da-area-da-saude-manifestam-na-capital\/\" \/>\n<meta property=\"og:site_name\" content=\"Agazeta.net\" \/>\n<meta property=\"article:published_time\" content=\"2015-12-14T23:03:45+00:00\" \/>\n<meta property=\"og:image\" content=\"https:\/\/nk7-testes.com.br\/agazeta\/wp-content\/uploads\/2015\/12\/141215-cotidiano-manifesto-saude.jpg\" \/>\n\t<meta property=\"og:image:width\" content=\"458\" \/>\n\t<meta property=\"og:image:height\" content=\"340\" \/>\n\t<meta property=\"og:image:type\" content=\"image\/jpeg\" \/>\n<meta name=\"author\" content=\"Agazeta.Net\" \/>\n<meta name=\"twitter:card\" content=\"summary_large_image\" \/>\n<meta name=\"twitter:label1\" content=\"Escrito por\" \/>\n\t<meta name=\"twitter:data1\" content=\"Agazeta.Net\" \/>\n\t<meta name=\"twitter:label2\" content=\"Est. tempo de leitura\" \/>\n\t<meta name=\"twitter:data2\" content=\"1 minuto\" \/>\n<script type=\"application\/ld+json\" class=\"yoast-schema-graph\">{\"@context\":\"https:\/\/schema.org\",\"@graph\":[{\"@type\":\"WebPage\",\"@id\":\"https:\/\/nk7-testes.com.br\/agazeta\/profissionais-da-area-da-saude-manifestam-na-capital\/\",\"url\":\"https:\/\/nk7-testes.com.br\/agazeta\/profissionais-da-area-da-saude-manifestam-na-capital\/\",\"name\":\"Nomea\u00e7\u00e3o de gestor gera protestos de profissionais da Sa\u00fade - Agazeta.net\",\"isPartOf\":{\"@id\":\"https:\/\/nk7-testes.com.br\/agazeta\/#website\"},\"primaryImageOfPage\":{\"@id\":\"https:\/\/nk7-testes.com.br\/agazeta\/profissionais-da-area-da-saude-manifestam-na-capital\/#primaryimage\"},\"image\":{\"@id\":\"https:\/\/nk7-testes.com.br\/agazeta\/profissionais-da-area-da-saude-manifestam-na-capital\/#primaryimage\"},\"thumbnailUrl\":\"https:\/\/nk7-testes.com.br\/agazeta\/wp-content\/uploads\/2015\/12\/141215-cotidiano-manifesto-saude.jpg\",\"datePublished\":\"2015-12-14T23:03:45+00:00\",\"author\":{\"@id\":\"https:\/\/nk7-testes.com.br\/agazeta\/#\/schema\/person\/6d6e25cb0435eb4a02fd44d30b4e3020\"},\"breadcrumb\":{\"@id\":\"https:\/\/nk7-testes.com.br\/agazeta\/profissionais-da-area-da-saude-manifestam-na-capital\/#breadcrumb\"},\"inLanguage\":\"pt-BR\",\"potentialAction\":[{\"@type\":\"ReadAction\",\"target\":[\"https:\/\/nk7-testes.com.br\/agazeta\/profissionais-da-area-da-saude-manifestam-na-capital\/\"]}]},{\"@type\":\"ImageObject\",\"inLanguage\":\"pt-BR\",\"@id\":\"https:\/\/nk7-testes.com.br\/agazeta\/profissionais-da-area-da-saude-manifestam-na-capital\/#primaryimage\",\"url\":\"https:\/\/nk7-testes.com.br\/agazeta\/wp-content\/uploads\/2015\/12\/141215-cotidiano-manifesto-saude.jpg\",\"contentUrl\":\"https:\/\/nk7-testes.com.br\/agazeta\/wp-content\/uploads\/2015\/12\/141215-cotidiano-manifesto-saude.jpg\",\"width\":458,\"height\":340,\"caption\":\"141215-cotidiano-manifesto-saude\"},{\"@type\":\"BreadcrumbList\",\"@id\":\"https:\/\/nk7-testes.com.br\/agazeta\/profissionais-da-area-da-saude-manifestam-na-capital\/#breadcrumb\",\"itemListElement\":[{\"@type\":\"ListItem\",\"position\":1,\"name\":\"In\u00edcio\",\"item\":\"https:\/\/nk7-testes.com.br\/agazeta\/\"},{\"@type\":\"ListItem\",\"position\":2,\"name\":\"Nomea\u00e7\u00e3o de gestor gera protestos de profissionais da Sa\u00fade\"}]},{\"@type\":\"WebSite\",\"@id\":\"https:\/\/nk7-testes.com.br\/agazeta\/#website\",\"url\":\"https:\/\/nk7-testes.com.br\/agazeta\/\",\"name\":\"Agazeta.net\",\"description\":\"Agazeta.net - Not\u00edcias de Rio Branco\/AC\",\"potentialAction\":[{\"@type\":\"SearchAction\",\"target\":{\"@type\":\"EntryPoint\",\"urlTemplate\":\"https:\/\/nk7-testes.com.br\/agazeta\/?s={search_term_string}\"},\"query-input\":{\"@type\":\"PropertyValueSpecification\",\"valueRequired\":true,\"valueName\":\"search_term_string\"}}],\"inLanguage\":\"pt-BR\"},{\"@type\":\"Person\",\"@id\":\"https:\/\/nk7-testes.com.br\/agazeta\/#\/schema\/person\/6d6e25cb0435eb4a02fd44d30b4e3020\",\"name\":\"Agazeta.Net\",\"url\":\"https:\/\/nk7-testes.com.br\/agazeta\/author\/agazeta\/\"}]}<\/script>\n<!-- \/ Yoast SEO plugin. -->","yoast_head_json":{"title":"Nomea\u00e7\u00e3o de gestor gera protestos de profissionais da Sa\u00fade - Agazeta.net","robots":{"index":"index","follow":"follow","max-snippet":"max-snippet:-1","max-image-preview":"max-image-preview:large","max-video-preview":"max-video-preview:-1"},"canonical":"https:\/\/nk7-testes.com.br\/agazeta\/profissionais-da-area-da-saude-manifestam-na-capital\/","og_locale":"pt_BR","og_type":"article","og_title":"Nomea\u00e7\u00e3o de gestor gera protestos de profissionais da Sa\u00fade - Agazeta.net","og_description":"Protestos defendem luta antimanicomial","og_url":"https:\/\/nk7-testes.com.br\/agazeta\/profissionais-da-area-da-saude-manifestam-na-capital\/","og_site_name":"Agazeta.net","article_published_time":"2015-12-14T23:03:45+00:00","og_image":[{"width":458,"height":340,"url":"https:\/\/nk7-testes.com.br\/agazeta\/wp-content\/uploads\/2015\/12\/141215-cotidiano-manifesto-saude.jpg","type":"image\/jpeg"}],"author":"Agazeta.Net","twitter_card":"summary_large_image","twitter_misc":{"Escrito por":"Agazeta.Net","Est. tempo de leitura":"1 minuto"},"schema":{"@context":"https:\/\/schema.org","@graph":[{"@type":"WebPage","@id":"https:\/\/nk7-testes.com.br\/agazeta\/profissionais-da-area-da-saude-manifestam-na-capital\/","url":"https:\/\/nk7-testes.com.br\/agazeta\/profissionais-da-area-da-saude-manifestam-na-capital\/","name":"Nomea\u00e7\u00e3o de gestor gera protestos de profissionais da Sa\u00fade - Agazeta.net","isPartOf":{"@id":"https:\/\/nk7-testes.com.br\/agazeta\/#website"},"primaryImageOfPage":{"@id":"https:\/\/nk7-testes.com.br\/agazeta\/profissionais-da-area-da-saude-manifestam-na-capital\/#primaryimage"},"image":{"@id":"https:\/\/nk7-testes.com.br\/agazeta\/profissionais-da-area-da-saude-manifestam-na-capital\/#primaryimage"},"thumbnailUrl":"https:\/\/nk7-testes.com.br\/agazeta\/wp-content\/uploads\/2015\/12\/141215-cotidiano-manifesto-saude.jpg","datePublished":"2015-12-14T23:03:45+00:00","author":{"@id":"https:\/\/nk7-testes.com.br\/agazeta\/#\/schema\/person\/6d6e25cb0435eb4a02fd44d30b4e3020"},"breadcrumb":{"@id":"https:\/\/nk7-testes.com.br\/agazeta\/profissionais-da-area-da-saude-manifestam-na-capital\/#breadcrumb"},"inLanguage":"pt-BR","potentialAction":[{"@type":"ReadAction","target":["https:\/\/nk7-testes.com.br\/agazeta\/profissionais-da-area-da-saude-manifestam-na-capital\/"]}]},{"@type":"ImageObject","inLanguage":"pt-BR","@id":"https:\/\/nk7-testes.com.br\/agazeta\/profissionais-da-area-da-saude-manifestam-na-capital\/#primaryimage","url":"https:\/\/nk7-testes.com.br\/agazeta\/wp-content\/uploads\/2015\/12\/141215-cotidiano-manifesto-saude.jpg","contentUrl":"https:\/\/nk7-testes.com.br\/agazeta\/wp-content\/uploads\/2015\/12\/141215-cotidiano-manifesto-saude.jpg","width":458,"height":340,"caption":"141215-cotidiano-manifesto-saude"},{"@type":"BreadcrumbList","@id":"https:\/\/nk7-testes.com.br\/agazeta\/profissionais-da-area-da-saude-manifestam-na-capital\/#breadcrumb","itemListElement":[{"@type":"ListItem","position":1,"name":"In\u00edcio","item":"https:\/\/nk7-testes.com.br\/agazeta\/"},{"@type":"ListItem","position":2,"name":"Nomea\u00e7\u00e3o de gestor gera protestos de profissionais da Sa\u00fade"}]},{"@type":"WebSite","@id":"https:\/\/nk7-testes.com.br\/agazeta\/#website","url":"https:\/\/nk7-testes.com.br\/agazeta\/","name":"Agazeta.net","description":"Agazeta.net - Not\u00edcias de Rio Branco\/AC","potentialAction":[{"@type":"SearchAction","target":{"@type":"EntryPoint","urlTemplate":"https:\/\/nk7-testes.com.br\/agazeta\/?s={search_term_string}"},"query-input":{"@type":"PropertyValueSpecification","valueRequired":true,"valueName":"search_term_string"}}],"inLanguage":"pt-BR"},{"@type":"Person","@id":"https:\/\/nk7-testes.com.br\/agazeta\/#\/schema\/person\/6d6e25cb0435eb4a02fd44d30b4e3020","name":"Agazeta.Net","url":"https:\/\/nk7-testes.com.br\/agazeta\/author\/agazeta\/"}]}},"_links":{"self":[{"href":"https:\/\/nk7-testes.com.br\/agazeta\/wp-json\/wp\/v2\/posts\/20143","targetHints":{"allow":["GET"]}}],"collection":[{"href":"https:\/\/nk7-testes.com.br\/agazeta\/wp-json\/wp\/v2\/posts"}],"about":[{"href":"https:\/\/nk7-testes.com.br\/agazeta\/wp-json\/wp\/v2\/types\/post"}],"author":[{"embeddable":true,"href":"https:\/\/nk7-testes.com.br\/agazeta\/wp-json\/wp\/v2\/users\/4"}],"replies":[{"embeddable":true,"href":"https:\/\/nk7-testes.com.br\/agazeta\/wp-json\/wp\/v2\/comments?post=20143"}],"version-history":[{"count":0,"href":"https:\/\/nk7-testes.com.br\/agazeta\/wp-json\/wp\/v2\/posts\/20143\/revisions"}],"wp:featuredmedia":[{"embeddable":true,"href":"https:\/\/nk7-testes.com.br\/agazeta\/wp-json\/wp\/v2\/media\/20142"}],"wp:attachment":[{"href":"https:\/\/nk7-testes.com.br\/agazeta\/wp-json\/wp\/v2\/media?parent=20143"}],"wp:term":[{"taxonomy":"category","embeddable":true,"href":"https:\/\/nk7-testes.com.br\/agazeta\/wp-json\/wp\/v2\/categories?post=20143"},{"taxonomy":"post_tag","embeddable":true,"href":"https:\/\/nk7-testes.com.br\/agazeta\/wp-json\/wp\/v2\/tags?post=20143"}],"curies":[{"name":"wp","href":"https:\/\/api.w.org\/{rel}","templated":true}]}}