{"id":20131,"date":"2015-12-14T13:10:36","date_gmt":"2015-12-14T13:10:36","guid":{"rendered":"https:\/\/abarevegan.com.br\/index.php\/2015\/12\/14\/centro-de-solucao-de-conflitos-e-instalado-em-feijo\/"},"modified":"2015-12-14T13:10:36","modified_gmt":"2015-12-14T13:10:36","slug":"centro-de-solucao-de-conflitos-e-instalado-em-feijo","status":"publish","type":"post","link":"https:\/\/nk7-testes.com.br\/agazeta\/centro-de-solucao-de-conflitos-e-instalado-em-feijo\/","title":{"rendered":"Centro de Solu\u00e7\u00e3o de Conflitos \u00e9 instalado em Feij\u00f3"},"content":{"rendered":"<p style=\"text-align: justify;\">Presidente do TJ fez homenagens a servidores<\/p>\n<p style=\"text-align: justify;\">A faixa fixada na sede do F\u00f3rum Quirino Lucas de Moura, em Feij\u00f3, demonstra a receptividade com que a desembargadora-presidente Cezarinete Angelim foi recebida na Comarca nesta sexta-feira (11).<\/p>\n<p style=\"text-align: justify;\">A homenagem dos servidores ocorreu por ocasi\u00e3o da visita institucional de trabalho, cujo prop\u00f3sito foi a instala\u00e7\u00e3o do Centro Judici\u00e1rio de Solu\u00e7\u00e3o de Conflitos e Cidadania (Cejusc).<\/p>\n<p style=\"text-align: justify;\">Interpretado pela afinada voz de Ariane Tavares, acompanhada pelo m\u00fasico Jocinei, o Hino Acreano marcou a abertura do evento, seguida pelas assinaturas dos termos de designa\u00e7\u00e3o do magistrado que responder\u00e1 pela nova unidade, e da respectiva instala\u00e7\u00e3o.<\/p>\n<p style=\"text-align: justify;\">A mesa de honra teve as presen\u00e7as do juiz de Direito Marlon Machado, diretor do Foro da Comarca de Feij\u00f3; o juiz de Direito Alex Oivane, em exerc\u00edcio na Vara Criminal da unidade judici\u00e1ria e respons\u00e1vel a partir de agora pelo Cejusc; o prefeito municipal Hammerly Albuquerque e o vice-presidente da C\u00e2mara de Vereadores local, Pel\u00e9 Campos.<\/p>\n<p style=\"text-align: justify;\">Representantes do Minist\u00e9rio P\u00fablico Estadual, da Defensoria P\u00fablica do Estado, da OAB-Seccional Acre, das pol\u00edcias Civil e Militar e de Cart\u00f3rios tamb\u00e9m prestigiaram o evento.<\/p>\n<p style=\"text-align: justify;\">\u201cO Cejusc chega a Feij\u00f3 nesta data para promover a solu\u00e7\u00e3o dos conflitos de forma \u00e1gil, sem burocracia, econ\u00f4mica e eficiente. Al\u00e9m disso, a concilia\u00e7\u00e3o permite encerrar n\u00e3o apenas a lide do processo, mas sim a lide social. Trata-se de um mecanismo que restaura rela\u00e7\u00f5es de amizade, de respeito, pois se baseia na justi\u00e7a fraterna\u201d, assinalou a presidente do TJAC.<\/p>\n<p style=\"text-align: justify;\">Cezarinete Angelim tamb\u00e9m destacou que a unidade \u201caproxima o Poder judici\u00e1rio dos cidad\u00e3os\u201d, oferecendo-lhes \u201cde modo acolhedor\u201d a possibilidade de \u201cresolver suas disputas de uma maneira fraterna e voltada ao di\u00e1logo e \u00e0 reconcilia\u00e7\u00e3o\u201d.<br \/>Ao lembrar que a sociedade est\u00e1 cada vez mais conflituosa, o juiz Marlon Machado considerou que \u201c\u00e9 necess\u00e1rio o abrandamento das leis para resolver os pequenos problemas entre as pessoas no dia a dia e, assim, evitar que se transformem em processos que se avolumam na Justi\u00e7a\u201d. Ou seja, as partes podem, atrav\u00e9s do Cejusc, elas pr\u00f3prias constru\u00edrem a solu\u00e7\u00e3o e encerrarem a disputa na fase pr\u00e9-processual.<\/p>\n<p style=\"text-align: justify;\">O juiz Alex Oivane se disse honrado em fazer parte do momento hist\u00f3rico, que, segundo ele, trar\u00e1 uma nova din\u00e2mica para o cotidiano da popula\u00e7\u00e3o, dando-lhe alternativa e resposta \u00e0 resolu\u00e7\u00e3o de conflitos, uma melhorar a presta\u00e7\u00e3o jurisdicional e a pacifica\u00e7\u00e3o social.<\/p>\n<p style=\"text-align: justify;\">A interioriza\u00e7\u00e3o das a\u00e7\u00f5es \u00e9 uma prioridade da atual gest\u00e3o, que busca alcan\u00e7ar um n\u00edvel de qualidade e efici\u00eancia na presta\u00e7\u00e3o dos servi\u00e7os \u00e0 sociedade, independentemente da localidade geogr\u00e1fica. A uniformiza\u00e7\u00e3o da gest\u00e3o trar\u00e1 maior integra\u00e7\u00e3o e humaniza\u00e7\u00e3o e vai otimizar o trabalho oferecido \u00e0 popula\u00e7\u00e3o de cada munic\u00edpio.<\/p>\n<p style=\"text-align: justify;\">Nesse sentido, a media\u00e7\u00e3o e a concilia\u00e7\u00e3o se constituem em duas formas alternativas de solu\u00e7\u00e3o de controv\u00e9rsias capazes de evitar a judicializa\u00e7\u00e3o de conflitos e meios de disseminar a cultura do di\u00e1logo e da pacifica\u00e7\u00e3o da sociedade.<\/p>\n<p style=\"text-align: justify;\">Houve ainda a participa\u00e7\u00e3o musical das artistas locais Andessa Delfino e Eymy Nathaly, acompanhadas pela musicista Raquel Castro. A m\u00fasica de autoria das cantoras marcou o encerramento da solenidade.<\/p>\n<p style=\"text-align: justify;\">Em seguida, as autoridades procederam com descerramento da placa alusiva \u00e0 instala\u00e7\u00e3o e conheceram as instala\u00e7\u00f5es do Cejusc.<\/p>\n<p style=\"text-align: justify;\"><strong>Cejusc no interior<\/strong><\/p>\n<p style=\"text-align: justify;\">A atual Administra\u00e7\u00e3o do Judici\u00e1rio Acreano j\u00e1 contemplou com a instala\u00e7\u00e3o de Centros Judici\u00e1rios de Solu\u00e7\u00e3o de Conflitos e Cidadania as Comarcas de Acrel\u00e2ndia, Assis Brasil, Bujari, Capixaba, Cruzeiro do Sul, M\u00e2ncio Lima, Manoel Urbano, Marechal Thaumaturgo, Pl\u00e1cido de Castro, Porto Acre, Porto Walter, Rodrigues Alves, Senador Guiomard, Sena Madureira, Tarauac\u00e1 e Xapuri.<\/p>\n","protected":false},"excerpt":{"rendered":"<p style=\"text-align: justify;\">Presidente do TJ fez homenagens a servidores<\/p>\n","protected":false},"author":4,"featured_media":20130,"comment_status":"open","ping_status":"open","sticky":false,"template":"","format":"standard","meta":{"jnews-multi-image_gallery":[],"jnews_single_post":[],"jnews_primary_category":[],"jnews_social_meta":[],"jnews_review":[],"enable_review":"","type":"","name":"","summary":"","brand":"","sku":"","good":[],"bad":[],"score_override":"","override_value":"","rating":[],"price":[],"footnotes":""},"categories":[54],"tags":[],"class_list":["post-20131","post","type-post","status-publish","format-standard","has-post-thumbnail","hentry","category-cotidiano"],"yoast_head":"<!-- This site is optimized with the Yoast SEO plugin v26.5 - https:\/\/yoast.com\/wordpress\/plugins\/seo\/ -->\n<title>Centro de Solu\u00e7\u00e3o de Conflitos \u00e9 instalado em Feij\u00f3 - Agazeta.net<\/title>\n<meta name=\"robots\" content=\"index, follow, max-snippet:-1, max-image-preview:large, max-video-preview:-1\" \/>\n<link rel=\"canonical\" href=\"https:\/\/nk7-testes.com.br\/agazeta\/centro-de-solucao-de-conflitos-e-instalado-em-feijo\/\" \/>\n<meta property=\"og:locale\" content=\"pt_BR\" \/>\n<meta property=\"og:type\" content=\"article\" \/>\n<meta property=\"og:title\" content=\"Centro de Solu\u00e7\u00e3o de Conflitos \u00e9 instalado em Feij\u00f3 - Agazeta.net\" \/>\n<meta property=\"og:description\" content=\"Presidente do TJ fez homenagens a servidores\" \/>\n<meta property=\"og:url\" content=\"https:\/\/nk7-testes.com.br\/agazeta\/centro-de-solucao-de-conflitos-e-instalado-em-feijo\/\" \/>\n<meta property=\"og:site_name\" content=\"Agazeta.net\" \/>\n<meta property=\"article:published_time\" content=\"2015-12-14T13:10:36+00:00\" \/>\n<meta property=\"og:image\" content=\"https:\/\/nk7-testes.com.br\/agazeta\/wp-content\/uploads\/2015\/12\/141215-cotidiano-tjfeijo-agenciatj.jpg\" \/>\n\t<meta property=\"og:image:width\" content=\"458\" \/>\n\t<meta property=\"og:image:height\" content=\"340\" \/>\n\t<meta property=\"og:image:type\" content=\"image\/jpeg\" \/>\n<meta name=\"author\" content=\"Agazeta.Net\" \/>\n<meta name=\"twitter:card\" content=\"summary_large_image\" \/>\n<meta name=\"twitter:label1\" content=\"Escrito por\" \/>\n\t<meta name=\"twitter:data1\" content=\"Agazeta.Net\" \/>\n\t<meta name=\"twitter:label2\" content=\"Est. tempo de leitura\" \/>\n\t<meta name=\"twitter:data2\" content=\"3 minutos\" \/>\n<script type=\"application\/ld+json\" class=\"yoast-schema-graph\">{\"@context\":\"https:\/\/schema.org\",\"@graph\":[{\"@type\":\"WebPage\",\"@id\":\"https:\/\/nk7-testes.com.br\/agazeta\/centro-de-solucao-de-conflitos-e-instalado-em-feijo\/\",\"url\":\"https:\/\/nk7-testes.com.br\/agazeta\/centro-de-solucao-de-conflitos-e-instalado-em-feijo\/\",\"name\":\"Centro de Solu\u00e7\u00e3o de Conflitos \u00e9 instalado em Feij\u00f3 - Agazeta.net\",\"isPartOf\":{\"@id\":\"https:\/\/nk7-testes.com.br\/agazeta\/#website\"},\"primaryImageOfPage\":{\"@id\":\"https:\/\/nk7-testes.com.br\/agazeta\/centro-de-solucao-de-conflitos-e-instalado-em-feijo\/#primaryimage\"},\"image\":{\"@id\":\"https:\/\/nk7-testes.com.br\/agazeta\/centro-de-solucao-de-conflitos-e-instalado-em-feijo\/#primaryimage\"},\"thumbnailUrl\":\"https:\/\/nk7-testes.com.br\/agazeta\/wp-content\/uploads\/2015\/12\/141215-cotidiano-tjfeijo-agenciatj.jpg\",\"datePublished\":\"2015-12-14T13:10:36+00:00\",\"author\":{\"@id\":\"https:\/\/nk7-testes.com.br\/agazeta\/#\/schema\/person\/6d6e25cb0435eb4a02fd44d30b4e3020\"},\"breadcrumb\":{\"@id\":\"https:\/\/nk7-testes.com.br\/agazeta\/centro-de-solucao-de-conflitos-e-instalado-em-feijo\/#breadcrumb\"},\"inLanguage\":\"pt-BR\",\"potentialAction\":[{\"@type\":\"ReadAction\",\"target\":[\"https:\/\/nk7-testes.com.br\/agazeta\/centro-de-solucao-de-conflitos-e-instalado-em-feijo\/\"]}]},{\"@type\":\"ImageObject\",\"inLanguage\":\"pt-BR\",\"@id\":\"https:\/\/nk7-testes.com.br\/agazeta\/centro-de-solucao-de-conflitos-e-instalado-em-feijo\/#primaryimage\",\"url\":\"https:\/\/nk7-testes.com.br\/agazeta\/wp-content\/uploads\/2015\/12\/141215-cotidiano-tjfeijo-agenciatj.jpg\",\"contentUrl\":\"https:\/\/nk7-testes.com.br\/agazeta\/wp-content\/uploads\/2015\/12\/141215-cotidiano-tjfeijo-agenciatj.jpg\",\"width\":458,\"height\":340,\"caption\":\"141215-cotidiano-tjfeijo-agenciatj\"},{\"@type\":\"BreadcrumbList\",\"@id\":\"https:\/\/nk7-testes.com.br\/agazeta\/centro-de-solucao-de-conflitos-e-instalado-em-feijo\/#breadcrumb\",\"itemListElement\":[{\"@type\":\"ListItem\",\"position\":1,\"name\":\"In\u00edcio\",\"item\":\"https:\/\/nk7-testes.com.br\/agazeta\/\"},{\"@type\":\"ListItem\",\"position\":2,\"name\":\"Centro de Solu\u00e7\u00e3o de Conflitos \u00e9 instalado em Feij\u00f3\"}]},{\"@type\":\"WebSite\",\"@id\":\"https:\/\/nk7-testes.com.br\/agazeta\/#website\",\"url\":\"https:\/\/nk7-testes.com.br\/agazeta\/\",\"name\":\"Agazeta.net\",\"description\":\"Agazeta.net - Not\u00edcias de Rio Branco\/AC\",\"potentialAction\":[{\"@type\":\"SearchAction\",\"target\":{\"@type\":\"EntryPoint\",\"urlTemplate\":\"https:\/\/nk7-testes.com.br\/agazeta\/?s={search_term_string}\"},\"query-input\":{\"@type\":\"PropertyValueSpecification\",\"valueRequired\":true,\"valueName\":\"search_term_string\"}}],\"inLanguage\":\"pt-BR\"},{\"@type\":\"Person\",\"@id\":\"https:\/\/nk7-testes.com.br\/agazeta\/#\/schema\/person\/6d6e25cb0435eb4a02fd44d30b4e3020\",\"name\":\"Agazeta.Net\",\"url\":\"https:\/\/nk7-testes.com.br\/agazeta\/author\/agazeta\/\"}]}<\/script>\n<!-- \/ Yoast SEO plugin. -->","yoast_head_json":{"title":"Centro de Solu\u00e7\u00e3o de Conflitos \u00e9 instalado em Feij\u00f3 - Agazeta.net","robots":{"index":"index","follow":"follow","max-snippet":"max-snippet:-1","max-image-preview":"max-image-preview:large","max-video-preview":"max-video-preview:-1"},"canonical":"https:\/\/nk7-testes.com.br\/agazeta\/centro-de-solucao-de-conflitos-e-instalado-em-feijo\/","og_locale":"pt_BR","og_type":"article","og_title":"Centro de Solu\u00e7\u00e3o de Conflitos \u00e9 instalado em Feij\u00f3 - Agazeta.net","og_description":"Presidente do TJ fez homenagens a servidores","og_url":"https:\/\/nk7-testes.com.br\/agazeta\/centro-de-solucao-de-conflitos-e-instalado-em-feijo\/","og_site_name":"Agazeta.net","article_published_time":"2015-12-14T13:10:36+00:00","og_image":[{"width":458,"height":340,"url":"https:\/\/nk7-testes.com.br\/agazeta\/wp-content\/uploads\/2015\/12\/141215-cotidiano-tjfeijo-agenciatj.jpg","type":"image\/jpeg"}],"author":"Agazeta.Net","twitter_card":"summary_large_image","twitter_misc":{"Escrito por":"Agazeta.Net","Est. tempo de leitura":"3 minutos"},"schema":{"@context":"https:\/\/schema.org","@graph":[{"@type":"WebPage","@id":"https:\/\/nk7-testes.com.br\/agazeta\/centro-de-solucao-de-conflitos-e-instalado-em-feijo\/","url":"https:\/\/nk7-testes.com.br\/agazeta\/centro-de-solucao-de-conflitos-e-instalado-em-feijo\/","name":"Centro de Solu\u00e7\u00e3o de Conflitos \u00e9 instalado em Feij\u00f3 - Agazeta.net","isPartOf":{"@id":"https:\/\/nk7-testes.com.br\/agazeta\/#website"},"primaryImageOfPage":{"@id":"https:\/\/nk7-testes.com.br\/agazeta\/centro-de-solucao-de-conflitos-e-instalado-em-feijo\/#primaryimage"},"image":{"@id":"https:\/\/nk7-testes.com.br\/agazeta\/centro-de-solucao-de-conflitos-e-instalado-em-feijo\/#primaryimage"},"thumbnailUrl":"https:\/\/nk7-testes.com.br\/agazeta\/wp-content\/uploads\/2015\/12\/141215-cotidiano-tjfeijo-agenciatj.jpg","datePublished":"2015-12-14T13:10:36+00:00","author":{"@id":"https:\/\/nk7-testes.com.br\/agazeta\/#\/schema\/person\/6d6e25cb0435eb4a02fd44d30b4e3020"},"breadcrumb":{"@id":"https:\/\/nk7-testes.com.br\/agazeta\/centro-de-solucao-de-conflitos-e-instalado-em-feijo\/#breadcrumb"},"inLanguage":"pt-BR","potentialAction":[{"@type":"ReadAction","target":["https:\/\/nk7-testes.com.br\/agazeta\/centro-de-solucao-de-conflitos-e-instalado-em-feijo\/"]}]},{"@type":"ImageObject","inLanguage":"pt-BR","@id":"https:\/\/nk7-testes.com.br\/agazeta\/centro-de-solucao-de-conflitos-e-instalado-em-feijo\/#primaryimage","url":"https:\/\/nk7-testes.com.br\/agazeta\/wp-content\/uploads\/2015\/12\/141215-cotidiano-tjfeijo-agenciatj.jpg","contentUrl":"https:\/\/nk7-testes.com.br\/agazeta\/wp-content\/uploads\/2015\/12\/141215-cotidiano-tjfeijo-agenciatj.jpg","width":458,"height":340,"caption":"141215-cotidiano-tjfeijo-agenciatj"},{"@type":"BreadcrumbList","@id":"https:\/\/nk7-testes.com.br\/agazeta\/centro-de-solucao-de-conflitos-e-instalado-em-feijo\/#breadcrumb","itemListElement":[{"@type":"ListItem","position":1,"name":"In\u00edcio","item":"https:\/\/nk7-testes.com.br\/agazeta\/"},{"@type":"ListItem","position":2,"name":"Centro de Solu\u00e7\u00e3o de Conflitos \u00e9 instalado em Feij\u00f3"}]},{"@type":"WebSite","@id":"https:\/\/nk7-testes.com.br\/agazeta\/#website","url":"https:\/\/nk7-testes.com.br\/agazeta\/","name":"Agazeta.net","description":"Agazeta.net - Not\u00edcias de Rio Branco\/AC","potentialAction":[{"@type":"SearchAction","target":{"@type":"EntryPoint","urlTemplate":"https:\/\/nk7-testes.com.br\/agazeta\/?s={search_term_string}"},"query-input":{"@type":"PropertyValueSpecification","valueRequired":true,"valueName":"search_term_string"}}],"inLanguage":"pt-BR"},{"@type":"Person","@id":"https:\/\/nk7-testes.com.br\/agazeta\/#\/schema\/person\/6d6e25cb0435eb4a02fd44d30b4e3020","name":"Agazeta.Net","url":"https:\/\/nk7-testes.com.br\/agazeta\/author\/agazeta\/"}]}},"_links":{"self":[{"href":"https:\/\/nk7-testes.com.br\/agazeta\/wp-json\/wp\/v2\/posts\/20131","targetHints":{"allow":["GET"]}}],"collection":[{"href":"https:\/\/nk7-testes.com.br\/agazeta\/wp-json\/wp\/v2\/posts"}],"about":[{"href":"https:\/\/nk7-testes.com.br\/agazeta\/wp-json\/wp\/v2\/types\/post"}],"author":[{"embeddable":true,"href":"https:\/\/nk7-testes.com.br\/agazeta\/wp-json\/wp\/v2\/users\/4"}],"replies":[{"embeddable":true,"href":"https:\/\/nk7-testes.com.br\/agazeta\/wp-json\/wp\/v2\/comments?post=20131"}],"version-history":[{"count":0,"href":"https:\/\/nk7-testes.com.br\/agazeta\/wp-json\/wp\/v2\/posts\/20131\/revisions"}],"wp:featuredmedia":[{"embeddable":true,"href":"https:\/\/nk7-testes.com.br\/agazeta\/wp-json\/wp\/v2\/media\/20130"}],"wp:attachment":[{"href":"https:\/\/nk7-testes.com.br\/agazeta\/wp-json\/wp\/v2\/media?parent=20131"}],"wp:term":[{"taxonomy":"category","embeddable":true,"href":"https:\/\/nk7-testes.com.br\/agazeta\/wp-json\/wp\/v2\/categories?post=20131"},{"taxonomy":"post_tag","embeddable":true,"href":"https:\/\/nk7-testes.com.br\/agazeta\/wp-json\/wp\/v2\/tags?post=20131"}],"curies":[{"name":"wp","href":"https:\/\/api.w.org\/{rel}","templated":true}]}}